{"id":4725,"date":"2024-07-19T13:41:14","date_gmt":"2024-07-19T11:41:14","guid":{"rendered":"https:\/\/www.confagricoltura.org\/piacenza\/?p=4725"},"modified":"2024-09-16T13:43:47","modified_gmt":"2024-09-16T11:43:47","slug":"forte-come-lacqua-insieme-per-uscire-dal-caos","status":"publish","type":"post","link":"https:\/\/www.confagricoltura.org\/piacenza\/forte-come-lacqua-insieme-per-uscire-dal-caos\/","title":{"rendered":"Forte come l\u2019Acqua \u2013 insieme per uscire dal caos"},"content":{"rendered":"<p>Un grande evento, quello organizzato da Confagricoltura Piacenza, venerd\u00ec 19 luglio 2024, nel salone monumentale di palazzo Gotico grazie alla collaborazione del Comune di Piacenza. Forte come l\u2019acqua-insieme per uscire dal caos: il titolo dell\u2019appuntamento aperto al pubblico che ha visto la partecipazione del Vicepremier e Ministro delle Infrastrutture Matteo Salvini e del presidente nazionale di Confagricoltura Massimiliano Giansanti, con ospiti di primo piano tra cui il Preside della Facolt\u00e0 di Agraria, Professor Marco Trevisan, l\u2019ingegner Alberto Lasagna esperto di gestione della falda freatica e il presidente del consorzio di Bonifica di Piacenza Luigi Bisi intervenuti nella tavola rotonda in programma.<\/p>\n<p>\u201c\u00c8 una delle campagne agricole pi\u00f9 difficili degli ultimi vent&#8217;anni e quindi grazie In particolare agli agricoltori che oggi sono presenti in sala e che sono la nostra associazione. Perch\u00e9 Confagricoltura \u00e8 dei suoi soci. Abbiamo voluto questo evento perch\u00e9 ci tenevamo in modo particolare a parlare di acqua e a parlare di grandi infrastrutture\u201d \u2013 ha sottolineato il direttore Marco Casagrande in apertura lavori.<\/p>\n<p>\u201cCome sindaca, mi inorgoglisce che per l\u2019evento pi\u00f9 importante dell\u2019anno, la vostra associazione abbia scelto l\u2019edificio comunale simbolo della nostra splendida citt\u00e0\u201d \u2013 ha dichiarato, Katia Tarasconi\u00a0 sindaco di Piacenza, che ha aggiunto: \u201dSaluto e ringrazio Filippo Gasparini: se Confagricoltura Piacenza oggi \u00e8 ci\u00f2 che \u00e8, ovvero un punto di riferimento autorevole per il mondo dell\u2019agricoltura del nostro territorio, lo deve anche al prezioso lavoro che hai saputo svolgere in questo periodo particolarmente complesso\u201d.<\/p>\n<p>\u201cNel momento in cui noi chiediamo una migliore gestione dell\u2019acqua e paragoniamo il disorientamento e l\u2019inefficienza generale all\u2019ordine delle aziende agricole, al rigore necessario, al senso della vita, subito dopo ci viene in mente il caos \u2013 ha spiegato Gasparini nel suo articolato intervento -.\u00a0 La situazione in cui siamo \u00e8 quella del caos dato dall\u2019immobilismo, dal relativismo. Storicamente viviamo un grandissimo sviluppo della tecnologia, ma con la contrapposizione di un umanesimo che \u00e8 decadente perch\u00e9 si affida un pensiero dominante che vede nei particolarismi un nemico. Le imprese e la societ\u00e0 hanno un estremo bisogno di ritrovare nella Politica la profondit\u00e0 necessaria per analizzare i contesti e fare scelte che vadano oltre la tornata elettorale. Occorre che tutti noi, qui insieme, troviamo la via per programmare con una visione di lungo periodo. Abbiamo bisogno di infrastrutture moderne e tra loro sinergiche che contemperino lo sviluppo con la preservazione dei luoghi: siano la citt\u00e0, la collina o il suolo fertile della pianura. Signor Ministro \u2013 ha aggiunto rivolgendosi direttamente a Salvini &#8211; sappiamo che Lei oggi a Piacenza insieme al Sindaco ha sottoscritto ufficialmente il protocollo per il polo del ferro.\u00a0 Il nostro evento ruota attorno all\u2019analisi di ci\u00f2 che serve al territorio e alle nostre imprese per potersi sviluppare. Le diciamo chiaramente una diga in Val Nure e una diversa gestione del bacino idrico in Val Trebbia.\u00a0 Le chiediamo coraggio, competenza e determinismo nella gestione della risorsa idrica e oggi, in questa sala, nella gestione del Paese. Non ne possiamo pi\u00f9 delle complicazioni inutili di regole calate da quell\u2019Europa che non conosce neppure la natura torrentizia dei nostri fiumi. A chi serve il Green New Deal? Le nostre aziende lavorano \u201cnonostante\u201d: nonostante le norme inutili, nonostante la presunzione di consapevolezza, nonostante l\u2019immobilismo. Noi siamo imprenditori e rivendichiamo con orgoglio la dignit\u00e0 del nostro lavoro, difendendo la sua produttivit\u00e0, la sua complessit\u00e0, il saper fare delle nostre imprese, forti delle nostre radici proiettati verso lo sviluppo, chiediamo di poter essere padroni delle nostre stesse scelte e di poter usare gli strumenti adeguati, materiali e immateriali, per correre verso il progresso\u201d.<\/p>\n<p>Il Ministro Salvini, nel suo intervento, ha risposto all\u2019appello raccogliendo le richieste: infrastrutture e risorse per rispondere alle necessit\u00e0 dei territori. A seguire la tavola rotonda \u201cInfrastrutture per gestire l\u2019acqua\u201d e in chiusura l\u2019intervista al presidente nazionale dei Confagricoltura, Massimiliano Giansanti,<\/p>\n<p>\u201cSia gli Stati Uniti che la Ue riconoscono il ruolo centrale che l\u2019agricoltura dovr\u00e0 sempre pi\u00f9 avere nelle future politiche \u2013 ha sottolineato il presidente di Confagricoltura &#8211; . Gli Stati Uniti danno la priorit\u00e0 all\u2019efficienza della produzione e alla tutela del reddito degli agricoltori. Invece da noi non \u00e8 cos\u00ec e alla lunga, la rigidit\u00e0 rischia di mettere fuori gioco noi produttori europei. Questo \u00e8 anche il monito che Confagricoltura porta in Ue. La Commissione dovr\u00e0 dirci chiaramente se ritiene l\u2019Agricoltura un asset strategico o meno, noi ne siamo convinti e i dati economici ci danno ragione\u201d.<\/p>\n<p>L\u2019evento \u00e8 stato moderato dai giornalisti Andrea Bignami, caporedattore di SkyTg24 e conduttore di SkyTg24 Economia e da Elena Gherardi, responsabile Comunicazione e Relazioni Esterne di Confagricoltura Piacenza.<\/p>\n","protected":false},"excerpt":{"rendered":"<p>A Palazzo Gotico Confagricoltura Piacenza traccia il futuro di infrastrutture ed economia<br \/>\nFilippo Gasparini chiude il suo mandato con il Ministro delle infrastrutture e il presidente nazionale Giansanti<\/p>\n","protected":false},"author":6,"featured_media":4726,"comment_status":"closed","ping_status":"closed","sticky":false,"template":"","format":"standard","meta":{"wp_mapbox_gl_js_media":[],"footnotes":""},"categories":[21,4],"tags":[582],"class_list":["post-4725","post","type-post","status-publish","format-standard","has-post-thumbnail","hentry","category-eventi","category-news","tag-forte-come-lacqua"],"yoast_head":"<!-- This site is optimized with the Yoast SEO plugin v26.8 - https:\/\/yoast.com\/product\/yoast-seo-wordpress\/ -->\n<title>Forte come l\u2019Acqua \u2013 insieme per uscire dal caos - Confagricoltura Piacenza<\/title>\n<meta name=\"robots\" content=\"index, follow, max-snippet:-1, max-image-preview:large, max-video-preview:-1\" \/>\n<link rel=\"canonical\" href=\"https:\/\/www.confagricoltura.org\/piacenza\/forte-come-lacqua-insieme-per-uscire-dal-caos\/\" \/>\n<meta property=\"og:locale\" content=\"it_IT\" \/>\n<meta property=\"og:type\" content=\"article\" \/>\n<meta property=\"og:title\" content=\"Forte come l\u2019Acqua \u2013 insieme per uscire dal caos - Confagricoltura Piacenza\" \/>\n<meta property=\"og:description\" content=\"A Palazzo Gotico Confagricoltura Piacenza traccia il futuro di infrastrutture ed economia Filippo Gasparini chiude il suo mandato con il Ministro delle infrastrutture e il presidente nazionale Giansanti\" \/>\n<meta property=\"og:url\" content=\"https:\/\/www.confagricoltura.org\/piacenza\/forte-come-lacqua-insieme-per-uscire-dal-caos\/\" \/>\n<meta property=\"og:site_name\" content=\"Confagricoltura Piacenza\" \/>\n<meta property=\"article:published_time\" content=\"2024-07-19T11:41:14+00:00\" \/>\n<meta property=\"article:modified_time\" content=\"2024-09-16T11:43:47+00:00\" \/>\n<meta property=\"og:image\" content=\"https:\/\/www.confagricoltura.org\/piacenza\/wp-content\/uploads\/sites\/11\/2024\/09\/FORTE-COMELACQUA.jpg\" \/>\n\t<meta property=\"og:image:width\" content=\"2048\" \/>\n\t<meta property=\"og:image:height\" content=\"1536\" \/>\n\t<meta property=\"og:image:type\" content=\"image\/jpeg\" \/>\n<meta name=\"author\" content=\"confagricolturapiacenza\" \/>\n<meta name=\"twitter:card\" content=\"summary_large_image\" \/>\n<meta name=\"twitter:label1\" content=\"Scritto da\" \/>\n\t<meta name=\"twitter:data1\" content=\"confagricolturapiacenza\" \/>\n\t<meta name=\"twitter:label2\" content=\"Tempo di lettura stimato\" \/>\n\t<meta name=\"twitter:data2\" content=\"5 minuti\" \/>\n<script type=\"application\/ld+json\" class=\"yoast-schema-graph\">{\"@context\":\"https:\/\/schema.org\",\"@graph\":[{\"@type\":\"Article\",\"@id\":\"https:\/\/www.confagricoltura.org\/piacenza\/forte-come-lacqua-insieme-per-uscire-dal-caos\/#article\",\"isPartOf\":{\"@id\":\"https:\/\/www.confagricoltura.org\/piacenza\/forte-come-lacqua-insieme-per-uscire-dal-caos\/\"},\"author\":{\"name\":\"confagricolturapiacenza\",\"@id\":\"https:\/\/www.confagricoltura.org\/piacenza\/#\/schema\/person\/be5da25a3117fea4b3bfec9dba09b5e8\"},\"headline\":\"Forte come l\u2019Acqua \u2013 insieme per uscire dal caos\",\"datePublished\":\"2024-07-19T11:41:14+00:00\",\"dateModified\":\"2024-09-16T11:43:47+00:00\",\"mainEntityOfPage\":{\"@id\":\"https:\/\/www.confagricoltura.org\/piacenza\/forte-come-lacqua-insieme-per-uscire-dal-caos\/\"},\"wordCount\":771,\"image\":{\"@id\":\"https:\/\/www.confagricoltura.org\/piacenza\/forte-come-lacqua-insieme-per-uscire-dal-caos\/#primaryimage\"},\"thumbnailUrl\":\"https:\/\/www.confagricoltura.org\/piacenza\/wp-content\/uploads\/sites\/11\/2024\/09\/FORTE-COMELACQUA.jpg\",\"keywords\":[\"FORTE COME L'ACQUA\"],\"articleSection\":[\"Eventi\",\"News\"],\"inLanguage\":\"it-IT\"},{\"@type\":\"WebPage\",\"@id\":\"https:\/\/www.confagricoltura.org\/piacenza\/forte-come-lacqua-insieme-per-uscire-dal-caos\/\",\"url\":\"https:\/\/www.confagricoltura.org\/piacenza\/forte-come-lacqua-insieme-per-uscire-dal-caos\/\",\"name\":\"Forte come l\u2019Acqua \u2013 insieme per uscire dal caos - Confagricoltura Piacenza\",\"isPartOf\":{\"@id\":\"https:\/\/www.confagricoltura.org\/piacenza\/#website\"},\"primaryImageOfPage\":{\"@id\":\"https:\/\/www.confagricoltura.org\/piacenza\/forte-come-lacqua-insieme-per-uscire-dal-caos\/#primaryimage\"},\"image\":{\"@id\":\"https:\/\/www.confagricoltura.org\/piacenza\/forte-come-lacqua-insieme-per-uscire-dal-caos\/#primaryimage\"},\"thumbnailUrl\":\"https:\/\/www.confagricoltura.org\/piacenza\/wp-content\/uploads\/sites\/11\/2024\/09\/FORTE-COMELACQUA.jpg\",\"datePublished\":\"2024-07-19T11:41:14+00:00\",\"dateModified\":\"2024-09-16T11:43:47+00:00\",\"author\":{\"@id\":\"https:\/\/www.confagricoltura.org\/piacenza\/#\/schema\/person\/be5da25a3117fea4b3bfec9dba09b5e8\"},\"breadcrumb\":{\"@id\":\"https:\/\/www.confagricoltura.org\/piacenza\/forte-come-lacqua-insieme-per-uscire-dal-caos\/#breadcrumb\"},\"inLanguage\":\"it-IT\",\"potentialAction\":[{\"@type\":\"ReadAction\",\"target\":[\"https:\/\/www.confagricoltura.org\/piacenza\/forte-come-lacqua-insieme-per-uscire-dal-caos\/\"]}]},{\"@type\":\"ImageObject\",\"inLanguage\":\"it-IT\",\"@id\":\"https:\/\/www.confagricoltura.org\/piacenza\/forte-come-lacqua-insieme-per-uscire-dal-caos\/#primaryimage\",\"url\":\"https:\/\/www.confagricoltura.org\/piacenza\/wp-content\/uploads\/sites\/11\/2024\/09\/FORTE-COMELACQUA.jpg\",\"contentUrl\":\"https:\/\/www.confagricoltura.org\/piacenza\/wp-content\/uploads\/sites\/11\/2024\/09\/FORTE-COMELACQUA.jpg\",\"width\":2048,\"height\":1536},{\"@type\":\"BreadcrumbList\",\"@id\":\"https:\/\/www.confagricoltura.org\/piacenza\/forte-come-lacqua-insieme-per-uscire-dal-caos\/#breadcrumb\",\"itemListElement\":[{\"@type\":\"ListItem\",\"position\":1,\"name\":\"Home\",\"item\":\"https:\/\/www.confagricoltura.org\/piacenza\/\"},{\"@type\":\"ListItem\",\"position\":2,\"name\":\"Forte come l\u2019Acqua \u2013 insieme per uscire dal caos\"}]},{\"@type\":\"WebSite\",\"@id\":\"https:\/\/www.confagricoltura.org\/piacenza\/#website\",\"url\":\"https:\/\/www.confagricoltura.org\/piacenza\/\",\"name\":\"Confagricoltura Piacenza\",\"description\":\"Dalla parte degli Agricoltori\",\"potentialAction\":[{\"@type\":\"SearchAction\",\"target\":{\"@type\":\"EntryPoint\",\"urlTemplate\":\"https:\/\/www.confagricoltura.org\/piacenza\/?s={search_term_string}\"},\"query-input\":{\"@type\":\"PropertyValueSpecification\",\"valueRequired\":true,\"valueName\":\"search_term_string\"}}],\"inLanguage\":\"it-IT\"},{\"@type\":\"Person\",\"@id\":\"https:\/\/www.confagricoltura.org\/piacenza\/#\/schema\/person\/be5da25a3117fea4b3bfec9dba09b5e8\",\"name\":\"confagricolturapiacenza\",\"image\":{\"@type\":\"ImageObject\",\"inLanguage\":\"it-IT\",\"@id\":\"https:\/\/www.confagricoltura.org\/piacenza\/#\/schema\/person\/image\/\",\"url\":\"https:\/\/secure.gravatar.com\/avatar\/9c5f111e417171581853bd0a3ff892ca?s=96&d=mm&r=g\",\"contentUrl\":\"https:\/\/secure.gravatar.com\/avatar\/9c5f111e417171581853bd0a3ff892ca?s=96&d=mm&r=g\",\"caption\":\"confagricolturapiacenza\"},\"url\":\"https:\/\/www.confagricoltura.org\/piacenza\/author\/confagricolturapiacenza\/\"}]}<\/script>\n<!-- \/ Yoast SEO plugin. -->","yoast_head_json":{"title":"Forte come l\u2019Acqua \u2013 insieme per uscire dal caos - Confagricoltura Piacenza","robots":{"index":"index","follow":"follow","max-snippet":"max-snippet:-1","max-image-preview":"max-image-preview:large","max-video-preview":"max-video-preview:-1"},"canonical":"https:\/\/www.confagricoltura.org\/piacenza\/forte-come-lacqua-insieme-per-uscire-dal-caos\/","og_locale":"it_IT","og_type":"article","og_title":"Forte come l\u2019Acqua \u2013 insieme per uscire dal caos - Confagricoltura Piacenza","og_description":"A Palazzo Gotico Confagricoltura Piacenza traccia il futuro di infrastrutture ed economia Filippo Gasparini chiude il suo mandato con il Ministro delle infrastrutture e il presidente nazionale Giansanti","og_url":"https:\/\/www.confagricoltura.org\/piacenza\/forte-come-lacqua-insieme-per-uscire-dal-caos\/","og_site_name":"Confagricoltura Piacenza","article_published_time":"2024-07-19T11:41:14+00:00","article_modified_time":"2024-09-16T11:43:47+00:00","og_image":[{"width":2048,"height":1536,"url":"https:\/\/www.confagricoltura.org\/piacenza\/wp-content\/uploads\/sites\/11\/2024\/09\/FORTE-COMELACQUA.jpg","type":"image\/jpeg"}],"author":"confagricolturapiacenza","twitter_card":"summary_large_image","twitter_misc":{"Scritto da":"confagricolturapiacenza","Tempo di lettura stimato":"5 minuti"},"schema":{"@context":"https:\/\/schema.org","@graph":[{"@type":"Article","@id":"https:\/\/www.confagricoltura.org\/piacenza\/forte-come-lacqua-insieme-per-uscire-dal-caos\/#article","isPartOf":{"@id":"https:\/\/www.confagricoltura.org\/piacenza\/forte-come-lacqua-insieme-per-uscire-dal-caos\/"},"author":{"name":"confagricolturapiacenza","@id":"https:\/\/www.confagricoltura.org\/piacenza\/#\/schema\/person\/be5da25a3117fea4b3bfec9dba09b5e8"},"headline":"Forte come l\u2019Acqua \u2013 insieme per uscire dal caos","datePublished":"2024-07-19T11:41:14+00:00","dateModified":"2024-09-16T11:43:47+00:00","mainEntityOfPage":{"@id":"https:\/\/www.confagricoltura.org\/piacenza\/forte-come-lacqua-insieme-per-uscire-dal-caos\/"},"wordCount":771,"image":{"@id":"https:\/\/www.confagricoltura.org\/piacenza\/forte-come-lacqua-insieme-per-uscire-dal-caos\/#primaryimage"},"thumbnailUrl":"https:\/\/www.confagricoltura.org\/piacenza\/wp-content\/uploads\/sites\/11\/2024\/09\/FORTE-COMELACQUA.jpg","keywords":["FORTE COME L'ACQUA"],"articleSection":["Eventi","News"],"inLanguage":"it-IT"},{"@type":"WebPage","@id":"https:\/\/www.confagricoltura.org\/piacenza\/forte-come-lacqua-insieme-per-uscire-dal-caos\/","url":"https:\/\/www.confagricoltura.org\/piacenza\/forte-come-lacqua-insieme-per-uscire-dal-caos\/","name":"Forte come l\u2019Acqua \u2013 insieme per uscire dal caos - Confagricoltura Piacenza","isPartOf":{"@id":"https:\/\/www.confagricoltura.org\/piacenza\/#website"},"primaryImageOfPage":{"@id":"https:\/\/www.confagricoltura.org\/piacenza\/forte-come-lacqua-insieme-per-uscire-dal-caos\/#primaryimage"},"image":{"@id":"https:\/\/www.confagricoltura.org\/piacenza\/forte-come-lacqua-insieme-per-uscire-dal-caos\/#primaryimage"},"thumbnailUrl":"https:\/\/www.confagricoltura.org\/piacenza\/wp-content\/uploads\/sites\/11\/2024\/09\/FORTE-COMELACQUA.jpg","datePublished":"2024-07-19T11:41:14+00:00","dateModified":"2024-09-16T11:43:47+00:00","author":{"@id":"https:\/\/www.confagricoltura.org\/piacenza\/#\/schema\/person\/be5da25a3117fea4b3bfec9dba09b5e8"},"breadcrumb":{"@id":"https:\/\/www.confagricoltura.org\/piacenza\/forte-come-lacqua-insieme-per-uscire-dal-caos\/#breadcrumb"},"inLanguage":"it-IT","potentialAction":[{"@type":"ReadAction","target":["https:\/\/www.confagricoltura.org\/piacenza\/forte-come-lacqua-insieme-per-uscire-dal-caos\/"]}]},{"@type":"ImageObject","inLanguage":"it-IT","@id":"https:\/\/www.confagricoltura.org\/piacenza\/forte-come-lacqua-insieme-per-uscire-dal-caos\/#primaryimage","url":"https:\/\/www.confagricoltura.org\/piacenza\/wp-content\/uploads\/sites\/11\/2024\/09\/FORTE-COMELACQUA.jpg","contentUrl":"https:\/\/www.confagricoltura.org\/piacenza\/wp-content\/uploads\/sites\/11\/2024\/09\/FORTE-COMELACQUA.jpg","width":2048,"height":1536},{"@type":"BreadcrumbList","@id":"https:\/\/www.confagricoltura.org\/piacenza\/forte-come-lacqua-insieme-per-uscire-dal-caos\/#breadcrumb","itemListElement":[{"@type":"ListItem","position":1,"name":"Home","item":"https:\/\/www.confagricoltura.org\/piacenza\/"},{"@type":"ListItem","position":2,"name":"Forte come l\u2019Acqua \u2013 insieme per uscire dal caos"}]},{"@type":"WebSite","@id":"https:\/\/www.confagricoltura.org\/piacenza\/#website","url":"https:\/\/www.confagricoltura.org\/piacenza\/","name":"Confagricoltura Piacenza","description":"Dalla parte degli Agricoltori","potentialAction":[{"@type":"SearchAction","target":{"@type":"EntryPoint","urlTemplate":"https:\/\/www.confagricoltura.org\/piacenza\/?s={search_term_string}"},"query-input":{"@type":"PropertyValueSpecification","valueRequired":true,"valueName":"search_term_string"}}],"inLanguage":"it-IT"},{"@type":"Person","@id":"https:\/\/www.confagricoltura.org\/piacenza\/#\/schema\/person\/be5da25a3117fea4b3bfec9dba09b5e8","name":"confagricolturapiacenza","image":{"@type":"ImageObject","inLanguage":"it-IT","@id":"https:\/\/www.confagricoltura.org\/piacenza\/#\/schema\/person\/image\/","url":"https:\/\/secure.gravatar.com\/avatar\/9c5f111e417171581853bd0a3ff892ca?s=96&d=mm&r=g","contentUrl":"https:\/\/secure.gravatar.com\/avatar\/9c5f111e417171581853bd0a3ff892ca?s=96&d=mm&r=g","caption":"confagricolturapiacenza"},"url":"https:\/\/www.confagricoltura.org\/piacenza\/author\/confagricolturapiacenza\/"}]}},"_links":{"self":[{"href":"https:\/\/www.confagricoltura.org\/piacenza\/wp-json\/wp\/v2\/posts\/4725","targetHints":{"allow":["GET"]}}],"collection":[{"href":"https:\/\/www.confagricoltura.org\/piacenza\/wp-json\/wp\/v2\/posts"}],"about":[{"href":"https:\/\/www.confagricoltura.org\/piacenza\/wp-json\/wp\/v2\/types\/post"}],"author":[{"embeddable":true,"href":"https:\/\/www.confagricoltura.org\/piacenza\/wp-json\/wp\/v2\/users\/6"}],"replies":[{"embeddable":true,"href":"https:\/\/www.confagricoltura.org\/piacenza\/wp-json\/wp\/v2\/comments?post=4725"}],"version-history":[{"count":1,"href":"https:\/\/www.confagricoltura.org\/piacenza\/wp-json\/wp\/v2\/posts\/4725\/revisions"}],"predecessor-version":[{"id":4727,"href":"https:\/\/www.confagricoltura.org\/piacenza\/wp-json\/wp\/v2\/posts\/4725\/revisions\/4727"}],"wp:featuredmedia":[{"embeddable":true,"href":"https:\/\/www.confagricoltura.org\/piacenza\/wp-json\/wp\/v2\/media\/4726"}],"wp:attachment":[{"href":"https:\/\/www.confagricoltura.org\/piacenza\/wp-json\/wp\/v2\/media?parent=4725"}],"wp:term":[{"taxonomy":"category","embeddable":true,"href":"https:\/\/www.confagricoltura.org\/piacenza\/wp-json\/wp\/v2\/categories?post=4725"},{"taxonomy":"post_tag","embeddable":true,"href":"https:\/\/www.confagricoltura.org\/piacenza\/wp-json\/wp\/v2\/tags?post=4725"}],"curies":[{"name":"wp","href":"https:\/\/api.w.org\/{rel}","templated":true}]}}