{"id":4687,"date":"2024-06-05T16:57:53","date_gmt":"2024-06-05T14:57:53","guid":{"rendered":"https:\/\/www.confagricoltura.org\/piacenza\/?p=4687"},"modified":"2024-06-12T17:00:24","modified_gmt":"2024-06-12T15:00:24","slug":"consegnata-la-raccolta-fondi-di-confagricoltura-piacenza-ad-amop","status":"publish","type":"post","link":"https:\/\/www.confagricoltura.org\/piacenza\/consegnata-la-raccolta-fondi-di-confagricoltura-piacenza-ad-amop\/","title":{"rendered":"Consegnata la raccolta fondi di Confagricoltura Piacenza ad Amop"},"content":{"rendered":"<p>Nei giorni scorsi Confagricoltura Piacenza ha devoluto duemila euro ad Amop &#8211; l\u2019Associazione piacentina malato oncologico.\u00a0 La somma \u00e8 il risultato di alcune iniziative di raccolta fondi tra dipendenti e soci di Confagricoltura Piacenza organizzate in sinergia tra le due associazioni, quali la vendita delle uova di pasqua e del libro di testimonianze realizzato da Amop.<\/p>\n<p>All\u2019incontro hanno partecipato il professor Luigi Cavanna, fondatore e anima dell\u2019associazione con la presidente di Amop Romina Piergiorgi, la consigliera Maria Rosa Cordani e Claudia Gregori storiche volontarie di Amop Per Confagricoltura, a fianco del presidente Filippo Gasparini e del direttore Marco Casagrande, la segretaria di direzione Sabrina Anaclerio e la collega Francesca Chiucchiuini che si sono fatte carico della realizzazione delle iniziative.<\/p>\n<p>\u201cCi\u00f2 che diamo \u2013 ha detto Gasparini \u2013 \u00e8 poco rispetto al vostro valore. Noi agricoltori siamo un ottimo punto di osservazione di questo momento storico: il fatto stesso che non possiamo coltivare tutti i campi al meglio \u00e8 frutto di un certo lassismo. Segno di decadenza. Ancor pi\u00f9 perch\u00e9 rinunciando a produrre non genera profitto, cosa fondamentale per avere gli utili da reinvestire nel sociale. Sono le famiglie che stanno andando in aiuto alle aziende, in un mondo capovolto. Anche in questo caso, seppur con un aiuto piccolo, si cerca di mettere una pezza con il contributo di tutti l\u00e0 dove il sistema sanitario non arriva. Come voi vi impegnate a rattoppare i buchi lasciati aperti da questa societ\u00e0 con un lavoro di cura e assistenza preziosissimo, cos\u00ec nel nostro piccolo anche noi ne chiudiamo altri producendo con un saldo troppo spesso negativo. Anche per i valori fondanti della nostra associazione, sappiate che vorremmo fare di pi\u00f9 e che vi ringraziamo di cuore per ci\u00f2 che fate\u201d<\/p>\n<p>\u201cChi fa agricoltura \u00e8 uno pratico \u2013 ha chiosato il professor Cavanna \u2013 trovo pericoloso questo \u201cnaturalismo\u201d, non avremmo la vita che abbia adesso se non avessimo avuto fiducia nella scienza e non ne avessimo impiegato risultati e tecniche. \u00c8 chiaro che abbiamo altri problemi, ma prima la vita media era cinquant\u2019anni! Se lasciassimo fare tutto alla natura, cos\u00ec come si vorrebbe far scorrere l\u2019acqua dei fiumi dove vuole, non dovremmo neppure curare i malati. Se avessero ragionato cos\u00ec anni fa, oggi non avremmo la penicillina. Bisogna avere il coraggio di difendere i valori che si hanno, noi stiamo rinunciando ai nostri valori e se non li manteniamo torniamo a periodi bui della storia.\u00a0 Per noi la difesa della vita, l\u2019aiuto ai pi\u00f9 deboli e l\u2019importanza della solidariet\u00e0 in una comunit\u00e0 sono valori da difendere, se non lo facciamo, andiamo verso una societ\u00e0 che spaventa. Anche nelle cure, sta prendendo piede una filosofia economicistica che valuta l\u2019impegno nelle cure in funzione di costi-risultati, ma vanno considerate la qualit\u00e0 della vita, il sollievo dalla sofferenza, la possibilit\u00e0 di consentire la vicinanza delle famiglie. In quest\u2019ottica un servizio di assistenza sul territorio \u00e8 importante. C\u2019\u00e8 un bisogno enorme di ristabilire la relazione col malato. La mentalit\u00e0 deve cambiare. Ci stiamo lavorando: coi primari di oncologia abbiamo messo a punto la scuola di umanizzazione.\u00a0 I protocolli ci vogliono, ma sono un mezzo, non il fine della cura.\u00a0 I giovani medici devono crescere imparando l\u2019importanza di guardare in faccia i pazienti, coscienti a s\u00e9 stessi di stabilire una relazione con una persona, non con un numero o un dato\u201d.<\/p>\n<p>Ha preso parola anche Romina Piergiorgi ringraziando \u201cperch\u00e9 ci aiutate ad aiutare\u201d \u2013 ha detto \u2013 \u201cin questo modo trasmettiamo la vostra vicinanza ai malati e alle famiglie. Se c\u2019\u00e8 umanit\u00e0 si trasmette anche fuori e con pi\u00f9 umanit\u00e0 riusciamo a vivere tutti meglio. Servono un enorme rispetto e tanta umanit\u00e0\u201d.<\/p>\n<p>\u201cGrazie e complimenti per il vostro prezioso lavoro\u201d &#8211; ha concluso Marco Casagrande \u2013 \u201cl\u2019allungamento della vita implica anche la necessit\u00e0 di assistenza ai malati che ora, grazie alle cure, riescono ad avere una buona qualit\u00e0 di vita per anni. \u00c8 per\u00f2 fondamentale che un malato, una volta dimesso, possa essere seguito anche nel suo contesto domestico, altrimenti nel giro di breve si trova costretto a rientrare in ospedale con tutti i disagi e i traumi che questo comporta, per lui e i famigliari\u201d.<\/p>\n<p>&nbsp;<\/p>\n","protected":false},"excerpt":{"rendered":"<p>Gasparini: famiglia, mutualismo e cura, parte dei nostri valori, vorremmo poter fare di pi\u00f9<\/p>\n","protected":false},"author":6,"featured_media":4688,"comment_status":"closed","ping_status":"closed","sticky":false,"template":"","format":"standard","meta":{"wp_mapbox_gl_js_media":[],"footnotes":""},"categories":[21,4],"tags":[],"class_list":["post-4687","post","type-post","status-publish","format-standard","has-post-thumbnail","hentry","category-eventi","category-news"],"yoast_head":"<!-- This site is optimized with the Yoast SEO plugin v26.8 - https:\/\/yoast.com\/product\/yoast-seo-wordpress\/ -->\n<title>Consegnata la raccolta fondi di Confagricoltura Piacenza ad Amop - Confagricoltura Piacenza<\/title>\n<meta name=\"robots\" content=\"index, follow, max-snippet:-1, max-image-preview:large, max-video-preview:-1\" \/>\n<link rel=\"canonical\" href=\"https:\/\/www.confagricoltura.org\/piacenza\/consegnata-la-raccolta-fondi-di-confagricoltura-piacenza-ad-amop\/\" \/>\n<meta property=\"og:locale\" content=\"it_IT\" \/>\n<meta property=\"og:type\" content=\"article\" \/>\n<meta property=\"og:title\" content=\"Consegnata la raccolta fondi di Confagricoltura Piacenza ad Amop - Confagricoltura Piacenza\" \/>\n<meta property=\"og:description\" content=\"Gasparini: famiglia, mutualismo e cura, parte dei nostri valori, vorremmo poter fare di pi\u00f9\" \/>\n<meta property=\"og:url\" content=\"https:\/\/www.confagricoltura.org\/piacenza\/consegnata-la-raccolta-fondi-di-confagricoltura-piacenza-ad-amop\/\" \/>\n<meta property=\"og:site_name\" content=\"Confagricoltura Piacenza\" \/>\n<meta property=\"article:published_time\" content=\"2024-06-05T14:57:53+00:00\" \/>\n<meta property=\"article:modified_time\" content=\"2024-06-12T15:00:24+00:00\" \/>\n<meta property=\"og:image\" content=\"https:\/\/www.confagricoltura.org\/piacenza\/wp-content\/uploads\/sites\/11\/2024\/06\/Donazione-Amop-scaled.jpg\" \/>\n\t<meta property=\"og:image:width\" content=\"2560\" \/>\n\t<meta property=\"og:image:height\" content=\"1920\" \/>\n\t<meta property=\"og:image:type\" content=\"image\/jpeg\" \/>\n<meta name=\"author\" content=\"confagricolturapiacenza\" \/>\n<meta name=\"twitter:card\" content=\"summary_large_image\" \/>\n<meta name=\"twitter:label1\" content=\"Scritto da\" \/>\n\t<meta name=\"twitter:data1\" content=\"confagricolturapiacenza\" \/>\n\t<meta name=\"twitter:label2\" content=\"Tempo di lettura stimato\" \/>\n\t<meta name=\"twitter:data2\" content=\"4 minuti\" \/>\n<script type=\"application\/ld+json\" class=\"yoast-schema-graph\">{\"@context\":\"https:\/\/schema.org\",\"@graph\":[{\"@type\":\"Article\",\"@id\":\"https:\/\/www.confagricoltura.org\/piacenza\/consegnata-la-raccolta-fondi-di-confagricoltura-piacenza-ad-amop\/#article\",\"isPartOf\":{\"@id\":\"https:\/\/www.confagricoltura.org\/piacenza\/consegnata-la-raccolta-fondi-di-confagricoltura-piacenza-ad-amop\/\"},\"author\":{\"name\":\"confagricolturapiacenza\",\"@id\":\"https:\/\/www.confagricoltura.org\/piacenza\/#\/schema\/person\/be5da25a3117fea4b3bfec9dba09b5e8\"},\"headline\":\"Consegnata la raccolta fondi di Confagricoltura Piacenza ad Amop\",\"datePublished\":\"2024-06-05T14:57:53+00:00\",\"dateModified\":\"2024-06-12T15:00:24+00:00\",\"mainEntityOfPage\":{\"@id\":\"https:\/\/www.confagricoltura.org\/piacenza\/consegnata-la-raccolta-fondi-di-confagricoltura-piacenza-ad-amop\/\"},\"wordCount\":694,\"image\":{\"@id\":\"https:\/\/www.confagricoltura.org\/piacenza\/consegnata-la-raccolta-fondi-di-confagricoltura-piacenza-ad-amop\/#primaryimage\"},\"thumbnailUrl\":\"https:\/\/www.confagricoltura.org\/piacenza\/wp-content\/uploads\/sites\/11\/2024\/06\/Donazione-Amop-scaled.jpg\",\"articleSection\":[\"Eventi\",\"News\"],\"inLanguage\":\"it-IT\"},{\"@type\":\"WebPage\",\"@id\":\"https:\/\/www.confagricoltura.org\/piacenza\/consegnata-la-raccolta-fondi-di-confagricoltura-piacenza-ad-amop\/\",\"url\":\"https:\/\/www.confagricoltura.org\/piacenza\/consegnata-la-raccolta-fondi-di-confagricoltura-piacenza-ad-amop\/\",\"name\":\"Consegnata la raccolta fondi di Confagricoltura Piacenza ad Amop - Confagricoltura Piacenza\",\"isPartOf\":{\"@id\":\"https:\/\/www.confagricoltura.org\/piacenza\/#website\"},\"primaryImageOfPage\":{\"@id\":\"https:\/\/www.confagricoltura.org\/piacenza\/consegnata-la-raccolta-fondi-di-confagricoltura-piacenza-ad-amop\/#primaryimage\"},\"image\":{\"@id\":\"https:\/\/www.confagricoltura.org\/piacenza\/consegnata-la-raccolta-fondi-di-confagricoltura-piacenza-ad-amop\/#primaryimage\"},\"thumbnailUrl\":\"https:\/\/www.confagricoltura.org\/piacenza\/wp-content\/uploads\/sites\/11\/2024\/06\/Donazione-Amop-scaled.jpg\",\"datePublished\":\"2024-06-05T14:57:53+00:00\",\"dateModified\":\"2024-06-12T15:00:24+00:00\",\"author\":{\"@id\":\"https:\/\/www.confagricoltura.org\/piacenza\/#\/schema\/person\/be5da25a3117fea4b3bfec9dba09b5e8\"},\"breadcrumb\":{\"@id\":\"https:\/\/www.confagricoltura.org\/piacenza\/consegnata-la-raccolta-fondi-di-confagricoltura-piacenza-ad-amop\/#breadcrumb\"},\"inLanguage\":\"it-IT\",\"potentialAction\":[{\"@type\":\"ReadAction\",\"target\":[\"https:\/\/www.confagricoltura.org\/piacenza\/consegnata-la-raccolta-fondi-di-confagricoltura-piacenza-ad-amop\/\"]}]},{\"@type\":\"ImageObject\",\"inLanguage\":\"it-IT\",\"@id\":\"https:\/\/www.confagricoltura.org\/piacenza\/consegnata-la-raccolta-fondi-di-confagricoltura-piacenza-ad-amop\/#primaryimage\",\"url\":\"https:\/\/www.confagricoltura.org\/piacenza\/wp-content\/uploads\/sites\/11\/2024\/06\/Donazione-Amop-scaled.jpg\",\"contentUrl\":\"https:\/\/www.confagricoltura.org\/piacenza\/wp-content\/uploads\/sites\/11\/2024\/06\/Donazione-Amop-scaled.jpg\",\"width\":2560,\"height\":1920},{\"@type\":\"BreadcrumbList\",\"@id\":\"https:\/\/www.confagricoltura.org\/piacenza\/consegnata-la-raccolta-fondi-di-confagricoltura-piacenza-ad-amop\/#breadcrumb\",\"itemListElement\":[{\"@type\":\"ListItem\",\"position\":1,\"name\":\"Home\",\"item\":\"https:\/\/www.confagricoltura.org\/piacenza\/\"},{\"@type\":\"ListItem\",\"position\":2,\"name\":\"Consegnata la raccolta fondi di Confagricoltura Piacenza ad Amop\"}]},{\"@type\":\"WebSite\",\"@id\":\"https:\/\/www.confagricoltura.org\/piacenza\/#website\",\"url\":\"https:\/\/www.confagricoltura.org\/piacenza\/\",\"name\":\"Confagricoltura Piacenza\",\"description\":\"Dalla parte degli Agricoltori\",\"potentialAction\":[{\"@type\":\"SearchAction\",\"target\":{\"@type\":\"EntryPoint\",\"urlTemplate\":\"https:\/\/www.confagricoltura.org\/piacenza\/?s={search_term_string}\"},\"query-input\":{\"@type\":\"PropertyValueSpecification\",\"valueRequired\":true,\"valueName\":\"search_term_string\"}}],\"inLanguage\":\"it-IT\"},{\"@type\":\"Person\",\"@id\":\"https:\/\/www.confagricoltura.org\/piacenza\/#\/schema\/person\/be5da25a3117fea4b3bfec9dba09b5e8\",\"name\":\"confagricolturapiacenza\",\"image\":{\"@type\":\"ImageObject\",\"inLanguage\":\"it-IT\",\"@id\":\"https:\/\/www.confagricoltura.org\/piacenza\/#\/schema\/person\/image\/\",\"url\":\"https:\/\/secure.gravatar.com\/avatar\/9c5f111e417171581853bd0a3ff892ca?s=96&d=mm&r=g\",\"contentUrl\":\"https:\/\/secure.gravatar.com\/avatar\/9c5f111e417171581853bd0a3ff892ca?s=96&d=mm&r=g\",\"caption\":\"confagricolturapiacenza\"},\"url\":\"https:\/\/www.confagricoltura.org\/piacenza\/author\/confagricolturapiacenza\/\"}]}<\/script>\n<!-- \/ Yoast SEO plugin. -->","yoast_head_json":{"title":"Consegnata la raccolta fondi di Confagricoltura Piacenza ad Amop - Confagricoltura Piacenza","robots":{"index":"index","follow":"follow","max-snippet":"max-snippet:-1","max-image-preview":"max-image-preview:large","max-video-preview":"max-video-preview:-1"},"canonical":"https:\/\/www.confagricoltura.org\/piacenza\/consegnata-la-raccolta-fondi-di-confagricoltura-piacenza-ad-amop\/","og_locale":"it_IT","og_type":"article","og_title":"Consegnata la raccolta fondi di Confagricoltura Piacenza ad Amop - Confagricoltura Piacenza","og_description":"Gasparini: famiglia, mutualismo e cura, parte dei nostri valori, vorremmo poter fare di pi\u00f9","og_url":"https:\/\/www.confagricoltura.org\/piacenza\/consegnata-la-raccolta-fondi-di-confagricoltura-piacenza-ad-amop\/","og_site_name":"Confagricoltura Piacenza","article_published_time":"2024-06-05T14:57:53+00:00","article_modified_time":"2024-06-12T15:00:24+00:00","og_image":[{"width":2560,"height":1920,"url":"https:\/\/www.confagricoltura.org\/piacenza\/wp-content\/uploads\/sites\/11\/2024\/06\/Donazione-Amop-scaled.jpg","type":"image\/jpeg"}],"author":"confagricolturapiacenza","twitter_card":"summary_large_image","twitter_misc":{"Scritto da":"confagricolturapiacenza","Tempo di lettura stimato":"4 minuti"},"schema":{"@context":"https:\/\/schema.org","@graph":[{"@type":"Article","@id":"https:\/\/www.confagricoltura.org\/piacenza\/consegnata-la-raccolta-fondi-di-confagricoltura-piacenza-ad-amop\/#article","isPartOf":{"@id":"https:\/\/www.confagricoltura.org\/piacenza\/consegnata-la-raccolta-fondi-di-confagricoltura-piacenza-ad-amop\/"},"author":{"name":"confagricolturapiacenza","@id":"https:\/\/www.confagricoltura.org\/piacenza\/#\/schema\/person\/be5da25a3117fea4b3bfec9dba09b5e8"},"headline":"Consegnata la raccolta fondi di Confagricoltura Piacenza ad Amop","datePublished":"2024-06-05T14:57:53+00:00","dateModified":"2024-06-12T15:00:24+00:00","mainEntityOfPage":{"@id":"https:\/\/www.confagricoltura.org\/piacenza\/consegnata-la-raccolta-fondi-di-confagricoltura-piacenza-ad-amop\/"},"wordCount":694,"image":{"@id":"https:\/\/www.confagricoltura.org\/piacenza\/consegnata-la-raccolta-fondi-di-confagricoltura-piacenza-ad-amop\/#primaryimage"},"thumbnailUrl":"https:\/\/www.confagricoltura.org\/piacenza\/wp-content\/uploads\/sites\/11\/2024\/06\/Donazione-Amop-scaled.jpg","articleSection":["Eventi","News"],"inLanguage":"it-IT"},{"@type":"WebPage","@id":"https:\/\/www.confagricoltura.org\/piacenza\/consegnata-la-raccolta-fondi-di-confagricoltura-piacenza-ad-amop\/","url":"https:\/\/www.confagricoltura.org\/piacenza\/consegnata-la-raccolta-fondi-di-confagricoltura-piacenza-ad-amop\/","name":"Consegnata la raccolta fondi di Confagricoltura Piacenza ad Amop - Confagricoltura Piacenza","isPartOf":{"@id":"https:\/\/www.confagricoltura.org\/piacenza\/#website"},"primaryImageOfPage":{"@id":"https:\/\/www.confagricoltura.org\/piacenza\/consegnata-la-raccolta-fondi-di-confagricoltura-piacenza-ad-amop\/#primaryimage"},"image":{"@id":"https:\/\/www.confagricoltura.org\/piacenza\/consegnata-la-raccolta-fondi-di-confagricoltura-piacenza-ad-amop\/#primaryimage"},"thumbnailUrl":"https:\/\/www.confagricoltura.org\/piacenza\/wp-content\/uploads\/sites\/11\/2024\/06\/Donazione-Amop-scaled.jpg","datePublished":"2024-06-05T14:57:53+00:00","dateModified":"2024-06-12T15:00:24+00:00","author":{"@id":"https:\/\/www.confagricoltura.org\/piacenza\/#\/schema\/person\/be5da25a3117fea4b3bfec9dba09b5e8"},"breadcrumb":{"@id":"https:\/\/www.confagricoltura.org\/piacenza\/consegnata-la-raccolta-fondi-di-confagricoltura-piacenza-ad-amop\/#breadcrumb"},"inLanguage":"it-IT","potentialAction":[{"@type":"ReadAction","target":["https:\/\/www.confagricoltura.org\/piacenza\/consegnata-la-raccolta-fondi-di-confagricoltura-piacenza-ad-amop\/"]}]},{"@type":"ImageObject","inLanguage":"it-IT","@id":"https:\/\/www.confagricoltura.org\/piacenza\/consegnata-la-raccolta-fondi-di-confagricoltura-piacenza-ad-amop\/#primaryimage","url":"https:\/\/www.confagricoltura.org\/piacenza\/wp-content\/uploads\/sites\/11\/2024\/06\/Donazione-Amop-scaled.jpg","contentUrl":"https:\/\/www.confagricoltura.org\/piacenza\/wp-content\/uploads\/sites\/11\/2024\/06\/Donazione-Amop-scaled.jpg","width":2560,"height":1920},{"@type":"BreadcrumbList","@id":"https:\/\/www.confagricoltura.org\/piacenza\/consegnata-la-raccolta-fondi-di-confagricoltura-piacenza-ad-amop\/#breadcrumb","itemListElement":[{"@type":"ListItem","position":1,"name":"Home","item":"https:\/\/www.confagricoltura.org\/piacenza\/"},{"@type":"ListItem","position":2,"name":"Consegnata la raccolta fondi di Confagricoltura Piacenza ad Amop"}]},{"@type":"WebSite","@id":"https:\/\/www.confagricoltura.org\/piacenza\/#website","url":"https:\/\/www.confagricoltura.org\/piacenza\/","name":"Confagricoltura Piacenza","description":"Dalla parte degli Agricoltori","potentialAction":[{"@type":"SearchAction","target":{"@type":"EntryPoint","urlTemplate":"https:\/\/www.confagricoltura.org\/piacenza\/?s={search_term_string}"},"query-input":{"@type":"PropertyValueSpecification","valueRequired":true,"valueName":"search_term_string"}}],"inLanguage":"it-IT"},{"@type":"Person","@id":"https:\/\/www.confagricoltura.org\/piacenza\/#\/schema\/person\/be5da25a3117fea4b3bfec9dba09b5e8","name":"confagricolturapiacenza","image":{"@type":"ImageObject","inLanguage":"it-IT","@id":"https:\/\/www.confagricoltura.org\/piacenza\/#\/schema\/person\/image\/","url":"https:\/\/secure.gravatar.com\/avatar\/9c5f111e417171581853bd0a3ff892ca?s=96&d=mm&r=g","contentUrl":"https:\/\/secure.gravatar.com\/avatar\/9c5f111e417171581853bd0a3ff892ca?s=96&d=mm&r=g","caption":"confagricolturapiacenza"},"url":"https:\/\/www.confagricoltura.org\/piacenza\/author\/confagricolturapiacenza\/"}]}},"_links":{"self":[{"href":"https:\/\/www.confagricoltura.org\/piacenza\/wp-json\/wp\/v2\/posts\/4687","targetHints":{"allow":["GET"]}}],"collection":[{"href":"https:\/\/www.confagricoltura.org\/piacenza\/wp-json\/wp\/v2\/posts"}],"about":[{"href":"https:\/\/www.confagricoltura.org\/piacenza\/wp-json\/wp\/v2\/types\/post"}],"author":[{"embeddable":true,"href":"https:\/\/www.confagricoltura.org\/piacenza\/wp-json\/wp\/v2\/users\/6"}],"replies":[{"embeddable":true,"href":"https:\/\/www.confagricoltura.org\/piacenza\/wp-json\/wp\/v2\/comments?post=4687"}],"version-history":[{"count":1,"href":"https:\/\/www.confagricoltura.org\/piacenza\/wp-json\/wp\/v2\/posts\/4687\/revisions"}],"predecessor-version":[{"id":4689,"href":"https:\/\/www.confagricoltura.org\/piacenza\/wp-json\/wp\/v2\/posts\/4687\/revisions\/4689"}],"wp:featuredmedia":[{"embeddable":true,"href":"https:\/\/www.confagricoltura.org\/piacenza\/wp-json\/wp\/v2\/media\/4688"}],"wp:attachment":[{"href":"https:\/\/www.confagricoltura.org\/piacenza\/wp-json\/wp\/v2\/media?parent=4687"}],"wp:term":[{"taxonomy":"category","embeddable":true,"href":"https:\/\/www.confagricoltura.org\/piacenza\/wp-json\/wp\/v2\/categories?post=4687"},{"taxonomy":"post_tag","embeddable":true,"href":"https:\/\/www.confagricoltura.org\/piacenza\/wp-json\/wp\/v2\/tags?post=4687"}],"curies":[{"name":"wp","href":"https:\/\/api.w.org\/{rel}","templated":true}]}}