{"id":4684,"date":"2024-06-03T16:55:47","date_gmt":"2024-06-03T14:55:47","guid":{"rendered":"https:\/\/www.confagricoltura.org\/piacenza\/?p=4684"},"modified":"2024-06-12T16:57:26","modified_gmt":"2024-06-12T14:57:26","slug":"pensionati-e-giovani-di-confagricoltura-a-dialogo-sul-tema-la-pac-che-ce-e-la-pac-che-vorremmo","status":"publish","type":"post","link":"https:\/\/www.confagricoltura.org\/piacenza\/pensionati-e-giovani-di-confagricoltura-a-dialogo-sul-tema-la-pac-che-ce-e-la-pac-che-vorremmo\/","title":{"rendered":"Pensionati e giovani di Confagricoltura a dialogo sul tema \u201cla Pac che c\u2019\u00e8 e la Pac che vorremmo"},"content":{"rendered":"<p>La Pac che c\u2019\u00e8 e la Pac che vorremmo \u00e8 il titolo dell\u2019assemblea &#8211; convegno organizzata dall\u2019Associazione Nazionale Pensionati di Confagricoltura (Anpa) riunitasi nei giorni scorsi a livello regionale a Bologna, che ha visto la partecipazione del presidente nazionale di Confagricoltura Massimiliano Giansanti e del direttore generale Annamaria Barrile.<\/p>\n<p>Dopo i saluti iniziali di Marcello Bonvicini presidente regionale di Confagricoltura e di Carlo Sivieri, presidente regionale di Anpa, \u00e8 seguito l\u2019intervento tecnico di Vincenzo Lenucci direttore Politiche di Sviluppo Economico delle Filiere Agroalimentari di Confagricoltura. Il monito dalla kermesse va nella direzione di lavorare a una profonda revisione della PAC, con l&#8217;obiettivo di incrementare la produttivit\u00e0, la competitivit\u00e0 e la stabilit\u00e0 dei redditi degli agricoltori. In questo scenario, gli agricoltori possono contribuire in modo strategico aiutando a costruire un nuovo modello di agricoltura che tuteli la sicurezza alimentare e la salute del pianeta. \u201cQuesta Pac \u00e8 insostenibile per le imprese: riduce gli incentivi a fronte di maggiori impegni e costi a carico degli agricoltori. L\u2019approvazione da parte del Consiglio UE della parziale revisione della PAC, grazie anche all\u2019intervento di Confagricoltura in ambito comunitario, rappresenta un passo in avanti ma non basta\u201d hanno sottolineato a pi\u00f9 voci gli intervenuti.<\/p>\n<p>In platea oltre duecento partecipanti, tra cui il numeroso gruppo di Anpa Piacenza capitanato dal presidente Giovanni Merli e una rappresentanza degli associati di Confagricoltura Piacenza con il direttore Marco Casagrande.<\/p>\n<p>Nell\u2019ambito del convegno \u00e8 intervenuto il candidato alle elezioni Europee Guglielmo Garagnani per condividere i motivi della sua scelta. Imprenditore agricolo e per diversi mandati dirigente di Confagricoltura, Garagnani propone di portare la voce degli agricoltori in Europa coerentemente con la sua posizione di conservatore riformista ed europeista. \u201cNon possiamo permetterci \u2013 ha detto &#8211; di lasciare l\u2019Europa sotto scacco di frange ideologiche e irragionevoli che con una manciata di voti condizionano la politica comune\u201d.<\/p>\n<p>\u201cSono contento di partecipare a questo incontro per un amico, Guglielmo Garagnani. Da lui ci aspettiamo che porti avanti le battaglie di Confagricoltura su Pac, gestione nitrati, carbon farming e tea. Nel recente incontro a Roma con la presidente della Commissione Europea Ursula Von Der Leyen abbiamo parlato di centralit\u00e0 dell\u2019agricoltura per decidere insieme come procedere\u201d &#8211; cos\u00ec Massimiliano Giansanti<\/p>\n<p>All\u2019evento ha preso parte anche una rappresentanza di ANGA, il vivaio dei giovani di Confagricoltura e la Presidente regionale Alice Consoli ha dialogato con Garagnani sul tema dei giovani e di come facilitare il passaggio generazionale rendendo pi\u00f9 attrattivo e remunerativo il comparto agricolo.<\/p>\n<p>A fare sintesi ci ha pensato l\u2019On. Angelo Santori, vicepresidente nazionale vicario, segretario e fondatore della prima associazione pensionati di Confagricoltura (poi Anpa): \u201cDobbiamo essere orgogliosi di essere cos\u00ec numerosi, nei momenti significativi ci siamo e ci vogliamo essere. Anpa difende gli interessi dei pensionati e condivide da vicino il percorso di Confagricoltura. Al centro c\u2019\u00e8 la tematica dell\u2019armonizzazione fiscale e previdenziale, dei giovani imprenditori: ANGA e ANPA vanno a braccetto. \u00c8 un patto generazionale per il futuro della nostra agricoltura\u201d.<\/p>\n<p>&nbsp;<\/p>\n","protected":false},"excerpt":{"rendered":"<p>Partecipata assemblea regionale di Anpa con il presidente nazionale e tanti piacentini <\/p>\n","protected":false},"author":6,"featured_media":4685,"comment_status":"closed","ping_status":"closed","sticky":false,"template":"","format":"standard","meta":{"wp_mapbox_gl_js_media":[],"footnotes":""},"categories":[21,4],"tags":[],"class_list":["post-4684","post","type-post","status-publish","format-standard","has-post-thumbnail","hentry","category-eventi","category-news"],"yoast_head":"<!-- This site is optimized with the Yoast SEO plugin v26.8 - https:\/\/yoast.com\/product\/yoast-seo-wordpress\/ -->\n<title>Pensionati e giovani di Confagricoltura a dialogo sul tema \u201cla Pac che c\u2019\u00e8 e la Pac che vorremmo - Confagricoltura Piacenza<\/title>\n<meta name=\"robots\" content=\"index, follow, max-snippet:-1, max-image-preview:large, max-video-preview:-1\" \/>\n<link rel=\"canonical\" href=\"https:\/\/www.confagricoltura.org\/piacenza\/pensionati-e-giovani-di-confagricoltura-a-dialogo-sul-tema-la-pac-che-ce-e-la-pac-che-vorremmo\/\" \/>\n<meta property=\"og:locale\" content=\"it_IT\" \/>\n<meta property=\"og:type\" content=\"article\" \/>\n<meta property=\"og:title\" content=\"Pensionati e giovani di Confagricoltura a dialogo sul tema \u201cla Pac che c\u2019\u00e8 e la Pac che vorremmo - Confagricoltura Piacenza\" \/>\n<meta property=\"og:description\" content=\"Partecipata assemblea regionale di Anpa con il presidente nazionale e tanti piacentini\" \/>\n<meta property=\"og:url\" content=\"https:\/\/www.confagricoltura.org\/piacenza\/pensionati-e-giovani-di-confagricoltura-a-dialogo-sul-tema-la-pac-che-ce-e-la-pac-che-vorremmo\/\" \/>\n<meta property=\"og:site_name\" content=\"Confagricoltura Piacenza\" \/>\n<meta property=\"article:published_time\" content=\"2024-06-03T14:55:47+00:00\" \/>\n<meta property=\"article:modified_time\" content=\"2024-06-12T14:57:26+00:00\" \/>\n<meta property=\"og:image\" content=\"https:\/\/www.confagricoltura.org\/piacenza\/wp-content\/uploads\/sites\/11\/2024\/06\/Guppo-Piacenza.jpg\" \/>\n\t<meta property=\"og:image:width\" content=\"2048\" \/>\n\t<meta property=\"og:image:height\" content=\"1536\" \/>\n\t<meta property=\"og:image:type\" content=\"image\/jpeg\" \/>\n<meta name=\"author\" content=\"confagricolturapiacenza\" \/>\n<meta name=\"twitter:card\" content=\"summary_large_image\" \/>\n<meta name=\"twitter:label1\" content=\"Scritto da\" \/>\n\t<meta name=\"twitter:data1\" content=\"confagricolturapiacenza\" \/>\n\t<meta name=\"twitter:label2\" content=\"Tempo di lettura stimato\" \/>\n\t<meta name=\"twitter:data2\" content=\"3 minuti\" \/>\n<script type=\"application\/ld+json\" class=\"yoast-schema-graph\">{\"@context\":\"https:\/\/schema.org\",\"@graph\":[{\"@type\":\"Article\",\"@id\":\"https:\/\/www.confagricoltura.org\/piacenza\/pensionati-e-giovani-di-confagricoltura-a-dialogo-sul-tema-la-pac-che-ce-e-la-pac-che-vorremmo\/#article\",\"isPartOf\":{\"@id\":\"https:\/\/www.confagricoltura.org\/piacenza\/pensionati-e-giovani-di-confagricoltura-a-dialogo-sul-tema-la-pac-che-ce-e-la-pac-che-vorremmo\/\"},\"author\":{\"name\":\"confagricolturapiacenza\",\"@id\":\"https:\/\/www.confagricoltura.org\/piacenza\/#\/schema\/person\/be5da25a3117fea4b3bfec9dba09b5e8\"},\"headline\":\"Pensionati e giovani di Confagricoltura a dialogo sul tema \u201cla Pac che c\u2019\u00e8 e la Pac che vorremmo\",\"datePublished\":\"2024-06-03T14:55:47+00:00\",\"dateModified\":\"2024-06-12T14:57:26+00:00\",\"mainEntityOfPage\":{\"@id\":\"https:\/\/www.confagricoltura.org\/piacenza\/pensionati-e-giovani-di-confagricoltura-a-dialogo-sul-tema-la-pac-che-ce-e-la-pac-che-vorremmo\/\"},\"wordCount\":514,\"image\":{\"@id\":\"https:\/\/www.confagricoltura.org\/piacenza\/pensionati-e-giovani-di-confagricoltura-a-dialogo-sul-tema-la-pac-che-ce-e-la-pac-che-vorremmo\/#primaryimage\"},\"thumbnailUrl\":\"https:\/\/www.confagricoltura.org\/piacenza\/wp-content\/uploads\/sites\/11\/2024\/06\/Guppo-Piacenza.jpg\",\"articleSection\":[\"Eventi\",\"News\"],\"inLanguage\":\"it-IT\"},{\"@type\":\"WebPage\",\"@id\":\"https:\/\/www.confagricoltura.org\/piacenza\/pensionati-e-giovani-di-confagricoltura-a-dialogo-sul-tema-la-pac-che-ce-e-la-pac-che-vorremmo\/\",\"url\":\"https:\/\/www.confagricoltura.org\/piacenza\/pensionati-e-giovani-di-confagricoltura-a-dialogo-sul-tema-la-pac-che-ce-e-la-pac-che-vorremmo\/\",\"name\":\"Pensionati e giovani di Confagricoltura a dialogo sul tema \u201cla Pac che c\u2019\u00e8 e la Pac che vorremmo - Confagricoltura Piacenza\",\"isPartOf\":{\"@id\":\"https:\/\/www.confagricoltura.org\/piacenza\/#website\"},\"primaryImageOfPage\":{\"@id\":\"https:\/\/www.confagricoltura.org\/piacenza\/pensionati-e-giovani-di-confagricoltura-a-dialogo-sul-tema-la-pac-che-ce-e-la-pac-che-vorremmo\/#primaryimage\"},\"image\":{\"@id\":\"https:\/\/www.confagricoltura.org\/piacenza\/pensionati-e-giovani-di-confagricoltura-a-dialogo-sul-tema-la-pac-che-ce-e-la-pac-che-vorremmo\/#primaryimage\"},\"thumbnailUrl\":\"https:\/\/www.confagricoltura.org\/piacenza\/wp-content\/uploads\/sites\/11\/2024\/06\/Guppo-Piacenza.jpg\",\"datePublished\":\"2024-06-03T14:55:47+00:00\",\"dateModified\":\"2024-06-12T14:57:26+00:00\",\"author\":{\"@id\":\"https:\/\/www.confagricoltura.org\/piacenza\/#\/schema\/person\/be5da25a3117fea4b3bfec9dba09b5e8\"},\"breadcrumb\":{\"@id\":\"https:\/\/www.confagricoltura.org\/piacenza\/pensionati-e-giovani-di-confagricoltura-a-dialogo-sul-tema-la-pac-che-ce-e-la-pac-che-vorremmo\/#breadcrumb\"},\"inLanguage\":\"it-IT\",\"potentialAction\":[{\"@type\":\"ReadAction\",\"target\":[\"https:\/\/www.confagricoltura.org\/piacenza\/pensionati-e-giovani-di-confagricoltura-a-dialogo-sul-tema-la-pac-che-ce-e-la-pac-che-vorremmo\/\"]}]},{\"@type\":\"ImageObject\",\"inLanguage\":\"it-IT\",\"@id\":\"https:\/\/www.confagricoltura.org\/piacenza\/pensionati-e-giovani-di-confagricoltura-a-dialogo-sul-tema-la-pac-che-ce-e-la-pac-che-vorremmo\/#primaryimage\",\"url\":\"https:\/\/www.confagricoltura.org\/piacenza\/wp-content\/uploads\/sites\/11\/2024\/06\/Guppo-Piacenza.jpg\",\"contentUrl\":\"https:\/\/www.confagricoltura.org\/piacenza\/wp-content\/uploads\/sites\/11\/2024\/06\/Guppo-Piacenza.jpg\",\"width\":2048,\"height\":1536},{\"@type\":\"BreadcrumbList\",\"@id\":\"https:\/\/www.confagricoltura.org\/piacenza\/pensionati-e-giovani-di-confagricoltura-a-dialogo-sul-tema-la-pac-che-ce-e-la-pac-che-vorremmo\/#breadcrumb\",\"itemListElement\":[{\"@type\":\"ListItem\",\"position\":1,\"name\":\"Home\",\"item\":\"https:\/\/www.confagricoltura.org\/piacenza\/\"},{\"@type\":\"ListItem\",\"position\":2,\"name\":\"Pensionati e giovani di Confagricoltura a dialogo sul tema \u201cla Pac che c\u2019\u00e8 e la Pac che vorremmo\"}]},{\"@type\":\"WebSite\",\"@id\":\"https:\/\/www.confagricoltura.org\/piacenza\/#website\",\"url\":\"https:\/\/www.confagricoltura.org\/piacenza\/\",\"name\":\"Confagricoltura Piacenza\",\"description\":\"Dalla parte degli Agricoltori\",\"potentialAction\":[{\"@type\":\"SearchAction\",\"target\":{\"@type\":\"EntryPoint\",\"urlTemplate\":\"https:\/\/www.confagricoltura.org\/piacenza\/?s={search_term_string}\"},\"query-input\":{\"@type\":\"PropertyValueSpecification\",\"valueRequired\":true,\"valueName\":\"search_term_string\"}}],\"inLanguage\":\"it-IT\"},{\"@type\":\"Person\",\"@id\":\"https:\/\/www.confagricoltura.org\/piacenza\/#\/schema\/person\/be5da25a3117fea4b3bfec9dba09b5e8\",\"name\":\"confagricolturapiacenza\",\"image\":{\"@type\":\"ImageObject\",\"inLanguage\":\"it-IT\",\"@id\":\"https:\/\/www.confagricoltura.org\/piacenza\/#\/schema\/person\/image\/\",\"url\":\"https:\/\/secure.gravatar.com\/avatar\/9c5f111e417171581853bd0a3ff892ca?s=96&d=mm&r=g\",\"contentUrl\":\"https:\/\/secure.gravatar.com\/avatar\/9c5f111e417171581853bd0a3ff892ca?s=96&d=mm&r=g\",\"caption\":\"confagricolturapiacenza\"},\"url\":\"https:\/\/www.confagricoltura.org\/piacenza\/author\/confagricolturapiacenza\/\"}]}<\/script>\n<!-- \/ Yoast SEO plugin. -->","yoast_head_json":{"title":"Pensionati e giovani di Confagricoltura a dialogo sul tema \u201cla Pac che c\u2019\u00e8 e la Pac che vorremmo - Confagricoltura Piacenza","robots":{"index":"index","follow":"follow","max-snippet":"max-snippet:-1","max-image-preview":"max-image-preview:large","max-video-preview":"max-video-preview:-1"},"canonical":"https:\/\/www.confagricoltura.org\/piacenza\/pensionati-e-giovani-di-confagricoltura-a-dialogo-sul-tema-la-pac-che-ce-e-la-pac-che-vorremmo\/","og_locale":"it_IT","og_type":"article","og_title":"Pensionati e giovani di Confagricoltura a dialogo sul tema \u201cla Pac che c\u2019\u00e8 e la Pac che vorremmo - Confagricoltura Piacenza","og_description":"Partecipata assemblea regionale di Anpa con il presidente nazionale e tanti piacentini","og_url":"https:\/\/www.confagricoltura.org\/piacenza\/pensionati-e-giovani-di-confagricoltura-a-dialogo-sul-tema-la-pac-che-ce-e-la-pac-che-vorremmo\/","og_site_name":"Confagricoltura Piacenza","article_published_time":"2024-06-03T14:55:47+00:00","article_modified_time":"2024-06-12T14:57:26+00:00","og_image":[{"width":2048,"height":1536,"url":"https:\/\/www.confagricoltura.org\/piacenza\/wp-content\/uploads\/sites\/11\/2024\/06\/Guppo-Piacenza.jpg","type":"image\/jpeg"}],"author":"confagricolturapiacenza","twitter_card":"summary_large_image","twitter_misc":{"Scritto da":"confagricolturapiacenza","Tempo di lettura stimato":"3 minuti"},"schema":{"@context":"https:\/\/schema.org","@graph":[{"@type":"Article","@id":"https:\/\/www.confagricoltura.org\/piacenza\/pensionati-e-giovani-di-confagricoltura-a-dialogo-sul-tema-la-pac-che-ce-e-la-pac-che-vorremmo\/#article","isPartOf":{"@id":"https:\/\/www.confagricoltura.org\/piacenza\/pensionati-e-giovani-di-confagricoltura-a-dialogo-sul-tema-la-pac-che-ce-e-la-pac-che-vorremmo\/"},"author":{"name":"confagricolturapiacenza","@id":"https:\/\/www.confagricoltura.org\/piacenza\/#\/schema\/person\/be5da25a3117fea4b3bfec9dba09b5e8"},"headline":"Pensionati e giovani di Confagricoltura a dialogo sul tema \u201cla Pac che c\u2019\u00e8 e la Pac che vorremmo","datePublished":"2024-06-03T14:55:47+00:00","dateModified":"2024-06-12T14:57:26+00:00","mainEntityOfPage":{"@id":"https:\/\/www.confagricoltura.org\/piacenza\/pensionati-e-giovani-di-confagricoltura-a-dialogo-sul-tema-la-pac-che-ce-e-la-pac-che-vorremmo\/"},"wordCount":514,"image":{"@id":"https:\/\/www.confagricoltura.org\/piacenza\/pensionati-e-giovani-di-confagricoltura-a-dialogo-sul-tema-la-pac-che-ce-e-la-pac-che-vorremmo\/#primaryimage"},"thumbnailUrl":"https:\/\/www.confagricoltura.org\/piacenza\/wp-content\/uploads\/sites\/11\/2024\/06\/Guppo-Piacenza.jpg","articleSection":["Eventi","News"],"inLanguage":"it-IT"},{"@type":"WebPage","@id":"https:\/\/www.confagricoltura.org\/piacenza\/pensionati-e-giovani-di-confagricoltura-a-dialogo-sul-tema-la-pac-che-ce-e-la-pac-che-vorremmo\/","url":"https:\/\/www.confagricoltura.org\/piacenza\/pensionati-e-giovani-di-confagricoltura-a-dialogo-sul-tema-la-pac-che-ce-e-la-pac-che-vorremmo\/","name":"Pensionati e giovani di Confagricoltura a dialogo sul tema \u201cla Pac che c\u2019\u00e8 e la Pac che vorremmo - Confagricoltura Piacenza","isPartOf":{"@id":"https:\/\/www.confagricoltura.org\/piacenza\/#website"},"primaryImageOfPage":{"@id":"https:\/\/www.confagricoltura.org\/piacenza\/pensionati-e-giovani-di-confagricoltura-a-dialogo-sul-tema-la-pac-che-ce-e-la-pac-che-vorremmo\/#primaryimage"},"image":{"@id":"https:\/\/www.confagricoltura.org\/piacenza\/pensionati-e-giovani-di-confagricoltura-a-dialogo-sul-tema-la-pac-che-ce-e-la-pac-che-vorremmo\/#primaryimage"},"thumbnailUrl":"https:\/\/www.confagricoltura.org\/piacenza\/wp-content\/uploads\/sites\/11\/2024\/06\/Guppo-Piacenza.jpg","datePublished":"2024-06-03T14:55:47+00:00","dateModified":"2024-06-12T14:57:26+00:00","author":{"@id":"https:\/\/www.confagricoltura.org\/piacenza\/#\/schema\/person\/be5da25a3117fea4b3bfec9dba09b5e8"},"breadcrumb":{"@id":"https:\/\/www.confagricoltura.org\/piacenza\/pensionati-e-giovani-di-confagricoltura-a-dialogo-sul-tema-la-pac-che-ce-e-la-pac-che-vorremmo\/#breadcrumb"},"inLanguage":"it-IT","potentialAction":[{"@type":"ReadAction","target":["https:\/\/www.confagricoltura.org\/piacenza\/pensionati-e-giovani-di-confagricoltura-a-dialogo-sul-tema-la-pac-che-ce-e-la-pac-che-vorremmo\/"]}]},{"@type":"ImageObject","inLanguage":"it-IT","@id":"https:\/\/www.confagricoltura.org\/piacenza\/pensionati-e-giovani-di-confagricoltura-a-dialogo-sul-tema-la-pac-che-ce-e-la-pac-che-vorremmo\/#primaryimage","url":"https:\/\/www.confagricoltura.org\/piacenza\/wp-content\/uploads\/sites\/11\/2024\/06\/Guppo-Piacenza.jpg","contentUrl":"https:\/\/www.confagricoltura.org\/piacenza\/wp-content\/uploads\/sites\/11\/2024\/06\/Guppo-Piacenza.jpg","width":2048,"height":1536},{"@type":"BreadcrumbList","@id":"https:\/\/www.confagricoltura.org\/piacenza\/pensionati-e-giovani-di-confagricoltura-a-dialogo-sul-tema-la-pac-che-ce-e-la-pac-che-vorremmo\/#breadcrumb","itemListElement":[{"@type":"ListItem","position":1,"name":"Home","item":"https:\/\/www.confagricoltura.org\/piacenza\/"},{"@type":"ListItem","position":2,"name":"Pensionati e giovani di Confagricoltura a dialogo sul tema \u201cla Pac che c\u2019\u00e8 e la Pac che vorremmo"}]},{"@type":"WebSite","@id":"https:\/\/www.confagricoltura.org\/piacenza\/#website","url":"https:\/\/www.confagricoltura.org\/piacenza\/","name":"Confagricoltura Piacenza","description":"Dalla parte degli Agricoltori","potentialAction":[{"@type":"SearchAction","target":{"@type":"EntryPoint","urlTemplate":"https:\/\/www.confagricoltura.org\/piacenza\/?s={search_term_string}"},"query-input":{"@type":"PropertyValueSpecification","valueRequired":true,"valueName":"search_term_string"}}],"inLanguage":"it-IT"},{"@type":"Person","@id":"https:\/\/www.confagricoltura.org\/piacenza\/#\/schema\/person\/be5da25a3117fea4b3bfec9dba09b5e8","name":"confagricolturapiacenza","image":{"@type":"ImageObject","inLanguage":"it-IT","@id":"https:\/\/www.confagricoltura.org\/piacenza\/#\/schema\/person\/image\/","url":"https:\/\/secure.gravatar.com\/avatar\/9c5f111e417171581853bd0a3ff892ca?s=96&d=mm&r=g","contentUrl":"https:\/\/secure.gravatar.com\/avatar\/9c5f111e417171581853bd0a3ff892ca?s=96&d=mm&r=g","caption":"confagricolturapiacenza"},"url":"https:\/\/www.confagricoltura.org\/piacenza\/author\/confagricolturapiacenza\/"}]}},"_links":{"self":[{"href":"https:\/\/www.confagricoltura.org\/piacenza\/wp-json\/wp\/v2\/posts\/4684","targetHints":{"allow":["GET"]}}],"collection":[{"href":"https:\/\/www.confagricoltura.org\/piacenza\/wp-json\/wp\/v2\/posts"}],"about":[{"href":"https:\/\/www.confagricoltura.org\/piacenza\/wp-json\/wp\/v2\/types\/post"}],"author":[{"embeddable":true,"href":"https:\/\/www.confagricoltura.org\/piacenza\/wp-json\/wp\/v2\/users\/6"}],"replies":[{"embeddable":true,"href":"https:\/\/www.confagricoltura.org\/piacenza\/wp-json\/wp\/v2\/comments?post=4684"}],"version-history":[{"count":1,"href":"https:\/\/www.confagricoltura.org\/piacenza\/wp-json\/wp\/v2\/posts\/4684\/revisions"}],"predecessor-version":[{"id":4686,"href":"https:\/\/www.confagricoltura.org\/piacenza\/wp-json\/wp\/v2\/posts\/4684\/revisions\/4686"}],"wp:featuredmedia":[{"embeddable":true,"href":"https:\/\/www.confagricoltura.org\/piacenza\/wp-json\/wp\/v2\/media\/4685"}],"wp:attachment":[{"href":"https:\/\/www.confagricoltura.org\/piacenza\/wp-json\/wp\/v2\/media?parent=4684"}],"wp:term":[{"taxonomy":"category","embeddable":true,"href":"https:\/\/www.confagricoltura.org\/piacenza\/wp-json\/wp\/v2\/categories?post=4684"},{"taxonomy":"post_tag","embeddable":true,"href":"https:\/\/www.confagricoltura.org\/piacenza\/wp-json\/wp\/v2\/tags?post=4684"}],"curies":[{"name":"wp","href":"https:\/\/api.w.org\/{rel}","templated":true}]}}