{"id":4678,"date":"2024-05-27T16:49:51","date_gmt":"2024-05-27T14:49:51","guid":{"rendered":"https:\/\/www.confagricoltura.org\/piacenza\/?p=4678"},"modified":"2024-06-12T16:52:14","modified_gmt":"2024-06-12T14:52:14","slug":"inaugurata-la-scultura-che-celebra-bacedasco-terra-del-vino","status":"publish","type":"post","link":"https:\/\/www.confagricoltura.org\/piacenza\/inaugurata-la-scultura-che-celebra-bacedasco-terra-del-vino\/","title":{"rendered":"Inaugurata la scultura che celebra Bacedasco Terra del Vino"},"content":{"rendered":"<p>\u00c8 stata inaugurato domenica 26 maggio a Bacedasco \u2013 frazione di Vernasca &#8211; un totem raffigurante una bottiglia stilizzata, realizzata da Stefano Villaggi, voluto dai viticoltori della zona per promuovere gli eccezionali vini della bellissima e incontaminata Vall\u2019Ongina. L\u2019iniziativa \u00e8 scaturita dalla determinazione e dall\u2019entusiasmo trainante di uno di loro: Roberto Bargazzi, che conduce l\u2019azienda di famiglia La Camin\u00e0 i cui 10 ettari producono i vini tipici del nostro territorio: gutturnio, ortrugo e malvasia. Bargazzi \u00e8 associato a Confagricoltura Piacenza e all\u2019inaugurazione erano presenti, oltre al sindaco di Vernasca Giuseppe Sidoli e il sindaco di Castell\u2019Arquato Giuseppe Bersani, anche il presidente di Confagricoltura Piacenza Filippo Gasparini, il segretario di Zona Paolo Messa e il consulente vitivinicolo dell\u2019associazione Enrico Ceruti.<\/p>\n<p>Soddisfatto Roberto Bargazzi che ha commentato: \u201cla Vall\u2019Ongina \u00e8 una delle vallate pi\u00f9 belle del nostro territorio, meravigliosa sotto ogni punto di vista, ma \u00e8 ancora poco nota. Merita di essere scoperta, sia dal punto di vista paesaggistico che vitivinicolo, terra di grandi vini. Questo totem, voluto dai vitivinicoltori di Bacedasco, vuole essere un biglietto da visita che invita chi arriva a conoscerci meglio. Ne resteranno piacevolmente sorpresi\u201d.<\/p>\n<p>Confagricoltura Piacenza plaude all\u2019iniziativa e sottolinea l\u2019importanza dell\u2019organizzazione dei produttori. Fare rete e muoversi uniti come territorio \u00e8 determinante \u2013 rimarca l\u2019associazione degli agricoltori &#8211; anche nella promozione, del resto la nota distinzione tra Bacedasco Alto e Bacedasco Basso fa sicuramente un po\u2019 sorridere il turista, magari straniero che guarda l\u2019Italia come un unico grande scrigno all\u2019interno del quale ci sono tante gemme preziose, proprio come la Vall\u2019Ongina.<\/p>\n","protected":false},"excerpt":{"rendered":"<p>Confagricoltura Piacenza: l\u2019idea di Roberto Bargazzi \u00e8 un invito a tutti per valorizzare vino e territorio della Vall\u2019Ongina  <\/p>\n","protected":false},"author":6,"featured_media":4679,"comment_status":"closed","ping_status":"closed","sticky":false,"template":"","format":"standard","meta":{"wp_mapbox_gl_js_media":[],"footnotes":""},"categories":[21,4],"tags":[],"class_list":["post-4678","post","type-post","status-publish","format-standard","has-post-thumbnail","hentry","category-eventi","category-news"],"yoast_head":"<!-- This site is optimized with the Yoast SEO plugin v26.8 - https:\/\/yoast.com\/product\/yoast-seo-wordpress\/ -->\n<title>Inaugurata la scultura che celebra Bacedasco Terra del Vino - Confagricoltura Piacenza<\/title>\n<meta name=\"robots\" content=\"index, follow, max-snippet:-1, max-image-preview:large, max-video-preview:-1\" \/>\n<link rel=\"canonical\" href=\"https:\/\/www.confagricoltura.org\/piacenza\/inaugurata-la-scultura-che-celebra-bacedasco-terra-del-vino\/\" \/>\n<meta property=\"og:locale\" content=\"it_IT\" \/>\n<meta property=\"og:type\" content=\"article\" \/>\n<meta property=\"og:title\" content=\"Inaugurata la scultura che celebra Bacedasco Terra del Vino - Confagricoltura Piacenza\" \/>\n<meta property=\"og:description\" content=\"Confagricoltura Piacenza: l\u2019idea di Roberto Bargazzi \u00e8 un invito a tutti per valorizzare vino e territorio della Vall\u2019Ongina\" \/>\n<meta property=\"og:url\" content=\"https:\/\/www.confagricoltura.org\/piacenza\/inaugurata-la-scultura-che-celebra-bacedasco-terra-del-vino\/\" \/>\n<meta property=\"og:site_name\" content=\"Confagricoltura Piacenza\" \/>\n<meta property=\"article:published_time\" content=\"2024-05-27T14:49:51+00:00\" \/>\n<meta property=\"article:modified_time\" content=\"2024-06-12T14:52:14+00:00\" \/>\n<meta property=\"og:image\" content=\"https:\/\/www.confagricoltura.org\/piacenza\/wp-content\/uploads\/sites\/11\/2024\/06\/Messa-Ceruti-Sidoli-Bargazzi-Gasparini.jpg\" \/>\n\t<meta property=\"og:image:width\" content=\"1600\" \/>\n\t<meta property=\"og:image:height\" content=\"1200\" \/>\n\t<meta property=\"og:image:type\" content=\"image\/jpeg\" \/>\n<meta name=\"author\" content=\"confagricolturapiacenza\" \/>\n<meta name=\"twitter:card\" content=\"summary_large_image\" \/>\n<meta name=\"twitter:label1\" content=\"Scritto da\" \/>\n\t<meta name=\"twitter:data1\" content=\"confagricolturapiacenza\" \/>\n\t<meta name=\"twitter:label2\" content=\"Tempo di lettura stimato\" \/>\n\t<meta name=\"twitter:data2\" content=\"2 minuti\" \/>\n<script type=\"application\/ld+json\" class=\"yoast-schema-graph\">{\"@context\":\"https:\/\/schema.org\",\"@graph\":[{\"@type\":\"Article\",\"@id\":\"https:\/\/www.confagricoltura.org\/piacenza\/inaugurata-la-scultura-che-celebra-bacedasco-terra-del-vino\/#article\",\"isPartOf\":{\"@id\":\"https:\/\/www.confagricoltura.org\/piacenza\/inaugurata-la-scultura-che-celebra-bacedasco-terra-del-vino\/\"},\"author\":{\"name\":\"confagricolturapiacenza\",\"@id\":\"https:\/\/www.confagricoltura.org\/piacenza\/#\/schema\/person\/be5da25a3117fea4b3bfec9dba09b5e8\"},\"headline\":\"Inaugurata la scultura che celebra Bacedasco Terra del Vino\",\"datePublished\":\"2024-05-27T14:49:51+00:00\",\"dateModified\":\"2024-06-12T14:52:14+00:00\",\"mainEntityOfPage\":{\"@id\":\"https:\/\/www.confagricoltura.org\/piacenza\/inaugurata-la-scultura-che-celebra-bacedasco-terra-del-vino\/\"},\"wordCount\":269,\"image\":{\"@id\":\"https:\/\/www.confagricoltura.org\/piacenza\/inaugurata-la-scultura-che-celebra-bacedasco-terra-del-vino\/#primaryimage\"},\"thumbnailUrl\":\"https:\/\/www.confagricoltura.org\/piacenza\/wp-content\/uploads\/sites\/11\/2024\/06\/Messa-Ceruti-Sidoli-Bargazzi-Gasparini.jpg\",\"articleSection\":[\"Eventi\",\"News\"],\"inLanguage\":\"it-IT\"},{\"@type\":\"WebPage\",\"@id\":\"https:\/\/www.confagricoltura.org\/piacenza\/inaugurata-la-scultura-che-celebra-bacedasco-terra-del-vino\/\",\"url\":\"https:\/\/www.confagricoltura.org\/piacenza\/inaugurata-la-scultura-che-celebra-bacedasco-terra-del-vino\/\",\"name\":\"Inaugurata la scultura che celebra Bacedasco Terra del Vino - Confagricoltura Piacenza\",\"isPartOf\":{\"@id\":\"https:\/\/www.confagricoltura.org\/piacenza\/#website\"},\"primaryImageOfPage\":{\"@id\":\"https:\/\/www.confagricoltura.org\/piacenza\/inaugurata-la-scultura-che-celebra-bacedasco-terra-del-vino\/#primaryimage\"},\"image\":{\"@id\":\"https:\/\/www.confagricoltura.org\/piacenza\/inaugurata-la-scultura-che-celebra-bacedasco-terra-del-vino\/#primaryimage\"},\"thumbnailUrl\":\"https:\/\/www.confagricoltura.org\/piacenza\/wp-content\/uploads\/sites\/11\/2024\/06\/Messa-Ceruti-Sidoli-Bargazzi-Gasparini.jpg\",\"datePublished\":\"2024-05-27T14:49:51+00:00\",\"dateModified\":\"2024-06-12T14:52:14+00:00\",\"author\":{\"@id\":\"https:\/\/www.confagricoltura.org\/piacenza\/#\/schema\/person\/be5da25a3117fea4b3bfec9dba09b5e8\"},\"breadcrumb\":{\"@id\":\"https:\/\/www.confagricoltura.org\/piacenza\/inaugurata-la-scultura-che-celebra-bacedasco-terra-del-vino\/#breadcrumb\"},\"inLanguage\":\"it-IT\",\"potentialAction\":[{\"@type\":\"ReadAction\",\"target\":[\"https:\/\/www.confagricoltura.org\/piacenza\/inaugurata-la-scultura-che-celebra-bacedasco-terra-del-vino\/\"]}]},{\"@type\":\"ImageObject\",\"inLanguage\":\"it-IT\",\"@id\":\"https:\/\/www.confagricoltura.org\/piacenza\/inaugurata-la-scultura-che-celebra-bacedasco-terra-del-vino\/#primaryimage\",\"url\":\"https:\/\/www.confagricoltura.org\/piacenza\/wp-content\/uploads\/sites\/11\/2024\/06\/Messa-Ceruti-Sidoli-Bargazzi-Gasparini.jpg\",\"contentUrl\":\"https:\/\/www.confagricoltura.org\/piacenza\/wp-content\/uploads\/sites\/11\/2024\/06\/Messa-Ceruti-Sidoli-Bargazzi-Gasparini.jpg\",\"width\":1600,\"height\":1200},{\"@type\":\"BreadcrumbList\",\"@id\":\"https:\/\/www.confagricoltura.org\/piacenza\/inaugurata-la-scultura-che-celebra-bacedasco-terra-del-vino\/#breadcrumb\",\"itemListElement\":[{\"@type\":\"ListItem\",\"position\":1,\"name\":\"Home\",\"item\":\"https:\/\/www.confagricoltura.org\/piacenza\/\"},{\"@type\":\"ListItem\",\"position\":2,\"name\":\"Inaugurata la scultura che celebra Bacedasco Terra del Vino\"}]},{\"@type\":\"WebSite\",\"@id\":\"https:\/\/www.confagricoltura.org\/piacenza\/#website\",\"url\":\"https:\/\/www.confagricoltura.org\/piacenza\/\",\"name\":\"Confagricoltura Piacenza\",\"description\":\"Dalla parte degli Agricoltori\",\"potentialAction\":[{\"@type\":\"SearchAction\",\"target\":{\"@type\":\"EntryPoint\",\"urlTemplate\":\"https:\/\/www.confagricoltura.org\/piacenza\/?s={search_term_string}\"},\"query-input\":{\"@type\":\"PropertyValueSpecification\",\"valueRequired\":true,\"valueName\":\"search_term_string\"}}],\"inLanguage\":\"it-IT\"},{\"@type\":\"Person\",\"@id\":\"https:\/\/www.confagricoltura.org\/piacenza\/#\/schema\/person\/be5da25a3117fea4b3bfec9dba09b5e8\",\"name\":\"confagricolturapiacenza\",\"image\":{\"@type\":\"ImageObject\",\"inLanguage\":\"it-IT\",\"@id\":\"https:\/\/www.confagricoltura.org\/piacenza\/#\/schema\/person\/image\/\",\"url\":\"https:\/\/secure.gravatar.com\/avatar\/9c5f111e417171581853bd0a3ff892ca?s=96&d=mm&r=g\",\"contentUrl\":\"https:\/\/secure.gravatar.com\/avatar\/9c5f111e417171581853bd0a3ff892ca?s=96&d=mm&r=g\",\"caption\":\"confagricolturapiacenza\"},\"url\":\"https:\/\/www.confagricoltura.org\/piacenza\/author\/confagricolturapiacenza\/\"}]}<\/script>\n<!-- \/ Yoast SEO plugin. -->","yoast_head_json":{"title":"Inaugurata la scultura che celebra Bacedasco Terra del Vino - Confagricoltura Piacenza","robots":{"index":"index","follow":"follow","max-snippet":"max-snippet:-1","max-image-preview":"max-image-preview:large","max-video-preview":"max-video-preview:-1"},"canonical":"https:\/\/www.confagricoltura.org\/piacenza\/inaugurata-la-scultura-che-celebra-bacedasco-terra-del-vino\/","og_locale":"it_IT","og_type":"article","og_title":"Inaugurata la scultura che celebra Bacedasco Terra del Vino - Confagricoltura Piacenza","og_description":"Confagricoltura Piacenza: l\u2019idea di Roberto Bargazzi \u00e8 un invito a tutti per valorizzare vino e territorio della Vall\u2019Ongina","og_url":"https:\/\/www.confagricoltura.org\/piacenza\/inaugurata-la-scultura-che-celebra-bacedasco-terra-del-vino\/","og_site_name":"Confagricoltura Piacenza","article_published_time":"2024-05-27T14:49:51+00:00","article_modified_time":"2024-06-12T14:52:14+00:00","og_image":[{"width":1600,"height":1200,"url":"https:\/\/www.confagricoltura.org\/piacenza\/wp-content\/uploads\/sites\/11\/2024\/06\/Messa-Ceruti-Sidoli-Bargazzi-Gasparini.jpg","type":"image\/jpeg"}],"author":"confagricolturapiacenza","twitter_card":"summary_large_image","twitter_misc":{"Scritto da":"confagricolturapiacenza","Tempo di lettura stimato":"2 minuti"},"schema":{"@context":"https:\/\/schema.org","@graph":[{"@type":"Article","@id":"https:\/\/www.confagricoltura.org\/piacenza\/inaugurata-la-scultura-che-celebra-bacedasco-terra-del-vino\/#article","isPartOf":{"@id":"https:\/\/www.confagricoltura.org\/piacenza\/inaugurata-la-scultura-che-celebra-bacedasco-terra-del-vino\/"},"author":{"name":"confagricolturapiacenza","@id":"https:\/\/www.confagricoltura.org\/piacenza\/#\/schema\/person\/be5da25a3117fea4b3bfec9dba09b5e8"},"headline":"Inaugurata la scultura che celebra Bacedasco Terra del Vino","datePublished":"2024-05-27T14:49:51+00:00","dateModified":"2024-06-12T14:52:14+00:00","mainEntityOfPage":{"@id":"https:\/\/www.confagricoltura.org\/piacenza\/inaugurata-la-scultura-che-celebra-bacedasco-terra-del-vino\/"},"wordCount":269,"image":{"@id":"https:\/\/www.confagricoltura.org\/piacenza\/inaugurata-la-scultura-che-celebra-bacedasco-terra-del-vino\/#primaryimage"},"thumbnailUrl":"https:\/\/www.confagricoltura.org\/piacenza\/wp-content\/uploads\/sites\/11\/2024\/06\/Messa-Ceruti-Sidoli-Bargazzi-Gasparini.jpg","articleSection":["Eventi","News"],"inLanguage":"it-IT"},{"@type":"WebPage","@id":"https:\/\/www.confagricoltura.org\/piacenza\/inaugurata-la-scultura-che-celebra-bacedasco-terra-del-vino\/","url":"https:\/\/www.confagricoltura.org\/piacenza\/inaugurata-la-scultura-che-celebra-bacedasco-terra-del-vino\/","name":"Inaugurata la scultura che celebra Bacedasco Terra del Vino - Confagricoltura Piacenza","isPartOf":{"@id":"https:\/\/www.confagricoltura.org\/piacenza\/#website"},"primaryImageOfPage":{"@id":"https:\/\/www.confagricoltura.org\/piacenza\/inaugurata-la-scultura-che-celebra-bacedasco-terra-del-vino\/#primaryimage"},"image":{"@id":"https:\/\/www.confagricoltura.org\/piacenza\/inaugurata-la-scultura-che-celebra-bacedasco-terra-del-vino\/#primaryimage"},"thumbnailUrl":"https:\/\/www.confagricoltura.org\/piacenza\/wp-content\/uploads\/sites\/11\/2024\/06\/Messa-Ceruti-Sidoli-Bargazzi-Gasparini.jpg","datePublished":"2024-05-27T14:49:51+00:00","dateModified":"2024-06-12T14:52:14+00:00","author":{"@id":"https:\/\/www.confagricoltura.org\/piacenza\/#\/schema\/person\/be5da25a3117fea4b3bfec9dba09b5e8"},"breadcrumb":{"@id":"https:\/\/www.confagricoltura.org\/piacenza\/inaugurata-la-scultura-che-celebra-bacedasco-terra-del-vino\/#breadcrumb"},"inLanguage":"it-IT","potentialAction":[{"@type":"ReadAction","target":["https:\/\/www.confagricoltura.org\/piacenza\/inaugurata-la-scultura-che-celebra-bacedasco-terra-del-vino\/"]}]},{"@type":"ImageObject","inLanguage":"it-IT","@id":"https:\/\/www.confagricoltura.org\/piacenza\/inaugurata-la-scultura-che-celebra-bacedasco-terra-del-vino\/#primaryimage","url":"https:\/\/www.confagricoltura.org\/piacenza\/wp-content\/uploads\/sites\/11\/2024\/06\/Messa-Ceruti-Sidoli-Bargazzi-Gasparini.jpg","contentUrl":"https:\/\/www.confagricoltura.org\/piacenza\/wp-content\/uploads\/sites\/11\/2024\/06\/Messa-Ceruti-Sidoli-Bargazzi-Gasparini.jpg","width":1600,"height":1200},{"@type":"BreadcrumbList","@id":"https:\/\/www.confagricoltura.org\/piacenza\/inaugurata-la-scultura-che-celebra-bacedasco-terra-del-vino\/#breadcrumb","itemListElement":[{"@type":"ListItem","position":1,"name":"Home","item":"https:\/\/www.confagricoltura.org\/piacenza\/"},{"@type":"ListItem","position":2,"name":"Inaugurata la scultura che celebra Bacedasco Terra del Vino"}]},{"@type":"WebSite","@id":"https:\/\/www.confagricoltura.org\/piacenza\/#website","url":"https:\/\/www.confagricoltura.org\/piacenza\/","name":"Confagricoltura Piacenza","description":"Dalla parte degli Agricoltori","potentialAction":[{"@type":"SearchAction","target":{"@type":"EntryPoint","urlTemplate":"https:\/\/www.confagricoltura.org\/piacenza\/?s={search_term_string}"},"query-input":{"@type":"PropertyValueSpecification","valueRequired":true,"valueName":"search_term_string"}}],"inLanguage":"it-IT"},{"@type":"Person","@id":"https:\/\/www.confagricoltura.org\/piacenza\/#\/schema\/person\/be5da25a3117fea4b3bfec9dba09b5e8","name":"confagricolturapiacenza","image":{"@type":"ImageObject","inLanguage":"it-IT","@id":"https:\/\/www.confagricoltura.org\/piacenza\/#\/schema\/person\/image\/","url":"https:\/\/secure.gravatar.com\/avatar\/9c5f111e417171581853bd0a3ff892ca?s=96&d=mm&r=g","contentUrl":"https:\/\/secure.gravatar.com\/avatar\/9c5f111e417171581853bd0a3ff892ca?s=96&d=mm&r=g","caption":"confagricolturapiacenza"},"url":"https:\/\/www.confagricoltura.org\/piacenza\/author\/confagricolturapiacenza\/"}]}},"_links":{"self":[{"href":"https:\/\/www.confagricoltura.org\/piacenza\/wp-json\/wp\/v2\/posts\/4678","targetHints":{"allow":["GET"]}}],"collection":[{"href":"https:\/\/www.confagricoltura.org\/piacenza\/wp-json\/wp\/v2\/posts"}],"about":[{"href":"https:\/\/www.confagricoltura.org\/piacenza\/wp-json\/wp\/v2\/types\/post"}],"author":[{"embeddable":true,"href":"https:\/\/www.confagricoltura.org\/piacenza\/wp-json\/wp\/v2\/users\/6"}],"replies":[{"embeddable":true,"href":"https:\/\/www.confagricoltura.org\/piacenza\/wp-json\/wp\/v2\/comments?post=4678"}],"version-history":[{"count":1,"href":"https:\/\/www.confagricoltura.org\/piacenza\/wp-json\/wp\/v2\/posts\/4678\/revisions"}],"predecessor-version":[{"id":4680,"href":"https:\/\/www.confagricoltura.org\/piacenza\/wp-json\/wp\/v2\/posts\/4678\/revisions\/4680"}],"wp:featuredmedia":[{"embeddable":true,"href":"https:\/\/www.confagricoltura.org\/piacenza\/wp-json\/wp\/v2\/media\/4679"}],"wp:attachment":[{"href":"https:\/\/www.confagricoltura.org\/piacenza\/wp-json\/wp\/v2\/media?parent=4678"}],"wp:term":[{"taxonomy":"category","embeddable":true,"href":"https:\/\/www.confagricoltura.org\/piacenza\/wp-json\/wp\/v2\/categories?post=4678"},{"taxonomy":"post_tag","embeddable":true,"href":"https:\/\/www.confagricoltura.org\/piacenza\/wp-json\/wp\/v2\/tags?post=4678"}],"curies":[{"name":"wp","href":"https:\/\/api.w.org\/{rel}","templated":true}]}}