{"id":4665,"date":"2024-05-15T17:04:15","date_gmt":"2024-05-15T15:04:15","guid":{"rendered":"https:\/\/www.confagricoltura.org\/piacenza\/?p=4665"},"modified":"2024-05-15T17:04:15","modified_gmt":"2024-05-15T15:04:15","slug":"quello-che-sai-sulla-plastica-e-sbagliato","status":"publish","type":"post","link":"https:\/\/www.confagricoltura.org\/piacenza\/quello-che-sai-sulla-plastica-e-sbagliato\/","title":{"rendered":"Quello che sai sulla plastica \u00e8 sbagliato"},"content":{"rendered":"<p>Il secondo appuntamento di A Cena Con La Scienza si \u00e8 tenuto venerd\u00ec 10 maggio a Soarza di Villanova, nell\u2019agriturismo Cascina Pizzavacca, realt\u00e0 notissima per i suoi trasformati vegetali. Emanuele Pisaroni, da impeccabile padrone di casa, ha accolto il pubblico con un aperitivo a base dei prodotti aziendali e avviato l\u2019incontro, con circa un centinaio di partecipanti, riassumendo brevemente la storia dell\u2019azienda: da realt\u00e0 tradizionale a indirizzo frutticolo, ma anche cerealicolo e zootecnico sino agli sviluppi degli ultimi anni con l\u2019acquisizione del prospiciente Palazzo Rota Pisaroni il cui retro affaccia sui frutteti della cascina. \u201cDove fino negli anni \u201990 c\u2019era la stalla, oggi abbiamo i laboratori di trasformazione\u201d \u2013 ha spiegato Pisaroni ricordando come il professor Giuseppe Bertoni, presente in sala, fosse solito andare a monitorare le bovine. \u201cUna collaborazione con l\u2019Universit\u00e0 Cattolica che si \u00e8 sempre mantenuta e consolidata seguendo e supportando l\u2019azienda nella sua evoluzione\u201d ha spiegato Pisaroni prima di lasciare la parola al coordinatore Michele Lodigiani che ha immediatamente introdotto l\u2019ospite della serata: Simone Angioni. \u201cUn chimico \u2013 lo ha presentato Lodigiani &#8211; con un dottorato sulla sintesi di polimeri innovativi per la transizione. Ha lavorato per anni nel mondo della ricerca specializzandosi sulle fonti di energia sostenibili. \u00c8 divulgatore scientifico, docente presso il master in comunicazione della scienza dell\u2019Universit\u00e0 San Raffaele e del corso \u201cScrivere di Scienza\u201d per Feltrinelli Education. \u00c8 autore di libri tra cui \u201cQuello che sai sulla plastica \u00e8 sbagliato\u201d che ha dato il titolo alla serata, scritto con due colleghi di cui uno sar\u00e0 il relatore del prossimo appuntamento\u201d. E Simone Angioni ha avviato il suo botta e risposta con il pubblico a partire dal titolo di libro e serata. \u201cCi siamo accorti \u2013 ha spiegato Angioni \u2013 che pur essendo esperti della materia, confrontandoci tra noi, scoprivamo ancora cose nuove sulla plastica e soprattutto che alcune considerazioni non erano scontate, a partire da cosa \u00e8 plastica e cosa non lo \u00e8\u201d.\u00a0 La serata ha fatto dunque riflettere sulle scelte quotidiane di ciascuno di noi e sulle ricadute sociali di quelle stesse scelte, scardinando piccole convinzioni. Non tutto ci\u00f2 che \u00e8 plastica va nella plastica e quando parliamo di gestione dei rifiuti dipende anche dal comune. \u201cIn Italia \u2013 ha spiegato &#8211; pi\u00f9 o meno un terzo della plastica viene riciclata, un terzo va nei termovalorizzatori e un terzo in discarica\u201d. La sala ha posto il tema delle bottiglie d\u2019acqua compostabili, fonte di non pochi malumori tra condomini. \u201cNon vanno nella plastica \u2013 ha chiarito Angioni &#8211; ma nell\u2019umido\u201d. Dal pubblico \u00e8 stato chiesto come mai, a seconda delle disposizioni del comune, oltre alla plastica pu\u00f2 andare nello stesso contenitore anche l\u2019alluminio. \u201cCi sono imprese di gestione dei rifiuti in grado di separare automaticamente i due materiali per densit\u00e0\u201d. Altri temi inanellati in quasi due ore di vivace intervento: il distinguo tra plastica riciclabile e riciclata, le nano plastiche nell\u2019ambiente, il packaging e le nuove norme sugli imballaggi. \u201cPer tornare all\u2019Italia, noi siamo piuttosto forti nel recupero e riciclaggio delle plastiche. Questo sicuramente ci rende, almeno in parte, virtuosi. Tuttavia, recentemente, ci siamo opposti alla nuova direttiva europea che mira ad eliminare gli imballaggi inutili e incentivava il riutilizzo. Lo scenario migliore sarebbe quello che ci porta a non generare proprio il rifiuto, cos\u00ec da non doverlo gestire rischiando la dispersione nell\u2019ambiente. Probabilmente questo potrebbe definirsi davvero virtuoso. Gli imballaggi hanno lo scopo di proteggere il prodotto nel trasporto dal produttore al consumatore, quindi, per definizione, sono degli oggetti che diventano immediatamente un rifiuto. D\u2019altro canto, anche i prodotti che acquistiamo hanno un impatto sull\u2019ambiente, quindi senza imballaggio molti di essi non arriverebbero nemmeno nelle nostre case perch\u00e9 danneggiati dal trasporto o, nel caso di alimenti, andati a male. Anche lo spreco ha un impatto, spesso, ben superiore a quello dell\u2019imballaggio correttamente gestito. La soluzione migliore \u2013 ha concluso Angioni &#8211; \u00e8 quella di evitare gli imballaggi inutili, limitandosi solo a quelli necessari per la corretta conservazione del prodotto\u201d.<\/p>\n<p>Il prossimo incontro del ciclo organizzato da Confagricoltura Piacenza e Agriturist \u00e8 in programma venerd\u00ec 14 giugno all\u2019Agriturismo La Rondanina (Castelnuovo Fogliani) dove Stefano Bertacchi svilupper\u00e0 il tema dei microrganismi.<\/p>\n<p>&nbsp;<\/p>\n<p>La registrazione dell\u2019intervento di Simone Angioni \u00e8 disponibile sul canale YouTube di Confagricoltura Piacenza al seguente Link:\u00a0 <a href=\"https:\/\/youtu.be\/WmIx3wCYjjQ\">https:\/\/youtu.be\/WmIx3wCYjjQ<\/a><\/p>\n<p>o sul canale WhatsApp: Piacenza Agricola News, raggiungibile inquadrando il Qr code.<\/p>\n<p>&nbsp;<\/p>\n","protected":false},"excerpt":{"rendered":"<p>A cena Con La Scienza: Simone Angioni a Cascina Pizzavacca<\/p>\n","protected":false},"author":6,"featured_media":4666,"comment_status":"closed","ping_status":"closed","sticky":false,"template":"","format":"standard","meta":{"wp_mapbox_gl_js_media":[],"footnotes":""},"categories":[21,4],"tags":[97],"class_list":["post-4665","post","type-post","status-publish","format-standard","has-post-thumbnail","hentry","category-eventi","category-news","tag-a-cena-con-la-scienza"],"yoast_head":"<!-- This site is optimized with the Yoast SEO plugin v26.8 - https:\/\/yoast.com\/product\/yoast-seo-wordpress\/ -->\n<title>Quello che sai sulla plastica \u00e8 sbagliato - Confagricoltura Piacenza<\/title>\n<meta name=\"robots\" content=\"index, follow, max-snippet:-1, max-image-preview:large, max-video-preview:-1\" \/>\n<link rel=\"canonical\" href=\"https:\/\/www.confagricoltura.org\/piacenza\/quello-che-sai-sulla-plastica-e-sbagliato\/\" \/>\n<meta property=\"og:locale\" content=\"it_IT\" \/>\n<meta property=\"og:type\" content=\"article\" \/>\n<meta property=\"og:title\" content=\"Quello che sai sulla plastica \u00e8 sbagliato - Confagricoltura Piacenza\" \/>\n<meta property=\"og:description\" content=\"A cena Con La Scienza: Simone Angioni a Cascina Pizzavacca\" \/>\n<meta property=\"og:url\" content=\"https:\/\/www.confagricoltura.org\/piacenza\/quello-che-sai-sulla-plastica-e-sbagliato\/\" \/>\n<meta property=\"og:site_name\" content=\"Confagricoltura Piacenza\" \/>\n<meta property=\"article:published_time\" content=\"2024-05-15T15:04:15+00:00\" \/>\n<meta property=\"og:image\" content=\"https:\/\/www.confagricoltura.org\/piacenza\/wp-content\/uploads\/sites\/11\/2024\/05\/Simone-Angioni-scaled.jpeg\" \/>\n\t<meta property=\"og:image:width\" content=\"2560\" \/>\n\t<meta property=\"og:image:height\" content=\"1920\" \/>\n\t<meta property=\"og:image:type\" content=\"image\/jpeg\" \/>\n<meta name=\"author\" content=\"confagricolturapiacenza\" \/>\n<meta name=\"twitter:card\" content=\"summary_large_image\" \/>\n<meta name=\"twitter:label1\" content=\"Scritto da\" \/>\n\t<meta name=\"twitter:data1\" content=\"confagricolturapiacenza\" \/>\n\t<meta name=\"twitter:label2\" content=\"Tempo di lettura stimato\" \/>\n\t<meta name=\"twitter:data2\" content=\"4 minuti\" \/>\n<script type=\"application\/ld+json\" class=\"yoast-schema-graph\">{\"@context\":\"https:\/\/schema.org\",\"@graph\":[{\"@type\":\"Article\",\"@id\":\"https:\/\/www.confagricoltura.org\/piacenza\/quello-che-sai-sulla-plastica-e-sbagliato\/#article\",\"isPartOf\":{\"@id\":\"https:\/\/www.confagricoltura.org\/piacenza\/quello-che-sai-sulla-plastica-e-sbagliato\/\"},\"author\":{\"name\":\"confagricolturapiacenza\",\"@id\":\"https:\/\/www.confagricoltura.org\/piacenza\/#\/schema\/person\/be5da25a3117fea4b3bfec9dba09b5e8\"},\"headline\":\"Quello che sai sulla plastica \u00e8 sbagliato\",\"datePublished\":\"2024-05-15T15:04:15+00:00\",\"mainEntityOfPage\":{\"@id\":\"https:\/\/www.confagricoltura.org\/piacenza\/quello-che-sai-sulla-plastica-e-sbagliato\/\"},\"wordCount\":727,\"image\":{\"@id\":\"https:\/\/www.confagricoltura.org\/piacenza\/quello-che-sai-sulla-plastica-e-sbagliato\/#primaryimage\"},\"thumbnailUrl\":\"https:\/\/www.confagricoltura.org\/piacenza\/wp-content\/uploads\/sites\/11\/2024\/05\/Simone-Angioni-scaled.jpeg\",\"keywords\":[\"A CENA CON LA SCIENZA\"],\"articleSection\":[\"Eventi\",\"News\"],\"inLanguage\":\"it-IT\"},{\"@type\":\"WebPage\",\"@id\":\"https:\/\/www.confagricoltura.org\/piacenza\/quello-che-sai-sulla-plastica-e-sbagliato\/\",\"url\":\"https:\/\/www.confagricoltura.org\/piacenza\/quello-che-sai-sulla-plastica-e-sbagliato\/\",\"name\":\"Quello che sai sulla plastica \u00e8 sbagliato - Confagricoltura Piacenza\",\"isPartOf\":{\"@id\":\"https:\/\/www.confagricoltura.org\/piacenza\/#website\"},\"primaryImageOfPage\":{\"@id\":\"https:\/\/www.confagricoltura.org\/piacenza\/quello-che-sai-sulla-plastica-e-sbagliato\/#primaryimage\"},\"image\":{\"@id\":\"https:\/\/www.confagricoltura.org\/piacenza\/quello-che-sai-sulla-plastica-e-sbagliato\/#primaryimage\"},\"thumbnailUrl\":\"https:\/\/www.confagricoltura.org\/piacenza\/wp-content\/uploads\/sites\/11\/2024\/05\/Simone-Angioni-scaled.jpeg\",\"datePublished\":\"2024-05-15T15:04:15+00:00\",\"author\":{\"@id\":\"https:\/\/www.confagricoltura.org\/piacenza\/#\/schema\/person\/be5da25a3117fea4b3bfec9dba09b5e8\"},\"breadcrumb\":{\"@id\":\"https:\/\/www.confagricoltura.org\/piacenza\/quello-che-sai-sulla-plastica-e-sbagliato\/#breadcrumb\"},\"inLanguage\":\"it-IT\",\"potentialAction\":[{\"@type\":\"ReadAction\",\"target\":[\"https:\/\/www.confagricoltura.org\/piacenza\/quello-che-sai-sulla-plastica-e-sbagliato\/\"]}]},{\"@type\":\"ImageObject\",\"inLanguage\":\"it-IT\",\"@id\":\"https:\/\/www.confagricoltura.org\/piacenza\/quello-che-sai-sulla-plastica-e-sbagliato\/#primaryimage\",\"url\":\"https:\/\/www.confagricoltura.org\/piacenza\/wp-content\/uploads\/sites\/11\/2024\/05\/Simone-Angioni-scaled.jpeg\",\"contentUrl\":\"https:\/\/www.confagricoltura.org\/piacenza\/wp-content\/uploads\/sites\/11\/2024\/05\/Simone-Angioni-scaled.jpeg\",\"width\":2560,\"height\":1920},{\"@type\":\"BreadcrumbList\",\"@id\":\"https:\/\/www.confagricoltura.org\/piacenza\/quello-che-sai-sulla-plastica-e-sbagliato\/#breadcrumb\",\"itemListElement\":[{\"@type\":\"ListItem\",\"position\":1,\"name\":\"Home\",\"item\":\"https:\/\/www.confagricoltura.org\/piacenza\/\"},{\"@type\":\"ListItem\",\"position\":2,\"name\":\"Quello che sai sulla plastica \u00e8 sbagliato\"}]},{\"@type\":\"WebSite\",\"@id\":\"https:\/\/www.confagricoltura.org\/piacenza\/#website\",\"url\":\"https:\/\/www.confagricoltura.org\/piacenza\/\",\"name\":\"Confagricoltura Piacenza\",\"description\":\"Dalla parte degli Agricoltori\",\"potentialAction\":[{\"@type\":\"SearchAction\",\"target\":{\"@type\":\"EntryPoint\",\"urlTemplate\":\"https:\/\/www.confagricoltura.org\/piacenza\/?s={search_term_string}\"},\"query-input\":{\"@type\":\"PropertyValueSpecification\",\"valueRequired\":true,\"valueName\":\"search_term_string\"}}],\"inLanguage\":\"it-IT\"},{\"@type\":\"Person\",\"@id\":\"https:\/\/www.confagricoltura.org\/piacenza\/#\/schema\/person\/be5da25a3117fea4b3bfec9dba09b5e8\",\"name\":\"confagricolturapiacenza\",\"image\":{\"@type\":\"ImageObject\",\"inLanguage\":\"it-IT\",\"@id\":\"https:\/\/www.confagricoltura.org\/piacenza\/#\/schema\/person\/image\/\",\"url\":\"https:\/\/secure.gravatar.com\/avatar\/9c5f111e417171581853bd0a3ff892ca?s=96&d=mm&r=g\",\"contentUrl\":\"https:\/\/secure.gravatar.com\/avatar\/9c5f111e417171581853bd0a3ff892ca?s=96&d=mm&r=g\",\"caption\":\"confagricolturapiacenza\"},\"url\":\"https:\/\/www.confagricoltura.org\/piacenza\/author\/confagricolturapiacenza\/\"}]}<\/script>\n<!-- \/ Yoast SEO plugin. -->","yoast_head_json":{"title":"Quello che sai sulla plastica \u00e8 sbagliato - Confagricoltura Piacenza","robots":{"index":"index","follow":"follow","max-snippet":"max-snippet:-1","max-image-preview":"max-image-preview:large","max-video-preview":"max-video-preview:-1"},"canonical":"https:\/\/www.confagricoltura.org\/piacenza\/quello-che-sai-sulla-plastica-e-sbagliato\/","og_locale":"it_IT","og_type":"article","og_title":"Quello che sai sulla plastica \u00e8 sbagliato - Confagricoltura Piacenza","og_description":"A cena Con La Scienza: Simone Angioni a Cascina Pizzavacca","og_url":"https:\/\/www.confagricoltura.org\/piacenza\/quello-che-sai-sulla-plastica-e-sbagliato\/","og_site_name":"Confagricoltura Piacenza","article_published_time":"2024-05-15T15:04:15+00:00","og_image":[{"width":2560,"height":1920,"url":"https:\/\/www.confagricoltura.org\/piacenza\/wp-content\/uploads\/sites\/11\/2024\/05\/Simone-Angioni-scaled.jpeg","type":"image\/jpeg"}],"author":"confagricolturapiacenza","twitter_card":"summary_large_image","twitter_misc":{"Scritto da":"confagricolturapiacenza","Tempo di lettura stimato":"4 minuti"},"schema":{"@context":"https:\/\/schema.org","@graph":[{"@type":"Article","@id":"https:\/\/www.confagricoltura.org\/piacenza\/quello-che-sai-sulla-plastica-e-sbagliato\/#article","isPartOf":{"@id":"https:\/\/www.confagricoltura.org\/piacenza\/quello-che-sai-sulla-plastica-e-sbagliato\/"},"author":{"name":"confagricolturapiacenza","@id":"https:\/\/www.confagricoltura.org\/piacenza\/#\/schema\/person\/be5da25a3117fea4b3bfec9dba09b5e8"},"headline":"Quello che sai sulla plastica \u00e8 sbagliato","datePublished":"2024-05-15T15:04:15+00:00","mainEntityOfPage":{"@id":"https:\/\/www.confagricoltura.org\/piacenza\/quello-che-sai-sulla-plastica-e-sbagliato\/"},"wordCount":727,"image":{"@id":"https:\/\/www.confagricoltura.org\/piacenza\/quello-che-sai-sulla-plastica-e-sbagliato\/#primaryimage"},"thumbnailUrl":"https:\/\/www.confagricoltura.org\/piacenza\/wp-content\/uploads\/sites\/11\/2024\/05\/Simone-Angioni-scaled.jpeg","keywords":["A CENA CON LA SCIENZA"],"articleSection":["Eventi","News"],"inLanguage":"it-IT"},{"@type":"WebPage","@id":"https:\/\/www.confagricoltura.org\/piacenza\/quello-che-sai-sulla-plastica-e-sbagliato\/","url":"https:\/\/www.confagricoltura.org\/piacenza\/quello-che-sai-sulla-plastica-e-sbagliato\/","name":"Quello che sai sulla plastica \u00e8 sbagliato - Confagricoltura Piacenza","isPartOf":{"@id":"https:\/\/www.confagricoltura.org\/piacenza\/#website"},"primaryImageOfPage":{"@id":"https:\/\/www.confagricoltura.org\/piacenza\/quello-che-sai-sulla-plastica-e-sbagliato\/#primaryimage"},"image":{"@id":"https:\/\/www.confagricoltura.org\/piacenza\/quello-che-sai-sulla-plastica-e-sbagliato\/#primaryimage"},"thumbnailUrl":"https:\/\/www.confagricoltura.org\/piacenza\/wp-content\/uploads\/sites\/11\/2024\/05\/Simone-Angioni-scaled.jpeg","datePublished":"2024-05-15T15:04:15+00:00","author":{"@id":"https:\/\/www.confagricoltura.org\/piacenza\/#\/schema\/person\/be5da25a3117fea4b3bfec9dba09b5e8"},"breadcrumb":{"@id":"https:\/\/www.confagricoltura.org\/piacenza\/quello-che-sai-sulla-plastica-e-sbagliato\/#breadcrumb"},"inLanguage":"it-IT","potentialAction":[{"@type":"ReadAction","target":["https:\/\/www.confagricoltura.org\/piacenza\/quello-che-sai-sulla-plastica-e-sbagliato\/"]}]},{"@type":"ImageObject","inLanguage":"it-IT","@id":"https:\/\/www.confagricoltura.org\/piacenza\/quello-che-sai-sulla-plastica-e-sbagliato\/#primaryimage","url":"https:\/\/www.confagricoltura.org\/piacenza\/wp-content\/uploads\/sites\/11\/2024\/05\/Simone-Angioni-scaled.jpeg","contentUrl":"https:\/\/www.confagricoltura.org\/piacenza\/wp-content\/uploads\/sites\/11\/2024\/05\/Simone-Angioni-scaled.jpeg","width":2560,"height":1920},{"@type":"BreadcrumbList","@id":"https:\/\/www.confagricoltura.org\/piacenza\/quello-che-sai-sulla-plastica-e-sbagliato\/#breadcrumb","itemListElement":[{"@type":"ListItem","position":1,"name":"Home","item":"https:\/\/www.confagricoltura.org\/piacenza\/"},{"@type":"ListItem","position":2,"name":"Quello che sai sulla plastica \u00e8 sbagliato"}]},{"@type":"WebSite","@id":"https:\/\/www.confagricoltura.org\/piacenza\/#website","url":"https:\/\/www.confagricoltura.org\/piacenza\/","name":"Confagricoltura Piacenza","description":"Dalla parte degli Agricoltori","potentialAction":[{"@type":"SearchAction","target":{"@type":"EntryPoint","urlTemplate":"https:\/\/www.confagricoltura.org\/piacenza\/?s={search_term_string}"},"query-input":{"@type":"PropertyValueSpecification","valueRequired":true,"valueName":"search_term_string"}}],"inLanguage":"it-IT"},{"@type":"Person","@id":"https:\/\/www.confagricoltura.org\/piacenza\/#\/schema\/person\/be5da25a3117fea4b3bfec9dba09b5e8","name":"confagricolturapiacenza","image":{"@type":"ImageObject","inLanguage":"it-IT","@id":"https:\/\/www.confagricoltura.org\/piacenza\/#\/schema\/person\/image\/","url":"https:\/\/secure.gravatar.com\/avatar\/9c5f111e417171581853bd0a3ff892ca?s=96&d=mm&r=g","contentUrl":"https:\/\/secure.gravatar.com\/avatar\/9c5f111e417171581853bd0a3ff892ca?s=96&d=mm&r=g","caption":"confagricolturapiacenza"},"url":"https:\/\/www.confagricoltura.org\/piacenza\/author\/confagricolturapiacenza\/"}]}},"_links":{"self":[{"href":"https:\/\/www.confagricoltura.org\/piacenza\/wp-json\/wp\/v2\/posts\/4665","targetHints":{"allow":["GET"]}}],"collection":[{"href":"https:\/\/www.confagricoltura.org\/piacenza\/wp-json\/wp\/v2\/posts"}],"about":[{"href":"https:\/\/www.confagricoltura.org\/piacenza\/wp-json\/wp\/v2\/types\/post"}],"author":[{"embeddable":true,"href":"https:\/\/www.confagricoltura.org\/piacenza\/wp-json\/wp\/v2\/users\/6"}],"replies":[{"embeddable":true,"href":"https:\/\/www.confagricoltura.org\/piacenza\/wp-json\/wp\/v2\/comments?post=4665"}],"version-history":[{"count":1,"href":"https:\/\/www.confagricoltura.org\/piacenza\/wp-json\/wp\/v2\/posts\/4665\/revisions"}],"predecessor-version":[{"id":4667,"href":"https:\/\/www.confagricoltura.org\/piacenza\/wp-json\/wp\/v2\/posts\/4665\/revisions\/4667"}],"wp:featuredmedia":[{"embeddable":true,"href":"https:\/\/www.confagricoltura.org\/piacenza\/wp-json\/wp\/v2\/media\/4666"}],"wp:attachment":[{"href":"https:\/\/www.confagricoltura.org\/piacenza\/wp-json\/wp\/v2\/media?parent=4665"}],"wp:term":[{"taxonomy":"category","embeddable":true,"href":"https:\/\/www.confagricoltura.org\/piacenza\/wp-json\/wp\/v2\/categories?post=4665"},{"taxonomy":"post_tag","embeddable":true,"href":"https:\/\/www.confagricoltura.org\/piacenza\/wp-json\/wp\/v2\/tags?post=4665"}],"curies":[{"name":"wp","href":"https:\/\/api.w.org\/{rel}","templated":true}]}}