{"id":4656,"date":"2024-05-06T16:34:00","date_gmt":"2024-05-06T14:34:00","guid":{"rendered":"https:\/\/www.confagricoltura.org\/piacenza\/?p=4656"},"modified":"2024-05-15T16:42:22","modified_gmt":"2024-05-15T14:42:22","slug":"contributo-in-conto-capitale-per-le-imprese-che-acquistano-colonnine-di-ricarica-elettrica","status":"publish","type":"post","link":"https:\/\/www.confagricoltura.org\/piacenza\/contributo-in-conto-capitale-per-le-imprese-che-acquistano-colonnine-di-ricarica-elettrica\/","title":{"rendered":"Contributo in conto capitale per le imprese che acquistano colonnine di ricarica elettrica"},"content":{"rendered":"<p>Confagricoltura Piacenza ricorda che, come comunicato nel sito del Ministero dell\u2019ambiente e della sicurezza energetica (<a href=\"https:\/\/www.mase.gov.it\/node\/17179\">https:\/\/www.mase.gov.it\/node\/17179<\/a>), che dal 15 marzo ha riaperto lo sportello \u201cbonus colonnine per imprese e professionisti\u201d, che sostiene l\u2019acquisto e l\u2019installazione di infrastrutture di ricarica di veicoli elettrici. Dopo la prima apertura dello sportello (data di chiusura sportello 20 novembre 2023), sono ancora disponibili pi\u00f9 di 70 milioni di euro.<\/p>\n<p>Il Ministero dell\u2019Ambiente ha definito le modalit\u00e0 di accesso a tale incentivo tramite il Decreto direttoriale del 7 marzo 2024, stabilendo le modalit\u00e0 e le date di avvio della piattaforma gestita da Invitalia, attraverso la quale sar\u00e0 possibile richiedere il contributo pubblico. Il Bonus Colonnine per imprese e professionisti sostiene l\u2019acquisto e l\u2019installazione di infrastrutture di ricarica di veicoli elettrici da parte di imprese e professionisti, per un importo pari al 40% delle spese ammissibili.<\/p>\n<p>Le spese ammissibili comprendono l\u2019acquisto e l\u2019installazione delle infrastrutture di ricarica, nonch\u00e9 le spese connesse quali quelle per l\u2019installazione delle colonnine, gli impianti elettrici, le opere edili necessarie, gli impianti di monitoraggio e altre correlate come la connessione alla rete elettrica e le spese di progettazione e sicurezza.<\/p>\n<p>La presentazione delle domande di accesso al bonus avviene attraverso due modalit\u00e0 distinte, a seconda del valore complessivo degli investimenti: gli interventi previsti da Imprese con investimenti inferiori a \u20ac375.000 riceveranno l\u201980% delle risorse disponibili; gli interventi previsti da professionisti beneficeranno del 10% delle risorse finanziarie, contribuendo alla diffusione delle infrastrutture di ricarica elettrica anche tra gli operatori individuali. Per queste due tipologie la domanda pu\u00f2 essere compilata e inviata online sul sito di Invitalia, gestore della misura, dal 15 marzo 2024; \u2022gli interventi previsti da imprese con investimenti pari o superiori a \u20ac375.000 avranno accesso al restante 10% delle risorse totali, promuovendo l\u2019implementazione di soluzioni di ricarica su larga scala. Per questi, la domanda deve essere inviata esclusivamente tramite posta elettronica certificata (PEC) all\u2019indirizzo <a href=\"mailto:CRE1@postacert.invitalia.it\">CRE1@postacert.invitalia.it<\/a>, sempre a partire dalle ore 12.00 del 15 marzo 2024. La chiusura dei termini di presentazione delle domande \u00e8, in tutti i casi, fissata alle 17.00 del 20 giugno 2024.<\/p>\n","protected":false},"excerpt":{"rendered":"<p>Confagricoltura Piacenza: riaperto il bando fino al 20 giugno<\/p>\n","protected":false},"author":6,"featured_media":4657,"comment_status":"closed","ping_status":"closed","sticky":false,"template":"","format":"standard","meta":{"wp_mapbox_gl_js_media":[],"footnotes":""},"categories":[21,4,9],"tags":[578],"class_list":["post-4656","post","type-post","status-publish","format-standard","has-post-thumbnail","hentry","category-eventi","category-news","category-territorio-ambiente","tag-colonnine-elettriche"],"yoast_head":"<!-- This site is optimized with the Yoast SEO plugin v26.8 - https:\/\/yoast.com\/product\/yoast-seo-wordpress\/ -->\n<title>Contributo in conto capitale per le imprese che acquistano colonnine di ricarica elettrica - Confagricoltura Piacenza<\/title>\n<meta name=\"robots\" content=\"index, follow, max-snippet:-1, max-image-preview:large, max-video-preview:-1\" \/>\n<link rel=\"canonical\" href=\"https:\/\/www.confagricoltura.org\/piacenza\/contributo-in-conto-capitale-per-le-imprese-che-acquistano-colonnine-di-ricarica-elettrica\/\" \/>\n<meta property=\"og:locale\" content=\"it_IT\" \/>\n<meta property=\"og:type\" content=\"article\" \/>\n<meta property=\"og:title\" content=\"Contributo in conto capitale per le imprese che acquistano colonnine di ricarica elettrica - Confagricoltura Piacenza\" \/>\n<meta property=\"og:description\" content=\"Confagricoltura Piacenza: riaperto il bando fino al 20 giugno\" \/>\n<meta property=\"og:url\" content=\"https:\/\/www.confagricoltura.org\/piacenza\/contributo-in-conto-capitale-per-le-imprese-che-acquistano-colonnine-di-ricarica-elettrica\/\" \/>\n<meta property=\"og:site_name\" content=\"Confagricoltura Piacenza\" \/>\n<meta property=\"article:published_time\" content=\"2024-05-06T14:34:00+00:00\" \/>\n<meta property=\"article:modified_time\" content=\"2024-05-15T14:42:22+00:00\" \/>\n<meta property=\"og:image\" content=\"https:\/\/www.confagricoltura.org\/piacenza\/wp-content\/uploads\/sites\/11\/2024\/05\/COLONNINE-ELETTRICHE-e1715784111824.jpg\" \/>\n\t<meta property=\"og:image:width\" content=\"150\" \/>\n\t<meta property=\"og:image:height\" content=\"138\" \/>\n\t<meta property=\"og:image:type\" content=\"image\/jpeg\" \/>\n<meta name=\"author\" content=\"confagricolturapiacenza\" \/>\n<meta name=\"twitter:card\" content=\"summary_large_image\" \/>\n<meta name=\"twitter:label1\" content=\"Scritto da\" \/>\n\t<meta name=\"twitter:data1\" content=\"confagricolturapiacenza\" \/>\n\t<meta name=\"twitter:label2\" content=\"Tempo di lettura stimato\" \/>\n\t<meta name=\"twitter:data2\" content=\"3 minuti\" \/>\n<script type=\"application\/ld+json\" class=\"yoast-schema-graph\">{\"@context\":\"https:\/\/schema.org\",\"@graph\":[{\"@type\":\"Article\",\"@id\":\"https:\/\/www.confagricoltura.org\/piacenza\/contributo-in-conto-capitale-per-le-imprese-che-acquistano-colonnine-di-ricarica-elettrica\/#article\",\"isPartOf\":{\"@id\":\"https:\/\/www.confagricoltura.org\/piacenza\/contributo-in-conto-capitale-per-le-imprese-che-acquistano-colonnine-di-ricarica-elettrica\/\"},\"author\":{\"name\":\"confagricolturapiacenza\",\"@id\":\"https:\/\/www.confagricoltura.org\/piacenza\/#\/schema\/person\/be5da25a3117fea4b3bfec9dba09b5e8\"},\"headline\":\"Contributo in conto capitale per le imprese che acquistano colonnine di ricarica elettrica\",\"datePublished\":\"2024-05-06T14:34:00+00:00\",\"dateModified\":\"2024-05-15T14:42:22+00:00\",\"mainEntityOfPage\":{\"@id\":\"https:\/\/www.confagricoltura.org\/piacenza\/contributo-in-conto-capitale-per-le-imprese-che-acquistano-colonnine-di-ricarica-elettrica\/\"},\"wordCount\":355,\"image\":{\"@id\":\"https:\/\/www.confagricoltura.org\/piacenza\/contributo-in-conto-capitale-per-le-imprese-che-acquistano-colonnine-di-ricarica-elettrica\/#primaryimage\"},\"thumbnailUrl\":\"https:\/\/www.confagricoltura.org\/piacenza\/wp-content\/uploads\/sites\/11\/2024\/05\/COLONNINE-ELETTRICHE-e1715784111824.jpg\",\"keywords\":[\"COLONNINE ELETTRICHE\"],\"articleSection\":[\"Eventi\",\"News\",\"Territorio e Ambiente\"],\"inLanguage\":\"it-IT\"},{\"@type\":\"WebPage\",\"@id\":\"https:\/\/www.confagricoltura.org\/piacenza\/contributo-in-conto-capitale-per-le-imprese-che-acquistano-colonnine-di-ricarica-elettrica\/\",\"url\":\"https:\/\/www.confagricoltura.org\/piacenza\/contributo-in-conto-capitale-per-le-imprese-che-acquistano-colonnine-di-ricarica-elettrica\/\",\"name\":\"Contributo in conto capitale per le imprese che acquistano colonnine di ricarica elettrica - Confagricoltura Piacenza\",\"isPartOf\":{\"@id\":\"https:\/\/www.confagricoltura.org\/piacenza\/#website\"},\"primaryImageOfPage\":{\"@id\":\"https:\/\/www.confagricoltura.org\/piacenza\/contributo-in-conto-capitale-per-le-imprese-che-acquistano-colonnine-di-ricarica-elettrica\/#primaryimage\"},\"image\":{\"@id\":\"https:\/\/www.confagricoltura.org\/piacenza\/contributo-in-conto-capitale-per-le-imprese-che-acquistano-colonnine-di-ricarica-elettrica\/#primaryimage\"},\"thumbnailUrl\":\"https:\/\/www.confagricoltura.org\/piacenza\/wp-content\/uploads\/sites\/11\/2024\/05\/COLONNINE-ELETTRICHE-e1715784111824.jpg\",\"datePublished\":\"2024-05-06T14:34:00+00:00\",\"dateModified\":\"2024-05-15T14:42:22+00:00\",\"author\":{\"@id\":\"https:\/\/www.confagricoltura.org\/piacenza\/#\/schema\/person\/be5da25a3117fea4b3bfec9dba09b5e8\"},\"breadcrumb\":{\"@id\":\"https:\/\/www.confagricoltura.org\/piacenza\/contributo-in-conto-capitale-per-le-imprese-che-acquistano-colonnine-di-ricarica-elettrica\/#breadcrumb\"},\"inLanguage\":\"it-IT\",\"potentialAction\":[{\"@type\":\"ReadAction\",\"target\":[\"https:\/\/www.confagricoltura.org\/piacenza\/contributo-in-conto-capitale-per-le-imprese-che-acquistano-colonnine-di-ricarica-elettrica\/\"]}]},{\"@type\":\"ImageObject\",\"inLanguage\":\"it-IT\",\"@id\":\"https:\/\/www.confagricoltura.org\/piacenza\/contributo-in-conto-capitale-per-le-imprese-che-acquistano-colonnine-di-ricarica-elettrica\/#primaryimage\",\"url\":\"https:\/\/www.confagricoltura.org\/piacenza\/wp-content\/uploads\/sites\/11\/2024\/05\/COLONNINE-ELETTRICHE-e1715784111824.jpg\",\"contentUrl\":\"https:\/\/www.confagricoltura.org\/piacenza\/wp-content\/uploads\/sites\/11\/2024\/05\/COLONNINE-ELETTRICHE-e1715784111824.jpg\",\"width\":150,\"height\":138},{\"@type\":\"BreadcrumbList\",\"@id\":\"https:\/\/www.confagricoltura.org\/piacenza\/contributo-in-conto-capitale-per-le-imprese-che-acquistano-colonnine-di-ricarica-elettrica\/#breadcrumb\",\"itemListElement\":[{\"@type\":\"ListItem\",\"position\":1,\"name\":\"Home\",\"item\":\"https:\/\/www.confagricoltura.org\/piacenza\/\"},{\"@type\":\"ListItem\",\"position\":2,\"name\":\"Contributo in conto capitale per le imprese che acquistano colonnine di ricarica elettrica\"}]},{\"@type\":\"WebSite\",\"@id\":\"https:\/\/www.confagricoltura.org\/piacenza\/#website\",\"url\":\"https:\/\/www.confagricoltura.org\/piacenza\/\",\"name\":\"Confagricoltura Piacenza\",\"description\":\"Dalla parte degli Agricoltori\",\"potentialAction\":[{\"@type\":\"SearchAction\",\"target\":{\"@type\":\"EntryPoint\",\"urlTemplate\":\"https:\/\/www.confagricoltura.org\/piacenza\/?s={search_term_string}\"},\"query-input\":{\"@type\":\"PropertyValueSpecification\",\"valueRequired\":true,\"valueName\":\"search_term_string\"}}],\"inLanguage\":\"it-IT\"},{\"@type\":\"Person\",\"@id\":\"https:\/\/www.confagricoltura.org\/piacenza\/#\/schema\/person\/be5da25a3117fea4b3bfec9dba09b5e8\",\"name\":\"confagricolturapiacenza\",\"image\":{\"@type\":\"ImageObject\",\"inLanguage\":\"it-IT\",\"@id\":\"https:\/\/www.confagricoltura.org\/piacenza\/#\/schema\/person\/image\/\",\"url\":\"https:\/\/secure.gravatar.com\/avatar\/9c5f111e417171581853bd0a3ff892ca?s=96&d=mm&r=g\",\"contentUrl\":\"https:\/\/secure.gravatar.com\/avatar\/9c5f111e417171581853bd0a3ff892ca?s=96&d=mm&r=g\",\"caption\":\"confagricolturapiacenza\"},\"url\":\"https:\/\/www.confagricoltura.org\/piacenza\/author\/confagricolturapiacenza\/\"}]}<\/script>\n<!-- \/ Yoast SEO plugin. -->","yoast_head_json":{"title":"Contributo in conto capitale per le imprese che acquistano colonnine di ricarica elettrica - Confagricoltura Piacenza","robots":{"index":"index","follow":"follow","max-snippet":"max-snippet:-1","max-image-preview":"max-image-preview:large","max-video-preview":"max-video-preview:-1"},"canonical":"https:\/\/www.confagricoltura.org\/piacenza\/contributo-in-conto-capitale-per-le-imprese-che-acquistano-colonnine-di-ricarica-elettrica\/","og_locale":"it_IT","og_type":"article","og_title":"Contributo in conto capitale per le imprese che acquistano colonnine di ricarica elettrica - Confagricoltura Piacenza","og_description":"Confagricoltura Piacenza: riaperto il bando fino al 20 giugno","og_url":"https:\/\/www.confagricoltura.org\/piacenza\/contributo-in-conto-capitale-per-le-imprese-che-acquistano-colonnine-di-ricarica-elettrica\/","og_site_name":"Confagricoltura Piacenza","article_published_time":"2024-05-06T14:34:00+00:00","article_modified_time":"2024-05-15T14:42:22+00:00","og_image":[{"width":150,"height":138,"url":"https:\/\/www.confagricoltura.org\/piacenza\/wp-content\/uploads\/sites\/11\/2024\/05\/COLONNINE-ELETTRICHE-e1715784111824.jpg","type":"image\/jpeg"}],"author":"confagricolturapiacenza","twitter_card":"summary_large_image","twitter_misc":{"Scritto da":"confagricolturapiacenza","Tempo di lettura stimato":"3 minuti"},"schema":{"@context":"https:\/\/schema.org","@graph":[{"@type":"Article","@id":"https:\/\/www.confagricoltura.org\/piacenza\/contributo-in-conto-capitale-per-le-imprese-che-acquistano-colonnine-di-ricarica-elettrica\/#article","isPartOf":{"@id":"https:\/\/www.confagricoltura.org\/piacenza\/contributo-in-conto-capitale-per-le-imprese-che-acquistano-colonnine-di-ricarica-elettrica\/"},"author":{"name":"confagricolturapiacenza","@id":"https:\/\/www.confagricoltura.org\/piacenza\/#\/schema\/person\/be5da25a3117fea4b3bfec9dba09b5e8"},"headline":"Contributo in conto capitale per le imprese che acquistano colonnine di ricarica elettrica","datePublished":"2024-05-06T14:34:00+00:00","dateModified":"2024-05-15T14:42:22+00:00","mainEntityOfPage":{"@id":"https:\/\/www.confagricoltura.org\/piacenza\/contributo-in-conto-capitale-per-le-imprese-che-acquistano-colonnine-di-ricarica-elettrica\/"},"wordCount":355,"image":{"@id":"https:\/\/www.confagricoltura.org\/piacenza\/contributo-in-conto-capitale-per-le-imprese-che-acquistano-colonnine-di-ricarica-elettrica\/#primaryimage"},"thumbnailUrl":"https:\/\/www.confagricoltura.org\/piacenza\/wp-content\/uploads\/sites\/11\/2024\/05\/COLONNINE-ELETTRICHE-e1715784111824.jpg","keywords":["COLONNINE ELETTRICHE"],"articleSection":["Eventi","News","Territorio e Ambiente"],"inLanguage":"it-IT"},{"@type":"WebPage","@id":"https:\/\/www.confagricoltura.org\/piacenza\/contributo-in-conto-capitale-per-le-imprese-che-acquistano-colonnine-di-ricarica-elettrica\/","url":"https:\/\/www.confagricoltura.org\/piacenza\/contributo-in-conto-capitale-per-le-imprese-che-acquistano-colonnine-di-ricarica-elettrica\/","name":"Contributo in conto capitale per le imprese che acquistano colonnine di ricarica elettrica - Confagricoltura Piacenza","isPartOf":{"@id":"https:\/\/www.confagricoltura.org\/piacenza\/#website"},"primaryImageOfPage":{"@id":"https:\/\/www.confagricoltura.org\/piacenza\/contributo-in-conto-capitale-per-le-imprese-che-acquistano-colonnine-di-ricarica-elettrica\/#primaryimage"},"image":{"@id":"https:\/\/www.confagricoltura.org\/piacenza\/contributo-in-conto-capitale-per-le-imprese-che-acquistano-colonnine-di-ricarica-elettrica\/#primaryimage"},"thumbnailUrl":"https:\/\/www.confagricoltura.org\/piacenza\/wp-content\/uploads\/sites\/11\/2024\/05\/COLONNINE-ELETTRICHE-e1715784111824.jpg","datePublished":"2024-05-06T14:34:00+00:00","dateModified":"2024-05-15T14:42:22+00:00","author":{"@id":"https:\/\/www.confagricoltura.org\/piacenza\/#\/schema\/person\/be5da25a3117fea4b3bfec9dba09b5e8"},"breadcrumb":{"@id":"https:\/\/www.confagricoltura.org\/piacenza\/contributo-in-conto-capitale-per-le-imprese-che-acquistano-colonnine-di-ricarica-elettrica\/#breadcrumb"},"inLanguage":"it-IT","potentialAction":[{"@type":"ReadAction","target":["https:\/\/www.confagricoltura.org\/piacenza\/contributo-in-conto-capitale-per-le-imprese-che-acquistano-colonnine-di-ricarica-elettrica\/"]}]},{"@type":"ImageObject","inLanguage":"it-IT","@id":"https:\/\/www.confagricoltura.org\/piacenza\/contributo-in-conto-capitale-per-le-imprese-che-acquistano-colonnine-di-ricarica-elettrica\/#primaryimage","url":"https:\/\/www.confagricoltura.org\/piacenza\/wp-content\/uploads\/sites\/11\/2024\/05\/COLONNINE-ELETTRICHE-e1715784111824.jpg","contentUrl":"https:\/\/www.confagricoltura.org\/piacenza\/wp-content\/uploads\/sites\/11\/2024\/05\/COLONNINE-ELETTRICHE-e1715784111824.jpg","width":150,"height":138},{"@type":"BreadcrumbList","@id":"https:\/\/www.confagricoltura.org\/piacenza\/contributo-in-conto-capitale-per-le-imprese-che-acquistano-colonnine-di-ricarica-elettrica\/#breadcrumb","itemListElement":[{"@type":"ListItem","position":1,"name":"Home","item":"https:\/\/www.confagricoltura.org\/piacenza\/"},{"@type":"ListItem","position":2,"name":"Contributo in conto capitale per le imprese che acquistano colonnine di ricarica elettrica"}]},{"@type":"WebSite","@id":"https:\/\/www.confagricoltura.org\/piacenza\/#website","url":"https:\/\/www.confagricoltura.org\/piacenza\/","name":"Confagricoltura Piacenza","description":"Dalla parte degli Agricoltori","potentialAction":[{"@type":"SearchAction","target":{"@type":"EntryPoint","urlTemplate":"https:\/\/www.confagricoltura.org\/piacenza\/?s={search_term_string}"},"query-input":{"@type":"PropertyValueSpecification","valueRequired":true,"valueName":"search_term_string"}}],"inLanguage":"it-IT"},{"@type":"Person","@id":"https:\/\/www.confagricoltura.org\/piacenza\/#\/schema\/person\/be5da25a3117fea4b3bfec9dba09b5e8","name":"confagricolturapiacenza","image":{"@type":"ImageObject","inLanguage":"it-IT","@id":"https:\/\/www.confagricoltura.org\/piacenza\/#\/schema\/person\/image\/","url":"https:\/\/secure.gravatar.com\/avatar\/9c5f111e417171581853bd0a3ff892ca?s=96&d=mm&r=g","contentUrl":"https:\/\/secure.gravatar.com\/avatar\/9c5f111e417171581853bd0a3ff892ca?s=96&d=mm&r=g","caption":"confagricolturapiacenza"},"url":"https:\/\/www.confagricoltura.org\/piacenza\/author\/confagricolturapiacenza\/"}]}},"_links":{"self":[{"href":"https:\/\/www.confagricoltura.org\/piacenza\/wp-json\/wp\/v2\/posts\/4656","targetHints":{"allow":["GET"]}}],"collection":[{"href":"https:\/\/www.confagricoltura.org\/piacenza\/wp-json\/wp\/v2\/posts"}],"about":[{"href":"https:\/\/www.confagricoltura.org\/piacenza\/wp-json\/wp\/v2\/types\/post"}],"author":[{"embeddable":true,"href":"https:\/\/www.confagricoltura.org\/piacenza\/wp-json\/wp\/v2\/users\/6"}],"replies":[{"embeddable":true,"href":"https:\/\/www.confagricoltura.org\/piacenza\/wp-json\/wp\/v2\/comments?post=4656"}],"version-history":[{"count":1,"href":"https:\/\/www.confagricoltura.org\/piacenza\/wp-json\/wp\/v2\/posts\/4656\/revisions"}],"predecessor-version":[{"id":4658,"href":"https:\/\/www.confagricoltura.org\/piacenza\/wp-json\/wp\/v2\/posts\/4656\/revisions\/4658"}],"wp:featuredmedia":[{"embeddable":true,"href":"https:\/\/www.confagricoltura.org\/piacenza\/wp-json\/wp\/v2\/media\/4657"}],"wp:attachment":[{"href":"https:\/\/www.confagricoltura.org\/piacenza\/wp-json\/wp\/v2\/media?parent=4656"}],"wp:term":[{"taxonomy":"category","embeddable":true,"href":"https:\/\/www.confagricoltura.org\/piacenza\/wp-json\/wp\/v2\/categories?post=4656"},{"taxonomy":"post_tag","embeddable":true,"href":"https:\/\/www.confagricoltura.org\/piacenza\/wp-json\/wp\/v2\/tags?post=4656"}],"curies":[{"name":"wp","href":"https:\/\/api.w.org\/{rel}","templated":true}]}}