{"id":4638,"date":"2024-04-22T15:26:51","date_gmt":"2024-04-22T13:26:51","guid":{"rendered":"https:\/\/www.confagricoltura.org\/piacenza\/?p=4638"},"modified":"2024-04-23T15:29:11","modified_gmt":"2024-04-23T13:29:11","slug":"paolo-manfredi-membro-dellaccademia-nazionale-di-agricoltura","status":"publish","type":"post","link":"https:\/\/www.confagricoltura.org\/piacenza\/paolo-manfredi-membro-dellaccademia-nazionale-di-agricoltura\/","title":{"rendered":"Paolo Manfredi membro dell\u2019Accademia Nazionale di Agricoltura"},"content":{"rendered":"<p>Imprenditore specializzato nella rigenerazione dei suoli, innovativo al punto da essere anche visionario, appassionato conoscitore del passato e della storia, imprenditore agricolo e stimato biologo con diversi brevetti al suo attivo, Paolo Manfredi, alcuni giorni fa, \u00e8 stato nominato Accademico dell\u2019Accademia Nazionale di Agricoltura di Bologna. Il conferimento della medaglia e del diploma \u00e8 avvenuto nella sala Stabat Mater del Palazzo dell\u2019Archiginnasio di Bologna in occasione dell\u2019inaugurazione del 217\u00b0 Anno Accademico direttamente dal Presidente dell\u2019Accademia, Professore Giorgio Cantelli Forti. A darne orgogliosamente notizia \u00e8 Confagricoltura Piacenza, a cui Manfredi \u00e8 associato con la societ\u00e0 agricola Fertilia situata a Gariga di Podenzano. \u201c\u00c8 un passo molto importante \u2013 ha commentato Paolo Manfredi &#8211; poich\u00e9 questa nomina qualifica e certifica decenni di studio e di lavoro, ristorando i sacrifici intrapresi in molti anni, dando quindi ancora pi\u00f9 valore e forza a futuri impegni\u201d. Paolo Manfredi opera nel settore dell\u2019ecologia industriale ed agraria occupandosi principalmente dello studio dei processi industriali e del recupero di numerose tipologie di scarti e rifiuti di varie attivit\u00e0 produttive. In seguito alle esperienze maturate, nel 1997 ha fondato m.c.m. Ecosistemi s.r.l. di cui \u00e8 tutt\u2019oggi amministratore unico e direttore generale.\u00a0 La societ\u00e0 \u00e8 dotata di un proprio laboratorio di analisi chimiche, fisiche e microbiologiche. Inizialmente dedicato agli scopi interni dell\u2019azienda per i controlli delle diverse matrici d\u2019interesse (acqua, reflui, rifiuti, terre e fertilizzanti), il laboratorio, dopo pochi anni, \u00e8 stato accreditato per il servizio di analisi e consulenza di cui si avvalgono numerose attivit\u00e0 pubbliche e private. Collaboratore al Ministero dell\u2019Ambiente per l\u2019emergenza ambientale nella Regione Calabria e successivamente consulente per il Ministero dell\u2019Ambiente negli anni 2002\/2003, Manfredi si \u00e8 occupato su pi\u00f9 fronti di importanti interventi di bonifica dei suoli contaminati. Attraverso l\u2019applicazione di metodi di tipo biologico e chimico ha ampliato le tecnologie combinando a questi trattamenti lavorazioni di tipo meccanico e strutturale. Tra i numerosi progetti, merita menzione l\u2019opera di ripristino della superficie desertificata di Borgotrebbia (Pc) dove negli anni \u201970 era stata realizzata una discarica. L\u2019intervento, oggetto di un progetto Life finanziato dall\u2019UE, ha consentito, differentemente da precedenti tentativi, il ripristino agro-forestale dell\u2019area: sono stati prodotti terreni fertili sui quali \u00e8 poi stata realizzata una rinaturalizzazione. Oggi sono presenti circa 3500 alberi e arbusti piantumati sul suolo prodotto nell\u2019ambito dell\u2019intervento.\u00a0 Da questa realizzazione sono sorte prestigiose iniziative sia sul piano scientifico sia nella realizzazione di importanti interventi di valorizzazione e ripristino dei suoli agricoli. Da sempre interessato alla realizzazione di una realt\u00e0 aziendale stabile volta allo sviluppo delle proprie competenze al servizio dell\u2019agricoltura, Manfredi ha acquisto nel 2022, mediante asta pubblica, l\u2019Azienda Agraria Sperimentale Vittorio Tadini, dedicandola interamente allo sviluppo delle pedotecnologie, con la contemporanea conduzione del fondo agricolo mediante la nuova societ\u00e0, da lui fondata, denominata Fertilia societ\u00e0 agricola di cui \u00e8 proprietario e presidente del Consiglio di Amministrazione. Il fondo, di 44 ha di superfice, \u00e8 provvisto di locali e di una stazione metereologica fissa, oggi in ristrutturazione. Sull\u2019area vengono sviluppati nuovi metodi di trattamento dei suoli indirizzati a diverse tipologie d\u2019intervento; attualmente la superficie sta per essere ampliata per un\u2019ulteriore decina di ettari in quanto, l\u2019obiettivo, risulta quello di riportare il fondo all\u2019originaria conformazione del 1928, anno in cui, il benefattore Conte Vittorio Tadini, con un lascito, don\u00f2 le sue propriet\u00e0.<\/p>\n<p>\u201cCi congratuliamo con il nostro Associato \u2013 dichiarano Filippo Gasparini e Marco Casagrande, presidente e direttore di Confagricoltura Piacenza &#8211; il titolo di Accademico \u00e8 un riconoscimento qualificante per i suoi lavori scientifici svolti nell\u2019ambito della ricerca, per i risultati ottenuti in anni di studi nel campo delle scienze del suolo, nella lotta al degrado e alla desertificazione dei terreni. Sono diverse le ragioni che ci rendono particolarmente orgogliosi di poter annoverare il dottor Manfredi tra i nostri associati. Con la sua attivit\u00e0 di ricerca e d\u2019impresa opera in un settore strategico per l\u2019agricoltura. La rigenerazione dei suoli e il ripristino della fertilit\u00e0 sono infatti fondamentali per garantire un\u2019agricoltura moderna e performante e insieme recuperare terreni compromessi, spesso da altri tipi di attivit\u00e0. Un valore aggiunto enorme anche in considerazione del fatto che il suolo fertile \u00e8 sempre pi\u00f9 un bene scarso. C\u2019\u00e8 poi tutto il prezioso filone di studi che consente di rigenerare gli scarti di alcune lavorazioni e trasformarli in nutrienti. Non ultimo, con la sua impresa agricola Manfredi ha acquisito i terreni che un tempo erano dell\u2019azienda sperimentale Vittorio Tadini. Il lascito che il conte Tadini aveva destinato proprio alla sperimentazione e all\u2019innovazione in agricoltura. Idealmente \u00e8 come se, mutati i tempi e i metodi, restasse costante la cifra di questa preziosa attivit\u00e0. Un\u2019attivit\u00e0 di ricerca, sperimentazione e divulgazione in campo agricolo che ha fatto parte di quella serie unica di ingredienti che nel secolo scorso ha reso la nostra agricoltura fiorente e fiore all\u2019occhiello a livello planetario. Un primato di cui ancora oggi beneficiamo esprimendo competenze, expertise e imprese all\u2019avanguardia nel settore\u201d.<\/p>\n<p>&nbsp;<\/p>\n","protected":false},"excerpt":{"rendered":"<p>Plauso e congratulazioni di Confagricoltura Piacenza al suo illustre associato<\/p>\n","protected":false},"author":6,"featured_media":4640,"comment_status":"closed","ping_status":"closed","sticky":false,"template":"","format":"standard","meta":{"wp_mapbox_gl_js_media":[],"footnotes":""},"categories":[21,4],"tags":[577],"class_list":["post-4638","post","type-post","status-publish","format-standard","has-post-thumbnail","hentry","category-eventi","category-news","tag-paolo-manfredi"],"yoast_head":"<!-- This site is optimized with the Yoast SEO plugin v26.8 - https:\/\/yoast.com\/product\/yoast-seo-wordpress\/ -->\n<title>Paolo Manfredi membro dell\u2019Accademia Nazionale di Agricoltura - Confagricoltura Piacenza<\/title>\n<meta name=\"robots\" content=\"index, follow, max-snippet:-1, max-image-preview:large, max-video-preview:-1\" \/>\n<link rel=\"canonical\" href=\"https:\/\/www.confagricoltura.org\/piacenza\/paolo-manfredi-membro-dellaccademia-nazionale-di-agricoltura\/\" \/>\n<meta property=\"og:locale\" content=\"it_IT\" \/>\n<meta property=\"og:type\" content=\"article\" \/>\n<meta property=\"og:title\" content=\"Paolo Manfredi membro dell\u2019Accademia Nazionale di Agricoltura - Confagricoltura Piacenza\" \/>\n<meta property=\"og:description\" content=\"Plauso e congratulazioni di Confagricoltura Piacenza al suo illustre associato\" \/>\n<meta property=\"og:url\" content=\"https:\/\/www.confagricoltura.org\/piacenza\/paolo-manfredi-membro-dellaccademia-nazionale-di-agricoltura\/\" \/>\n<meta property=\"og:site_name\" content=\"Confagricoltura Piacenza\" \/>\n<meta property=\"article:published_time\" content=\"2024-04-22T13:26:51+00:00\" \/>\n<meta property=\"article:modified_time\" content=\"2024-04-23T13:29:11+00:00\" \/>\n<meta property=\"og:image\" content=\"https:\/\/www.confagricoltura.org\/piacenza\/wp-content\/uploads\/sites\/11\/2024\/04\/Paolo-Manfredi-e-Giorgio-Cantelli-Forti-1.jpeg\" \/>\n\t<meta property=\"og:image:width\" content=\"2400\" \/>\n\t<meta property=\"og:image:height\" content=\"1600\" \/>\n\t<meta property=\"og:image:type\" content=\"image\/jpeg\" \/>\n<meta name=\"author\" content=\"confagricolturapiacenza\" \/>\n<meta name=\"twitter:card\" content=\"summary_large_image\" \/>\n<meta name=\"twitter:label1\" content=\"Scritto da\" \/>\n\t<meta name=\"twitter:data1\" content=\"confagricolturapiacenza\" \/>\n\t<meta name=\"twitter:label2\" content=\"Tempo di lettura stimato\" \/>\n\t<meta name=\"twitter:data2\" content=\"5 minuti\" \/>\n<script type=\"application\/ld+json\" class=\"yoast-schema-graph\">{\"@context\":\"https:\/\/schema.org\",\"@graph\":[{\"@type\":\"Article\",\"@id\":\"https:\/\/www.confagricoltura.org\/piacenza\/paolo-manfredi-membro-dellaccademia-nazionale-di-agricoltura\/#article\",\"isPartOf\":{\"@id\":\"https:\/\/www.confagricoltura.org\/piacenza\/paolo-manfredi-membro-dellaccademia-nazionale-di-agricoltura\/\"},\"author\":{\"name\":\"confagricolturapiacenza\",\"@id\":\"https:\/\/www.confagricoltura.org\/piacenza\/#\/schema\/person\/be5da25a3117fea4b3bfec9dba09b5e8\"},\"headline\":\"Paolo Manfredi membro dell\u2019Accademia Nazionale di Agricoltura\",\"datePublished\":\"2024-04-22T13:26:51+00:00\",\"dateModified\":\"2024-04-23T13:29:11+00:00\",\"mainEntityOfPage\":{\"@id\":\"https:\/\/www.confagricoltura.org\/piacenza\/paolo-manfredi-membro-dellaccademia-nazionale-di-agricoltura\/\"},\"wordCount\":828,\"image\":{\"@id\":\"https:\/\/www.confagricoltura.org\/piacenza\/paolo-manfredi-membro-dellaccademia-nazionale-di-agricoltura\/#primaryimage\"},\"thumbnailUrl\":\"https:\/\/www.confagricoltura.org\/piacenza\/wp-content\/uploads\/sites\/11\/2024\/04\/Paolo-Manfredi-e-Giorgio-Cantelli-Forti-1.jpeg\",\"keywords\":[\"Paolo Manfredi\"],\"articleSection\":[\"Eventi\",\"News\"],\"inLanguage\":\"it-IT\"},{\"@type\":\"WebPage\",\"@id\":\"https:\/\/www.confagricoltura.org\/piacenza\/paolo-manfredi-membro-dellaccademia-nazionale-di-agricoltura\/\",\"url\":\"https:\/\/www.confagricoltura.org\/piacenza\/paolo-manfredi-membro-dellaccademia-nazionale-di-agricoltura\/\",\"name\":\"Paolo Manfredi membro dell\u2019Accademia Nazionale di Agricoltura - Confagricoltura Piacenza\",\"isPartOf\":{\"@id\":\"https:\/\/www.confagricoltura.org\/piacenza\/#website\"},\"primaryImageOfPage\":{\"@id\":\"https:\/\/www.confagricoltura.org\/piacenza\/paolo-manfredi-membro-dellaccademia-nazionale-di-agricoltura\/#primaryimage\"},\"image\":{\"@id\":\"https:\/\/www.confagricoltura.org\/piacenza\/paolo-manfredi-membro-dellaccademia-nazionale-di-agricoltura\/#primaryimage\"},\"thumbnailUrl\":\"https:\/\/www.confagricoltura.org\/piacenza\/wp-content\/uploads\/sites\/11\/2024\/04\/Paolo-Manfredi-e-Giorgio-Cantelli-Forti-1.jpeg\",\"datePublished\":\"2024-04-22T13:26:51+00:00\",\"dateModified\":\"2024-04-23T13:29:11+00:00\",\"author\":{\"@id\":\"https:\/\/www.confagricoltura.org\/piacenza\/#\/schema\/person\/be5da25a3117fea4b3bfec9dba09b5e8\"},\"breadcrumb\":{\"@id\":\"https:\/\/www.confagricoltura.org\/piacenza\/paolo-manfredi-membro-dellaccademia-nazionale-di-agricoltura\/#breadcrumb\"},\"inLanguage\":\"it-IT\",\"potentialAction\":[{\"@type\":\"ReadAction\",\"target\":[\"https:\/\/www.confagricoltura.org\/piacenza\/paolo-manfredi-membro-dellaccademia-nazionale-di-agricoltura\/\"]}]},{\"@type\":\"ImageObject\",\"inLanguage\":\"it-IT\",\"@id\":\"https:\/\/www.confagricoltura.org\/piacenza\/paolo-manfredi-membro-dellaccademia-nazionale-di-agricoltura\/#primaryimage\",\"url\":\"https:\/\/www.confagricoltura.org\/piacenza\/wp-content\/uploads\/sites\/11\/2024\/04\/Paolo-Manfredi-e-Giorgio-Cantelli-Forti-1.jpeg\",\"contentUrl\":\"https:\/\/www.confagricoltura.org\/piacenza\/wp-content\/uploads\/sites\/11\/2024\/04\/Paolo-Manfredi-e-Giorgio-Cantelli-Forti-1.jpeg\",\"width\":2400,\"height\":1600},{\"@type\":\"BreadcrumbList\",\"@id\":\"https:\/\/www.confagricoltura.org\/piacenza\/paolo-manfredi-membro-dellaccademia-nazionale-di-agricoltura\/#breadcrumb\",\"itemListElement\":[{\"@type\":\"ListItem\",\"position\":1,\"name\":\"Home\",\"item\":\"https:\/\/www.confagricoltura.org\/piacenza\/\"},{\"@type\":\"ListItem\",\"position\":2,\"name\":\"Paolo Manfredi membro dell\u2019Accademia Nazionale di Agricoltura\"}]},{\"@type\":\"WebSite\",\"@id\":\"https:\/\/www.confagricoltura.org\/piacenza\/#website\",\"url\":\"https:\/\/www.confagricoltura.org\/piacenza\/\",\"name\":\"Confagricoltura Piacenza\",\"description\":\"Dalla parte degli Agricoltori\",\"potentialAction\":[{\"@type\":\"SearchAction\",\"target\":{\"@type\":\"EntryPoint\",\"urlTemplate\":\"https:\/\/www.confagricoltura.org\/piacenza\/?s={search_term_string}\"},\"query-input\":{\"@type\":\"PropertyValueSpecification\",\"valueRequired\":true,\"valueName\":\"search_term_string\"}}],\"inLanguage\":\"it-IT\"},{\"@type\":\"Person\",\"@id\":\"https:\/\/www.confagricoltura.org\/piacenza\/#\/schema\/person\/be5da25a3117fea4b3bfec9dba09b5e8\",\"name\":\"confagricolturapiacenza\",\"image\":{\"@type\":\"ImageObject\",\"inLanguage\":\"it-IT\",\"@id\":\"https:\/\/www.confagricoltura.org\/piacenza\/#\/schema\/person\/image\/\",\"url\":\"https:\/\/secure.gravatar.com\/avatar\/9c5f111e417171581853bd0a3ff892ca?s=96&d=mm&r=g\",\"contentUrl\":\"https:\/\/secure.gravatar.com\/avatar\/9c5f111e417171581853bd0a3ff892ca?s=96&d=mm&r=g\",\"caption\":\"confagricolturapiacenza\"},\"url\":\"https:\/\/www.confagricoltura.org\/piacenza\/author\/confagricolturapiacenza\/\"}]}<\/script>\n<!-- \/ Yoast SEO plugin. -->","yoast_head_json":{"title":"Paolo Manfredi membro dell\u2019Accademia Nazionale di Agricoltura - Confagricoltura Piacenza","robots":{"index":"index","follow":"follow","max-snippet":"max-snippet:-1","max-image-preview":"max-image-preview:large","max-video-preview":"max-video-preview:-1"},"canonical":"https:\/\/www.confagricoltura.org\/piacenza\/paolo-manfredi-membro-dellaccademia-nazionale-di-agricoltura\/","og_locale":"it_IT","og_type":"article","og_title":"Paolo Manfredi membro dell\u2019Accademia Nazionale di Agricoltura - Confagricoltura Piacenza","og_description":"Plauso e congratulazioni di Confagricoltura Piacenza al suo illustre associato","og_url":"https:\/\/www.confagricoltura.org\/piacenza\/paolo-manfredi-membro-dellaccademia-nazionale-di-agricoltura\/","og_site_name":"Confagricoltura Piacenza","article_published_time":"2024-04-22T13:26:51+00:00","article_modified_time":"2024-04-23T13:29:11+00:00","og_image":[{"width":2400,"height":1600,"url":"https:\/\/www.confagricoltura.org\/piacenza\/wp-content\/uploads\/sites\/11\/2024\/04\/Paolo-Manfredi-e-Giorgio-Cantelli-Forti-1.jpeg","type":"image\/jpeg"}],"author":"confagricolturapiacenza","twitter_card":"summary_large_image","twitter_misc":{"Scritto da":"confagricolturapiacenza","Tempo di lettura stimato":"5 minuti"},"schema":{"@context":"https:\/\/schema.org","@graph":[{"@type":"Article","@id":"https:\/\/www.confagricoltura.org\/piacenza\/paolo-manfredi-membro-dellaccademia-nazionale-di-agricoltura\/#article","isPartOf":{"@id":"https:\/\/www.confagricoltura.org\/piacenza\/paolo-manfredi-membro-dellaccademia-nazionale-di-agricoltura\/"},"author":{"name":"confagricolturapiacenza","@id":"https:\/\/www.confagricoltura.org\/piacenza\/#\/schema\/person\/be5da25a3117fea4b3bfec9dba09b5e8"},"headline":"Paolo Manfredi membro dell\u2019Accademia Nazionale di Agricoltura","datePublished":"2024-04-22T13:26:51+00:00","dateModified":"2024-04-23T13:29:11+00:00","mainEntityOfPage":{"@id":"https:\/\/www.confagricoltura.org\/piacenza\/paolo-manfredi-membro-dellaccademia-nazionale-di-agricoltura\/"},"wordCount":828,"image":{"@id":"https:\/\/www.confagricoltura.org\/piacenza\/paolo-manfredi-membro-dellaccademia-nazionale-di-agricoltura\/#primaryimage"},"thumbnailUrl":"https:\/\/www.confagricoltura.org\/piacenza\/wp-content\/uploads\/sites\/11\/2024\/04\/Paolo-Manfredi-e-Giorgio-Cantelli-Forti-1.jpeg","keywords":["Paolo Manfredi"],"articleSection":["Eventi","News"],"inLanguage":"it-IT"},{"@type":"WebPage","@id":"https:\/\/www.confagricoltura.org\/piacenza\/paolo-manfredi-membro-dellaccademia-nazionale-di-agricoltura\/","url":"https:\/\/www.confagricoltura.org\/piacenza\/paolo-manfredi-membro-dellaccademia-nazionale-di-agricoltura\/","name":"Paolo Manfredi membro dell\u2019Accademia Nazionale di Agricoltura - Confagricoltura Piacenza","isPartOf":{"@id":"https:\/\/www.confagricoltura.org\/piacenza\/#website"},"primaryImageOfPage":{"@id":"https:\/\/www.confagricoltura.org\/piacenza\/paolo-manfredi-membro-dellaccademia-nazionale-di-agricoltura\/#primaryimage"},"image":{"@id":"https:\/\/www.confagricoltura.org\/piacenza\/paolo-manfredi-membro-dellaccademia-nazionale-di-agricoltura\/#primaryimage"},"thumbnailUrl":"https:\/\/www.confagricoltura.org\/piacenza\/wp-content\/uploads\/sites\/11\/2024\/04\/Paolo-Manfredi-e-Giorgio-Cantelli-Forti-1.jpeg","datePublished":"2024-04-22T13:26:51+00:00","dateModified":"2024-04-23T13:29:11+00:00","author":{"@id":"https:\/\/www.confagricoltura.org\/piacenza\/#\/schema\/person\/be5da25a3117fea4b3bfec9dba09b5e8"},"breadcrumb":{"@id":"https:\/\/www.confagricoltura.org\/piacenza\/paolo-manfredi-membro-dellaccademia-nazionale-di-agricoltura\/#breadcrumb"},"inLanguage":"it-IT","potentialAction":[{"@type":"ReadAction","target":["https:\/\/www.confagricoltura.org\/piacenza\/paolo-manfredi-membro-dellaccademia-nazionale-di-agricoltura\/"]}]},{"@type":"ImageObject","inLanguage":"it-IT","@id":"https:\/\/www.confagricoltura.org\/piacenza\/paolo-manfredi-membro-dellaccademia-nazionale-di-agricoltura\/#primaryimage","url":"https:\/\/www.confagricoltura.org\/piacenza\/wp-content\/uploads\/sites\/11\/2024\/04\/Paolo-Manfredi-e-Giorgio-Cantelli-Forti-1.jpeg","contentUrl":"https:\/\/www.confagricoltura.org\/piacenza\/wp-content\/uploads\/sites\/11\/2024\/04\/Paolo-Manfredi-e-Giorgio-Cantelli-Forti-1.jpeg","width":2400,"height":1600},{"@type":"BreadcrumbList","@id":"https:\/\/www.confagricoltura.org\/piacenza\/paolo-manfredi-membro-dellaccademia-nazionale-di-agricoltura\/#breadcrumb","itemListElement":[{"@type":"ListItem","position":1,"name":"Home","item":"https:\/\/www.confagricoltura.org\/piacenza\/"},{"@type":"ListItem","position":2,"name":"Paolo Manfredi membro dell\u2019Accademia Nazionale di Agricoltura"}]},{"@type":"WebSite","@id":"https:\/\/www.confagricoltura.org\/piacenza\/#website","url":"https:\/\/www.confagricoltura.org\/piacenza\/","name":"Confagricoltura Piacenza","description":"Dalla parte degli Agricoltori","potentialAction":[{"@type":"SearchAction","target":{"@type":"EntryPoint","urlTemplate":"https:\/\/www.confagricoltura.org\/piacenza\/?s={search_term_string}"},"query-input":{"@type":"PropertyValueSpecification","valueRequired":true,"valueName":"search_term_string"}}],"inLanguage":"it-IT"},{"@type":"Person","@id":"https:\/\/www.confagricoltura.org\/piacenza\/#\/schema\/person\/be5da25a3117fea4b3bfec9dba09b5e8","name":"confagricolturapiacenza","image":{"@type":"ImageObject","inLanguage":"it-IT","@id":"https:\/\/www.confagricoltura.org\/piacenza\/#\/schema\/person\/image\/","url":"https:\/\/secure.gravatar.com\/avatar\/9c5f111e417171581853bd0a3ff892ca?s=96&d=mm&r=g","contentUrl":"https:\/\/secure.gravatar.com\/avatar\/9c5f111e417171581853bd0a3ff892ca?s=96&d=mm&r=g","caption":"confagricolturapiacenza"},"url":"https:\/\/www.confagricoltura.org\/piacenza\/author\/confagricolturapiacenza\/"}]}},"_links":{"self":[{"href":"https:\/\/www.confagricoltura.org\/piacenza\/wp-json\/wp\/v2\/posts\/4638","targetHints":{"allow":["GET"]}}],"collection":[{"href":"https:\/\/www.confagricoltura.org\/piacenza\/wp-json\/wp\/v2\/posts"}],"about":[{"href":"https:\/\/www.confagricoltura.org\/piacenza\/wp-json\/wp\/v2\/types\/post"}],"author":[{"embeddable":true,"href":"https:\/\/www.confagricoltura.org\/piacenza\/wp-json\/wp\/v2\/users\/6"}],"replies":[{"embeddable":true,"href":"https:\/\/www.confagricoltura.org\/piacenza\/wp-json\/wp\/v2\/comments?post=4638"}],"version-history":[{"count":1,"href":"https:\/\/www.confagricoltura.org\/piacenza\/wp-json\/wp\/v2\/posts\/4638\/revisions"}],"predecessor-version":[{"id":4641,"href":"https:\/\/www.confagricoltura.org\/piacenza\/wp-json\/wp\/v2\/posts\/4638\/revisions\/4641"}],"wp:featuredmedia":[{"embeddable":true,"href":"https:\/\/www.confagricoltura.org\/piacenza\/wp-json\/wp\/v2\/media\/4640"}],"wp:attachment":[{"href":"https:\/\/www.confagricoltura.org\/piacenza\/wp-json\/wp\/v2\/media?parent=4638"}],"wp:term":[{"taxonomy":"category","embeddable":true,"href":"https:\/\/www.confagricoltura.org\/piacenza\/wp-json\/wp\/v2\/categories?post=4638"},{"taxonomy":"post_tag","embeddable":true,"href":"https:\/\/www.confagricoltura.org\/piacenza\/wp-json\/wp\/v2\/tags?post=4638"}],"curies":[{"name":"wp","href":"https:\/\/api.w.org\/{rel}","templated":true}]}}