{"id":4625,"date":"2024-04-17T15:19:41","date_gmt":"2024-04-17T13:19:41","guid":{"rendered":"https:\/\/www.confagricoltura.org\/piacenza\/?p=4625"},"modified":"2024-04-17T15:19:41","modified_gmt":"2024-04-17T13:19:41","slug":"caf-e-patronato-di-confagricoltura-costruiamo-insieme-la-consulenza-del-futuro","status":"publish","type":"post","link":"https:\/\/www.confagricoltura.org\/piacenza\/caf-e-patronato-di-confagricoltura-costruiamo-insieme-la-consulenza-del-futuro\/","title":{"rendered":"Caf e Patronato di Confagricoltura: \u201cCostruiamo insieme la consulenza del futuro\u201d"},"content":{"rendered":"<p>\u201cCostruiamo insieme la consulenza del futuro\u201d \u00e8 l\u2019intensa tre giorni di approfondimento e aggiornamento organizzata dal Caf di Confagricoltura e dal patronato Enapa, congiuntamente alla Federazione Italiana Impresa Agricola Familiare e ad Anpa &#8211; Associazione Nazionale Pensionati di Confagricoltura, che si \u00e8 tenuta a Palermo dall\u20198 al 10 aprile.<\/p>\n<p>Un confronto arricchito dai contributi di diversi dirigenti nazionali di Confagricoltura, del Ministero del Lavoro e delle Politiche Sociali, dell\u2019INPS e di altri partner tecnologici.<\/p>\n<p>\u201cConfagricoltura attribuisce grande importanza ai servizi alla persona, come strumento che completa la tutela degli interessi dei nostri associati, dei loro coadiuvanti e di tutte le categorie sociali. In quest&#8217;ottica, abbiamo avviato un progetto in sinergia tra i quattro enti riuniti in questi giorni. Fondamentale per questa attivit\u00e0 la rete di prossimit\u00e0 per l&#8217;assistenza e la consulenza previdenziale, fiscale e sindacale che trova il suo perno negli uffici territoriali, dislocati in tutte le province del nostro Paese\u201d \u2013 cos\u00ec il direttore generale di Confagricoltura Annamaria Barrile che ha presieduto i lavori.<\/p>\n<p>Per Confagricoltura Piacenza hanno partecipato, in presenza, la consulente Fiscale Michela Filippi e la responsabile provinciale del Patronato Cristina Modenesi con le colleghe degli uffici, da remoto.<\/p>\n<p>L&#8217;articolato programma ha visto approfondimenti su: modello 730, novit\u00e0 fiscali per il 2024, ISEE, requisiti e criticit\u00e0 per l\u2019iscrizione a coltivatore diretto e Imprenditore agricolo professionale e poi ancora: aspetti contributivi, previdenziali e assistenziali, assegno d\u2019inclusione e assegno universale.<\/p>\n<p>\u201cDi particolare interesse \u2013 chiarisce Modenesi \u2013 il confronto con i rappresentanti degli enti previdenziali in quanto il nostro \u00e8 un settore talmente specifico da riscontrare talvolta difficolt\u00e0 nell\u2019inquadramento delle singole posizioni e nella compilazione di determinate procedure\u201d.<\/p>\n<p>\u201cSono stati giorni di formazione e aggiornamento molto utili e intensi \u2013 sottolinea Filippi &#8211; dal punto di vista del Caf, in particolare per ci\u00f2 che riguarda le importanti novit\u00e0 del Modello 730 che vede l\u2019introduzione di nuovi quadri dichiarativi specificatamente per i redditi esteri e per rivalutazioni e plusvalenze. Inoltre \u00e8 stato un momento di confronto costruttivo con i colleghi delle altre sedi provinciali\u201d. \u201cLa partecipazione diretta del direttore generale \u2013 concordano le due funzionarie di Confagricoltura Piacenza &#8211; \u00e8 stata molto apprezzata perch\u00e9 segno di supporto e vicinanza in un momento che vede le strutture sotto pressione per il carico di incombenze\u201d.<\/p>\n<p>\u00c8 infatti tempo di dichiarazione dei redditi Modello 730 e Confagricoltura Piacenza invita tutti quanti necessitano a rivolgersi al suo Caf per la predisposizione e la presentazione della documentazione legata all\u2019adempimento.<\/p>\n<p>Gli sportelli del Caf di Confagricoltura e del Patronato Enapa sono presenti sia presso la sede centrale di Piacenza, in via Colombo, 35 al secondo piano del Palazzo dell\u2019Agricoltura, sia nelle sedi territoriali di Castel San Giovanni, Agazzano, Fiorenzuola, Monticelli, Cortemaggiore. Previo accordo con gli uffici, la documentazione pu\u00f2 essere recapitata anche presso gli uffici di Ponte dell\u2019Olio, Pianello e Lugagnano.<\/p>\n<p>Confagricoltura Piacenza, con i suoi enti collegati, offre un\u2019articolata gamma di servizi e presso la sua rete capillare di uffici \u00e8 possibile trovare tutti gli enti semplificando il disbrigo delle diverse incombenze.<\/p>\n<p>Confagricoltura Piacenza ricorda infine la possibilit\u00e0 di devolvere il 5 per mille all\u2019onlus Senior L\u2019et\u00e0 della Saggezza: codice fiscale 97450610585. L\u2019onlus \u00e8 promossa dall\u2019Associazione Nazionale Pensionati di Confagricoltura e anche a livello provinciale, negli anni scorsi i fondi raccolti sono confluiti in progetti di realt\u00e0 locali con preziose finalit\u00e0 sociali, dunque con ricadute positive dirette sulla comunit\u00e0 del territorio.<\/p>\n","protected":false},"excerpt":{"rendered":"<p>Confagricoltura Piacenza: alla tre giorni nazionale presenti la consulente Fiscale Michela Filippi e la responsabile del patronato Cristina Modenesi <\/p>\n","protected":false},"author":6,"featured_media":4626,"comment_status":"closed","ping_status":"closed","sticky":false,"template":"","format":"standard","meta":{"wp_mapbox_gl_js_media":[],"footnotes":""},"categories":[21,4],"tags":[],"class_list":["post-4625","post","type-post","status-publish","format-standard","has-post-thumbnail","hentry","category-eventi","category-news"],"yoast_head":"<!-- This site is optimized with the Yoast SEO plugin v26.8 - https:\/\/yoast.com\/product\/yoast-seo-wordpress\/ -->\n<title>Caf e Patronato di Confagricoltura: \u201cCostruiamo insieme la consulenza del futuro\u201d - Confagricoltura Piacenza<\/title>\n<meta name=\"robots\" content=\"index, follow, max-snippet:-1, max-image-preview:large, max-video-preview:-1\" \/>\n<link rel=\"canonical\" href=\"https:\/\/www.confagricoltura.org\/piacenza\/caf-e-patronato-di-confagricoltura-costruiamo-insieme-la-consulenza-del-futuro\/\" \/>\n<meta property=\"og:locale\" content=\"it_IT\" \/>\n<meta property=\"og:type\" content=\"article\" \/>\n<meta property=\"og:title\" content=\"Caf e Patronato di Confagricoltura: \u201cCostruiamo insieme la consulenza del futuro\u201d - Confagricoltura Piacenza\" \/>\n<meta property=\"og:description\" content=\"Confagricoltura Piacenza: alla tre giorni nazionale presenti la consulente Fiscale Michela Filippi e la responsabile del patronato Cristina Modenesi\" \/>\n<meta property=\"og:url\" content=\"https:\/\/www.confagricoltura.org\/piacenza\/caf-e-patronato-di-confagricoltura-costruiamo-insieme-la-consulenza-del-futuro\/\" \/>\n<meta property=\"og:site_name\" content=\"Confagricoltura Piacenza\" \/>\n<meta property=\"article:published_time\" content=\"2024-04-17T13:19:41+00:00\" \/>\n<meta property=\"og:image\" content=\"https:\/\/www.confagricoltura.org\/piacenza\/wp-content\/uploads\/sites\/11\/2024\/04\/Modenesi-Filippi.jpg\" \/>\n\t<meta property=\"og:image:width\" content=\"1600\" \/>\n\t<meta property=\"og:image:height\" content=\"1200\" \/>\n\t<meta property=\"og:image:type\" content=\"image\/jpeg\" \/>\n<meta name=\"author\" content=\"confagricolturapiacenza\" \/>\n<meta name=\"twitter:card\" content=\"summary_large_image\" \/>\n<meta name=\"twitter:label1\" content=\"Scritto da\" \/>\n\t<meta name=\"twitter:data1\" content=\"confagricolturapiacenza\" \/>\n\t<meta name=\"twitter:label2\" content=\"Tempo di lettura stimato\" \/>\n\t<meta name=\"twitter:data2\" content=\"4 minuti\" \/>\n<script type=\"application\/ld+json\" class=\"yoast-schema-graph\">{\"@context\":\"https:\/\/schema.org\",\"@graph\":[{\"@type\":\"Article\",\"@id\":\"https:\/\/www.confagricoltura.org\/piacenza\/caf-e-patronato-di-confagricoltura-costruiamo-insieme-la-consulenza-del-futuro\/#article\",\"isPartOf\":{\"@id\":\"https:\/\/www.confagricoltura.org\/piacenza\/caf-e-patronato-di-confagricoltura-costruiamo-insieme-la-consulenza-del-futuro\/\"},\"author\":{\"name\":\"confagricolturapiacenza\",\"@id\":\"https:\/\/www.confagricoltura.org\/piacenza\/#\/schema\/person\/be5da25a3117fea4b3bfec9dba09b5e8\"},\"headline\":\"Caf e Patronato di Confagricoltura: \u201cCostruiamo insieme la consulenza del futuro\u201d\",\"datePublished\":\"2024-04-17T13:19:41+00:00\",\"mainEntityOfPage\":{\"@id\":\"https:\/\/www.confagricoltura.org\/piacenza\/caf-e-patronato-di-confagricoltura-costruiamo-insieme-la-consulenza-del-futuro\/\"},\"wordCount\":563,\"image\":{\"@id\":\"https:\/\/www.confagricoltura.org\/piacenza\/caf-e-patronato-di-confagricoltura-costruiamo-insieme-la-consulenza-del-futuro\/#primaryimage\"},\"thumbnailUrl\":\"https:\/\/www.confagricoltura.org\/piacenza\/wp-content\/uploads\/sites\/11\/2024\/04\/Modenesi-Filippi.jpg\",\"articleSection\":[\"Eventi\",\"News\"],\"inLanguage\":\"it-IT\"},{\"@type\":\"WebPage\",\"@id\":\"https:\/\/www.confagricoltura.org\/piacenza\/caf-e-patronato-di-confagricoltura-costruiamo-insieme-la-consulenza-del-futuro\/\",\"url\":\"https:\/\/www.confagricoltura.org\/piacenza\/caf-e-patronato-di-confagricoltura-costruiamo-insieme-la-consulenza-del-futuro\/\",\"name\":\"Caf e Patronato di Confagricoltura: \u201cCostruiamo insieme la consulenza del futuro\u201d - Confagricoltura Piacenza\",\"isPartOf\":{\"@id\":\"https:\/\/www.confagricoltura.org\/piacenza\/#website\"},\"primaryImageOfPage\":{\"@id\":\"https:\/\/www.confagricoltura.org\/piacenza\/caf-e-patronato-di-confagricoltura-costruiamo-insieme-la-consulenza-del-futuro\/#primaryimage\"},\"image\":{\"@id\":\"https:\/\/www.confagricoltura.org\/piacenza\/caf-e-patronato-di-confagricoltura-costruiamo-insieme-la-consulenza-del-futuro\/#primaryimage\"},\"thumbnailUrl\":\"https:\/\/www.confagricoltura.org\/piacenza\/wp-content\/uploads\/sites\/11\/2024\/04\/Modenesi-Filippi.jpg\",\"datePublished\":\"2024-04-17T13:19:41+00:00\",\"author\":{\"@id\":\"https:\/\/www.confagricoltura.org\/piacenza\/#\/schema\/person\/be5da25a3117fea4b3bfec9dba09b5e8\"},\"breadcrumb\":{\"@id\":\"https:\/\/www.confagricoltura.org\/piacenza\/caf-e-patronato-di-confagricoltura-costruiamo-insieme-la-consulenza-del-futuro\/#breadcrumb\"},\"inLanguage\":\"it-IT\",\"potentialAction\":[{\"@type\":\"ReadAction\",\"target\":[\"https:\/\/www.confagricoltura.org\/piacenza\/caf-e-patronato-di-confagricoltura-costruiamo-insieme-la-consulenza-del-futuro\/\"]}]},{\"@type\":\"ImageObject\",\"inLanguage\":\"it-IT\",\"@id\":\"https:\/\/www.confagricoltura.org\/piacenza\/caf-e-patronato-di-confagricoltura-costruiamo-insieme-la-consulenza-del-futuro\/#primaryimage\",\"url\":\"https:\/\/www.confagricoltura.org\/piacenza\/wp-content\/uploads\/sites\/11\/2024\/04\/Modenesi-Filippi.jpg\",\"contentUrl\":\"https:\/\/www.confagricoltura.org\/piacenza\/wp-content\/uploads\/sites\/11\/2024\/04\/Modenesi-Filippi.jpg\",\"width\":1600,\"height\":1200},{\"@type\":\"BreadcrumbList\",\"@id\":\"https:\/\/www.confagricoltura.org\/piacenza\/caf-e-patronato-di-confagricoltura-costruiamo-insieme-la-consulenza-del-futuro\/#breadcrumb\",\"itemListElement\":[{\"@type\":\"ListItem\",\"position\":1,\"name\":\"Home\",\"item\":\"https:\/\/www.confagricoltura.org\/piacenza\/\"},{\"@type\":\"ListItem\",\"position\":2,\"name\":\"Caf e Patronato di Confagricoltura: \u201cCostruiamo insieme la consulenza del futuro\u201d\"}]},{\"@type\":\"WebSite\",\"@id\":\"https:\/\/www.confagricoltura.org\/piacenza\/#website\",\"url\":\"https:\/\/www.confagricoltura.org\/piacenza\/\",\"name\":\"Confagricoltura Piacenza\",\"description\":\"Dalla parte degli Agricoltori\",\"potentialAction\":[{\"@type\":\"SearchAction\",\"target\":{\"@type\":\"EntryPoint\",\"urlTemplate\":\"https:\/\/www.confagricoltura.org\/piacenza\/?s={search_term_string}\"},\"query-input\":{\"@type\":\"PropertyValueSpecification\",\"valueRequired\":true,\"valueName\":\"search_term_string\"}}],\"inLanguage\":\"it-IT\"},{\"@type\":\"Person\",\"@id\":\"https:\/\/www.confagricoltura.org\/piacenza\/#\/schema\/person\/be5da25a3117fea4b3bfec9dba09b5e8\",\"name\":\"confagricolturapiacenza\",\"image\":{\"@type\":\"ImageObject\",\"inLanguage\":\"it-IT\",\"@id\":\"https:\/\/www.confagricoltura.org\/piacenza\/#\/schema\/person\/image\/\",\"url\":\"https:\/\/secure.gravatar.com\/avatar\/9c5f111e417171581853bd0a3ff892ca?s=96&d=mm&r=g\",\"contentUrl\":\"https:\/\/secure.gravatar.com\/avatar\/9c5f111e417171581853bd0a3ff892ca?s=96&d=mm&r=g\",\"caption\":\"confagricolturapiacenza\"},\"url\":\"https:\/\/www.confagricoltura.org\/piacenza\/author\/confagricolturapiacenza\/\"}]}<\/script>\n<!-- \/ Yoast SEO plugin. -->","yoast_head_json":{"title":"Caf e Patronato di Confagricoltura: \u201cCostruiamo insieme la consulenza del futuro\u201d - Confagricoltura Piacenza","robots":{"index":"index","follow":"follow","max-snippet":"max-snippet:-1","max-image-preview":"max-image-preview:large","max-video-preview":"max-video-preview:-1"},"canonical":"https:\/\/www.confagricoltura.org\/piacenza\/caf-e-patronato-di-confagricoltura-costruiamo-insieme-la-consulenza-del-futuro\/","og_locale":"it_IT","og_type":"article","og_title":"Caf e Patronato di Confagricoltura: \u201cCostruiamo insieme la consulenza del futuro\u201d - Confagricoltura Piacenza","og_description":"Confagricoltura Piacenza: alla tre giorni nazionale presenti la consulente Fiscale Michela Filippi e la responsabile del patronato Cristina Modenesi","og_url":"https:\/\/www.confagricoltura.org\/piacenza\/caf-e-patronato-di-confagricoltura-costruiamo-insieme-la-consulenza-del-futuro\/","og_site_name":"Confagricoltura Piacenza","article_published_time":"2024-04-17T13:19:41+00:00","og_image":[{"width":1600,"height":1200,"url":"https:\/\/www.confagricoltura.org\/piacenza\/wp-content\/uploads\/sites\/11\/2024\/04\/Modenesi-Filippi.jpg","type":"image\/jpeg"}],"author":"confagricolturapiacenza","twitter_card":"summary_large_image","twitter_misc":{"Scritto da":"confagricolturapiacenza","Tempo di lettura stimato":"4 minuti"},"schema":{"@context":"https:\/\/schema.org","@graph":[{"@type":"Article","@id":"https:\/\/www.confagricoltura.org\/piacenza\/caf-e-patronato-di-confagricoltura-costruiamo-insieme-la-consulenza-del-futuro\/#article","isPartOf":{"@id":"https:\/\/www.confagricoltura.org\/piacenza\/caf-e-patronato-di-confagricoltura-costruiamo-insieme-la-consulenza-del-futuro\/"},"author":{"name":"confagricolturapiacenza","@id":"https:\/\/www.confagricoltura.org\/piacenza\/#\/schema\/person\/be5da25a3117fea4b3bfec9dba09b5e8"},"headline":"Caf e Patronato di Confagricoltura: \u201cCostruiamo insieme la consulenza del futuro\u201d","datePublished":"2024-04-17T13:19:41+00:00","mainEntityOfPage":{"@id":"https:\/\/www.confagricoltura.org\/piacenza\/caf-e-patronato-di-confagricoltura-costruiamo-insieme-la-consulenza-del-futuro\/"},"wordCount":563,"image":{"@id":"https:\/\/www.confagricoltura.org\/piacenza\/caf-e-patronato-di-confagricoltura-costruiamo-insieme-la-consulenza-del-futuro\/#primaryimage"},"thumbnailUrl":"https:\/\/www.confagricoltura.org\/piacenza\/wp-content\/uploads\/sites\/11\/2024\/04\/Modenesi-Filippi.jpg","articleSection":["Eventi","News"],"inLanguage":"it-IT"},{"@type":"WebPage","@id":"https:\/\/www.confagricoltura.org\/piacenza\/caf-e-patronato-di-confagricoltura-costruiamo-insieme-la-consulenza-del-futuro\/","url":"https:\/\/www.confagricoltura.org\/piacenza\/caf-e-patronato-di-confagricoltura-costruiamo-insieme-la-consulenza-del-futuro\/","name":"Caf e Patronato di Confagricoltura: \u201cCostruiamo insieme la consulenza del futuro\u201d - Confagricoltura Piacenza","isPartOf":{"@id":"https:\/\/www.confagricoltura.org\/piacenza\/#website"},"primaryImageOfPage":{"@id":"https:\/\/www.confagricoltura.org\/piacenza\/caf-e-patronato-di-confagricoltura-costruiamo-insieme-la-consulenza-del-futuro\/#primaryimage"},"image":{"@id":"https:\/\/www.confagricoltura.org\/piacenza\/caf-e-patronato-di-confagricoltura-costruiamo-insieme-la-consulenza-del-futuro\/#primaryimage"},"thumbnailUrl":"https:\/\/www.confagricoltura.org\/piacenza\/wp-content\/uploads\/sites\/11\/2024\/04\/Modenesi-Filippi.jpg","datePublished":"2024-04-17T13:19:41+00:00","author":{"@id":"https:\/\/www.confagricoltura.org\/piacenza\/#\/schema\/person\/be5da25a3117fea4b3bfec9dba09b5e8"},"breadcrumb":{"@id":"https:\/\/www.confagricoltura.org\/piacenza\/caf-e-patronato-di-confagricoltura-costruiamo-insieme-la-consulenza-del-futuro\/#breadcrumb"},"inLanguage":"it-IT","potentialAction":[{"@type":"ReadAction","target":["https:\/\/www.confagricoltura.org\/piacenza\/caf-e-patronato-di-confagricoltura-costruiamo-insieme-la-consulenza-del-futuro\/"]}]},{"@type":"ImageObject","inLanguage":"it-IT","@id":"https:\/\/www.confagricoltura.org\/piacenza\/caf-e-patronato-di-confagricoltura-costruiamo-insieme-la-consulenza-del-futuro\/#primaryimage","url":"https:\/\/www.confagricoltura.org\/piacenza\/wp-content\/uploads\/sites\/11\/2024\/04\/Modenesi-Filippi.jpg","contentUrl":"https:\/\/www.confagricoltura.org\/piacenza\/wp-content\/uploads\/sites\/11\/2024\/04\/Modenesi-Filippi.jpg","width":1600,"height":1200},{"@type":"BreadcrumbList","@id":"https:\/\/www.confagricoltura.org\/piacenza\/caf-e-patronato-di-confagricoltura-costruiamo-insieme-la-consulenza-del-futuro\/#breadcrumb","itemListElement":[{"@type":"ListItem","position":1,"name":"Home","item":"https:\/\/www.confagricoltura.org\/piacenza\/"},{"@type":"ListItem","position":2,"name":"Caf e Patronato di Confagricoltura: \u201cCostruiamo insieme la consulenza del futuro\u201d"}]},{"@type":"WebSite","@id":"https:\/\/www.confagricoltura.org\/piacenza\/#website","url":"https:\/\/www.confagricoltura.org\/piacenza\/","name":"Confagricoltura Piacenza","description":"Dalla parte degli Agricoltori","potentialAction":[{"@type":"SearchAction","target":{"@type":"EntryPoint","urlTemplate":"https:\/\/www.confagricoltura.org\/piacenza\/?s={search_term_string}"},"query-input":{"@type":"PropertyValueSpecification","valueRequired":true,"valueName":"search_term_string"}}],"inLanguage":"it-IT"},{"@type":"Person","@id":"https:\/\/www.confagricoltura.org\/piacenza\/#\/schema\/person\/be5da25a3117fea4b3bfec9dba09b5e8","name":"confagricolturapiacenza","image":{"@type":"ImageObject","inLanguage":"it-IT","@id":"https:\/\/www.confagricoltura.org\/piacenza\/#\/schema\/person\/image\/","url":"https:\/\/secure.gravatar.com\/avatar\/9c5f111e417171581853bd0a3ff892ca?s=96&d=mm&r=g","contentUrl":"https:\/\/secure.gravatar.com\/avatar\/9c5f111e417171581853bd0a3ff892ca?s=96&d=mm&r=g","caption":"confagricolturapiacenza"},"url":"https:\/\/www.confagricoltura.org\/piacenza\/author\/confagricolturapiacenza\/"}]}},"_links":{"self":[{"href":"https:\/\/www.confagricoltura.org\/piacenza\/wp-json\/wp\/v2\/posts\/4625","targetHints":{"allow":["GET"]}}],"collection":[{"href":"https:\/\/www.confagricoltura.org\/piacenza\/wp-json\/wp\/v2\/posts"}],"about":[{"href":"https:\/\/www.confagricoltura.org\/piacenza\/wp-json\/wp\/v2\/types\/post"}],"author":[{"embeddable":true,"href":"https:\/\/www.confagricoltura.org\/piacenza\/wp-json\/wp\/v2\/users\/6"}],"replies":[{"embeddable":true,"href":"https:\/\/www.confagricoltura.org\/piacenza\/wp-json\/wp\/v2\/comments?post=4625"}],"version-history":[{"count":1,"href":"https:\/\/www.confagricoltura.org\/piacenza\/wp-json\/wp\/v2\/posts\/4625\/revisions"}],"predecessor-version":[{"id":4627,"href":"https:\/\/www.confagricoltura.org\/piacenza\/wp-json\/wp\/v2\/posts\/4625\/revisions\/4627"}],"wp:featuredmedia":[{"embeddable":true,"href":"https:\/\/www.confagricoltura.org\/piacenza\/wp-json\/wp\/v2\/media\/4626"}],"wp:attachment":[{"href":"https:\/\/www.confagricoltura.org\/piacenza\/wp-json\/wp\/v2\/media?parent=4625"}],"wp:term":[{"taxonomy":"category","embeddable":true,"href":"https:\/\/www.confagricoltura.org\/piacenza\/wp-json\/wp\/v2\/categories?post=4625"},{"taxonomy":"post_tag","embeddable":true,"href":"https:\/\/www.confagricoltura.org\/piacenza\/wp-json\/wp\/v2\/tags?post=4625"}],"curies":[{"name":"wp","href":"https:\/\/api.w.org\/{rel}","templated":true}]}}