{"id":4616,"date":"2024-04-05T09:12:14","date_gmt":"2024-04-05T07:12:14","guid":{"rendered":"https:\/\/www.confagricoltura.org\/piacenza\/?p=4616"},"modified":"2024-04-10T09:15:14","modified_gmt":"2024-04-10T07:15:14","slug":"agriturist-confagricoltura-cicloturismo-in-forte-crescita","status":"publish","type":"post","link":"https:\/\/www.confagricoltura.org\/piacenza\/agriturist-confagricoltura-cicloturismo-in-forte-crescita\/","title":{"rendered":"Agriturist (Confagricoltura):  cicloturismo in forte crescita"},"content":{"rendered":"<p style=\"text-align: justify\"><span class=\"base\"><span style=\"font-size: 10.0pt\">A Bologna, in occasione della fiera dedicata al turismo su due ruote, Agriturist presenta offerte che uniscono natura, buon cibo e sport.<\/span><\/span><\/p>\n<p style=\"text-align: justify\"><span class=\"base\"><span style=\"font-size: 10.0pt\">\u201cQuello in bici, in grande espansione, rappresenta una fetta importante del turismo dell\u2019esperienza, proposto da numerosi nostri agriturismi. Anche per questo motivo abbiamo deciso di partecipare per la prima volta alla rassegna bolognese, con l\u2019obiettivo di diffondere le iniziative che caratterizzano l\u2019offerta delle nostre aziende, anche in questo settore\u201d. Lo ha affermato Augusto Congionti, presidente di Agriturist, l\u2019associazione che raggruppa gli agriturismi di Confagricoltura, annunciando la presenza dell\u2019associazione alla manifestazione \u201cFiera del Cicloturismo\u201d, in programma dal 5 al 7 aprile a Bologna. L\u2019Italia \u00e8 una destinazione ambita tra i biker, con circa 33 milioni di presenze nel 2022 e un impatto economico diretto pari a 4,1 miliardi di euro (stime Isnart). Due terzi dei cicloturisti erano stranieri e hanno speso, in media, 3.750 euro per una settimana.\u00a0 <\/span><\/span><\/p>\n<p style=\"text-align: justify\"><span class=\"base\"><span style=\"font-size: 10.0pt\">Tra le preferenze dei biker: escursioni, prodotti enogastronomici, degustazioni e sagre. Gli agriturismi sono il naturale punto di sosta per i percorsi in bicicletta. Agriturist in fiera presenta i pacchetti per una vacanza su due ruote, per un\u2019esperienza da protagonisti di un soggiorno indimenticabile che unisce il buon cibo e al buon vino, il divertimento allo sport e alla natura. Moltissimi agriturismi offrono anche il noleggio di bici. L\u2019Emilia-Romagna inoltre \u00e8 in prima linea per accogliere la pi\u00f9 importante competizione cicloturistica del mondo, pronta a ospitare nelle proprie strutture bike-friendly chi voglia seguire i professionisti delle due ruote. L\u2019iniziativa \u201cBenvenuto Tour de France\u201d \u00e8 promossa da Agriturist Emilia-Romagna insieme al club d\u2019eccellenza Agricycle.<\/span><\/span><\/p>\n<p style=\"text-align: justify\"><span class=\"base\"><span style=\"font-size: 10.0pt\">\u201cIl turismo lento convince sempre di pi\u00f9 sia italiani che stranieri, la bike economy corre. Vogliamo proporre itinerari di respiro internazionale prima e durante la Grande Boucle, agri-tour in bici e soste del gusto con specialit\u00e0 gastronomiche locali \u2013 confetture, formaggi e salumi e accompagnare gli amanti del ciclismo lungo i percorsi chiave puntellati da viti e frutteti, passando per aziende agricole, cantine e caseifici\u201d spiega il piacentino Gianpietro Bisagni presidente di Agriturist Emilia Romagna e del club d\u2019eccellenza Agricycle, associazioni agrituristiche nate per intercettare le esigenze del turismo ricreativo, sportivo e culturale puntando su mobilit\u00e0 sostenibile, cammini lenti e attivit\u00e0 esperienziali. Sono tanti i luoghi di passaggio della leggendaria corsa in bici che il primo luglio partir\u00e0 proprio da Piacenza con destinazione Torino. \u201c\u00c8 un\u2019occasione unica che ci vede protagonisti con la nostra ospitalit\u00e0, accoglienza familiare \u2013 aggiunge la coordinatrice di Agriturist Piacenza, Giovanna Montesissa &#8211; per far conoscere aree interne e comunit\u00e0 rurali, sviluppare i flussi turistici, attirare nuovi visitatori dall\u2019estero e avvicinare le famiglie allo sport in agriturismo.<\/span><\/span><\/p>\n<p style=\"text-align: justify\"><span class=\"base\"><span style=\"font-size: 10.0pt\">\u201cStiamo lavorando alacremente \u2013 prosegue Montesissa &#8211; per offrire i servizi che il crescente turismo in bicicletta richiede, predisponendo percorsi con tappe in punti enogastronomici, in castelli e paesaggi suggestivi. Siamo convinti che il turismo esperienziale che proponiamo lasci il ricordo di una vacanza suggestiva e che invogli a ripeterla nel tempo, prolungando magri la vacanza nei percorsi visitati. Le nostre colline, ma anche la nostra bassa piacentina, offrono innumerevoli variet\u00e0 di paesaggi e il cicloturista, anche se principiante, adeguatamente seguito, pu\u00f2 apprezzarli in perfetta sintonia con la natura.\u00a0 Incentivando il turismo lento possiamo far conoscere meglio il nostro territorio e le nostre eccellenze enogastronomiche realizzate grazie alle competenze delle nostre aziende e della nostra tradizione. Il turismo dell\u2019esperienza, come il cicloturismo, \u00e8 un segmento destinato a crescere ancora. Nei nostri agriturismi, anche grazie alla collaborazione tra Agriturist e Agricycle \u2013 conclude l\u2019imprenditrice piacentina &#8211; i biker possono usufruire di servizi organizzati che vanno sempre pi\u00f9 incontro alle esigenze di chi viaggia in bici\u201d.<\/span><\/span><\/p>\n","protected":false},"excerpt":{"rendered":"<p>Montesissa: gli agriturismi di Piacenza alla fiera del turismo su due ruote con le proposte per scoprire le nostre valli<\/p>\n","protected":false},"author":6,"featured_media":4420,"comment_status":"closed","ping_status":"closed","sticky":false,"template":"","format":"standard","meta":{"wp_mapbox_gl_js_media":[],"footnotes":""},"categories":[21,4],"tags":[576],"class_list":["post-4616","post","type-post","status-publish","format-standard","has-post-thumbnail","hentry","category-eventi","category-news","tag-cicloturismo"],"yoast_head":"<!-- This site is optimized with the Yoast SEO plugin v26.8 - https:\/\/yoast.com\/product\/yoast-seo-wordpress\/ -->\n<title>Agriturist (Confagricoltura): cicloturismo in forte crescita - Confagricoltura Piacenza<\/title>\n<meta name=\"robots\" content=\"index, follow, max-snippet:-1, max-image-preview:large, max-video-preview:-1\" \/>\n<link rel=\"canonical\" href=\"https:\/\/www.confagricoltura.org\/piacenza\/agriturist-confagricoltura-cicloturismo-in-forte-crescita\/\" \/>\n<meta property=\"og:locale\" content=\"it_IT\" \/>\n<meta property=\"og:type\" content=\"article\" \/>\n<meta property=\"og:title\" content=\"Agriturist (Confagricoltura): cicloturismo in forte crescita - Confagricoltura Piacenza\" \/>\n<meta property=\"og:description\" content=\"Montesissa: gli agriturismi di Piacenza alla fiera del turismo su due ruote con le proposte per scoprire le nostre valli\" \/>\n<meta property=\"og:url\" content=\"https:\/\/www.confagricoltura.org\/piacenza\/agriturist-confagricoltura-cicloturismo-in-forte-crescita\/\" \/>\n<meta property=\"og:site_name\" content=\"Confagricoltura Piacenza\" \/>\n<meta property=\"article:published_time\" content=\"2024-04-05T07:12:14+00:00\" \/>\n<meta property=\"article:modified_time\" content=\"2024-04-10T07:15:14+00:00\" \/>\n<meta property=\"og:image\" content=\"https:\/\/www.confagricoltura.org\/piacenza\/wp-content\/uploads\/sites\/11\/2023\/12\/Bisagni-Montesissa.jpg\" \/>\n\t<meta property=\"og:image:width\" content=\"1024\" \/>\n\t<meta property=\"og:image:height\" content=\"768\" \/>\n\t<meta property=\"og:image:type\" content=\"image\/jpeg\" \/>\n<meta name=\"author\" content=\"confagricolturapiacenza\" \/>\n<meta name=\"twitter:card\" content=\"summary_large_image\" \/>\n<meta name=\"twitter:label1\" content=\"Scritto da\" \/>\n\t<meta name=\"twitter:data1\" content=\"confagricolturapiacenza\" \/>\n\t<meta name=\"twitter:label2\" content=\"Tempo di lettura stimato\" \/>\n\t<meta name=\"twitter:data2\" content=\"4 minuti\" \/>\n<script type=\"application\/ld+json\" class=\"yoast-schema-graph\">{\"@context\":\"https:\/\/schema.org\",\"@graph\":[{\"@type\":\"Article\",\"@id\":\"https:\/\/www.confagricoltura.org\/piacenza\/agriturist-confagricoltura-cicloturismo-in-forte-crescita\/#article\",\"isPartOf\":{\"@id\":\"https:\/\/www.confagricoltura.org\/piacenza\/agriturist-confagricoltura-cicloturismo-in-forte-crescita\/\"},\"author\":{\"name\":\"confagricolturapiacenza\",\"@id\":\"https:\/\/www.confagricoltura.org\/piacenza\/#\/schema\/person\/be5da25a3117fea4b3bfec9dba09b5e8\"},\"headline\":\"Agriturist (Confagricoltura): cicloturismo in forte crescita\",\"datePublished\":\"2024-04-05T07:12:14+00:00\",\"dateModified\":\"2024-04-10T07:15:14+00:00\",\"mainEntityOfPage\":{\"@id\":\"https:\/\/www.confagricoltura.org\/piacenza\/agriturist-confagricoltura-cicloturismo-in-forte-crescita\/\"},\"wordCount\":603,\"image\":{\"@id\":\"https:\/\/www.confagricoltura.org\/piacenza\/agriturist-confagricoltura-cicloturismo-in-forte-crescita\/#primaryimage\"},\"thumbnailUrl\":\"https:\/\/www.confagricoltura.org\/piacenza\/wp-content\/uploads\/sites\/11\/2023\/12\/Bisagni-Montesissa.jpg\",\"keywords\":[\"cicloturismo\"],\"articleSection\":[\"Eventi\",\"News\"],\"inLanguage\":\"it-IT\"},{\"@type\":\"WebPage\",\"@id\":\"https:\/\/www.confagricoltura.org\/piacenza\/agriturist-confagricoltura-cicloturismo-in-forte-crescita\/\",\"url\":\"https:\/\/www.confagricoltura.org\/piacenza\/agriturist-confagricoltura-cicloturismo-in-forte-crescita\/\",\"name\":\"Agriturist (Confagricoltura): cicloturismo in forte crescita - Confagricoltura Piacenza\",\"isPartOf\":{\"@id\":\"https:\/\/www.confagricoltura.org\/piacenza\/#website\"},\"primaryImageOfPage\":{\"@id\":\"https:\/\/www.confagricoltura.org\/piacenza\/agriturist-confagricoltura-cicloturismo-in-forte-crescita\/#primaryimage\"},\"image\":{\"@id\":\"https:\/\/www.confagricoltura.org\/piacenza\/agriturist-confagricoltura-cicloturismo-in-forte-crescita\/#primaryimage\"},\"thumbnailUrl\":\"https:\/\/www.confagricoltura.org\/piacenza\/wp-content\/uploads\/sites\/11\/2023\/12\/Bisagni-Montesissa.jpg\",\"datePublished\":\"2024-04-05T07:12:14+00:00\",\"dateModified\":\"2024-04-10T07:15:14+00:00\",\"author\":{\"@id\":\"https:\/\/www.confagricoltura.org\/piacenza\/#\/schema\/person\/be5da25a3117fea4b3bfec9dba09b5e8\"},\"breadcrumb\":{\"@id\":\"https:\/\/www.confagricoltura.org\/piacenza\/agriturist-confagricoltura-cicloturismo-in-forte-crescita\/#breadcrumb\"},\"inLanguage\":\"it-IT\",\"potentialAction\":[{\"@type\":\"ReadAction\",\"target\":[\"https:\/\/www.confagricoltura.org\/piacenza\/agriturist-confagricoltura-cicloturismo-in-forte-crescita\/\"]}]},{\"@type\":\"ImageObject\",\"inLanguage\":\"it-IT\",\"@id\":\"https:\/\/www.confagricoltura.org\/piacenza\/agriturist-confagricoltura-cicloturismo-in-forte-crescita\/#primaryimage\",\"url\":\"https:\/\/www.confagricoltura.org\/piacenza\/wp-content\/uploads\/sites\/11\/2023\/12\/Bisagni-Montesissa.jpg\",\"contentUrl\":\"https:\/\/www.confagricoltura.org\/piacenza\/wp-content\/uploads\/sites\/11\/2023\/12\/Bisagni-Montesissa.jpg\",\"width\":1024,\"height\":768},{\"@type\":\"BreadcrumbList\",\"@id\":\"https:\/\/www.confagricoltura.org\/piacenza\/agriturist-confagricoltura-cicloturismo-in-forte-crescita\/#breadcrumb\",\"itemListElement\":[{\"@type\":\"ListItem\",\"position\":1,\"name\":\"Home\",\"item\":\"https:\/\/www.confagricoltura.org\/piacenza\/\"},{\"@type\":\"ListItem\",\"position\":2,\"name\":\"Agriturist (Confagricoltura): cicloturismo in forte crescita\"}]},{\"@type\":\"WebSite\",\"@id\":\"https:\/\/www.confagricoltura.org\/piacenza\/#website\",\"url\":\"https:\/\/www.confagricoltura.org\/piacenza\/\",\"name\":\"Confagricoltura Piacenza\",\"description\":\"Dalla parte degli Agricoltori\",\"potentialAction\":[{\"@type\":\"SearchAction\",\"target\":{\"@type\":\"EntryPoint\",\"urlTemplate\":\"https:\/\/www.confagricoltura.org\/piacenza\/?s={search_term_string}\"},\"query-input\":{\"@type\":\"PropertyValueSpecification\",\"valueRequired\":true,\"valueName\":\"search_term_string\"}}],\"inLanguage\":\"it-IT\"},{\"@type\":\"Person\",\"@id\":\"https:\/\/www.confagricoltura.org\/piacenza\/#\/schema\/person\/be5da25a3117fea4b3bfec9dba09b5e8\",\"name\":\"confagricolturapiacenza\",\"image\":{\"@type\":\"ImageObject\",\"inLanguage\":\"it-IT\",\"@id\":\"https:\/\/www.confagricoltura.org\/piacenza\/#\/schema\/person\/image\/\",\"url\":\"https:\/\/secure.gravatar.com\/avatar\/9c5f111e417171581853bd0a3ff892ca?s=96&d=mm&r=g\",\"contentUrl\":\"https:\/\/secure.gravatar.com\/avatar\/9c5f111e417171581853bd0a3ff892ca?s=96&d=mm&r=g\",\"caption\":\"confagricolturapiacenza\"},\"url\":\"https:\/\/www.confagricoltura.org\/piacenza\/author\/confagricolturapiacenza\/\"}]}<\/script>\n<!-- \/ Yoast SEO plugin. -->","yoast_head_json":{"title":"Agriturist (Confagricoltura): cicloturismo in forte crescita - Confagricoltura Piacenza","robots":{"index":"index","follow":"follow","max-snippet":"max-snippet:-1","max-image-preview":"max-image-preview:large","max-video-preview":"max-video-preview:-1"},"canonical":"https:\/\/www.confagricoltura.org\/piacenza\/agriturist-confagricoltura-cicloturismo-in-forte-crescita\/","og_locale":"it_IT","og_type":"article","og_title":"Agriturist (Confagricoltura): cicloturismo in forte crescita - Confagricoltura Piacenza","og_description":"Montesissa: gli agriturismi di Piacenza alla fiera del turismo su due ruote con le proposte per scoprire le nostre valli","og_url":"https:\/\/www.confagricoltura.org\/piacenza\/agriturist-confagricoltura-cicloturismo-in-forte-crescita\/","og_site_name":"Confagricoltura Piacenza","article_published_time":"2024-04-05T07:12:14+00:00","article_modified_time":"2024-04-10T07:15:14+00:00","og_image":[{"width":1024,"height":768,"url":"https:\/\/www.confagricoltura.org\/piacenza\/wp-content\/uploads\/sites\/11\/2023\/12\/Bisagni-Montesissa.jpg","type":"image\/jpeg"}],"author":"confagricolturapiacenza","twitter_card":"summary_large_image","twitter_misc":{"Scritto da":"confagricolturapiacenza","Tempo di lettura stimato":"4 minuti"},"schema":{"@context":"https:\/\/schema.org","@graph":[{"@type":"Article","@id":"https:\/\/www.confagricoltura.org\/piacenza\/agriturist-confagricoltura-cicloturismo-in-forte-crescita\/#article","isPartOf":{"@id":"https:\/\/www.confagricoltura.org\/piacenza\/agriturist-confagricoltura-cicloturismo-in-forte-crescita\/"},"author":{"name":"confagricolturapiacenza","@id":"https:\/\/www.confagricoltura.org\/piacenza\/#\/schema\/person\/be5da25a3117fea4b3bfec9dba09b5e8"},"headline":"Agriturist (Confagricoltura): cicloturismo in forte crescita","datePublished":"2024-04-05T07:12:14+00:00","dateModified":"2024-04-10T07:15:14+00:00","mainEntityOfPage":{"@id":"https:\/\/www.confagricoltura.org\/piacenza\/agriturist-confagricoltura-cicloturismo-in-forte-crescita\/"},"wordCount":603,"image":{"@id":"https:\/\/www.confagricoltura.org\/piacenza\/agriturist-confagricoltura-cicloturismo-in-forte-crescita\/#primaryimage"},"thumbnailUrl":"https:\/\/www.confagricoltura.org\/piacenza\/wp-content\/uploads\/sites\/11\/2023\/12\/Bisagni-Montesissa.jpg","keywords":["cicloturismo"],"articleSection":["Eventi","News"],"inLanguage":"it-IT"},{"@type":"WebPage","@id":"https:\/\/www.confagricoltura.org\/piacenza\/agriturist-confagricoltura-cicloturismo-in-forte-crescita\/","url":"https:\/\/www.confagricoltura.org\/piacenza\/agriturist-confagricoltura-cicloturismo-in-forte-crescita\/","name":"Agriturist (Confagricoltura): cicloturismo in forte crescita - Confagricoltura Piacenza","isPartOf":{"@id":"https:\/\/www.confagricoltura.org\/piacenza\/#website"},"primaryImageOfPage":{"@id":"https:\/\/www.confagricoltura.org\/piacenza\/agriturist-confagricoltura-cicloturismo-in-forte-crescita\/#primaryimage"},"image":{"@id":"https:\/\/www.confagricoltura.org\/piacenza\/agriturist-confagricoltura-cicloturismo-in-forte-crescita\/#primaryimage"},"thumbnailUrl":"https:\/\/www.confagricoltura.org\/piacenza\/wp-content\/uploads\/sites\/11\/2023\/12\/Bisagni-Montesissa.jpg","datePublished":"2024-04-05T07:12:14+00:00","dateModified":"2024-04-10T07:15:14+00:00","author":{"@id":"https:\/\/www.confagricoltura.org\/piacenza\/#\/schema\/person\/be5da25a3117fea4b3bfec9dba09b5e8"},"breadcrumb":{"@id":"https:\/\/www.confagricoltura.org\/piacenza\/agriturist-confagricoltura-cicloturismo-in-forte-crescita\/#breadcrumb"},"inLanguage":"it-IT","potentialAction":[{"@type":"ReadAction","target":["https:\/\/www.confagricoltura.org\/piacenza\/agriturist-confagricoltura-cicloturismo-in-forte-crescita\/"]}]},{"@type":"ImageObject","inLanguage":"it-IT","@id":"https:\/\/www.confagricoltura.org\/piacenza\/agriturist-confagricoltura-cicloturismo-in-forte-crescita\/#primaryimage","url":"https:\/\/www.confagricoltura.org\/piacenza\/wp-content\/uploads\/sites\/11\/2023\/12\/Bisagni-Montesissa.jpg","contentUrl":"https:\/\/www.confagricoltura.org\/piacenza\/wp-content\/uploads\/sites\/11\/2023\/12\/Bisagni-Montesissa.jpg","width":1024,"height":768},{"@type":"BreadcrumbList","@id":"https:\/\/www.confagricoltura.org\/piacenza\/agriturist-confagricoltura-cicloturismo-in-forte-crescita\/#breadcrumb","itemListElement":[{"@type":"ListItem","position":1,"name":"Home","item":"https:\/\/www.confagricoltura.org\/piacenza\/"},{"@type":"ListItem","position":2,"name":"Agriturist (Confagricoltura): cicloturismo in forte crescita"}]},{"@type":"WebSite","@id":"https:\/\/www.confagricoltura.org\/piacenza\/#website","url":"https:\/\/www.confagricoltura.org\/piacenza\/","name":"Confagricoltura Piacenza","description":"Dalla parte degli Agricoltori","potentialAction":[{"@type":"SearchAction","target":{"@type":"EntryPoint","urlTemplate":"https:\/\/www.confagricoltura.org\/piacenza\/?s={search_term_string}"},"query-input":{"@type":"PropertyValueSpecification","valueRequired":true,"valueName":"search_term_string"}}],"inLanguage":"it-IT"},{"@type":"Person","@id":"https:\/\/www.confagricoltura.org\/piacenza\/#\/schema\/person\/be5da25a3117fea4b3bfec9dba09b5e8","name":"confagricolturapiacenza","image":{"@type":"ImageObject","inLanguage":"it-IT","@id":"https:\/\/www.confagricoltura.org\/piacenza\/#\/schema\/person\/image\/","url":"https:\/\/secure.gravatar.com\/avatar\/9c5f111e417171581853bd0a3ff892ca?s=96&d=mm&r=g","contentUrl":"https:\/\/secure.gravatar.com\/avatar\/9c5f111e417171581853bd0a3ff892ca?s=96&d=mm&r=g","caption":"confagricolturapiacenza"},"url":"https:\/\/www.confagricoltura.org\/piacenza\/author\/confagricolturapiacenza\/"}]}},"_links":{"self":[{"href":"https:\/\/www.confagricoltura.org\/piacenza\/wp-json\/wp\/v2\/posts\/4616","targetHints":{"allow":["GET"]}}],"collection":[{"href":"https:\/\/www.confagricoltura.org\/piacenza\/wp-json\/wp\/v2\/posts"}],"about":[{"href":"https:\/\/www.confagricoltura.org\/piacenza\/wp-json\/wp\/v2\/types\/post"}],"author":[{"embeddable":true,"href":"https:\/\/www.confagricoltura.org\/piacenza\/wp-json\/wp\/v2\/users\/6"}],"replies":[{"embeddable":true,"href":"https:\/\/www.confagricoltura.org\/piacenza\/wp-json\/wp\/v2\/comments?post=4616"}],"version-history":[{"count":1,"href":"https:\/\/www.confagricoltura.org\/piacenza\/wp-json\/wp\/v2\/posts\/4616\/revisions"}],"predecessor-version":[{"id":4617,"href":"https:\/\/www.confagricoltura.org\/piacenza\/wp-json\/wp\/v2\/posts\/4616\/revisions\/4617"}],"wp:featuredmedia":[{"embeddable":true,"href":"https:\/\/www.confagricoltura.org\/piacenza\/wp-json\/wp\/v2\/media\/4420"}],"wp:attachment":[{"href":"https:\/\/www.confagricoltura.org\/piacenza\/wp-json\/wp\/v2\/media?parent=4616"}],"wp:term":[{"taxonomy":"category","embeddable":true,"href":"https:\/\/www.confagricoltura.org\/piacenza\/wp-json\/wp\/v2\/categories?post=4616"},{"taxonomy":"post_tag","embeddable":true,"href":"https:\/\/www.confagricoltura.org\/piacenza\/wp-json\/wp\/v2\/tags?post=4616"}],"curies":[{"name":"wp","href":"https:\/\/api.w.org\/{rel}","templated":true}]}}