{"id":4542,"date":"2024-03-14T09:19:48","date_gmt":"2024-03-14T08:19:48","guid":{"rendered":"https:\/\/www.confagricoltura.org\/piacenza\/?p=4542"},"modified":"2024-03-14T09:41:56","modified_gmt":"2024-03-14T08:41:56","slug":"direttiva-sulle-emissioni-industriali-non-previene-ne-riduce-le-emissioni","status":"publish","type":"post","link":"https:\/\/www.confagricoltura.org\/piacenza\/direttiva-sulle-emissioni-industriali-non-previene-ne-riduce-le-emissioni\/","title":{"rendered":"Direttiva sulle emissioni industriali: non previene n\u00e9 riduce le emissioni"},"content":{"rendered":"<p>Non \u00e8 valsa a molto la manifestazione pacifica organizzata dal Copa-Cogeca davanti al Parlamento europeo a Strasburgo. Il presidio, a cui ha preso parte anche la delegazione di Confagricoltura, ha esternato il proprio disaccordo verso alcune delle votazioni che si sono svolte il 12 marzo, in sessione plenaria, al Palazzo d\u2019Europa, in particolare quella sulle emissioni industriali (IED \u2013 industrial emission directive). Confagricoltura, insieme al Copa-Cogeca, contesta il voto del Parlamento che ha confermato la decisione del trilogo inserendo l\u2019agricoltura tra i settori industriali e abbassando le soglie per l\u2019applicazione dell\u2019AIA (autorizzazione di impatto ambientale) per le aziende avicole e suinicole.<\/p>\n<p>Finora erano soggetti all\u2019AIA solo due tipi di allevamento: quelli di pollame con potenzialit\u00e0 produttiva massima superiore a 40mila posti e quelli di suini con potenzialit\u00e0 produttiva massima superiore a 2mila posti da produzione (di oltre 30 kg) o 750 posti scrofe. Quando entrer\u00e0 in vigore la direttiva appena approvata, verranno dimezzate le soglie a partire dalle quali \u00e8 richiesta l\u2019autorizzazione integrata ambientale (AIA).<\/p>\n<p>\u201cL\u2019esito \u00e8 fortemente negativo per le nostre aziende. La misura nasceva con l\u2019intento di prevenire e ridurre le emissioni del settore industriale. Obiettivo che questa direttiva, per come \u00e8 stata pensata, non potr\u00e0 raggiungere. Il risultato \u00e8 un ulteriore carico burocratico per le nostre imprese agricole le quali, invece, chiedono da tempo uno snellimento degli impegni amministrativi che frenano la produttivit\u00e0. Gli agricoltori sono i primi custodi della natura, ma con queste modalit\u00e0 si ostacola la loro competitivit\u00e0 e capacit\u00e0 di impresa, senza benefici per la tutela ambientale\u201d ha commentato Cristina Tinelli, Direttrice Relazioni UE e internazionali di Confagricoltura. A rappresentare la Confederazione alla manifestazione erano presenti anche Rudy Milani, Presidente FNP suini Confagricoltura, Davide Berta, Vicepresidente FNP suini Confagricoltura, Simone Menesello, Presidente FNP avicunicola Confagricoltura e Mauro Zanotti, Vicepresidente FNP avicunicola Confagricoltura.<\/p>\n<p>\u201c7 voti hanno minato le speranze degli agricoltori europei &#8211; commenta Marco Casagrande direttore di Confagricoltura Piacenza -. Mentre le decisioni del trilogo sono normalmente ampiamente convalidate, se 7 eurodeputati avessero spostato il loro voto per sostenere una serie finale di emendamenti, la direttiva IED avrebbe avuto la possibilit\u00e0 di essere finalmente resa ragionevole per tutti i modelli agricoli. Giusto per essere precisi \u2013 incalza Casagrande &#8211; dei nostri eurodeputati hanno votato contro gli emendamenti (quindi esprimendo voto favorevole) 8 dei Cinque stelle (oltre ad uno assente), 12 deputati del Pd (oltre a 4 assenti) e, senza alcuna sorpresa, 3 dei Verdi\u201d.<\/p>\n<p>Con 306 voti favorevoli e 293 contrari, il Parlamento europeo ha dunque deciso di non validare gli emendamenti del testo risultanti dal compromesso del trilogo, inviando un segnale storico ai tradizionali settori produttivi europei.<\/p>\n<p>La palla ora passa alla Commissione europea e agli Stati membri per un\u2019attuazione e un finanziamento pi\u00f9 strutturati delle disposizioni. Di fronte a questa situazione senza precedenti e nel caos, la Commissione europea, per voce del commissario Virginijus Sinkevi\u010dius, si \u00e8 gi\u00e0 impegnata formalmente davanti alla plenaria europea affinch\u00e9 la revisione del 2026 vada verso una scissione della direttiva in due diversi strumenti legislativi, l\u2019agricoltura da una parte e l\u2019industria dall\u2019altra. Inoltre, la Commissione Europea \u00e8 impegnata nella valutazione di un nuovo approccio riguardo ai prodotti importati e nella ricerca di finanziamenti adeguati a garantire la transizione. \u201cQueste disposizioni avrebbero dovuto essere incluse nel testo fin dall&#8217;inizio \u2013 rimarca Casagrande \u2013. L&#8217;esito finale del voto sulla direttiva sulle emissioni industriali \u00e8 particolarmente deludente perch\u00e9 il testo risultante \u00e8 ingiusto nei confronti di migliaia di allevamenti. Ad ogni modo, non smetteremo di chiedere un radicale cambio di approccio da parte dell\u2019Unione Europea nei confronti delle nostre imprese agricole. Nei momenti della protesta \u2013 conclude Casagrande &#8211; e anche nelle recenti occasioni di confronto, abbiamo assistito ad un andirivieni di esponenti politici che si dichiaravano pronti a recepire le nostre istanze, salvo poi, in pochi giorni, assistere a questa ratifica e a quella della legge sul ripristino della natura. Un messaggio quantomeno dissonante. L\u2019invito che rivolgiamo a ciascuno, dunque, \u00e8 di non sprecare l\u2019occasione delle prossime elezioni per mandare un segnale chiaro\u201d.<\/p>\n","protected":false},"excerpt":{"rendered":"<p>Casagrande (Confagricoltura Piacenza): un altro danno alla produttivit\u00e0 delle imprese<\/p>\n","protected":false},"author":6,"featured_media":4543,"comment_status":"closed","ping_status":"closed","sticky":false,"template":"","format":"standard","meta":{"wp_mapbox_gl_js_media":[],"footnotes":""},"categories":[4,9],"tags":[],"class_list":["post-4542","post","type-post","status-publish","format-standard","has-post-thumbnail","hentry","category-news","category-territorio-ambiente"],"yoast_head":"<!-- This site is optimized with the Yoast SEO plugin v26.8 - https:\/\/yoast.com\/product\/yoast-seo-wordpress\/ -->\n<title>Direttiva sulle emissioni industriali: non previene n\u00e9 riduce le emissioni - Confagricoltura Piacenza<\/title>\n<meta name=\"robots\" content=\"index, follow, max-snippet:-1, max-image-preview:large, max-video-preview:-1\" \/>\n<link rel=\"canonical\" href=\"https:\/\/www.confagricoltura.org\/piacenza\/direttiva-sulle-emissioni-industriali-non-previene-ne-riduce-le-emissioni\/\" \/>\n<meta property=\"og:locale\" content=\"it_IT\" \/>\n<meta property=\"og:type\" content=\"article\" \/>\n<meta property=\"og:title\" content=\"Direttiva sulle emissioni industriali: non previene n\u00e9 riduce le emissioni - Confagricoltura Piacenza\" \/>\n<meta property=\"og:description\" content=\"Casagrande (Confagricoltura Piacenza): un altro danno alla produttivit\u00e0 delle imprese\" \/>\n<meta property=\"og:url\" content=\"https:\/\/www.confagricoltura.org\/piacenza\/direttiva-sulle-emissioni-industriali-non-previene-ne-riduce-le-emissioni\/\" \/>\n<meta property=\"og:site_name\" content=\"Confagricoltura Piacenza\" \/>\n<meta property=\"article:published_time\" content=\"2024-03-14T08:19:48+00:00\" \/>\n<meta property=\"article:modified_time\" content=\"2024-03-14T08:41:56+00:00\" \/>\n<meta property=\"og:image\" content=\"https:\/\/www.confagricoltura.org\/piacenza\/wp-content\/uploads\/sites\/11\/2024\/03\/1_Marco-Casagrande.jpg\" \/>\n\t<meta property=\"og:image:width\" content=\"1157\" \/>\n\t<meta property=\"og:image:height\" content=\"1009\" \/>\n\t<meta property=\"og:image:type\" content=\"image\/jpeg\" \/>\n<meta name=\"author\" content=\"confagricolturapiacenza\" \/>\n<meta name=\"twitter:card\" content=\"summary_large_image\" \/>\n<meta name=\"twitter:label1\" content=\"Scritto da\" \/>\n\t<meta name=\"twitter:data1\" content=\"confagricolturapiacenza\" \/>\n\t<meta name=\"twitter:label2\" content=\"Tempo di lettura stimato\" \/>\n\t<meta name=\"twitter:data2\" content=\"4 minuti\" \/>\n<script type=\"application\/ld+json\" class=\"yoast-schema-graph\">{\"@context\":\"https:\/\/schema.org\",\"@graph\":[{\"@type\":\"Article\",\"@id\":\"https:\/\/www.confagricoltura.org\/piacenza\/direttiva-sulle-emissioni-industriali-non-previene-ne-riduce-le-emissioni\/#article\",\"isPartOf\":{\"@id\":\"https:\/\/www.confagricoltura.org\/piacenza\/direttiva-sulle-emissioni-industriali-non-previene-ne-riduce-le-emissioni\/\"},\"author\":{\"name\":\"confagricolturapiacenza\",\"@id\":\"https:\/\/www.confagricoltura.org\/piacenza\/#\/schema\/person\/be5da25a3117fea4b3bfec9dba09b5e8\"},\"headline\":\"Direttiva sulle emissioni industriali: non previene n\u00e9 riduce le emissioni\",\"datePublished\":\"2024-03-14T08:19:48+00:00\",\"dateModified\":\"2024-03-14T08:41:56+00:00\",\"mainEntityOfPage\":{\"@id\":\"https:\/\/www.confagricoltura.org\/piacenza\/direttiva-sulle-emissioni-industriali-non-previene-ne-riduce-le-emissioni\/\"},\"wordCount\":665,\"image\":{\"@id\":\"https:\/\/www.confagricoltura.org\/piacenza\/direttiva-sulle-emissioni-industriali-non-previene-ne-riduce-le-emissioni\/#primaryimage\"},\"thumbnailUrl\":\"https:\/\/www.confagricoltura.org\/piacenza\/wp-content\/uploads\/sites\/11\/2024\/03\/1_Marco-Casagrande.jpg\",\"articleSection\":[\"News\",\"Territorio e Ambiente\"],\"inLanguage\":\"it-IT\"},{\"@type\":\"WebPage\",\"@id\":\"https:\/\/www.confagricoltura.org\/piacenza\/direttiva-sulle-emissioni-industriali-non-previene-ne-riduce-le-emissioni\/\",\"url\":\"https:\/\/www.confagricoltura.org\/piacenza\/direttiva-sulle-emissioni-industriali-non-previene-ne-riduce-le-emissioni\/\",\"name\":\"Direttiva sulle emissioni industriali: non previene n\u00e9 riduce le emissioni - Confagricoltura Piacenza\",\"isPartOf\":{\"@id\":\"https:\/\/www.confagricoltura.org\/piacenza\/#website\"},\"primaryImageOfPage\":{\"@id\":\"https:\/\/www.confagricoltura.org\/piacenza\/direttiva-sulle-emissioni-industriali-non-previene-ne-riduce-le-emissioni\/#primaryimage\"},\"image\":{\"@id\":\"https:\/\/www.confagricoltura.org\/piacenza\/direttiva-sulle-emissioni-industriali-non-previene-ne-riduce-le-emissioni\/#primaryimage\"},\"thumbnailUrl\":\"https:\/\/www.confagricoltura.org\/piacenza\/wp-content\/uploads\/sites\/11\/2024\/03\/1_Marco-Casagrande.jpg\",\"datePublished\":\"2024-03-14T08:19:48+00:00\",\"dateModified\":\"2024-03-14T08:41:56+00:00\",\"author\":{\"@id\":\"https:\/\/www.confagricoltura.org\/piacenza\/#\/schema\/person\/be5da25a3117fea4b3bfec9dba09b5e8\"},\"breadcrumb\":{\"@id\":\"https:\/\/www.confagricoltura.org\/piacenza\/direttiva-sulle-emissioni-industriali-non-previene-ne-riduce-le-emissioni\/#breadcrumb\"},\"inLanguage\":\"it-IT\",\"potentialAction\":[{\"@type\":\"ReadAction\",\"target\":[\"https:\/\/www.confagricoltura.org\/piacenza\/direttiva-sulle-emissioni-industriali-non-previene-ne-riduce-le-emissioni\/\"]}]},{\"@type\":\"ImageObject\",\"inLanguage\":\"it-IT\",\"@id\":\"https:\/\/www.confagricoltura.org\/piacenza\/direttiva-sulle-emissioni-industriali-non-previene-ne-riduce-le-emissioni\/#primaryimage\",\"url\":\"https:\/\/www.confagricoltura.org\/piacenza\/wp-content\/uploads\/sites\/11\/2024\/03\/1_Marco-Casagrande.jpg\",\"contentUrl\":\"https:\/\/www.confagricoltura.org\/piacenza\/wp-content\/uploads\/sites\/11\/2024\/03\/1_Marco-Casagrande.jpg\",\"width\":1157,\"height\":1009},{\"@type\":\"BreadcrumbList\",\"@id\":\"https:\/\/www.confagricoltura.org\/piacenza\/direttiva-sulle-emissioni-industriali-non-previene-ne-riduce-le-emissioni\/#breadcrumb\",\"itemListElement\":[{\"@type\":\"ListItem\",\"position\":1,\"name\":\"Home\",\"item\":\"https:\/\/www.confagricoltura.org\/piacenza\/\"},{\"@type\":\"ListItem\",\"position\":2,\"name\":\"Direttiva sulle emissioni industriali: non previene n\u00e9 riduce le emissioni\"}]},{\"@type\":\"WebSite\",\"@id\":\"https:\/\/www.confagricoltura.org\/piacenza\/#website\",\"url\":\"https:\/\/www.confagricoltura.org\/piacenza\/\",\"name\":\"Confagricoltura Piacenza\",\"description\":\"Dalla parte degli Agricoltori\",\"potentialAction\":[{\"@type\":\"SearchAction\",\"target\":{\"@type\":\"EntryPoint\",\"urlTemplate\":\"https:\/\/www.confagricoltura.org\/piacenza\/?s={search_term_string}\"},\"query-input\":{\"@type\":\"PropertyValueSpecification\",\"valueRequired\":true,\"valueName\":\"search_term_string\"}}],\"inLanguage\":\"it-IT\"},{\"@type\":\"Person\",\"@id\":\"https:\/\/www.confagricoltura.org\/piacenza\/#\/schema\/person\/be5da25a3117fea4b3bfec9dba09b5e8\",\"name\":\"confagricolturapiacenza\",\"image\":{\"@type\":\"ImageObject\",\"inLanguage\":\"it-IT\",\"@id\":\"https:\/\/www.confagricoltura.org\/piacenza\/#\/schema\/person\/image\/\",\"url\":\"https:\/\/secure.gravatar.com\/avatar\/9c5f111e417171581853bd0a3ff892ca?s=96&d=mm&r=g\",\"contentUrl\":\"https:\/\/secure.gravatar.com\/avatar\/9c5f111e417171581853bd0a3ff892ca?s=96&d=mm&r=g\",\"caption\":\"confagricolturapiacenza\"},\"url\":\"https:\/\/www.confagricoltura.org\/piacenza\/author\/confagricolturapiacenza\/\"}]}<\/script>\n<!-- \/ Yoast SEO plugin. -->","yoast_head_json":{"title":"Direttiva sulle emissioni industriali: non previene n\u00e9 riduce le emissioni - Confagricoltura Piacenza","robots":{"index":"index","follow":"follow","max-snippet":"max-snippet:-1","max-image-preview":"max-image-preview:large","max-video-preview":"max-video-preview:-1"},"canonical":"https:\/\/www.confagricoltura.org\/piacenza\/direttiva-sulle-emissioni-industriali-non-previene-ne-riduce-le-emissioni\/","og_locale":"it_IT","og_type":"article","og_title":"Direttiva sulle emissioni industriali: non previene n\u00e9 riduce le emissioni - Confagricoltura Piacenza","og_description":"Casagrande (Confagricoltura Piacenza): un altro danno alla produttivit\u00e0 delle imprese","og_url":"https:\/\/www.confagricoltura.org\/piacenza\/direttiva-sulle-emissioni-industriali-non-previene-ne-riduce-le-emissioni\/","og_site_name":"Confagricoltura Piacenza","article_published_time":"2024-03-14T08:19:48+00:00","article_modified_time":"2024-03-14T08:41:56+00:00","og_image":[{"width":1157,"height":1009,"url":"https:\/\/www.confagricoltura.org\/piacenza\/wp-content\/uploads\/sites\/11\/2024\/03\/1_Marco-Casagrande.jpg","type":"image\/jpeg"}],"author":"confagricolturapiacenza","twitter_card":"summary_large_image","twitter_misc":{"Scritto da":"confagricolturapiacenza","Tempo di lettura stimato":"4 minuti"},"schema":{"@context":"https:\/\/schema.org","@graph":[{"@type":"Article","@id":"https:\/\/www.confagricoltura.org\/piacenza\/direttiva-sulle-emissioni-industriali-non-previene-ne-riduce-le-emissioni\/#article","isPartOf":{"@id":"https:\/\/www.confagricoltura.org\/piacenza\/direttiva-sulle-emissioni-industriali-non-previene-ne-riduce-le-emissioni\/"},"author":{"name":"confagricolturapiacenza","@id":"https:\/\/www.confagricoltura.org\/piacenza\/#\/schema\/person\/be5da25a3117fea4b3bfec9dba09b5e8"},"headline":"Direttiva sulle emissioni industriali: non previene n\u00e9 riduce le emissioni","datePublished":"2024-03-14T08:19:48+00:00","dateModified":"2024-03-14T08:41:56+00:00","mainEntityOfPage":{"@id":"https:\/\/www.confagricoltura.org\/piacenza\/direttiva-sulle-emissioni-industriali-non-previene-ne-riduce-le-emissioni\/"},"wordCount":665,"image":{"@id":"https:\/\/www.confagricoltura.org\/piacenza\/direttiva-sulle-emissioni-industriali-non-previene-ne-riduce-le-emissioni\/#primaryimage"},"thumbnailUrl":"https:\/\/www.confagricoltura.org\/piacenza\/wp-content\/uploads\/sites\/11\/2024\/03\/1_Marco-Casagrande.jpg","articleSection":["News","Territorio e Ambiente"],"inLanguage":"it-IT"},{"@type":"WebPage","@id":"https:\/\/www.confagricoltura.org\/piacenza\/direttiva-sulle-emissioni-industriali-non-previene-ne-riduce-le-emissioni\/","url":"https:\/\/www.confagricoltura.org\/piacenza\/direttiva-sulle-emissioni-industriali-non-previene-ne-riduce-le-emissioni\/","name":"Direttiva sulle emissioni industriali: non previene n\u00e9 riduce le emissioni - Confagricoltura Piacenza","isPartOf":{"@id":"https:\/\/www.confagricoltura.org\/piacenza\/#website"},"primaryImageOfPage":{"@id":"https:\/\/www.confagricoltura.org\/piacenza\/direttiva-sulle-emissioni-industriali-non-previene-ne-riduce-le-emissioni\/#primaryimage"},"image":{"@id":"https:\/\/www.confagricoltura.org\/piacenza\/direttiva-sulle-emissioni-industriali-non-previene-ne-riduce-le-emissioni\/#primaryimage"},"thumbnailUrl":"https:\/\/www.confagricoltura.org\/piacenza\/wp-content\/uploads\/sites\/11\/2024\/03\/1_Marco-Casagrande.jpg","datePublished":"2024-03-14T08:19:48+00:00","dateModified":"2024-03-14T08:41:56+00:00","author":{"@id":"https:\/\/www.confagricoltura.org\/piacenza\/#\/schema\/person\/be5da25a3117fea4b3bfec9dba09b5e8"},"breadcrumb":{"@id":"https:\/\/www.confagricoltura.org\/piacenza\/direttiva-sulle-emissioni-industriali-non-previene-ne-riduce-le-emissioni\/#breadcrumb"},"inLanguage":"it-IT","potentialAction":[{"@type":"ReadAction","target":["https:\/\/www.confagricoltura.org\/piacenza\/direttiva-sulle-emissioni-industriali-non-previene-ne-riduce-le-emissioni\/"]}]},{"@type":"ImageObject","inLanguage":"it-IT","@id":"https:\/\/www.confagricoltura.org\/piacenza\/direttiva-sulle-emissioni-industriali-non-previene-ne-riduce-le-emissioni\/#primaryimage","url":"https:\/\/www.confagricoltura.org\/piacenza\/wp-content\/uploads\/sites\/11\/2024\/03\/1_Marco-Casagrande.jpg","contentUrl":"https:\/\/www.confagricoltura.org\/piacenza\/wp-content\/uploads\/sites\/11\/2024\/03\/1_Marco-Casagrande.jpg","width":1157,"height":1009},{"@type":"BreadcrumbList","@id":"https:\/\/www.confagricoltura.org\/piacenza\/direttiva-sulle-emissioni-industriali-non-previene-ne-riduce-le-emissioni\/#breadcrumb","itemListElement":[{"@type":"ListItem","position":1,"name":"Home","item":"https:\/\/www.confagricoltura.org\/piacenza\/"},{"@type":"ListItem","position":2,"name":"Direttiva sulle emissioni industriali: non previene n\u00e9 riduce le emissioni"}]},{"@type":"WebSite","@id":"https:\/\/www.confagricoltura.org\/piacenza\/#website","url":"https:\/\/www.confagricoltura.org\/piacenza\/","name":"Confagricoltura Piacenza","description":"Dalla parte degli Agricoltori","potentialAction":[{"@type":"SearchAction","target":{"@type":"EntryPoint","urlTemplate":"https:\/\/www.confagricoltura.org\/piacenza\/?s={search_term_string}"},"query-input":{"@type":"PropertyValueSpecification","valueRequired":true,"valueName":"search_term_string"}}],"inLanguage":"it-IT"},{"@type":"Person","@id":"https:\/\/www.confagricoltura.org\/piacenza\/#\/schema\/person\/be5da25a3117fea4b3bfec9dba09b5e8","name":"confagricolturapiacenza","image":{"@type":"ImageObject","inLanguage":"it-IT","@id":"https:\/\/www.confagricoltura.org\/piacenza\/#\/schema\/person\/image\/","url":"https:\/\/secure.gravatar.com\/avatar\/9c5f111e417171581853bd0a3ff892ca?s=96&d=mm&r=g","contentUrl":"https:\/\/secure.gravatar.com\/avatar\/9c5f111e417171581853bd0a3ff892ca?s=96&d=mm&r=g","caption":"confagricolturapiacenza"},"url":"https:\/\/www.confagricoltura.org\/piacenza\/author\/confagricolturapiacenza\/"}]}},"_links":{"self":[{"href":"https:\/\/www.confagricoltura.org\/piacenza\/wp-json\/wp\/v2\/posts\/4542","targetHints":{"allow":["GET"]}}],"collection":[{"href":"https:\/\/www.confagricoltura.org\/piacenza\/wp-json\/wp\/v2\/posts"}],"about":[{"href":"https:\/\/www.confagricoltura.org\/piacenza\/wp-json\/wp\/v2\/types\/post"}],"author":[{"embeddable":true,"href":"https:\/\/www.confagricoltura.org\/piacenza\/wp-json\/wp\/v2\/users\/6"}],"replies":[{"embeddable":true,"href":"https:\/\/www.confagricoltura.org\/piacenza\/wp-json\/wp\/v2\/comments?post=4542"}],"version-history":[{"count":4,"href":"https:\/\/www.confagricoltura.org\/piacenza\/wp-json\/wp\/v2\/posts\/4542\/revisions"}],"predecessor-version":[{"id":4547,"href":"https:\/\/www.confagricoltura.org\/piacenza\/wp-json\/wp\/v2\/posts\/4542\/revisions\/4547"}],"wp:featuredmedia":[{"embeddable":true,"href":"https:\/\/www.confagricoltura.org\/piacenza\/wp-json\/wp\/v2\/media\/4543"}],"wp:attachment":[{"href":"https:\/\/www.confagricoltura.org\/piacenza\/wp-json\/wp\/v2\/media?parent=4542"}],"wp:term":[{"taxonomy":"category","embeddable":true,"href":"https:\/\/www.confagricoltura.org\/piacenza\/wp-json\/wp\/v2\/categories?post=4542"},{"taxonomy":"post_tag","embeddable":true,"href":"https:\/\/www.confagricoltura.org\/piacenza\/wp-json\/wp\/v2\/tags?post=4542"}],"curies":[{"name":"wp","href":"https:\/\/api.w.org\/{rel}","templated":true}]}}