{"id":4526,"date":"2024-03-04T11:42:38","date_gmt":"2024-03-04T10:42:38","guid":{"rendered":"https:\/\/www.confagricoltura.org\/piacenza\/?p=4526"},"modified":"2024-03-11T11:44:56","modified_gmt":"2024-03-11T10:44:56","slug":"alla-scuola-dellinfanzia-santeufemia-cresce-un-piccolo-filare-di-viti","status":"publish","type":"post","link":"https:\/\/www.confagricoltura.org\/piacenza\/alla-scuola-dellinfanzia-santeufemia-cresce-un-piccolo-filare-di-viti\/","title":{"rendered":"Alla scuola dell\u2019Infanzia Sant\u2019Eufemia cresce un piccolo filare di viti"},"content":{"rendered":"<p>In pieno centro a Piacenza c\u2019\u00e8 un minuscolo filare di viti che sta crescendo per soddisfare la curiosit\u00e0 e la voglia di imparare e sperimentare dei bambini della scuola dell\u2019infanzia Sant\u2019Eufemia.\u00a0 Protagonisti del progetto sono i bimbi della sezione Delfini (quelli di quattro anni) che chiacchierando tra loro hanno scoperto che il pap\u00e0 di Giovanni fa il vino. Giovanni ha raccontato ai suoi amichetti cosa accadeva in vigneto e in cantina e la curiosit\u00e0 \u00e8 cresciuta.<\/p>\n<p>Cos\u00ec il pap\u00e0, Cristian Galvani, produttore vitivinicolo associato a Confagricoltura Piacenza, si \u00e8 reso disponibile per realizzare un progetto didattico subito battezzato \u201cLe nostre viti\u201d e ha portato due barbatelle di vite da tavola. Con i bambini e le insegnanti ha individuato il posto giusto in giardino e le ha messe a dimora. I bambini se ne stanno prendendo cura e fanno i turni per tenere pulita l\u2019area e per annaffiare. In autunno, Cristian ha fornito alla classe una bella cassetta d\u2019uva, i bimbi hanno schiacciato gli acini con le mani, hanno filtrato il succo e assaggiato sperimentando dunque anche una prima fase di spremitura. I piccoli hanno osservato: \u201cla buccia \u00e8 nera e dura ma l\u2019acino \u00e8 rosa, come il succo che \u00e8 dolcissimo\u201d.\u00a0 \u201cIn generale \u00e8 stato gradito da tutti, qualcuno ne \u00e8 risultato proprio goloso\u201d hanno ricordato le insegnanti. Pap\u00e0 Cristian ha spiegato che ci vogliono due anni perch\u00e9 una piantina inizi a dare i primi frutti, per\u00f2 intanto le barbatelle hanno messo i primi germogli e nei giorni scorsi \u00e8 tornato a scuola, in classe ha ripercorso le varie tappe di sviluppo del vigneto, aiutato da una nuova barbatella, che i bimbi hanno guardato e toccato e da fotografie e disegni che le maestre hanno proiettato. Intervistati, i bimbi, si ricordavano tutti i passaggi, poi sono andati in giardino accompagnati dalla dirigente scolastica Simona Fornasari e dalle insegnanti Valentina Mulazzi e Agnese Nicolini a controllare le piantine. \u201cDobbiamo fare in modo di non farle cadere\u201d hanno notato. \u201cNella figura in classe c\u2019erano dei fili a cui agganciarle!\u201d. \u201cGiusto!\u00a0 \u2013 ha detto Cristian \u2013 Infatti oggi piantiamo i pali e tiriamo i fili.\u201d e sotto agli sguardi interessati dei piccoli si \u00e8 messo al lavoro con i materiali donati al progetto dalla Prefabbricati Valtidone di Trevozzo. \u201cEcco qui! \u2013 ha poi detto mostrando il lavoro \u2013 da oggi avete un piccolo filare. Mi raccomando prendetevene cura cos\u00ec le vostre viti cresceranno bene e tra un paio d\u2019anni ci sar\u00e0 l\u2019uva da mangiare in giardino. Grazie, bimbi per questo impegno!\u201d.<\/p>\n<p>Prima di tornare in classe il gruppo si \u00e8 dato appuntamento tra qualche mese per l\u2019avanzamento lavori. Tutti soddisfatti dunque, a partire dai pi\u00f9 piccoli che hanno anche ricevuto in dono anche fogli con disegnata l\u2019uva da colorare e pennarelli.<\/p>\n<p>Il piccolo Giovanni, che gi\u00e0 pare aver deciso di voler proseguire il lavoro del pap\u00e0, sar\u00e0 la quinta generazione a condurre l\u2019azienda di famiglia che si sviluppa su 12.5 ettari di vigneto tra le colline di Trevozzo.<\/p>\n<p>\u201c\u00c8 importante che i bambini attivino e mantengano il contatto con la natura \u2013 ha commentato soddisfatto l\u2019imprenditore agricolo &#8211; ne apprendano, ritmi, cicli e insegnamenti. Con le insegnanti abbiamo subito colto l\u2019occasione fornita dalla loro naturale curiosit\u00e0 per realizzare questo progetto che \u00e8 piccolo, ma di grande soddisfazione\u201d.<\/p>\n<p>La dirigente Fornasari spiega: \u201cIn questi ultimi anni l\u2019attivit\u00e0 outdoor \u00e8 stata inserita in misura sempre maggiore nella nostra offerta formativa, in un continuo dialogo tra ci\u00f2 che i bambini sperimentano all\u2019interno e all\u2019esterno della scuola. Le nostre docenti sono in formazione ed aggiornamento continui rispetto alle metodologie didattiche utilizzate, quindi, grazie al loro impegno e alle loro competenze, pur trovandoci in una struttura inserita nel pieno centro storico della citt\u00e0, \u00e8 stato possibile implementare le attivit\u00e0 didattiche all\u2019esterno, che consentono ai bambini di esplorare e sperimentare in piena autonomia ci\u00f2 che a loro offrono gli spazi a loro disposizione, Ringraziamo quindi il Signor Galvani per la preziosa opportunit\u00e0 di offrire ai bambini un piccolo angolo di vigneto\u201d.<\/p>\n","protected":false},"excerpt":{"rendered":"<p>Con pap\u00e0 Cristian Galvani, associato di Confagricoltura Piacenza, i bimbi imparano a prendersene cura<\/p>\n","protected":false},"author":6,"featured_media":4527,"comment_status":"closed","ping_status":"closed","sticky":false,"template":"","format":"standard","meta":{"wp_mapbox_gl_js_media":[],"footnotes":""},"categories":[4,16],"tags":[],"class_list":["post-4526","post","type-post","status-publish","format-standard","has-post-thumbnail","hentry","category-news","category-settore-vitivinicolo"],"yoast_head":"<!-- This site is optimized with the Yoast SEO plugin v26.8 - https:\/\/yoast.com\/product\/yoast-seo-wordpress\/ -->\n<title>Alla scuola dell\u2019Infanzia Sant\u2019Eufemia cresce un piccolo filare di viti - Confagricoltura Piacenza<\/title>\n<meta name=\"robots\" content=\"index, follow, max-snippet:-1, max-image-preview:large, max-video-preview:-1\" \/>\n<link rel=\"canonical\" href=\"https:\/\/www.confagricoltura.org\/piacenza\/alla-scuola-dellinfanzia-santeufemia-cresce-un-piccolo-filare-di-viti\/\" \/>\n<meta property=\"og:locale\" content=\"it_IT\" \/>\n<meta property=\"og:type\" content=\"article\" \/>\n<meta property=\"og:title\" content=\"Alla scuola dell\u2019Infanzia Sant\u2019Eufemia cresce un piccolo filare di viti - Confagricoltura Piacenza\" \/>\n<meta property=\"og:description\" content=\"Con pap\u00e0 Cristian Galvani, associato di Confagricoltura Piacenza, i bimbi imparano a prendersene cura\" \/>\n<meta property=\"og:url\" content=\"https:\/\/www.confagricoltura.org\/piacenza\/alla-scuola-dellinfanzia-santeufemia-cresce-un-piccolo-filare-di-viti\/\" \/>\n<meta property=\"og:site_name\" content=\"Confagricoltura Piacenza\" \/>\n<meta property=\"article:published_time\" content=\"2024-03-04T10:42:38+00:00\" \/>\n<meta property=\"article:modified_time\" content=\"2024-03-11T10:44:56+00:00\" \/>\n<meta property=\"og:image\" content=\"https:\/\/www.confagricoltura.org\/piacenza\/wp-content\/uploads\/sites\/11\/2024\/03\/EUFEMIA.jpg\" \/>\n\t<meta property=\"og:image:width\" content=\"1099\" \/>\n\t<meta property=\"og:image:height\" content=\"824\" \/>\n\t<meta property=\"og:image:type\" content=\"image\/jpeg\" \/>\n<meta name=\"author\" content=\"confagricolturapiacenza\" \/>\n<meta name=\"twitter:card\" content=\"summary_large_image\" \/>\n<meta name=\"twitter:label1\" content=\"Scritto da\" \/>\n\t<meta name=\"twitter:data1\" content=\"confagricolturapiacenza\" \/>\n\t<meta name=\"twitter:label2\" content=\"Tempo di lettura stimato\" \/>\n\t<meta name=\"twitter:data2\" content=\"4 minuti\" \/>\n<script type=\"application\/ld+json\" class=\"yoast-schema-graph\">{\"@context\":\"https:\/\/schema.org\",\"@graph\":[{\"@type\":\"Article\",\"@id\":\"https:\/\/www.confagricoltura.org\/piacenza\/alla-scuola-dellinfanzia-santeufemia-cresce-un-piccolo-filare-di-viti\/#article\",\"isPartOf\":{\"@id\":\"https:\/\/www.confagricoltura.org\/piacenza\/alla-scuola-dellinfanzia-santeufemia-cresce-un-piccolo-filare-di-viti\/\"},\"author\":{\"name\":\"confagricolturapiacenza\",\"@id\":\"https:\/\/www.confagricoltura.org\/piacenza\/#\/schema\/person\/be5da25a3117fea4b3bfec9dba09b5e8\"},\"headline\":\"Alla scuola dell\u2019Infanzia Sant\u2019Eufemia cresce un piccolo filare di viti\",\"datePublished\":\"2024-03-04T10:42:38+00:00\",\"dateModified\":\"2024-03-11T10:44:56+00:00\",\"mainEntityOfPage\":{\"@id\":\"https:\/\/www.confagricoltura.org\/piacenza\/alla-scuola-dellinfanzia-santeufemia-cresce-un-piccolo-filare-di-viti\/\"},\"wordCount\":671,\"image\":{\"@id\":\"https:\/\/www.confagricoltura.org\/piacenza\/alla-scuola-dellinfanzia-santeufemia-cresce-un-piccolo-filare-di-viti\/#primaryimage\"},\"thumbnailUrl\":\"https:\/\/www.confagricoltura.org\/piacenza\/wp-content\/uploads\/sites\/11\/2024\/03\/EUFEMIA.jpg\",\"articleSection\":[\"News\",\"Settore vitivinicolo\"],\"inLanguage\":\"it-IT\"},{\"@type\":\"WebPage\",\"@id\":\"https:\/\/www.confagricoltura.org\/piacenza\/alla-scuola-dellinfanzia-santeufemia-cresce-un-piccolo-filare-di-viti\/\",\"url\":\"https:\/\/www.confagricoltura.org\/piacenza\/alla-scuola-dellinfanzia-santeufemia-cresce-un-piccolo-filare-di-viti\/\",\"name\":\"Alla scuola dell\u2019Infanzia Sant\u2019Eufemia cresce un piccolo filare di viti - Confagricoltura Piacenza\",\"isPartOf\":{\"@id\":\"https:\/\/www.confagricoltura.org\/piacenza\/#website\"},\"primaryImageOfPage\":{\"@id\":\"https:\/\/www.confagricoltura.org\/piacenza\/alla-scuola-dellinfanzia-santeufemia-cresce-un-piccolo-filare-di-viti\/#primaryimage\"},\"image\":{\"@id\":\"https:\/\/www.confagricoltura.org\/piacenza\/alla-scuola-dellinfanzia-santeufemia-cresce-un-piccolo-filare-di-viti\/#primaryimage\"},\"thumbnailUrl\":\"https:\/\/www.confagricoltura.org\/piacenza\/wp-content\/uploads\/sites\/11\/2024\/03\/EUFEMIA.jpg\",\"datePublished\":\"2024-03-04T10:42:38+00:00\",\"dateModified\":\"2024-03-11T10:44:56+00:00\",\"author\":{\"@id\":\"https:\/\/www.confagricoltura.org\/piacenza\/#\/schema\/person\/be5da25a3117fea4b3bfec9dba09b5e8\"},\"breadcrumb\":{\"@id\":\"https:\/\/www.confagricoltura.org\/piacenza\/alla-scuola-dellinfanzia-santeufemia-cresce-un-piccolo-filare-di-viti\/#breadcrumb\"},\"inLanguage\":\"it-IT\",\"potentialAction\":[{\"@type\":\"ReadAction\",\"target\":[\"https:\/\/www.confagricoltura.org\/piacenza\/alla-scuola-dellinfanzia-santeufemia-cresce-un-piccolo-filare-di-viti\/\"]}]},{\"@type\":\"ImageObject\",\"inLanguage\":\"it-IT\",\"@id\":\"https:\/\/www.confagricoltura.org\/piacenza\/alla-scuola-dellinfanzia-santeufemia-cresce-un-piccolo-filare-di-viti\/#primaryimage\",\"url\":\"https:\/\/www.confagricoltura.org\/piacenza\/wp-content\/uploads\/sites\/11\/2024\/03\/EUFEMIA.jpg\",\"contentUrl\":\"https:\/\/www.confagricoltura.org\/piacenza\/wp-content\/uploads\/sites\/11\/2024\/03\/EUFEMIA.jpg\",\"width\":1099,\"height\":824},{\"@type\":\"BreadcrumbList\",\"@id\":\"https:\/\/www.confagricoltura.org\/piacenza\/alla-scuola-dellinfanzia-santeufemia-cresce-un-piccolo-filare-di-viti\/#breadcrumb\",\"itemListElement\":[{\"@type\":\"ListItem\",\"position\":1,\"name\":\"Home\",\"item\":\"https:\/\/www.confagricoltura.org\/piacenza\/\"},{\"@type\":\"ListItem\",\"position\":2,\"name\":\"Alla scuola dell\u2019Infanzia Sant\u2019Eufemia cresce un piccolo filare di viti\"}]},{\"@type\":\"WebSite\",\"@id\":\"https:\/\/www.confagricoltura.org\/piacenza\/#website\",\"url\":\"https:\/\/www.confagricoltura.org\/piacenza\/\",\"name\":\"Confagricoltura Piacenza\",\"description\":\"Dalla parte degli Agricoltori\",\"potentialAction\":[{\"@type\":\"SearchAction\",\"target\":{\"@type\":\"EntryPoint\",\"urlTemplate\":\"https:\/\/www.confagricoltura.org\/piacenza\/?s={search_term_string}\"},\"query-input\":{\"@type\":\"PropertyValueSpecification\",\"valueRequired\":true,\"valueName\":\"search_term_string\"}}],\"inLanguage\":\"it-IT\"},{\"@type\":\"Person\",\"@id\":\"https:\/\/www.confagricoltura.org\/piacenza\/#\/schema\/person\/be5da25a3117fea4b3bfec9dba09b5e8\",\"name\":\"confagricolturapiacenza\",\"image\":{\"@type\":\"ImageObject\",\"inLanguage\":\"it-IT\",\"@id\":\"https:\/\/www.confagricoltura.org\/piacenza\/#\/schema\/person\/image\/\",\"url\":\"https:\/\/secure.gravatar.com\/avatar\/9c5f111e417171581853bd0a3ff892ca?s=96&d=mm&r=g\",\"contentUrl\":\"https:\/\/secure.gravatar.com\/avatar\/9c5f111e417171581853bd0a3ff892ca?s=96&d=mm&r=g\",\"caption\":\"confagricolturapiacenza\"},\"url\":\"https:\/\/www.confagricoltura.org\/piacenza\/author\/confagricolturapiacenza\/\"}]}<\/script>\n<!-- \/ Yoast SEO plugin. -->","yoast_head_json":{"title":"Alla scuola dell\u2019Infanzia Sant\u2019Eufemia cresce un piccolo filare di viti - Confagricoltura Piacenza","robots":{"index":"index","follow":"follow","max-snippet":"max-snippet:-1","max-image-preview":"max-image-preview:large","max-video-preview":"max-video-preview:-1"},"canonical":"https:\/\/www.confagricoltura.org\/piacenza\/alla-scuola-dellinfanzia-santeufemia-cresce-un-piccolo-filare-di-viti\/","og_locale":"it_IT","og_type":"article","og_title":"Alla scuola dell\u2019Infanzia Sant\u2019Eufemia cresce un piccolo filare di viti - Confagricoltura Piacenza","og_description":"Con pap\u00e0 Cristian Galvani, associato di Confagricoltura Piacenza, i bimbi imparano a prendersene cura","og_url":"https:\/\/www.confagricoltura.org\/piacenza\/alla-scuola-dellinfanzia-santeufemia-cresce-un-piccolo-filare-di-viti\/","og_site_name":"Confagricoltura Piacenza","article_published_time":"2024-03-04T10:42:38+00:00","article_modified_time":"2024-03-11T10:44:56+00:00","og_image":[{"width":1099,"height":824,"url":"https:\/\/www.confagricoltura.org\/piacenza\/wp-content\/uploads\/sites\/11\/2024\/03\/EUFEMIA.jpg","type":"image\/jpeg"}],"author":"confagricolturapiacenza","twitter_card":"summary_large_image","twitter_misc":{"Scritto da":"confagricolturapiacenza","Tempo di lettura stimato":"4 minuti"},"schema":{"@context":"https:\/\/schema.org","@graph":[{"@type":"Article","@id":"https:\/\/www.confagricoltura.org\/piacenza\/alla-scuola-dellinfanzia-santeufemia-cresce-un-piccolo-filare-di-viti\/#article","isPartOf":{"@id":"https:\/\/www.confagricoltura.org\/piacenza\/alla-scuola-dellinfanzia-santeufemia-cresce-un-piccolo-filare-di-viti\/"},"author":{"name":"confagricolturapiacenza","@id":"https:\/\/www.confagricoltura.org\/piacenza\/#\/schema\/person\/be5da25a3117fea4b3bfec9dba09b5e8"},"headline":"Alla scuola dell\u2019Infanzia Sant\u2019Eufemia cresce un piccolo filare di viti","datePublished":"2024-03-04T10:42:38+00:00","dateModified":"2024-03-11T10:44:56+00:00","mainEntityOfPage":{"@id":"https:\/\/www.confagricoltura.org\/piacenza\/alla-scuola-dellinfanzia-santeufemia-cresce-un-piccolo-filare-di-viti\/"},"wordCount":671,"image":{"@id":"https:\/\/www.confagricoltura.org\/piacenza\/alla-scuola-dellinfanzia-santeufemia-cresce-un-piccolo-filare-di-viti\/#primaryimage"},"thumbnailUrl":"https:\/\/www.confagricoltura.org\/piacenza\/wp-content\/uploads\/sites\/11\/2024\/03\/EUFEMIA.jpg","articleSection":["News","Settore vitivinicolo"],"inLanguage":"it-IT"},{"@type":"WebPage","@id":"https:\/\/www.confagricoltura.org\/piacenza\/alla-scuola-dellinfanzia-santeufemia-cresce-un-piccolo-filare-di-viti\/","url":"https:\/\/www.confagricoltura.org\/piacenza\/alla-scuola-dellinfanzia-santeufemia-cresce-un-piccolo-filare-di-viti\/","name":"Alla scuola dell\u2019Infanzia Sant\u2019Eufemia cresce un piccolo filare di viti - Confagricoltura Piacenza","isPartOf":{"@id":"https:\/\/www.confagricoltura.org\/piacenza\/#website"},"primaryImageOfPage":{"@id":"https:\/\/www.confagricoltura.org\/piacenza\/alla-scuola-dellinfanzia-santeufemia-cresce-un-piccolo-filare-di-viti\/#primaryimage"},"image":{"@id":"https:\/\/www.confagricoltura.org\/piacenza\/alla-scuola-dellinfanzia-santeufemia-cresce-un-piccolo-filare-di-viti\/#primaryimage"},"thumbnailUrl":"https:\/\/www.confagricoltura.org\/piacenza\/wp-content\/uploads\/sites\/11\/2024\/03\/EUFEMIA.jpg","datePublished":"2024-03-04T10:42:38+00:00","dateModified":"2024-03-11T10:44:56+00:00","author":{"@id":"https:\/\/www.confagricoltura.org\/piacenza\/#\/schema\/person\/be5da25a3117fea4b3bfec9dba09b5e8"},"breadcrumb":{"@id":"https:\/\/www.confagricoltura.org\/piacenza\/alla-scuola-dellinfanzia-santeufemia-cresce-un-piccolo-filare-di-viti\/#breadcrumb"},"inLanguage":"it-IT","potentialAction":[{"@type":"ReadAction","target":["https:\/\/www.confagricoltura.org\/piacenza\/alla-scuola-dellinfanzia-santeufemia-cresce-un-piccolo-filare-di-viti\/"]}]},{"@type":"ImageObject","inLanguage":"it-IT","@id":"https:\/\/www.confagricoltura.org\/piacenza\/alla-scuola-dellinfanzia-santeufemia-cresce-un-piccolo-filare-di-viti\/#primaryimage","url":"https:\/\/www.confagricoltura.org\/piacenza\/wp-content\/uploads\/sites\/11\/2024\/03\/EUFEMIA.jpg","contentUrl":"https:\/\/www.confagricoltura.org\/piacenza\/wp-content\/uploads\/sites\/11\/2024\/03\/EUFEMIA.jpg","width":1099,"height":824},{"@type":"BreadcrumbList","@id":"https:\/\/www.confagricoltura.org\/piacenza\/alla-scuola-dellinfanzia-santeufemia-cresce-un-piccolo-filare-di-viti\/#breadcrumb","itemListElement":[{"@type":"ListItem","position":1,"name":"Home","item":"https:\/\/www.confagricoltura.org\/piacenza\/"},{"@type":"ListItem","position":2,"name":"Alla scuola dell\u2019Infanzia Sant\u2019Eufemia cresce un piccolo filare di viti"}]},{"@type":"WebSite","@id":"https:\/\/www.confagricoltura.org\/piacenza\/#website","url":"https:\/\/www.confagricoltura.org\/piacenza\/","name":"Confagricoltura Piacenza","description":"Dalla parte degli Agricoltori","potentialAction":[{"@type":"SearchAction","target":{"@type":"EntryPoint","urlTemplate":"https:\/\/www.confagricoltura.org\/piacenza\/?s={search_term_string}"},"query-input":{"@type":"PropertyValueSpecification","valueRequired":true,"valueName":"search_term_string"}}],"inLanguage":"it-IT"},{"@type":"Person","@id":"https:\/\/www.confagricoltura.org\/piacenza\/#\/schema\/person\/be5da25a3117fea4b3bfec9dba09b5e8","name":"confagricolturapiacenza","image":{"@type":"ImageObject","inLanguage":"it-IT","@id":"https:\/\/www.confagricoltura.org\/piacenza\/#\/schema\/person\/image\/","url":"https:\/\/secure.gravatar.com\/avatar\/9c5f111e417171581853bd0a3ff892ca?s=96&d=mm&r=g","contentUrl":"https:\/\/secure.gravatar.com\/avatar\/9c5f111e417171581853bd0a3ff892ca?s=96&d=mm&r=g","caption":"confagricolturapiacenza"},"url":"https:\/\/www.confagricoltura.org\/piacenza\/author\/confagricolturapiacenza\/"}]}},"_links":{"self":[{"href":"https:\/\/www.confagricoltura.org\/piacenza\/wp-json\/wp\/v2\/posts\/4526","targetHints":{"allow":["GET"]}}],"collection":[{"href":"https:\/\/www.confagricoltura.org\/piacenza\/wp-json\/wp\/v2\/posts"}],"about":[{"href":"https:\/\/www.confagricoltura.org\/piacenza\/wp-json\/wp\/v2\/types\/post"}],"author":[{"embeddable":true,"href":"https:\/\/www.confagricoltura.org\/piacenza\/wp-json\/wp\/v2\/users\/6"}],"replies":[{"embeddable":true,"href":"https:\/\/www.confagricoltura.org\/piacenza\/wp-json\/wp\/v2\/comments?post=4526"}],"version-history":[{"count":1,"href":"https:\/\/www.confagricoltura.org\/piacenza\/wp-json\/wp\/v2\/posts\/4526\/revisions"}],"predecessor-version":[{"id":4528,"href":"https:\/\/www.confagricoltura.org\/piacenza\/wp-json\/wp\/v2\/posts\/4526\/revisions\/4528"}],"wp:featuredmedia":[{"embeddable":true,"href":"https:\/\/www.confagricoltura.org\/piacenza\/wp-json\/wp\/v2\/media\/4527"}],"wp:attachment":[{"href":"https:\/\/www.confagricoltura.org\/piacenza\/wp-json\/wp\/v2\/media?parent=4526"}],"wp:term":[{"taxonomy":"category","embeddable":true,"href":"https:\/\/www.confagricoltura.org\/piacenza\/wp-json\/wp\/v2\/categories?post=4526"},{"taxonomy":"post_tag","embeddable":true,"href":"https:\/\/www.confagricoltura.org\/piacenza\/wp-json\/wp\/v2\/tags?post=4526"}],"curies":[{"name":"wp","href":"https:\/\/api.w.org\/{rel}","templated":true}]}}