{"id":4494,"date":"2024-02-08T12:06:13","date_gmt":"2024-02-08T11:06:13","guid":{"rendered":"https:\/\/www.confagricoltura.org\/piacenza\/?p=4494"},"modified":"2024-03-01T12:09:58","modified_gmt":"2024-03-01T11:09:58","slug":"acqua-con-la-concentrazione-dei-fenomeni-meteorologici-e-strategico-costruire-invasi","status":"publish","type":"post","link":"https:\/\/www.confagricoltura.org\/piacenza\/acqua-con-la-concentrazione-dei-fenomeni-meteorologici-e-strategico-costruire-invasi\/","title":{"rendered":"Acqua: con la concentrazione dei fenomeni meteorologici \u00e8 strategico costruire invasi"},"content":{"rendered":"<p>l\u2019Italia sta diventando un Paese povero di acqua e dobbiamo imparare dai Paesi che, avendo poca acqua, hanno fatto molta pi\u00f9 squadra fra le istituzioni\u201d, lo ha affermato alla 116^ Fieragricola di Verona il commissario straordinario nazionale per l\u2019emergenza idrica, Nicola DELL\u2019ACQUA, protagonista la settimana scorsa del convegno \u201cl\u2019agricoltura nel clima che cambia: acqua, agronomia, allevamento animale, scenari di adattamento al cambiamento climatico\u201d. \u201cDobbiamo invasare pi\u00f9 acqua, costruendo nuovi invasi e riparando la rete perch\u00e9 non perda, e poi fare politiche anche per la ricarica degli acquiferi\u201d, ha raccomandato il commissario che ha affidato il suo pensiero anche a un comunicato stampa. Fondamentale \u2013 per Dell\u2019Acqua \u2013 anche il ruolo degli agricoltori, che sono gi\u00e0 oggi protagonisti attivi di una gestione sostenibile delle risorse idriche: \u201cgli agricoltori stanno gi\u00e0 risparmiando acqua \u2013 ha riconosciuto il commissario straordinario -. servono per\u00f2 pianificazioni e serve tempo, perch\u00e9 non si pu\u00f2 chiedere all\u2019agricoltura di risparmiare il 50% di acqua o chiedere agli agricoltori di cambiare le colture del Paese\u201d.<\/p>\n<p>\u201cUn plauso e un grazie al commissario che ha il coraggio e la trasparenza di affermare una posizione razionale, ragionevole, ma tuttavia impopolare in questa strana nazione. Cose che le istituzioni faticano ad esplicitare, e che come Confagricoltura non solo affermiamo da tempo, ma che vorremmo anche vedere attuate\u201d \u2013 cos\u00ec la componente di giunta nazionale di Confagricoltura, la piacentina Giovanna Parmigiani \u2013 che interviene sul tema della gestione della risorsa idrica.<\/p>\n<p>\u201cCon la concentrazione dei fenomeni piovosi, che fanno seguire a periodi siccitosi piogge di breve durata e di grande intensit\u00e0, \u00e8 strategico costruire invasi per garantire sicurezza, grazie alla capacit\u00e0 di laminazione di queste infrastrutture e dotare al contempo il territorio delle riserve d\u2019acqua necessarie tanto all\u2019agricoltura quanto agli usi civili. Ruolo che i bacini del nostro territorio hanno gi\u00e0 avuto modo di esercitare a vantaggio di una buona parte della popolazione in occasione delle estati siccitose come quella del 2022. Auspichiamo \u2013 conclude Parmigiani \u2013 che, con tutti gli step necessari, si arrivi alla realizzazione delle infrastrutture che chiediamo per porre fine ad una serie sempre pi\u00f9 frequente di emergenze annunciate\u201d.<\/p>\n","protected":false},"excerpt":{"rendered":"<p>Parmigiani: plauso al commissario Dell\u2019Acqua, si avvii la progettazione per evitare emergenze annunciate<\/p>\n","protected":false},"author":6,"featured_media":4495,"comment_status":"closed","ping_status":"closed","sticky":false,"template":"","format":"standard","meta":{"wp_mapbox_gl_js_media":[],"footnotes":""},"categories":[21,4,9],"tags":[],"class_list":["post-4494","post","type-post","status-publish","format-standard","has-post-thumbnail","hentry","category-eventi","category-news","category-territorio-ambiente"],"yoast_head":"<!-- This site is optimized with the Yoast SEO plugin v26.8 - https:\/\/yoast.com\/product\/yoast-seo-wordpress\/ -->\n<title>Acqua: con la concentrazione dei fenomeni meteorologici \u00e8 strategico costruire invasi - Confagricoltura Piacenza<\/title>\n<meta name=\"robots\" content=\"index, follow, max-snippet:-1, max-image-preview:large, max-video-preview:-1\" \/>\n<link rel=\"canonical\" href=\"https:\/\/www.confagricoltura.org\/piacenza\/acqua-con-la-concentrazione-dei-fenomeni-meteorologici-e-strategico-costruire-invasi\/\" \/>\n<meta property=\"og:locale\" content=\"it_IT\" \/>\n<meta property=\"og:type\" content=\"article\" \/>\n<meta property=\"og:title\" content=\"Acqua: con la concentrazione dei fenomeni meteorologici \u00e8 strategico costruire invasi - Confagricoltura Piacenza\" \/>\n<meta property=\"og:description\" content=\"Parmigiani: plauso al commissario Dell\u2019Acqua, si avvii la progettazione per evitare emergenze annunciate\" \/>\n<meta property=\"og:url\" content=\"https:\/\/www.confagricoltura.org\/piacenza\/acqua-con-la-concentrazione-dei-fenomeni-meteorologici-e-strategico-costruire-invasi\/\" \/>\n<meta property=\"og:site_name\" content=\"Confagricoltura Piacenza\" \/>\n<meta property=\"article:published_time\" content=\"2024-02-08T11:06:13+00:00\" \/>\n<meta property=\"article:modified_time\" content=\"2024-03-01T11:09:58+00:00\" \/>\n<meta property=\"og:image\" content=\"https:\/\/www.confagricoltura.org\/piacenza\/wp-content\/uploads\/sites\/11\/2024\/03\/1_Z06_4602-scaled.jpg\" \/>\n\t<meta property=\"og:image:width\" content=\"1703\" \/>\n\t<meta property=\"og:image:height\" content=\"2560\" \/>\n\t<meta property=\"og:image:type\" content=\"image\/jpeg\" \/>\n<meta name=\"author\" content=\"confagricolturapiacenza\" \/>\n<meta name=\"twitter:card\" content=\"summary_large_image\" \/>\n<meta name=\"twitter:label1\" content=\"Scritto da\" \/>\n\t<meta name=\"twitter:data1\" content=\"confagricolturapiacenza\" \/>\n\t<meta name=\"twitter:label2\" content=\"Tempo di lettura stimato\" \/>\n\t<meta name=\"twitter:data2\" content=\"3 minuti\" \/>\n<script type=\"application\/ld+json\" class=\"yoast-schema-graph\">{\"@context\":\"https:\/\/schema.org\",\"@graph\":[{\"@type\":\"Article\",\"@id\":\"https:\/\/www.confagricoltura.org\/piacenza\/acqua-con-la-concentrazione-dei-fenomeni-meteorologici-e-strategico-costruire-invasi\/#article\",\"isPartOf\":{\"@id\":\"https:\/\/www.confagricoltura.org\/piacenza\/acqua-con-la-concentrazione-dei-fenomeni-meteorologici-e-strategico-costruire-invasi\/\"},\"author\":{\"name\":\"confagricolturapiacenza\",\"@id\":\"https:\/\/www.confagricoltura.org\/piacenza\/#\/schema\/person\/be5da25a3117fea4b3bfec9dba09b5e8\"},\"headline\":\"Acqua: con la concentrazione dei fenomeni meteorologici \u00e8 strategico costruire invasi\",\"datePublished\":\"2024-02-08T11:06:13+00:00\",\"dateModified\":\"2024-03-01T11:09:58+00:00\",\"mainEntityOfPage\":{\"@id\":\"https:\/\/www.confagricoltura.org\/piacenza\/acqua-con-la-concentrazione-dei-fenomeni-meteorologici-e-strategico-costruire-invasi\/\"},\"wordCount\":357,\"image\":{\"@id\":\"https:\/\/www.confagricoltura.org\/piacenza\/acqua-con-la-concentrazione-dei-fenomeni-meteorologici-e-strategico-costruire-invasi\/#primaryimage\"},\"thumbnailUrl\":\"https:\/\/www.confagricoltura.org\/piacenza\/wp-content\/uploads\/sites\/11\/2024\/03\/1_Z06_4602-scaled.jpg\",\"articleSection\":[\"Eventi\",\"News\",\"Territorio e Ambiente\"],\"inLanguage\":\"it-IT\"},{\"@type\":\"WebPage\",\"@id\":\"https:\/\/www.confagricoltura.org\/piacenza\/acqua-con-la-concentrazione-dei-fenomeni-meteorologici-e-strategico-costruire-invasi\/\",\"url\":\"https:\/\/www.confagricoltura.org\/piacenza\/acqua-con-la-concentrazione-dei-fenomeni-meteorologici-e-strategico-costruire-invasi\/\",\"name\":\"Acqua: con la concentrazione dei fenomeni meteorologici \u00e8 strategico costruire invasi - Confagricoltura Piacenza\",\"isPartOf\":{\"@id\":\"https:\/\/www.confagricoltura.org\/piacenza\/#website\"},\"primaryImageOfPage\":{\"@id\":\"https:\/\/www.confagricoltura.org\/piacenza\/acqua-con-la-concentrazione-dei-fenomeni-meteorologici-e-strategico-costruire-invasi\/#primaryimage\"},\"image\":{\"@id\":\"https:\/\/www.confagricoltura.org\/piacenza\/acqua-con-la-concentrazione-dei-fenomeni-meteorologici-e-strategico-costruire-invasi\/#primaryimage\"},\"thumbnailUrl\":\"https:\/\/www.confagricoltura.org\/piacenza\/wp-content\/uploads\/sites\/11\/2024\/03\/1_Z06_4602-scaled.jpg\",\"datePublished\":\"2024-02-08T11:06:13+00:00\",\"dateModified\":\"2024-03-01T11:09:58+00:00\",\"author\":{\"@id\":\"https:\/\/www.confagricoltura.org\/piacenza\/#\/schema\/person\/be5da25a3117fea4b3bfec9dba09b5e8\"},\"breadcrumb\":{\"@id\":\"https:\/\/www.confagricoltura.org\/piacenza\/acqua-con-la-concentrazione-dei-fenomeni-meteorologici-e-strategico-costruire-invasi\/#breadcrumb\"},\"inLanguage\":\"it-IT\",\"potentialAction\":[{\"@type\":\"ReadAction\",\"target\":[\"https:\/\/www.confagricoltura.org\/piacenza\/acqua-con-la-concentrazione-dei-fenomeni-meteorologici-e-strategico-costruire-invasi\/\"]}]},{\"@type\":\"ImageObject\",\"inLanguage\":\"it-IT\",\"@id\":\"https:\/\/www.confagricoltura.org\/piacenza\/acqua-con-la-concentrazione-dei-fenomeni-meteorologici-e-strategico-costruire-invasi\/#primaryimage\",\"url\":\"https:\/\/www.confagricoltura.org\/piacenza\/wp-content\/uploads\/sites\/11\/2024\/03\/1_Z06_4602-scaled.jpg\",\"contentUrl\":\"https:\/\/www.confagricoltura.org\/piacenza\/wp-content\/uploads\/sites\/11\/2024\/03\/1_Z06_4602-scaled.jpg\",\"width\":1703,\"height\":2560},{\"@type\":\"BreadcrumbList\",\"@id\":\"https:\/\/www.confagricoltura.org\/piacenza\/acqua-con-la-concentrazione-dei-fenomeni-meteorologici-e-strategico-costruire-invasi\/#breadcrumb\",\"itemListElement\":[{\"@type\":\"ListItem\",\"position\":1,\"name\":\"Home\",\"item\":\"https:\/\/www.confagricoltura.org\/piacenza\/\"},{\"@type\":\"ListItem\",\"position\":2,\"name\":\"Acqua: con la concentrazione dei fenomeni meteorologici \u00e8 strategico costruire invasi\"}]},{\"@type\":\"WebSite\",\"@id\":\"https:\/\/www.confagricoltura.org\/piacenza\/#website\",\"url\":\"https:\/\/www.confagricoltura.org\/piacenza\/\",\"name\":\"Confagricoltura Piacenza\",\"description\":\"Dalla parte degli Agricoltori\",\"potentialAction\":[{\"@type\":\"SearchAction\",\"target\":{\"@type\":\"EntryPoint\",\"urlTemplate\":\"https:\/\/www.confagricoltura.org\/piacenza\/?s={search_term_string}\"},\"query-input\":{\"@type\":\"PropertyValueSpecification\",\"valueRequired\":true,\"valueName\":\"search_term_string\"}}],\"inLanguage\":\"it-IT\"},{\"@type\":\"Person\",\"@id\":\"https:\/\/www.confagricoltura.org\/piacenza\/#\/schema\/person\/be5da25a3117fea4b3bfec9dba09b5e8\",\"name\":\"confagricolturapiacenza\",\"image\":{\"@type\":\"ImageObject\",\"inLanguage\":\"it-IT\",\"@id\":\"https:\/\/www.confagricoltura.org\/piacenza\/#\/schema\/person\/image\/\",\"url\":\"https:\/\/secure.gravatar.com\/avatar\/9c5f111e417171581853bd0a3ff892ca?s=96&d=mm&r=g\",\"contentUrl\":\"https:\/\/secure.gravatar.com\/avatar\/9c5f111e417171581853bd0a3ff892ca?s=96&d=mm&r=g\",\"caption\":\"confagricolturapiacenza\"},\"url\":\"https:\/\/www.confagricoltura.org\/piacenza\/author\/confagricolturapiacenza\/\"}]}<\/script>\n<!-- \/ Yoast SEO plugin. -->","yoast_head_json":{"title":"Acqua: con la concentrazione dei fenomeni meteorologici \u00e8 strategico costruire invasi - Confagricoltura Piacenza","robots":{"index":"index","follow":"follow","max-snippet":"max-snippet:-1","max-image-preview":"max-image-preview:large","max-video-preview":"max-video-preview:-1"},"canonical":"https:\/\/www.confagricoltura.org\/piacenza\/acqua-con-la-concentrazione-dei-fenomeni-meteorologici-e-strategico-costruire-invasi\/","og_locale":"it_IT","og_type":"article","og_title":"Acqua: con la concentrazione dei fenomeni meteorologici \u00e8 strategico costruire invasi - Confagricoltura Piacenza","og_description":"Parmigiani: plauso al commissario Dell\u2019Acqua, si avvii la progettazione per evitare emergenze annunciate","og_url":"https:\/\/www.confagricoltura.org\/piacenza\/acqua-con-la-concentrazione-dei-fenomeni-meteorologici-e-strategico-costruire-invasi\/","og_site_name":"Confagricoltura Piacenza","article_published_time":"2024-02-08T11:06:13+00:00","article_modified_time":"2024-03-01T11:09:58+00:00","og_image":[{"width":1703,"height":2560,"url":"https:\/\/www.confagricoltura.org\/piacenza\/wp-content\/uploads\/sites\/11\/2024\/03\/1_Z06_4602-scaled.jpg","type":"image\/jpeg"}],"author":"confagricolturapiacenza","twitter_card":"summary_large_image","twitter_misc":{"Scritto da":"confagricolturapiacenza","Tempo di lettura stimato":"3 minuti"},"schema":{"@context":"https:\/\/schema.org","@graph":[{"@type":"Article","@id":"https:\/\/www.confagricoltura.org\/piacenza\/acqua-con-la-concentrazione-dei-fenomeni-meteorologici-e-strategico-costruire-invasi\/#article","isPartOf":{"@id":"https:\/\/www.confagricoltura.org\/piacenza\/acqua-con-la-concentrazione-dei-fenomeni-meteorologici-e-strategico-costruire-invasi\/"},"author":{"name":"confagricolturapiacenza","@id":"https:\/\/www.confagricoltura.org\/piacenza\/#\/schema\/person\/be5da25a3117fea4b3bfec9dba09b5e8"},"headline":"Acqua: con la concentrazione dei fenomeni meteorologici \u00e8 strategico costruire invasi","datePublished":"2024-02-08T11:06:13+00:00","dateModified":"2024-03-01T11:09:58+00:00","mainEntityOfPage":{"@id":"https:\/\/www.confagricoltura.org\/piacenza\/acqua-con-la-concentrazione-dei-fenomeni-meteorologici-e-strategico-costruire-invasi\/"},"wordCount":357,"image":{"@id":"https:\/\/www.confagricoltura.org\/piacenza\/acqua-con-la-concentrazione-dei-fenomeni-meteorologici-e-strategico-costruire-invasi\/#primaryimage"},"thumbnailUrl":"https:\/\/www.confagricoltura.org\/piacenza\/wp-content\/uploads\/sites\/11\/2024\/03\/1_Z06_4602-scaled.jpg","articleSection":["Eventi","News","Territorio e Ambiente"],"inLanguage":"it-IT"},{"@type":"WebPage","@id":"https:\/\/www.confagricoltura.org\/piacenza\/acqua-con-la-concentrazione-dei-fenomeni-meteorologici-e-strategico-costruire-invasi\/","url":"https:\/\/www.confagricoltura.org\/piacenza\/acqua-con-la-concentrazione-dei-fenomeni-meteorologici-e-strategico-costruire-invasi\/","name":"Acqua: con la concentrazione dei fenomeni meteorologici \u00e8 strategico costruire invasi - Confagricoltura Piacenza","isPartOf":{"@id":"https:\/\/www.confagricoltura.org\/piacenza\/#website"},"primaryImageOfPage":{"@id":"https:\/\/www.confagricoltura.org\/piacenza\/acqua-con-la-concentrazione-dei-fenomeni-meteorologici-e-strategico-costruire-invasi\/#primaryimage"},"image":{"@id":"https:\/\/www.confagricoltura.org\/piacenza\/acqua-con-la-concentrazione-dei-fenomeni-meteorologici-e-strategico-costruire-invasi\/#primaryimage"},"thumbnailUrl":"https:\/\/www.confagricoltura.org\/piacenza\/wp-content\/uploads\/sites\/11\/2024\/03\/1_Z06_4602-scaled.jpg","datePublished":"2024-02-08T11:06:13+00:00","dateModified":"2024-03-01T11:09:58+00:00","author":{"@id":"https:\/\/www.confagricoltura.org\/piacenza\/#\/schema\/person\/be5da25a3117fea4b3bfec9dba09b5e8"},"breadcrumb":{"@id":"https:\/\/www.confagricoltura.org\/piacenza\/acqua-con-la-concentrazione-dei-fenomeni-meteorologici-e-strategico-costruire-invasi\/#breadcrumb"},"inLanguage":"it-IT","potentialAction":[{"@type":"ReadAction","target":["https:\/\/www.confagricoltura.org\/piacenza\/acqua-con-la-concentrazione-dei-fenomeni-meteorologici-e-strategico-costruire-invasi\/"]}]},{"@type":"ImageObject","inLanguage":"it-IT","@id":"https:\/\/www.confagricoltura.org\/piacenza\/acqua-con-la-concentrazione-dei-fenomeni-meteorologici-e-strategico-costruire-invasi\/#primaryimage","url":"https:\/\/www.confagricoltura.org\/piacenza\/wp-content\/uploads\/sites\/11\/2024\/03\/1_Z06_4602-scaled.jpg","contentUrl":"https:\/\/www.confagricoltura.org\/piacenza\/wp-content\/uploads\/sites\/11\/2024\/03\/1_Z06_4602-scaled.jpg","width":1703,"height":2560},{"@type":"BreadcrumbList","@id":"https:\/\/www.confagricoltura.org\/piacenza\/acqua-con-la-concentrazione-dei-fenomeni-meteorologici-e-strategico-costruire-invasi\/#breadcrumb","itemListElement":[{"@type":"ListItem","position":1,"name":"Home","item":"https:\/\/www.confagricoltura.org\/piacenza\/"},{"@type":"ListItem","position":2,"name":"Acqua: con la concentrazione dei fenomeni meteorologici \u00e8 strategico costruire invasi"}]},{"@type":"WebSite","@id":"https:\/\/www.confagricoltura.org\/piacenza\/#website","url":"https:\/\/www.confagricoltura.org\/piacenza\/","name":"Confagricoltura Piacenza","description":"Dalla parte degli Agricoltori","potentialAction":[{"@type":"SearchAction","target":{"@type":"EntryPoint","urlTemplate":"https:\/\/www.confagricoltura.org\/piacenza\/?s={search_term_string}"},"query-input":{"@type":"PropertyValueSpecification","valueRequired":true,"valueName":"search_term_string"}}],"inLanguage":"it-IT"},{"@type":"Person","@id":"https:\/\/www.confagricoltura.org\/piacenza\/#\/schema\/person\/be5da25a3117fea4b3bfec9dba09b5e8","name":"confagricolturapiacenza","image":{"@type":"ImageObject","inLanguage":"it-IT","@id":"https:\/\/www.confagricoltura.org\/piacenza\/#\/schema\/person\/image\/","url":"https:\/\/secure.gravatar.com\/avatar\/9c5f111e417171581853bd0a3ff892ca?s=96&d=mm&r=g","contentUrl":"https:\/\/secure.gravatar.com\/avatar\/9c5f111e417171581853bd0a3ff892ca?s=96&d=mm&r=g","caption":"confagricolturapiacenza"},"url":"https:\/\/www.confagricoltura.org\/piacenza\/author\/confagricolturapiacenza\/"}]}},"_links":{"self":[{"href":"https:\/\/www.confagricoltura.org\/piacenza\/wp-json\/wp\/v2\/posts\/4494","targetHints":{"allow":["GET"]}}],"collection":[{"href":"https:\/\/www.confagricoltura.org\/piacenza\/wp-json\/wp\/v2\/posts"}],"about":[{"href":"https:\/\/www.confagricoltura.org\/piacenza\/wp-json\/wp\/v2\/types\/post"}],"author":[{"embeddable":true,"href":"https:\/\/www.confagricoltura.org\/piacenza\/wp-json\/wp\/v2\/users\/6"}],"replies":[{"embeddable":true,"href":"https:\/\/www.confagricoltura.org\/piacenza\/wp-json\/wp\/v2\/comments?post=4494"}],"version-history":[{"count":1,"href":"https:\/\/www.confagricoltura.org\/piacenza\/wp-json\/wp\/v2\/posts\/4494\/revisions"}],"predecessor-version":[{"id":4496,"href":"https:\/\/www.confagricoltura.org\/piacenza\/wp-json\/wp\/v2\/posts\/4494\/revisions\/4496"}],"wp:featuredmedia":[{"embeddable":true,"href":"https:\/\/www.confagricoltura.org\/piacenza\/wp-json\/wp\/v2\/media\/4495"}],"wp:attachment":[{"href":"https:\/\/www.confagricoltura.org\/piacenza\/wp-json\/wp\/v2\/media?parent=4494"}],"wp:term":[{"taxonomy":"category","embeddable":true,"href":"https:\/\/www.confagricoltura.org\/piacenza\/wp-json\/wp\/v2\/categories?post=4494"},{"taxonomy":"post_tag","embeddable":true,"href":"https:\/\/www.confagricoltura.org\/piacenza\/wp-json\/wp\/v2\/tags?post=4494"}],"curies":[{"name":"wp","href":"https:\/\/api.w.org\/{rel}","templated":true}]}}