{"id":4470,"date":"2024-01-30T17:50:49","date_gmt":"2024-01-30T16:50:49","guid":{"rendered":"https:\/\/www.confagricoltura.org\/piacenza\/?p=4470"},"modified":"2024-01-31T17:52:26","modified_gmt":"2024-01-31T16:52:26","slug":"confagricoltura-piacenza-i-lupi-tornano-a-fare-strage-in-stalla","status":"publish","type":"post","link":"https:\/\/www.confagricoltura.org\/piacenza\/confagricoltura-piacenza-i-lupi-tornano-a-fare-strage-in-stalla\/","title":{"rendered":"Confagricoltura Piacenza: i lupi tornano a fare strage in stalla"},"content":{"rendered":"<p>L\u2019esasperazione \u00e8 palpabile, lo denuncia Confagricoltura Piacenza che riceve notizia dal proprio associato Angelo Bozzi di predazioni da parte dei lupi direttamente in stalla. Purtroppo non \u00e8 il primo caso e certamente non sar\u00e0 l\u2019ultimo. Sono passati meno di tre mesi da fatti analoghi avvenuti nell\u2019azienda Il Chioso a Campremoldo Sotto. Nel giro di poche settimane, nella stalla della Societ\u00e0 Agricola Bozzi Angelo, Enrico e Gianpaolo, a Castelnovo Val Tidone (nel comune di Borgonovo) sono state aggredite due vacche, morte per le ferite. Mancano all\u2019appello anche alcuni vitelli spariti dalle loro cuccette.<\/p>\n<p>\u201cNella notte tra sabato 27 e domenica 28 gennaio &#8211; racconta Angelo Bozzi \u2013 i lupi sono tornati a uccidere in stalla. Era successo gi\u00e0 circa 4 settimane fa. Sono certo che siano lupi perch\u00e9 la modalit\u00e0 di predazione \u00e8 identica ed \u00e8 stata certificata anche dal veterinario Ausl che ha effettuato i sopralluoghi\u201d.<\/p>\n<p>L\u2019allevatore scorato spiega la dinamica.\u00a0 \u201cquanto alle vacche uccise, si tratta di animali che hanno la necessit\u00e0 di stare tranquilli e che si trovano in un momento di debolezza. La scorsa volta era una vacca che aveva partorito, in questo caso era un animale che ci sembrava non fosse in forma come al solito. Abbiamo posizionato la vacca sulla terra battuta, per evitare che scivolasse e, ripeto, per farla stare tranquilla pur sempre tenendola in un\u2019area della stalla, di fronte alle cuccette dei vitelli. Una zona anche ben illuminata, dove facciamo un giro di controllo in tarda serata e che poi \u00e8 ulteriormente monitorata durante la mungitura notturna. In entrambi i casi abbiamo trovato le bestie azzannate alle cosce, morte per le ferite. C\u2019\u00e8 sempre qualcuno che gira, non mi capacito di quando possa essere avvenuto, forse dalle 19 a mezzanotte\u201d.<\/p>\n<p>Ci chiediamo se non vi siano telecamere e se dato che la zona \u00e8 quella dedicata ai vitelli, non siano in pericolo pure loro.<\/p>\n<p>\u201cI vitelli sono sempre a rischio \u2013 commenta Bozzi scorato &#8211; pu\u00f2 succedere che qualcuno esca dalla sua cuccetta, ma credo che i lupi ormai abbiano talmente tanta confidenza da servirsi anche di quelli in gabbia. Ne sono gi\u00e0 spariti nel nulla almeno cinque. Abbiamo le telecamere, ma sono puntate sui mezzi agricoli, perch\u00e9 abbiamo anche il problema dei furti.\u00a0 Tra le colture attaccate dai cinghiali, a cui si aggiungono anche piccioni, istrici e caprioli, il bestiame attaccato dai lupi e le attrezzature nel mirino dei ladri, insomma tra predatori e predoni, uno non sa pi\u00f9 come sopravvivere!\u201d.<\/p>\n<p>\u201cQuesta era una vacca che produceva 70 litri di latte al giorno \u2013 spiega Angelo Bozzi \u2013 noi abbiamo animali di alta genealogia: Il nostro patrimonio zootecnico \u00e8 l\u2019asset strategico dell\u2019azienda, quello che consente all\u2019impresa di andare avanti e che ci fa vivere. Una bestia cos\u00ec vale circa 2500 euro: \u00e8 un danno importante. Il dispiacere pi\u00f9 grosso, per\u00f2, \u00e8 quello di veder morire una vacca con queste modalit\u00e0, noi conosciamo i nostri animali a uno a uno, cerchiamo di curarli al meglio e poi impotenti ci tocca vederli morire in questo modo, con tutte le norme per il benessere animale che dobbiamo rispettare!\u201d<\/p>\n<p>\u201cBen venga la proposta di declassamento del lupo da specie \u201cstrettamente\u201d protetta a \u201csemplicemente\u201d protetta, ma il problema \u00e8 pi\u00f9 generale: non si pu\u00f2 continuare a ignorare la situazione sino a quando sar\u00e0 divenuto ingestibile, come purtroppo abbiamo visto con i cinghiali \u2013 tuona il presidente di Confagricoltura Piacenza, Filippo Gasparini -.\u00a0 \u00c8 Incredibile che si continui a ciarlare dopo ormai almeno dieci anni di questa nuova era di ambientalismo esasperato che non ha portato nessun beneficio per l\u2019ambiente (al limite un danno portando ad esempio la fauna selvatica fuori controllo) e tanto meno l\u2019uomo. Il lupo non ha alcuna responsabilit\u00e0 \u2013 conclude Gasparini\u2013 la colpa \u00e8 di chi, non assumendo decisioni, lascia che le situazioni degenerino invocando un equilibrio naturale che qui \u00e8 evidentemente sovvertito\u201d.<\/p>\n","protected":false},"excerpt":{"rendered":"<p>Nell\u2019azienda Bozzi uccise due vacche in poche settimane, spariti anche alcuni vitelli. Gasparini: \u00e8 benessere animale questo?<\/p>\n","protected":false},"author":6,"featured_media":4471,"comment_status":"closed","ping_status":"closed","sticky":false,"template":"","format":"standard","meta":{"wp_mapbox_gl_js_media":[],"footnotes":""},"categories":[4,13],"tags":[319],"class_list":["post-4470","post","type-post","status-publish","format-standard","has-post-thumbnail","hentry","category-news","category-settore-bovino","tag-lupi"],"yoast_head":"<!-- This site is optimized with the Yoast SEO plugin v26.8 - https:\/\/yoast.com\/product\/yoast-seo-wordpress\/ -->\n<title>Confagricoltura Piacenza: i lupi tornano a fare strage in stalla - Confagricoltura Piacenza<\/title>\n<meta name=\"robots\" content=\"index, follow, max-snippet:-1, max-image-preview:large, max-video-preview:-1\" \/>\n<link rel=\"canonical\" href=\"https:\/\/www.confagricoltura.org\/piacenza\/confagricoltura-piacenza-i-lupi-tornano-a-fare-strage-in-stalla\/\" \/>\n<meta property=\"og:locale\" content=\"it_IT\" \/>\n<meta property=\"og:type\" content=\"article\" \/>\n<meta property=\"og:title\" content=\"Confagricoltura Piacenza: i lupi tornano a fare strage in stalla - Confagricoltura Piacenza\" \/>\n<meta property=\"og:description\" content=\"Nell\u2019azienda Bozzi uccise due vacche in poche settimane, spariti anche alcuni vitelli. Gasparini: \u00e8 benessere animale questo?\" \/>\n<meta property=\"og:url\" content=\"https:\/\/www.confagricoltura.org\/piacenza\/confagricoltura-piacenza-i-lupi-tornano-a-fare-strage-in-stalla\/\" \/>\n<meta property=\"og:site_name\" content=\"Confagricoltura Piacenza\" \/>\n<meta property=\"article:published_time\" content=\"2024-01-30T16:50:49+00:00\" \/>\n<meta property=\"article:modified_time\" content=\"2024-01-31T16:52:26+00:00\" \/>\n<meta property=\"og:image\" content=\"https:\/\/www.confagricoltura.org\/piacenza\/wp-content\/uploads\/sites\/11\/2024\/01\/vacca-2-sfocata.jpg\" \/>\n\t<meta property=\"og:image:width\" content=\"1200\" \/>\n\t<meta property=\"og:image:height\" content=\"1600\" \/>\n\t<meta property=\"og:image:type\" content=\"image\/jpeg\" \/>\n<meta name=\"author\" content=\"confagricolturapiacenza\" \/>\n<meta name=\"twitter:card\" content=\"summary_large_image\" \/>\n<meta name=\"twitter:label1\" content=\"Scritto da\" \/>\n\t<meta name=\"twitter:data1\" content=\"confagricolturapiacenza\" \/>\n\t<meta name=\"twitter:label2\" content=\"Tempo di lettura stimato\" \/>\n\t<meta name=\"twitter:data2\" content=\"4 minuti\" \/>\n<script type=\"application\/ld+json\" class=\"yoast-schema-graph\">{\"@context\":\"https:\/\/schema.org\",\"@graph\":[{\"@type\":\"Article\",\"@id\":\"https:\/\/www.confagricoltura.org\/piacenza\/confagricoltura-piacenza-i-lupi-tornano-a-fare-strage-in-stalla\/#article\",\"isPartOf\":{\"@id\":\"https:\/\/www.confagricoltura.org\/piacenza\/confagricoltura-piacenza-i-lupi-tornano-a-fare-strage-in-stalla\/\"},\"author\":{\"name\":\"confagricolturapiacenza\",\"@id\":\"https:\/\/www.confagricoltura.org\/piacenza\/#\/schema\/person\/be5da25a3117fea4b3bfec9dba09b5e8\"},\"headline\":\"Confagricoltura Piacenza: i lupi tornano a fare strage in stalla\",\"datePublished\":\"2024-01-30T16:50:49+00:00\",\"dateModified\":\"2024-01-31T16:52:26+00:00\",\"mainEntityOfPage\":{\"@id\":\"https:\/\/www.confagricoltura.org\/piacenza\/confagricoltura-piacenza-i-lupi-tornano-a-fare-strage-in-stalla\/\"},\"wordCount\":635,\"image\":{\"@id\":\"https:\/\/www.confagricoltura.org\/piacenza\/confagricoltura-piacenza-i-lupi-tornano-a-fare-strage-in-stalla\/#primaryimage\"},\"thumbnailUrl\":\"https:\/\/www.confagricoltura.org\/piacenza\/wp-content\/uploads\/sites\/11\/2024\/01\/vacca-2-sfocata.jpg\",\"keywords\":[\"lupi\"],\"articleSection\":[\"News\",\"Settore bovino\"],\"inLanguage\":\"it-IT\"},{\"@type\":\"WebPage\",\"@id\":\"https:\/\/www.confagricoltura.org\/piacenza\/confagricoltura-piacenza-i-lupi-tornano-a-fare-strage-in-stalla\/\",\"url\":\"https:\/\/www.confagricoltura.org\/piacenza\/confagricoltura-piacenza-i-lupi-tornano-a-fare-strage-in-stalla\/\",\"name\":\"Confagricoltura Piacenza: i lupi tornano a fare strage in stalla - Confagricoltura Piacenza\",\"isPartOf\":{\"@id\":\"https:\/\/www.confagricoltura.org\/piacenza\/#website\"},\"primaryImageOfPage\":{\"@id\":\"https:\/\/www.confagricoltura.org\/piacenza\/confagricoltura-piacenza-i-lupi-tornano-a-fare-strage-in-stalla\/#primaryimage\"},\"image\":{\"@id\":\"https:\/\/www.confagricoltura.org\/piacenza\/confagricoltura-piacenza-i-lupi-tornano-a-fare-strage-in-stalla\/#primaryimage\"},\"thumbnailUrl\":\"https:\/\/www.confagricoltura.org\/piacenza\/wp-content\/uploads\/sites\/11\/2024\/01\/vacca-2-sfocata.jpg\",\"datePublished\":\"2024-01-30T16:50:49+00:00\",\"dateModified\":\"2024-01-31T16:52:26+00:00\",\"author\":{\"@id\":\"https:\/\/www.confagricoltura.org\/piacenza\/#\/schema\/person\/be5da25a3117fea4b3bfec9dba09b5e8\"},\"breadcrumb\":{\"@id\":\"https:\/\/www.confagricoltura.org\/piacenza\/confagricoltura-piacenza-i-lupi-tornano-a-fare-strage-in-stalla\/#breadcrumb\"},\"inLanguage\":\"it-IT\",\"potentialAction\":[{\"@type\":\"ReadAction\",\"target\":[\"https:\/\/www.confagricoltura.org\/piacenza\/confagricoltura-piacenza-i-lupi-tornano-a-fare-strage-in-stalla\/\"]}]},{\"@type\":\"ImageObject\",\"inLanguage\":\"it-IT\",\"@id\":\"https:\/\/www.confagricoltura.org\/piacenza\/confagricoltura-piacenza-i-lupi-tornano-a-fare-strage-in-stalla\/#primaryimage\",\"url\":\"https:\/\/www.confagricoltura.org\/piacenza\/wp-content\/uploads\/sites\/11\/2024\/01\/vacca-2-sfocata.jpg\",\"contentUrl\":\"https:\/\/www.confagricoltura.org\/piacenza\/wp-content\/uploads\/sites\/11\/2024\/01\/vacca-2-sfocata.jpg\",\"width\":1200,\"height\":1600},{\"@type\":\"BreadcrumbList\",\"@id\":\"https:\/\/www.confagricoltura.org\/piacenza\/confagricoltura-piacenza-i-lupi-tornano-a-fare-strage-in-stalla\/#breadcrumb\",\"itemListElement\":[{\"@type\":\"ListItem\",\"position\":1,\"name\":\"Home\",\"item\":\"https:\/\/www.confagricoltura.org\/piacenza\/\"},{\"@type\":\"ListItem\",\"position\":2,\"name\":\"Confagricoltura Piacenza: i lupi tornano a fare strage in stalla\"}]},{\"@type\":\"WebSite\",\"@id\":\"https:\/\/www.confagricoltura.org\/piacenza\/#website\",\"url\":\"https:\/\/www.confagricoltura.org\/piacenza\/\",\"name\":\"Confagricoltura Piacenza\",\"description\":\"Dalla parte degli Agricoltori\",\"potentialAction\":[{\"@type\":\"SearchAction\",\"target\":{\"@type\":\"EntryPoint\",\"urlTemplate\":\"https:\/\/www.confagricoltura.org\/piacenza\/?s={search_term_string}\"},\"query-input\":{\"@type\":\"PropertyValueSpecification\",\"valueRequired\":true,\"valueName\":\"search_term_string\"}}],\"inLanguage\":\"it-IT\"},{\"@type\":\"Person\",\"@id\":\"https:\/\/www.confagricoltura.org\/piacenza\/#\/schema\/person\/be5da25a3117fea4b3bfec9dba09b5e8\",\"name\":\"confagricolturapiacenza\",\"image\":{\"@type\":\"ImageObject\",\"inLanguage\":\"it-IT\",\"@id\":\"https:\/\/www.confagricoltura.org\/piacenza\/#\/schema\/person\/image\/\",\"url\":\"https:\/\/secure.gravatar.com\/avatar\/9c5f111e417171581853bd0a3ff892ca?s=96&d=mm&r=g\",\"contentUrl\":\"https:\/\/secure.gravatar.com\/avatar\/9c5f111e417171581853bd0a3ff892ca?s=96&d=mm&r=g\",\"caption\":\"confagricolturapiacenza\"},\"url\":\"https:\/\/www.confagricoltura.org\/piacenza\/author\/confagricolturapiacenza\/\"}]}<\/script>\n<!-- \/ Yoast SEO plugin. -->","yoast_head_json":{"title":"Confagricoltura Piacenza: i lupi tornano a fare strage in stalla - Confagricoltura Piacenza","robots":{"index":"index","follow":"follow","max-snippet":"max-snippet:-1","max-image-preview":"max-image-preview:large","max-video-preview":"max-video-preview:-1"},"canonical":"https:\/\/www.confagricoltura.org\/piacenza\/confagricoltura-piacenza-i-lupi-tornano-a-fare-strage-in-stalla\/","og_locale":"it_IT","og_type":"article","og_title":"Confagricoltura Piacenza: i lupi tornano a fare strage in stalla - Confagricoltura Piacenza","og_description":"Nell\u2019azienda Bozzi uccise due vacche in poche settimane, spariti anche alcuni vitelli. Gasparini: \u00e8 benessere animale questo?","og_url":"https:\/\/www.confagricoltura.org\/piacenza\/confagricoltura-piacenza-i-lupi-tornano-a-fare-strage-in-stalla\/","og_site_name":"Confagricoltura Piacenza","article_published_time":"2024-01-30T16:50:49+00:00","article_modified_time":"2024-01-31T16:52:26+00:00","og_image":[{"width":1200,"height":1600,"url":"https:\/\/www.confagricoltura.org\/piacenza\/wp-content\/uploads\/sites\/11\/2024\/01\/vacca-2-sfocata.jpg","type":"image\/jpeg"}],"author":"confagricolturapiacenza","twitter_card":"summary_large_image","twitter_misc":{"Scritto da":"confagricolturapiacenza","Tempo di lettura stimato":"4 minuti"},"schema":{"@context":"https:\/\/schema.org","@graph":[{"@type":"Article","@id":"https:\/\/www.confagricoltura.org\/piacenza\/confagricoltura-piacenza-i-lupi-tornano-a-fare-strage-in-stalla\/#article","isPartOf":{"@id":"https:\/\/www.confagricoltura.org\/piacenza\/confagricoltura-piacenza-i-lupi-tornano-a-fare-strage-in-stalla\/"},"author":{"name":"confagricolturapiacenza","@id":"https:\/\/www.confagricoltura.org\/piacenza\/#\/schema\/person\/be5da25a3117fea4b3bfec9dba09b5e8"},"headline":"Confagricoltura Piacenza: i lupi tornano a fare strage in stalla","datePublished":"2024-01-30T16:50:49+00:00","dateModified":"2024-01-31T16:52:26+00:00","mainEntityOfPage":{"@id":"https:\/\/www.confagricoltura.org\/piacenza\/confagricoltura-piacenza-i-lupi-tornano-a-fare-strage-in-stalla\/"},"wordCount":635,"image":{"@id":"https:\/\/www.confagricoltura.org\/piacenza\/confagricoltura-piacenza-i-lupi-tornano-a-fare-strage-in-stalla\/#primaryimage"},"thumbnailUrl":"https:\/\/www.confagricoltura.org\/piacenza\/wp-content\/uploads\/sites\/11\/2024\/01\/vacca-2-sfocata.jpg","keywords":["lupi"],"articleSection":["News","Settore bovino"],"inLanguage":"it-IT"},{"@type":"WebPage","@id":"https:\/\/www.confagricoltura.org\/piacenza\/confagricoltura-piacenza-i-lupi-tornano-a-fare-strage-in-stalla\/","url":"https:\/\/www.confagricoltura.org\/piacenza\/confagricoltura-piacenza-i-lupi-tornano-a-fare-strage-in-stalla\/","name":"Confagricoltura Piacenza: i lupi tornano a fare strage in stalla - Confagricoltura Piacenza","isPartOf":{"@id":"https:\/\/www.confagricoltura.org\/piacenza\/#website"},"primaryImageOfPage":{"@id":"https:\/\/www.confagricoltura.org\/piacenza\/confagricoltura-piacenza-i-lupi-tornano-a-fare-strage-in-stalla\/#primaryimage"},"image":{"@id":"https:\/\/www.confagricoltura.org\/piacenza\/confagricoltura-piacenza-i-lupi-tornano-a-fare-strage-in-stalla\/#primaryimage"},"thumbnailUrl":"https:\/\/www.confagricoltura.org\/piacenza\/wp-content\/uploads\/sites\/11\/2024\/01\/vacca-2-sfocata.jpg","datePublished":"2024-01-30T16:50:49+00:00","dateModified":"2024-01-31T16:52:26+00:00","author":{"@id":"https:\/\/www.confagricoltura.org\/piacenza\/#\/schema\/person\/be5da25a3117fea4b3bfec9dba09b5e8"},"breadcrumb":{"@id":"https:\/\/www.confagricoltura.org\/piacenza\/confagricoltura-piacenza-i-lupi-tornano-a-fare-strage-in-stalla\/#breadcrumb"},"inLanguage":"it-IT","potentialAction":[{"@type":"ReadAction","target":["https:\/\/www.confagricoltura.org\/piacenza\/confagricoltura-piacenza-i-lupi-tornano-a-fare-strage-in-stalla\/"]}]},{"@type":"ImageObject","inLanguage":"it-IT","@id":"https:\/\/www.confagricoltura.org\/piacenza\/confagricoltura-piacenza-i-lupi-tornano-a-fare-strage-in-stalla\/#primaryimage","url":"https:\/\/www.confagricoltura.org\/piacenza\/wp-content\/uploads\/sites\/11\/2024\/01\/vacca-2-sfocata.jpg","contentUrl":"https:\/\/www.confagricoltura.org\/piacenza\/wp-content\/uploads\/sites\/11\/2024\/01\/vacca-2-sfocata.jpg","width":1200,"height":1600},{"@type":"BreadcrumbList","@id":"https:\/\/www.confagricoltura.org\/piacenza\/confagricoltura-piacenza-i-lupi-tornano-a-fare-strage-in-stalla\/#breadcrumb","itemListElement":[{"@type":"ListItem","position":1,"name":"Home","item":"https:\/\/www.confagricoltura.org\/piacenza\/"},{"@type":"ListItem","position":2,"name":"Confagricoltura Piacenza: i lupi tornano a fare strage in stalla"}]},{"@type":"WebSite","@id":"https:\/\/www.confagricoltura.org\/piacenza\/#website","url":"https:\/\/www.confagricoltura.org\/piacenza\/","name":"Confagricoltura Piacenza","description":"Dalla parte degli Agricoltori","potentialAction":[{"@type":"SearchAction","target":{"@type":"EntryPoint","urlTemplate":"https:\/\/www.confagricoltura.org\/piacenza\/?s={search_term_string}"},"query-input":{"@type":"PropertyValueSpecification","valueRequired":true,"valueName":"search_term_string"}}],"inLanguage":"it-IT"},{"@type":"Person","@id":"https:\/\/www.confagricoltura.org\/piacenza\/#\/schema\/person\/be5da25a3117fea4b3bfec9dba09b5e8","name":"confagricolturapiacenza","image":{"@type":"ImageObject","inLanguage":"it-IT","@id":"https:\/\/www.confagricoltura.org\/piacenza\/#\/schema\/person\/image\/","url":"https:\/\/secure.gravatar.com\/avatar\/9c5f111e417171581853bd0a3ff892ca?s=96&d=mm&r=g","contentUrl":"https:\/\/secure.gravatar.com\/avatar\/9c5f111e417171581853bd0a3ff892ca?s=96&d=mm&r=g","caption":"confagricolturapiacenza"},"url":"https:\/\/www.confagricoltura.org\/piacenza\/author\/confagricolturapiacenza\/"}]}},"_links":{"self":[{"href":"https:\/\/www.confagricoltura.org\/piacenza\/wp-json\/wp\/v2\/posts\/4470","targetHints":{"allow":["GET"]}}],"collection":[{"href":"https:\/\/www.confagricoltura.org\/piacenza\/wp-json\/wp\/v2\/posts"}],"about":[{"href":"https:\/\/www.confagricoltura.org\/piacenza\/wp-json\/wp\/v2\/types\/post"}],"author":[{"embeddable":true,"href":"https:\/\/www.confagricoltura.org\/piacenza\/wp-json\/wp\/v2\/users\/6"}],"replies":[{"embeddable":true,"href":"https:\/\/www.confagricoltura.org\/piacenza\/wp-json\/wp\/v2\/comments?post=4470"}],"version-history":[{"count":2,"href":"https:\/\/www.confagricoltura.org\/piacenza\/wp-json\/wp\/v2\/posts\/4470\/revisions"}],"predecessor-version":[{"id":4473,"href":"https:\/\/www.confagricoltura.org\/piacenza\/wp-json\/wp\/v2\/posts\/4470\/revisions\/4473"}],"wp:featuredmedia":[{"embeddable":true,"href":"https:\/\/www.confagricoltura.org\/piacenza\/wp-json\/wp\/v2\/media\/4471"}],"wp:attachment":[{"href":"https:\/\/www.confagricoltura.org\/piacenza\/wp-json\/wp\/v2\/media?parent=4470"}],"wp:term":[{"taxonomy":"category","embeddable":true,"href":"https:\/\/www.confagricoltura.org\/piacenza\/wp-json\/wp\/v2\/categories?post=4470"},{"taxonomy":"post_tag","embeddable":true,"href":"https:\/\/www.confagricoltura.org\/piacenza\/wp-json\/wp\/v2\/tags?post=4470"}],"curies":[{"name":"wp","href":"https:\/\/api.w.org\/{rel}","templated":true}]}}