{"id":4419,"date":"2023-12-23T11:35:39","date_gmt":"2023-12-23T10:35:39","guid":{"rendered":"https:\/\/www.confagricoltura.org\/piacenza\/?p=4419"},"modified":"2023-12-28T11:39:40","modified_gmt":"2023-12-28T10:39:40","slug":"confagricoltura-piacenza-plauso-a-gianpietro-bisagni-vicepresidente-nazionale-agriturist","status":"publish","type":"post","link":"https:\/\/www.confagricoltura.org\/piacenza\/confagricoltura-piacenza-plauso-a-gianpietro-bisagni-vicepresidente-nazionale-agriturist\/","title":{"rendered":"Confagricoltura Piacenza: plauso a Gianpietro Bisagni vicepresidente nazionale Agriturist"},"content":{"rendered":"<p>Luned\u00ec 18 dicembre si \u00e8 tenuto il primo incontro del rinnovato Consiglio direttivo di Agriturist Nazionale. L\u2019appuntamento \u00e8 giunto in seguito all\u2019assemblea di novembre che ha eletto il Consiglio medesimo e confermato presidente Augusto Congionti, al suo secondo mandato. Nel corso di questa prima riunione sono stati nominati i tre vicepresidenti ed \u00e8 stata costituita la Giunta. Saranno in carica per il prossimo triennio. Il piacentino Gianpietro Bisagni, gi\u00e0 presidente di Agriturist Emilia-Romagna, \u00e8 stato nominato vicepresidente nazionale insieme a Bernardo Gondi in rappresentanza degli agriturismi del centro Italia e ad Emanuele Savona per il sud. Bisagni che conduce a Baselica Duce di Fiorenzuola l\u2019Azienda Agrituristica Battibue insieme alla moglie Monica e al figlio Andrea, ha contribuito nel corso degli anni in modo determinante alla crescita dell\u2019associazione sul territorio, parallelamente al consolidamento della propria impresa che affianca oggi sia la parte di somministrazione pasti che camere per i soggiorni che piazzole attrezzate per agricampeggio. L\u2019ariosa struttura ha diversi spazi per eventi e convention sia all\u2019interno che all\u2019esterno. A completare il tutto, tanti animali per la gioia dei pi\u00f9 piccoli. L\u2019agriturismo fa anche parte di Agricycle: l\u2019associazione che promuove il turismo su due ruote. \u201cSono felice di questa nomina e ringrazio per la fiducia \u2013 ha commentato Bisagni \u2013 continuer\u00f2 a impegnarmi perch\u00e9 Agriturist \u00e8 un un\u2019associazione vitale, in grado di fornire supporto e consulenza agli operatori. Lavoreremo per sviluppare ulteriormente le relazioni tra noi e le convenzioni con fornitori e clienti. Il turismo rurale ha ancora potenzialit\u00e0 inespresse, sebbene sia sempre pi\u00f9 apprezzato e ricercato ed \u00e8 un valore per le imprese che insieme svolgono attivit\u00e0 produttiva e presidio del territorio\u201d.\u00a0 Confagricoltura Piacenza esprime soddisfazione per il riconoscimento ed \u00e8 certa che il vicepresidente neoeletto proseguir\u00e0 nel suo impegno anche in questo nuovo ruolo nazionale, cos\u00ec come ha fatto in passato prima come presidente provinciale e poi regionale, ruolo che ancora ricopre collaborando sul territorio con la coordinatrice piacentina Giovanna Montesissa, da poco entrata anche lei nel Consiglio Nazionale di Agriturist.<\/p>\n","protected":false},"excerpt":{"rendered":"<p>Bisagni: ringrazio per la fiducia, proseguiamo con massimo impegno comune a tutti i livelli  (in foto Bisagni e Montesissa)<\/p>\n","protected":false},"author":6,"featured_media":4420,"comment_status":"closed","ping_status":"closed","sticky":false,"template":"","format":"standard","meta":{"wp_mapbox_gl_js_media":[],"footnotes":""},"categories":[21,4],"tags":[564,177],"class_list":["post-4419","post","type-post","status-publish","format-standard","has-post-thumbnail","hentry","category-eventi","category-news","tag-bisagni","tag-bisagni-giampietro"],"yoast_head":"<!-- This site is optimized with the Yoast SEO plugin v26.8 - https:\/\/yoast.com\/product\/yoast-seo-wordpress\/ -->\n<title>Confagricoltura Piacenza: plauso a Gianpietro Bisagni vicepresidente nazionale Agriturist - Confagricoltura Piacenza<\/title>\n<meta name=\"robots\" content=\"index, follow, max-snippet:-1, max-image-preview:large, max-video-preview:-1\" \/>\n<link rel=\"canonical\" href=\"https:\/\/www.confagricoltura.org\/piacenza\/confagricoltura-piacenza-plauso-a-gianpietro-bisagni-vicepresidente-nazionale-agriturist\/\" \/>\n<meta property=\"og:locale\" content=\"it_IT\" \/>\n<meta property=\"og:type\" content=\"article\" \/>\n<meta property=\"og:title\" content=\"Confagricoltura Piacenza: plauso a Gianpietro Bisagni vicepresidente nazionale Agriturist - Confagricoltura Piacenza\" \/>\n<meta property=\"og:description\" content=\"Bisagni: ringrazio per la fiducia, proseguiamo con massimo impegno comune a tutti i livelli (in foto Bisagni e Montesissa)\" \/>\n<meta property=\"og:url\" content=\"https:\/\/www.confagricoltura.org\/piacenza\/confagricoltura-piacenza-plauso-a-gianpietro-bisagni-vicepresidente-nazionale-agriturist\/\" \/>\n<meta property=\"og:site_name\" content=\"Confagricoltura Piacenza\" \/>\n<meta property=\"article:published_time\" content=\"2023-12-23T10:35:39+00:00\" \/>\n<meta property=\"article:modified_time\" content=\"2023-12-28T10:39:40+00:00\" \/>\n<meta property=\"og:image\" content=\"https:\/\/www.confagricoltura.org\/piacenza\/wp-content\/uploads\/sites\/11\/2023\/12\/Bisagni-Montesissa.jpg\" \/>\n\t<meta property=\"og:image:width\" content=\"1024\" \/>\n\t<meta property=\"og:image:height\" content=\"768\" \/>\n\t<meta property=\"og:image:type\" content=\"image\/jpeg\" \/>\n<meta name=\"author\" content=\"confagricolturapiacenza\" \/>\n<meta name=\"twitter:card\" content=\"summary_large_image\" \/>\n<meta name=\"twitter:label1\" content=\"Scritto da\" \/>\n\t<meta name=\"twitter:data1\" content=\"confagricolturapiacenza\" \/>\n\t<meta name=\"twitter:label2\" content=\"Tempo di lettura stimato\" \/>\n\t<meta name=\"twitter:data2\" content=\"2 minuti\" \/>\n<script type=\"application\/ld+json\" class=\"yoast-schema-graph\">{\"@context\":\"https:\/\/schema.org\",\"@graph\":[{\"@type\":\"Article\",\"@id\":\"https:\/\/www.confagricoltura.org\/piacenza\/confagricoltura-piacenza-plauso-a-gianpietro-bisagni-vicepresidente-nazionale-agriturist\/#article\",\"isPartOf\":{\"@id\":\"https:\/\/www.confagricoltura.org\/piacenza\/confagricoltura-piacenza-plauso-a-gianpietro-bisagni-vicepresidente-nazionale-agriturist\/\"},\"author\":{\"name\":\"confagricolturapiacenza\",\"@id\":\"https:\/\/www.confagricoltura.org\/piacenza\/#\/schema\/person\/be5da25a3117fea4b3bfec9dba09b5e8\"},\"headline\":\"Confagricoltura Piacenza: plauso a Gianpietro Bisagni vicepresidente nazionale Agriturist\",\"datePublished\":\"2023-12-23T10:35:39+00:00\",\"dateModified\":\"2023-12-28T10:39:40+00:00\",\"mainEntityOfPage\":{\"@id\":\"https:\/\/www.confagricoltura.org\/piacenza\/confagricoltura-piacenza-plauso-a-gianpietro-bisagni-vicepresidente-nazionale-agriturist\/\"},\"wordCount\":340,\"image\":{\"@id\":\"https:\/\/www.confagricoltura.org\/piacenza\/confagricoltura-piacenza-plauso-a-gianpietro-bisagni-vicepresidente-nazionale-agriturist\/#primaryimage\"},\"thumbnailUrl\":\"https:\/\/www.confagricoltura.org\/piacenza\/wp-content\/uploads\/sites\/11\/2023\/12\/Bisagni-Montesissa.jpg\",\"keywords\":[\"bisagni\",\"bisagni giampietro\"],\"articleSection\":[\"Eventi\",\"News\"],\"inLanguage\":\"it-IT\"},{\"@type\":\"WebPage\",\"@id\":\"https:\/\/www.confagricoltura.org\/piacenza\/confagricoltura-piacenza-plauso-a-gianpietro-bisagni-vicepresidente-nazionale-agriturist\/\",\"url\":\"https:\/\/www.confagricoltura.org\/piacenza\/confagricoltura-piacenza-plauso-a-gianpietro-bisagni-vicepresidente-nazionale-agriturist\/\",\"name\":\"Confagricoltura Piacenza: plauso a Gianpietro Bisagni vicepresidente nazionale Agriturist - Confagricoltura Piacenza\",\"isPartOf\":{\"@id\":\"https:\/\/www.confagricoltura.org\/piacenza\/#website\"},\"primaryImageOfPage\":{\"@id\":\"https:\/\/www.confagricoltura.org\/piacenza\/confagricoltura-piacenza-plauso-a-gianpietro-bisagni-vicepresidente-nazionale-agriturist\/#primaryimage\"},\"image\":{\"@id\":\"https:\/\/www.confagricoltura.org\/piacenza\/confagricoltura-piacenza-plauso-a-gianpietro-bisagni-vicepresidente-nazionale-agriturist\/#primaryimage\"},\"thumbnailUrl\":\"https:\/\/www.confagricoltura.org\/piacenza\/wp-content\/uploads\/sites\/11\/2023\/12\/Bisagni-Montesissa.jpg\",\"datePublished\":\"2023-12-23T10:35:39+00:00\",\"dateModified\":\"2023-12-28T10:39:40+00:00\",\"author\":{\"@id\":\"https:\/\/www.confagricoltura.org\/piacenza\/#\/schema\/person\/be5da25a3117fea4b3bfec9dba09b5e8\"},\"breadcrumb\":{\"@id\":\"https:\/\/www.confagricoltura.org\/piacenza\/confagricoltura-piacenza-plauso-a-gianpietro-bisagni-vicepresidente-nazionale-agriturist\/#breadcrumb\"},\"inLanguage\":\"it-IT\",\"potentialAction\":[{\"@type\":\"ReadAction\",\"target\":[\"https:\/\/www.confagricoltura.org\/piacenza\/confagricoltura-piacenza-plauso-a-gianpietro-bisagni-vicepresidente-nazionale-agriturist\/\"]}]},{\"@type\":\"ImageObject\",\"inLanguage\":\"it-IT\",\"@id\":\"https:\/\/www.confagricoltura.org\/piacenza\/confagricoltura-piacenza-plauso-a-gianpietro-bisagni-vicepresidente-nazionale-agriturist\/#primaryimage\",\"url\":\"https:\/\/www.confagricoltura.org\/piacenza\/wp-content\/uploads\/sites\/11\/2023\/12\/Bisagni-Montesissa.jpg\",\"contentUrl\":\"https:\/\/www.confagricoltura.org\/piacenza\/wp-content\/uploads\/sites\/11\/2023\/12\/Bisagni-Montesissa.jpg\",\"width\":1024,\"height\":768},{\"@type\":\"BreadcrumbList\",\"@id\":\"https:\/\/www.confagricoltura.org\/piacenza\/confagricoltura-piacenza-plauso-a-gianpietro-bisagni-vicepresidente-nazionale-agriturist\/#breadcrumb\",\"itemListElement\":[{\"@type\":\"ListItem\",\"position\":1,\"name\":\"Home\",\"item\":\"https:\/\/www.confagricoltura.org\/piacenza\/\"},{\"@type\":\"ListItem\",\"position\":2,\"name\":\"Confagricoltura Piacenza: plauso a Gianpietro Bisagni vicepresidente nazionale Agriturist\"}]},{\"@type\":\"WebSite\",\"@id\":\"https:\/\/www.confagricoltura.org\/piacenza\/#website\",\"url\":\"https:\/\/www.confagricoltura.org\/piacenza\/\",\"name\":\"Confagricoltura Piacenza\",\"description\":\"Dalla parte degli Agricoltori\",\"potentialAction\":[{\"@type\":\"SearchAction\",\"target\":{\"@type\":\"EntryPoint\",\"urlTemplate\":\"https:\/\/www.confagricoltura.org\/piacenza\/?s={search_term_string}\"},\"query-input\":{\"@type\":\"PropertyValueSpecification\",\"valueRequired\":true,\"valueName\":\"search_term_string\"}}],\"inLanguage\":\"it-IT\"},{\"@type\":\"Person\",\"@id\":\"https:\/\/www.confagricoltura.org\/piacenza\/#\/schema\/person\/be5da25a3117fea4b3bfec9dba09b5e8\",\"name\":\"confagricolturapiacenza\",\"image\":{\"@type\":\"ImageObject\",\"inLanguage\":\"it-IT\",\"@id\":\"https:\/\/www.confagricoltura.org\/piacenza\/#\/schema\/person\/image\/\",\"url\":\"https:\/\/secure.gravatar.com\/avatar\/9c5f111e417171581853bd0a3ff892ca?s=96&d=mm&r=g\",\"contentUrl\":\"https:\/\/secure.gravatar.com\/avatar\/9c5f111e417171581853bd0a3ff892ca?s=96&d=mm&r=g\",\"caption\":\"confagricolturapiacenza\"},\"url\":\"https:\/\/www.confagricoltura.org\/piacenza\/author\/confagricolturapiacenza\/\"}]}<\/script>\n<!-- \/ Yoast SEO plugin. -->","yoast_head_json":{"title":"Confagricoltura Piacenza: plauso a Gianpietro Bisagni vicepresidente nazionale Agriturist - Confagricoltura Piacenza","robots":{"index":"index","follow":"follow","max-snippet":"max-snippet:-1","max-image-preview":"max-image-preview:large","max-video-preview":"max-video-preview:-1"},"canonical":"https:\/\/www.confagricoltura.org\/piacenza\/confagricoltura-piacenza-plauso-a-gianpietro-bisagni-vicepresidente-nazionale-agriturist\/","og_locale":"it_IT","og_type":"article","og_title":"Confagricoltura Piacenza: plauso a Gianpietro Bisagni vicepresidente nazionale Agriturist - Confagricoltura Piacenza","og_description":"Bisagni: ringrazio per la fiducia, proseguiamo con massimo impegno comune a tutti i livelli (in foto Bisagni e Montesissa)","og_url":"https:\/\/www.confagricoltura.org\/piacenza\/confagricoltura-piacenza-plauso-a-gianpietro-bisagni-vicepresidente-nazionale-agriturist\/","og_site_name":"Confagricoltura Piacenza","article_published_time":"2023-12-23T10:35:39+00:00","article_modified_time":"2023-12-28T10:39:40+00:00","og_image":[{"width":1024,"height":768,"url":"https:\/\/www.confagricoltura.org\/piacenza\/wp-content\/uploads\/sites\/11\/2023\/12\/Bisagni-Montesissa.jpg","type":"image\/jpeg"}],"author":"confagricolturapiacenza","twitter_card":"summary_large_image","twitter_misc":{"Scritto da":"confagricolturapiacenza","Tempo di lettura stimato":"2 minuti"},"schema":{"@context":"https:\/\/schema.org","@graph":[{"@type":"Article","@id":"https:\/\/www.confagricoltura.org\/piacenza\/confagricoltura-piacenza-plauso-a-gianpietro-bisagni-vicepresidente-nazionale-agriturist\/#article","isPartOf":{"@id":"https:\/\/www.confagricoltura.org\/piacenza\/confagricoltura-piacenza-plauso-a-gianpietro-bisagni-vicepresidente-nazionale-agriturist\/"},"author":{"name":"confagricolturapiacenza","@id":"https:\/\/www.confagricoltura.org\/piacenza\/#\/schema\/person\/be5da25a3117fea4b3bfec9dba09b5e8"},"headline":"Confagricoltura Piacenza: plauso a Gianpietro Bisagni vicepresidente nazionale Agriturist","datePublished":"2023-12-23T10:35:39+00:00","dateModified":"2023-12-28T10:39:40+00:00","mainEntityOfPage":{"@id":"https:\/\/www.confagricoltura.org\/piacenza\/confagricoltura-piacenza-plauso-a-gianpietro-bisagni-vicepresidente-nazionale-agriturist\/"},"wordCount":340,"image":{"@id":"https:\/\/www.confagricoltura.org\/piacenza\/confagricoltura-piacenza-plauso-a-gianpietro-bisagni-vicepresidente-nazionale-agriturist\/#primaryimage"},"thumbnailUrl":"https:\/\/www.confagricoltura.org\/piacenza\/wp-content\/uploads\/sites\/11\/2023\/12\/Bisagni-Montesissa.jpg","keywords":["bisagni","bisagni giampietro"],"articleSection":["Eventi","News"],"inLanguage":"it-IT"},{"@type":"WebPage","@id":"https:\/\/www.confagricoltura.org\/piacenza\/confagricoltura-piacenza-plauso-a-gianpietro-bisagni-vicepresidente-nazionale-agriturist\/","url":"https:\/\/www.confagricoltura.org\/piacenza\/confagricoltura-piacenza-plauso-a-gianpietro-bisagni-vicepresidente-nazionale-agriturist\/","name":"Confagricoltura Piacenza: plauso a Gianpietro Bisagni vicepresidente nazionale Agriturist - Confagricoltura Piacenza","isPartOf":{"@id":"https:\/\/www.confagricoltura.org\/piacenza\/#website"},"primaryImageOfPage":{"@id":"https:\/\/www.confagricoltura.org\/piacenza\/confagricoltura-piacenza-plauso-a-gianpietro-bisagni-vicepresidente-nazionale-agriturist\/#primaryimage"},"image":{"@id":"https:\/\/www.confagricoltura.org\/piacenza\/confagricoltura-piacenza-plauso-a-gianpietro-bisagni-vicepresidente-nazionale-agriturist\/#primaryimage"},"thumbnailUrl":"https:\/\/www.confagricoltura.org\/piacenza\/wp-content\/uploads\/sites\/11\/2023\/12\/Bisagni-Montesissa.jpg","datePublished":"2023-12-23T10:35:39+00:00","dateModified":"2023-12-28T10:39:40+00:00","author":{"@id":"https:\/\/www.confagricoltura.org\/piacenza\/#\/schema\/person\/be5da25a3117fea4b3bfec9dba09b5e8"},"breadcrumb":{"@id":"https:\/\/www.confagricoltura.org\/piacenza\/confagricoltura-piacenza-plauso-a-gianpietro-bisagni-vicepresidente-nazionale-agriturist\/#breadcrumb"},"inLanguage":"it-IT","potentialAction":[{"@type":"ReadAction","target":["https:\/\/www.confagricoltura.org\/piacenza\/confagricoltura-piacenza-plauso-a-gianpietro-bisagni-vicepresidente-nazionale-agriturist\/"]}]},{"@type":"ImageObject","inLanguage":"it-IT","@id":"https:\/\/www.confagricoltura.org\/piacenza\/confagricoltura-piacenza-plauso-a-gianpietro-bisagni-vicepresidente-nazionale-agriturist\/#primaryimage","url":"https:\/\/www.confagricoltura.org\/piacenza\/wp-content\/uploads\/sites\/11\/2023\/12\/Bisagni-Montesissa.jpg","contentUrl":"https:\/\/www.confagricoltura.org\/piacenza\/wp-content\/uploads\/sites\/11\/2023\/12\/Bisagni-Montesissa.jpg","width":1024,"height":768},{"@type":"BreadcrumbList","@id":"https:\/\/www.confagricoltura.org\/piacenza\/confagricoltura-piacenza-plauso-a-gianpietro-bisagni-vicepresidente-nazionale-agriturist\/#breadcrumb","itemListElement":[{"@type":"ListItem","position":1,"name":"Home","item":"https:\/\/www.confagricoltura.org\/piacenza\/"},{"@type":"ListItem","position":2,"name":"Confagricoltura Piacenza: plauso a Gianpietro Bisagni vicepresidente nazionale Agriturist"}]},{"@type":"WebSite","@id":"https:\/\/www.confagricoltura.org\/piacenza\/#website","url":"https:\/\/www.confagricoltura.org\/piacenza\/","name":"Confagricoltura Piacenza","description":"Dalla parte degli Agricoltori","potentialAction":[{"@type":"SearchAction","target":{"@type":"EntryPoint","urlTemplate":"https:\/\/www.confagricoltura.org\/piacenza\/?s={search_term_string}"},"query-input":{"@type":"PropertyValueSpecification","valueRequired":true,"valueName":"search_term_string"}}],"inLanguage":"it-IT"},{"@type":"Person","@id":"https:\/\/www.confagricoltura.org\/piacenza\/#\/schema\/person\/be5da25a3117fea4b3bfec9dba09b5e8","name":"confagricolturapiacenza","image":{"@type":"ImageObject","inLanguage":"it-IT","@id":"https:\/\/www.confagricoltura.org\/piacenza\/#\/schema\/person\/image\/","url":"https:\/\/secure.gravatar.com\/avatar\/9c5f111e417171581853bd0a3ff892ca?s=96&d=mm&r=g","contentUrl":"https:\/\/secure.gravatar.com\/avatar\/9c5f111e417171581853bd0a3ff892ca?s=96&d=mm&r=g","caption":"confagricolturapiacenza"},"url":"https:\/\/www.confagricoltura.org\/piacenza\/author\/confagricolturapiacenza\/"}]}},"_links":{"self":[{"href":"https:\/\/www.confagricoltura.org\/piacenza\/wp-json\/wp\/v2\/posts\/4419","targetHints":{"allow":["GET"]}}],"collection":[{"href":"https:\/\/www.confagricoltura.org\/piacenza\/wp-json\/wp\/v2\/posts"}],"about":[{"href":"https:\/\/www.confagricoltura.org\/piacenza\/wp-json\/wp\/v2\/types\/post"}],"author":[{"embeddable":true,"href":"https:\/\/www.confagricoltura.org\/piacenza\/wp-json\/wp\/v2\/users\/6"}],"replies":[{"embeddable":true,"href":"https:\/\/www.confagricoltura.org\/piacenza\/wp-json\/wp\/v2\/comments?post=4419"}],"version-history":[{"count":1,"href":"https:\/\/www.confagricoltura.org\/piacenza\/wp-json\/wp\/v2\/posts\/4419\/revisions"}],"predecessor-version":[{"id":4421,"href":"https:\/\/www.confagricoltura.org\/piacenza\/wp-json\/wp\/v2\/posts\/4419\/revisions\/4421"}],"wp:featuredmedia":[{"embeddable":true,"href":"https:\/\/www.confagricoltura.org\/piacenza\/wp-json\/wp\/v2\/media\/4420"}],"wp:attachment":[{"href":"https:\/\/www.confagricoltura.org\/piacenza\/wp-json\/wp\/v2\/media?parent=4419"}],"wp:term":[{"taxonomy":"category","embeddable":true,"href":"https:\/\/www.confagricoltura.org\/piacenza\/wp-json\/wp\/v2\/categories?post=4419"},{"taxonomy":"post_tag","embeddable":true,"href":"https:\/\/www.confagricoltura.org\/piacenza\/wp-json\/wp\/v2\/tags?post=4419"}],"curies":[{"name":"wp","href":"https:\/\/api.w.org\/{rel}","templated":true}]}}