{"id":4414,"date":"2023-12-21T11:39:51","date_gmt":"2023-12-21T10:39:51","guid":{"rendered":"https:\/\/www.confagricoltura.org\/piacenza\/?p=4414"},"modified":"2023-12-22T11:41:03","modified_gmt":"2023-12-22T10:41:03","slug":"confagricoltura-piacenza-plaude-alla-sentenza-del-tar-a-favore-di-terrepadane","status":"publish","type":"post","link":"https:\/\/www.confagricoltura.org\/piacenza\/confagricoltura-piacenza-plaude-alla-sentenza-del-tar-a-favore-di-terrepadane\/","title":{"rendered":"Confagricoltura Piacenza plaude alla sentenza del Tar a favore di Terrepadane"},"content":{"rendered":"<p>Terrepadane ha vinto il ricorso al Tar di Parma contro il ministero delle Imprese e del Made in Italy (Mimit). La sentenza a favore del Consorzio agrario annulla tutti i provvedimenti decisi a Roma: verbali delle ispezioni, diffide e la decisione del Mimit di commissariare Terrepadane, che oltre a Piacenza comprende i consorzi di Milano, Lodi e Pavia.\u00a0 Ma c\u2019\u00e8 di pi\u00f9. Il Tribunale evidenzia pi\u00f9 volte l\u2019eccesso e lo sviamento di potere esercitati nell\u2019intera vicenda dal dicastero.<\/p>\n<p>Confagricoltura Piacenza plaude. \u201c\u00c8 un risultato importantissimo \u2013 commenta il presidente dell\u2019associazione Filippo Gasparini &#8211; perch\u00e9 non si tratta solo dell\u2019esito auspicato di un\u2019azione legale, ma rivendica il significato profondo delle assemblee cooperative, difendendone la legittimit\u00e0 delle decisioni. Diversamente, sarebbe stato un precedete gravissimo. A far riflettere \u2013 prosegue Gasparini \u2013 deve essere soprattutto la certificazione di questa ingerenza.\u00a0 Si minacciano i territori e l\u2019assemblea di una cooperativa, \u00e8 grave che a farlo siano organi di governo. In questi termini la sentenza \u00e8 un segnale molto chiaro e suona come un monito alla correttezza e all\u2019integrit\u00e0 delle Istituzioni\u201d.<\/p>\n<p>Confagricoltura Piacenza non ama i proclami di piazza, ma da sempre si spende per l\u2019interesse delle imprese e del tessuto economico locale.<\/p>\n<p>\u201cSiamo felici che sotto l\u2019albero dei piacentini &#8211; prosegue Gasparini &#8211; resti un pezzo prezioso del loro territorio. In ogni caso le pieghe di questa sentenza, che di fatto suona come un ammonimento, legittimano gli agricoltori piacentini, se ci fosse bisogno in futuro, a prendere posizioni anche pi\u00f9 forti e sdoganano qualsiasi tipo di resistenza a ogni eventuale ulteriore attacco\u201d.<\/p>\n<p>E poi, sbottonandosi, chiude con un detto che ha tutto il pragmatismo piacentino: \u201cAd\u00e8s &#8216;l\u2019\u00e8 ura ad las\u00e0 l\u00e8!\u201d<\/p>\n","protected":false},"excerpt":{"rendered":"<p>Gasparini: risultato importantissimo, certifica la legittimit\u00e0 dell\u2019Assemblea cooperativa <\/p>\n","protected":false},"author":6,"featured_media":4230,"comment_status":"closed","ping_status":"closed","sticky":false,"template":"","format":"standard","meta":{"wp_mapbox_gl_js_media":[],"footnotes":""},"categories":[21,4],"tags":[293],"class_list":["post-4414","post","type-post","status-publish","format-standard","has-post-thumbnail","hentry","category-eventi","category-news","tag-terrepadane"],"yoast_head":"<!-- This site is optimized with the Yoast SEO plugin v26.8 - https:\/\/yoast.com\/product\/yoast-seo-wordpress\/ -->\n<title>Confagricoltura Piacenza plaude alla sentenza del Tar a favore di Terrepadane - Confagricoltura Piacenza<\/title>\n<meta name=\"robots\" content=\"index, follow, max-snippet:-1, max-image-preview:large, max-video-preview:-1\" \/>\n<link rel=\"canonical\" href=\"https:\/\/www.confagricoltura.org\/piacenza\/confagricoltura-piacenza-plaude-alla-sentenza-del-tar-a-favore-di-terrepadane\/\" \/>\n<meta property=\"og:locale\" content=\"it_IT\" \/>\n<meta property=\"og:type\" content=\"article\" \/>\n<meta property=\"og:title\" content=\"Confagricoltura Piacenza plaude alla sentenza del Tar a favore di Terrepadane - Confagricoltura Piacenza\" \/>\n<meta property=\"og:description\" content=\"Gasparini: risultato importantissimo, certifica la legittimit\u00e0 dell\u2019Assemblea cooperativa\" \/>\n<meta property=\"og:url\" content=\"https:\/\/www.confagricoltura.org\/piacenza\/confagricoltura-piacenza-plaude-alla-sentenza-del-tar-a-favore-di-terrepadane\/\" \/>\n<meta property=\"og:site_name\" content=\"Confagricoltura Piacenza\" \/>\n<meta property=\"article:published_time\" content=\"2023-12-21T10:39:51+00:00\" \/>\n<meta property=\"article:modified_time\" content=\"2023-12-22T10:41:03+00:00\" \/>\n<meta property=\"og:image\" content=\"https:\/\/www.confagricoltura.org\/piacenza\/wp-content\/uploads\/sites\/11\/2023\/07\/1terrepadane.jpg\" \/>\n\t<meta property=\"og:image:width\" content=\"660\" \/>\n\t<meta property=\"og:image:height\" content=\"368\" \/>\n\t<meta property=\"og:image:type\" content=\"image\/jpeg\" \/>\n<meta name=\"author\" content=\"confagricolturapiacenza\" \/>\n<meta name=\"twitter:card\" content=\"summary_large_image\" \/>\n<meta name=\"twitter:label1\" content=\"Scritto da\" \/>\n\t<meta name=\"twitter:data1\" content=\"confagricolturapiacenza\" \/>\n\t<meta name=\"twitter:label2\" content=\"Tempo di lettura stimato\" \/>\n\t<meta name=\"twitter:data2\" content=\"1 minuto\" \/>\n<script type=\"application\/ld+json\" class=\"yoast-schema-graph\">{\"@context\":\"https:\/\/schema.org\",\"@graph\":[{\"@type\":\"Article\",\"@id\":\"https:\/\/www.confagricoltura.org\/piacenza\/confagricoltura-piacenza-plaude-alla-sentenza-del-tar-a-favore-di-terrepadane\/#article\",\"isPartOf\":{\"@id\":\"https:\/\/www.confagricoltura.org\/piacenza\/confagricoltura-piacenza-plaude-alla-sentenza-del-tar-a-favore-di-terrepadane\/\"},\"author\":{\"name\":\"confagricolturapiacenza\",\"@id\":\"https:\/\/www.confagricoltura.org\/piacenza\/#\/schema\/person\/be5da25a3117fea4b3bfec9dba09b5e8\"},\"headline\":\"Confagricoltura Piacenza plaude alla sentenza del Tar a favore di Terrepadane\",\"datePublished\":\"2023-12-21T10:39:51+00:00\",\"dateModified\":\"2023-12-22T10:41:03+00:00\",\"mainEntityOfPage\":{\"@id\":\"https:\/\/www.confagricoltura.org\/piacenza\/confagricoltura-piacenza-plaude-alla-sentenza-del-tar-a-favore-di-terrepadane\/\"},\"wordCount\":292,\"image\":{\"@id\":\"https:\/\/www.confagricoltura.org\/piacenza\/confagricoltura-piacenza-plaude-alla-sentenza-del-tar-a-favore-di-terrepadane\/#primaryimage\"},\"thumbnailUrl\":\"https:\/\/www.confagricoltura.org\/piacenza\/wp-content\/uploads\/sites\/11\/2023\/07\/1terrepadane.jpg\",\"keywords\":[\"TERREPADANE\"],\"articleSection\":[\"Eventi\",\"News\"],\"inLanguage\":\"it-IT\"},{\"@type\":\"WebPage\",\"@id\":\"https:\/\/www.confagricoltura.org\/piacenza\/confagricoltura-piacenza-plaude-alla-sentenza-del-tar-a-favore-di-terrepadane\/\",\"url\":\"https:\/\/www.confagricoltura.org\/piacenza\/confagricoltura-piacenza-plaude-alla-sentenza-del-tar-a-favore-di-terrepadane\/\",\"name\":\"Confagricoltura Piacenza plaude alla sentenza del Tar a favore di Terrepadane - Confagricoltura Piacenza\",\"isPartOf\":{\"@id\":\"https:\/\/www.confagricoltura.org\/piacenza\/#website\"},\"primaryImageOfPage\":{\"@id\":\"https:\/\/www.confagricoltura.org\/piacenza\/confagricoltura-piacenza-plaude-alla-sentenza-del-tar-a-favore-di-terrepadane\/#primaryimage\"},\"image\":{\"@id\":\"https:\/\/www.confagricoltura.org\/piacenza\/confagricoltura-piacenza-plaude-alla-sentenza-del-tar-a-favore-di-terrepadane\/#primaryimage\"},\"thumbnailUrl\":\"https:\/\/www.confagricoltura.org\/piacenza\/wp-content\/uploads\/sites\/11\/2023\/07\/1terrepadane.jpg\",\"datePublished\":\"2023-12-21T10:39:51+00:00\",\"dateModified\":\"2023-12-22T10:41:03+00:00\",\"author\":{\"@id\":\"https:\/\/www.confagricoltura.org\/piacenza\/#\/schema\/person\/be5da25a3117fea4b3bfec9dba09b5e8\"},\"breadcrumb\":{\"@id\":\"https:\/\/www.confagricoltura.org\/piacenza\/confagricoltura-piacenza-plaude-alla-sentenza-del-tar-a-favore-di-terrepadane\/#breadcrumb\"},\"inLanguage\":\"it-IT\",\"potentialAction\":[{\"@type\":\"ReadAction\",\"target\":[\"https:\/\/www.confagricoltura.org\/piacenza\/confagricoltura-piacenza-plaude-alla-sentenza-del-tar-a-favore-di-terrepadane\/\"]}]},{\"@type\":\"ImageObject\",\"inLanguage\":\"it-IT\",\"@id\":\"https:\/\/www.confagricoltura.org\/piacenza\/confagricoltura-piacenza-plaude-alla-sentenza-del-tar-a-favore-di-terrepadane\/#primaryimage\",\"url\":\"https:\/\/www.confagricoltura.org\/piacenza\/wp-content\/uploads\/sites\/11\/2023\/07\/1terrepadane.jpg\",\"contentUrl\":\"https:\/\/www.confagricoltura.org\/piacenza\/wp-content\/uploads\/sites\/11\/2023\/07\/1terrepadane.jpg\",\"width\":660,\"height\":368},{\"@type\":\"BreadcrumbList\",\"@id\":\"https:\/\/www.confagricoltura.org\/piacenza\/confagricoltura-piacenza-plaude-alla-sentenza-del-tar-a-favore-di-terrepadane\/#breadcrumb\",\"itemListElement\":[{\"@type\":\"ListItem\",\"position\":1,\"name\":\"Home\",\"item\":\"https:\/\/www.confagricoltura.org\/piacenza\/\"},{\"@type\":\"ListItem\",\"position\":2,\"name\":\"Confagricoltura Piacenza plaude alla sentenza del Tar a favore di Terrepadane\"}]},{\"@type\":\"WebSite\",\"@id\":\"https:\/\/www.confagricoltura.org\/piacenza\/#website\",\"url\":\"https:\/\/www.confagricoltura.org\/piacenza\/\",\"name\":\"Confagricoltura Piacenza\",\"description\":\"Dalla parte degli Agricoltori\",\"potentialAction\":[{\"@type\":\"SearchAction\",\"target\":{\"@type\":\"EntryPoint\",\"urlTemplate\":\"https:\/\/www.confagricoltura.org\/piacenza\/?s={search_term_string}\"},\"query-input\":{\"@type\":\"PropertyValueSpecification\",\"valueRequired\":true,\"valueName\":\"search_term_string\"}}],\"inLanguage\":\"it-IT\"},{\"@type\":\"Person\",\"@id\":\"https:\/\/www.confagricoltura.org\/piacenza\/#\/schema\/person\/be5da25a3117fea4b3bfec9dba09b5e8\",\"name\":\"confagricolturapiacenza\",\"image\":{\"@type\":\"ImageObject\",\"inLanguage\":\"it-IT\",\"@id\":\"https:\/\/www.confagricoltura.org\/piacenza\/#\/schema\/person\/image\/\",\"url\":\"https:\/\/secure.gravatar.com\/avatar\/9c5f111e417171581853bd0a3ff892ca?s=96&d=mm&r=g\",\"contentUrl\":\"https:\/\/secure.gravatar.com\/avatar\/9c5f111e417171581853bd0a3ff892ca?s=96&d=mm&r=g\",\"caption\":\"confagricolturapiacenza\"},\"url\":\"https:\/\/www.confagricoltura.org\/piacenza\/author\/confagricolturapiacenza\/\"}]}<\/script>\n<!-- \/ Yoast SEO plugin. -->","yoast_head_json":{"title":"Confagricoltura Piacenza plaude alla sentenza del Tar a favore di Terrepadane - Confagricoltura Piacenza","robots":{"index":"index","follow":"follow","max-snippet":"max-snippet:-1","max-image-preview":"max-image-preview:large","max-video-preview":"max-video-preview:-1"},"canonical":"https:\/\/www.confagricoltura.org\/piacenza\/confagricoltura-piacenza-plaude-alla-sentenza-del-tar-a-favore-di-terrepadane\/","og_locale":"it_IT","og_type":"article","og_title":"Confagricoltura Piacenza plaude alla sentenza del Tar a favore di Terrepadane - Confagricoltura Piacenza","og_description":"Gasparini: risultato importantissimo, certifica la legittimit\u00e0 dell\u2019Assemblea cooperativa","og_url":"https:\/\/www.confagricoltura.org\/piacenza\/confagricoltura-piacenza-plaude-alla-sentenza-del-tar-a-favore-di-terrepadane\/","og_site_name":"Confagricoltura Piacenza","article_published_time":"2023-12-21T10:39:51+00:00","article_modified_time":"2023-12-22T10:41:03+00:00","og_image":[{"width":660,"height":368,"url":"https:\/\/www.confagricoltura.org\/piacenza\/wp-content\/uploads\/sites\/11\/2023\/07\/1terrepadane.jpg","type":"image\/jpeg"}],"author":"confagricolturapiacenza","twitter_card":"summary_large_image","twitter_misc":{"Scritto da":"confagricolturapiacenza","Tempo di lettura stimato":"1 minuto"},"schema":{"@context":"https:\/\/schema.org","@graph":[{"@type":"Article","@id":"https:\/\/www.confagricoltura.org\/piacenza\/confagricoltura-piacenza-plaude-alla-sentenza-del-tar-a-favore-di-terrepadane\/#article","isPartOf":{"@id":"https:\/\/www.confagricoltura.org\/piacenza\/confagricoltura-piacenza-plaude-alla-sentenza-del-tar-a-favore-di-terrepadane\/"},"author":{"name":"confagricolturapiacenza","@id":"https:\/\/www.confagricoltura.org\/piacenza\/#\/schema\/person\/be5da25a3117fea4b3bfec9dba09b5e8"},"headline":"Confagricoltura Piacenza plaude alla sentenza del Tar a favore di Terrepadane","datePublished":"2023-12-21T10:39:51+00:00","dateModified":"2023-12-22T10:41:03+00:00","mainEntityOfPage":{"@id":"https:\/\/www.confagricoltura.org\/piacenza\/confagricoltura-piacenza-plaude-alla-sentenza-del-tar-a-favore-di-terrepadane\/"},"wordCount":292,"image":{"@id":"https:\/\/www.confagricoltura.org\/piacenza\/confagricoltura-piacenza-plaude-alla-sentenza-del-tar-a-favore-di-terrepadane\/#primaryimage"},"thumbnailUrl":"https:\/\/www.confagricoltura.org\/piacenza\/wp-content\/uploads\/sites\/11\/2023\/07\/1terrepadane.jpg","keywords":["TERREPADANE"],"articleSection":["Eventi","News"],"inLanguage":"it-IT"},{"@type":"WebPage","@id":"https:\/\/www.confagricoltura.org\/piacenza\/confagricoltura-piacenza-plaude-alla-sentenza-del-tar-a-favore-di-terrepadane\/","url":"https:\/\/www.confagricoltura.org\/piacenza\/confagricoltura-piacenza-plaude-alla-sentenza-del-tar-a-favore-di-terrepadane\/","name":"Confagricoltura Piacenza plaude alla sentenza del Tar a favore di Terrepadane - Confagricoltura Piacenza","isPartOf":{"@id":"https:\/\/www.confagricoltura.org\/piacenza\/#website"},"primaryImageOfPage":{"@id":"https:\/\/www.confagricoltura.org\/piacenza\/confagricoltura-piacenza-plaude-alla-sentenza-del-tar-a-favore-di-terrepadane\/#primaryimage"},"image":{"@id":"https:\/\/www.confagricoltura.org\/piacenza\/confagricoltura-piacenza-plaude-alla-sentenza-del-tar-a-favore-di-terrepadane\/#primaryimage"},"thumbnailUrl":"https:\/\/www.confagricoltura.org\/piacenza\/wp-content\/uploads\/sites\/11\/2023\/07\/1terrepadane.jpg","datePublished":"2023-12-21T10:39:51+00:00","dateModified":"2023-12-22T10:41:03+00:00","author":{"@id":"https:\/\/www.confagricoltura.org\/piacenza\/#\/schema\/person\/be5da25a3117fea4b3bfec9dba09b5e8"},"breadcrumb":{"@id":"https:\/\/www.confagricoltura.org\/piacenza\/confagricoltura-piacenza-plaude-alla-sentenza-del-tar-a-favore-di-terrepadane\/#breadcrumb"},"inLanguage":"it-IT","potentialAction":[{"@type":"ReadAction","target":["https:\/\/www.confagricoltura.org\/piacenza\/confagricoltura-piacenza-plaude-alla-sentenza-del-tar-a-favore-di-terrepadane\/"]}]},{"@type":"ImageObject","inLanguage":"it-IT","@id":"https:\/\/www.confagricoltura.org\/piacenza\/confagricoltura-piacenza-plaude-alla-sentenza-del-tar-a-favore-di-terrepadane\/#primaryimage","url":"https:\/\/www.confagricoltura.org\/piacenza\/wp-content\/uploads\/sites\/11\/2023\/07\/1terrepadane.jpg","contentUrl":"https:\/\/www.confagricoltura.org\/piacenza\/wp-content\/uploads\/sites\/11\/2023\/07\/1terrepadane.jpg","width":660,"height":368},{"@type":"BreadcrumbList","@id":"https:\/\/www.confagricoltura.org\/piacenza\/confagricoltura-piacenza-plaude-alla-sentenza-del-tar-a-favore-di-terrepadane\/#breadcrumb","itemListElement":[{"@type":"ListItem","position":1,"name":"Home","item":"https:\/\/www.confagricoltura.org\/piacenza\/"},{"@type":"ListItem","position":2,"name":"Confagricoltura Piacenza plaude alla sentenza del Tar a favore di Terrepadane"}]},{"@type":"WebSite","@id":"https:\/\/www.confagricoltura.org\/piacenza\/#website","url":"https:\/\/www.confagricoltura.org\/piacenza\/","name":"Confagricoltura Piacenza","description":"Dalla parte degli Agricoltori","potentialAction":[{"@type":"SearchAction","target":{"@type":"EntryPoint","urlTemplate":"https:\/\/www.confagricoltura.org\/piacenza\/?s={search_term_string}"},"query-input":{"@type":"PropertyValueSpecification","valueRequired":true,"valueName":"search_term_string"}}],"inLanguage":"it-IT"},{"@type":"Person","@id":"https:\/\/www.confagricoltura.org\/piacenza\/#\/schema\/person\/be5da25a3117fea4b3bfec9dba09b5e8","name":"confagricolturapiacenza","image":{"@type":"ImageObject","inLanguage":"it-IT","@id":"https:\/\/www.confagricoltura.org\/piacenza\/#\/schema\/person\/image\/","url":"https:\/\/secure.gravatar.com\/avatar\/9c5f111e417171581853bd0a3ff892ca?s=96&d=mm&r=g","contentUrl":"https:\/\/secure.gravatar.com\/avatar\/9c5f111e417171581853bd0a3ff892ca?s=96&d=mm&r=g","caption":"confagricolturapiacenza"},"url":"https:\/\/www.confagricoltura.org\/piacenza\/author\/confagricolturapiacenza\/"}]}},"_links":{"self":[{"href":"https:\/\/www.confagricoltura.org\/piacenza\/wp-json\/wp\/v2\/posts\/4414","targetHints":{"allow":["GET"]}}],"collection":[{"href":"https:\/\/www.confagricoltura.org\/piacenza\/wp-json\/wp\/v2\/posts"}],"about":[{"href":"https:\/\/www.confagricoltura.org\/piacenza\/wp-json\/wp\/v2\/types\/post"}],"author":[{"embeddable":true,"href":"https:\/\/www.confagricoltura.org\/piacenza\/wp-json\/wp\/v2\/users\/6"}],"replies":[{"embeddable":true,"href":"https:\/\/www.confagricoltura.org\/piacenza\/wp-json\/wp\/v2\/comments?post=4414"}],"version-history":[{"count":1,"href":"https:\/\/www.confagricoltura.org\/piacenza\/wp-json\/wp\/v2\/posts\/4414\/revisions"}],"predecessor-version":[{"id":4415,"href":"https:\/\/www.confagricoltura.org\/piacenza\/wp-json\/wp\/v2\/posts\/4414\/revisions\/4415"}],"wp:featuredmedia":[{"embeddable":true,"href":"https:\/\/www.confagricoltura.org\/piacenza\/wp-json\/wp\/v2\/media\/4230"}],"wp:attachment":[{"href":"https:\/\/www.confagricoltura.org\/piacenza\/wp-json\/wp\/v2\/media?parent=4414"}],"wp:term":[{"taxonomy":"category","embeddable":true,"href":"https:\/\/www.confagricoltura.org\/piacenza\/wp-json\/wp\/v2\/categories?post=4414"},{"taxonomy":"post_tag","embeddable":true,"href":"https:\/\/www.confagricoltura.org\/piacenza\/wp-json\/wp\/v2\/tags?post=4414"}],"curies":[{"name":"wp","href":"https:\/\/api.w.org\/{rel}","templated":true}]}}