{"id":4371,"date":"2023-11-24T12:29:02","date_gmt":"2023-11-24T11:29:02","guid":{"rendered":"https:\/\/www.confagricoltura.org\/piacenza\/?p=4371"},"modified":"2023-11-28T11:33:46","modified_gmt":"2023-11-28T10:33:46","slug":"confagricoltura-piacenza-plauso-a-giovanna-montesissa-in-consiglio-nazionale-agriturist","status":"publish","type":"post","link":"https:\/\/www.confagricoltura.org\/piacenza\/confagricoltura-piacenza-plauso-a-giovanna-montesissa-in-consiglio-nazionale-agriturist\/","title":{"rendered":"Confagricoltura Piacenza: plauso a Giovanna Montesissa in Consiglio nazionale Agriturist"},"content":{"rendered":"<p>Gioved\u00ec 23 novembre si \u00e8 tenuta l&#8217;assemblea elettiva di Agriturist, l\u2019associazione che raggruppa gli agriturismi di Confagricoltura, a Palazzo della Valle, a Roma, per eleggere i nove componenti del Consiglio direttivo dell\u2019Associazione e nominare il presidente. Nella prima riunione, verranno nominati tre vicepresidenti e costituita la Giunta. Guider\u00e0 Agriturist per il prossimo triennio Augusto Congionti, confermato per acclamazione al secondo mandato.<\/p>\n<p>Marchigiano, 63 anni, Congionti \u00e8 un imprenditore agricolo ad indirizzo biologico e agrituristico in provincia di Macerata. Nel 1987 ha realizzato la prima fattoria didattica italiana, per proporre agli ospiti attivit\u00e0 mirate a far conoscere l\u2019agricoltura e il territorio. Conduce dal 2003 l\u2019agriturismo \u201cTerre della Sibilla\u201d, che offre soggiorno, ristorazione, iniziative culturali e didattiche nell\u2019azienda situata all\u2019interno del Parco Nazionale dei Monti Sibillini.<\/p>\n<p>\u201cGli anni, per fortuna ormai passati, sono stati di intenso lavoro che, a tratti, sembrava perso \u2013 ha affermato Congionti -. Poi anche le situazioni pi\u00f9 buie, come il lungo periodo della pandemia, hanno portato le persone a riscoprire la natura, gli spazi aperti, rimettendo al centro l\u2019agricoltura con le sue declinazioni, come l\u2019agriturismo. Ci aspettano sfide importanti, percorsi da valorizzare, primi fra tutti il turismo esperienziale e il cicloturismo. Abbiamo imboccato e continueremo a percorrere la strada dell\u2019operativit\u00e0 per il futuro. Il mio impegno sar\u00e0 totale\u201d.<\/p>\n<p>L&#8217;assemblea ha nominato anche i nove componenti elettivi del Consiglio, di cui fanno inoltre parte tutti i presidenti e i vicepresidenti regionali, compreso Gianpietro Bisagni di Piacenza \u2013 Presidente Agriturist Emilia-Romagna e il vicepresidente Alessandro Ricci Bitti di Ravenna. Giovanna Montesissa, coordinatrice di Agriturist Piacenza \u00e8 tra gli ingressi di nuova nomina, in rappresentanza dell\u2019Emilia-Romagna.<\/p>\n<p>Giovanna Montesissa conduce con il marito Corrado Giancani, che per\u00f2 svolge anche la libera professione di avvocato, l\u2019agriturismo Boschi Celati a Fossadello. L\u2019azienda agricola ad indirizzo vegetale coltiva pomodoro da industria, mais, cereali e altri seminativi e si sviluppa su circa 120 ettari a corpo unico in parte in zona golenale lungo il Po. Laureata in giurisprudenza, Giovanna \u00e8 stata di fatto il motore dell\u2019attivit\u00e0 agrituristica che ha preso il via ormai vent\u2019anni fa nel 2003.<\/p>\n<p>Da quest\u2019anno anche il figlio pi\u00f9 grande Lorenzo, vent\u2019anni appena compiuti, \u00e8 attivo in azienda e si destreggia tra l\u2019impegno in agriturismo e la facolt\u00e0 di agraria. Giovanna \u00e8 mamma anche di Sofia che ha 12 anni e della piccola Maria Vittoria di 7 anni appena. Abilissima organizzatrice, si occupa personalmente della gestione manageriale dell\u2019agriturismo. Partita sistemando la cucina e poche stanze per servire i pasti all\u2019interno del nucleo centrale dell\u2019azienda, ha ampliato l\u2019accoglienza con le camere per i soggiorni, oggi 16, e altre sale per eventi e convegni in grado di ospitare oltre 100 persone. L\u2019agriturismo \u00e8 associato anche al circuito Agricycle e offre servizi e attrezzature per le comitive amanti del turismo lento a piedi e in bicicletta. Un\u2019attenta analisi di posizionamento ha condotto l\u2019azienda ad essere specializzata in eventi.<\/p>\n<p>\u201cSono molto felice di questa nomina \u2013 ha commentato Giovanna Montesissa \u2013 ringrazio Agriturist e Confagricoltura Piacenza per la fiducia. Grazie anche al presidente di Agriturist Emilia Romagna, Gianpietro Bisagni, che mi ha incoraggiato in questo percorso, con lui prosegue un lavoro di raccordo e sinergia per mettere in campo sempre nuovi progetti e iniziative a vantaggio delle aziende associate. Da oggi l\u2019impegno sar\u00e0 ancora pi\u00f9 intenso e con il valore aggiunto dell\u2019interazione anche sul piano nazionale. Sono molto felice di far parte di questa associazione e invito gli operatori agrituristici ad aderire. Insieme possiamo promuovere meglio le nostre strutture con un lavoro comune, valorizzando i nostri territori, i nostri prodotti e il turismo lento che le persone ricercano sempre pi\u00f9\u201d.<\/p>\n<p>Oltre a Montesissa entrano nell\u2019 esecutivo anche: Antonio Casazza per la Campania, Michelangelo de Benedittis per la Puglia, Damiano Donati e Andrea Mazzanti per la Toscana, Aurelio Ferrazza per il Lazio, Leonardo Granata per il Veneto Franco Priarone per il Piemonte e Saro Romeo per la Sicilia.<\/p>\n<p>\u201cIl mio impegno sar\u00e0 totale \u2013 ha aggiunto il presidente di Agriturist Congionti &#8211; per crescere, insieme ai componenti del nuovo Consiglio, nella continuit\u00e0 con le nostre salde radici, ma sposando a pieno l\u2019innovazione. Con l\u2019impegno di tutti saremo in grado di cogliere le tante occasioni che si presentano. Orgogliosi di aver fondato e dato il nome al fenomeno dell\u2019agriturismo, continueremo ad impegnarci per far crescere le nostre imprese e la nostra associazione\u201d.<\/p>\n<p>Parole di plauso anche da Confagricoltura Piacenza che esprime le proprie congratulazioni a tutto il nuovo Consiglio con gli auguri di buon lavoro. \u201cSiamo molto orgogliosi di questa nomina piacentina \u2013 commentano i vertici dell\u2019Associazione \u2013 riconosce l\u2019impegno e la professionalit\u00e0 di Giovanna Montesissa e siamo certi che lei sapr\u00e0 dare il suo contributo anche sul piano nazionale come ha gi\u00e0 dimostrato di saper fare sul territorio insieme al presidente regionale Gianpietro Bisagni, anche lui piacentino e molto attivo nell\u2019associazione\u201d.<\/p>\n","protected":false},"excerpt":{"rendered":"<p>Nuovo incarico per la coordinatrice piacentina degli agriturismi, Congionti confermato presidente <\/p>\n","protected":false},"author":6,"featured_media":4373,"comment_status":"closed","ping_status":"closed","sticky":false,"template":"","format":"standard","meta":{"wp_mapbox_gl_js_media":[],"footnotes":""},"categories":[21,4,1],"tags":[176],"class_list":["post-4371","post","type-post","status-publish","format-standard","has-post-thumbnail","hentry","category-eventi","category-news","category-uncategorized","tag-agriturist-nazionale"],"yoast_head":"<!-- This site is optimized with the Yoast SEO plugin v26.8 - https:\/\/yoast.com\/product\/yoast-seo-wordpress\/ -->\n<title>Confagricoltura Piacenza: plauso a Giovanna Montesissa in Consiglio nazionale Agriturist - Confagricoltura Piacenza<\/title>\n<meta name=\"robots\" content=\"index, follow, max-snippet:-1, max-image-preview:large, max-video-preview:-1\" \/>\n<link rel=\"canonical\" href=\"https:\/\/www.confagricoltura.org\/piacenza\/confagricoltura-piacenza-plauso-a-giovanna-montesissa-in-consiglio-nazionale-agriturist\/\" \/>\n<meta property=\"og:locale\" content=\"it_IT\" \/>\n<meta property=\"og:type\" content=\"article\" \/>\n<meta property=\"og:title\" content=\"Confagricoltura Piacenza: plauso a Giovanna Montesissa in Consiglio nazionale Agriturist - Confagricoltura Piacenza\" \/>\n<meta property=\"og:description\" content=\"Nuovo incarico per la coordinatrice piacentina degli agriturismi, Congionti confermato presidente\" \/>\n<meta property=\"og:url\" content=\"https:\/\/www.confagricoltura.org\/piacenza\/confagricoltura-piacenza-plauso-a-giovanna-montesissa-in-consiglio-nazionale-agriturist\/\" \/>\n<meta property=\"og:site_name\" content=\"Confagricoltura Piacenza\" \/>\n<meta property=\"article:published_time\" content=\"2023-11-24T11:29:02+00:00\" \/>\n<meta property=\"article:modified_time\" content=\"2023-11-28T10:33:46+00:00\" \/>\n<meta property=\"og:image\" content=\"https:\/\/www.confagricoltura.org\/piacenza\/wp-content\/uploads\/sites\/11\/2023\/11\/Agriturist-NAZIONALE-2023-scaled.jpg\" \/>\n\t<meta property=\"og:image:width\" content=\"2560\" \/>\n\t<meta property=\"og:image:height\" content=\"2560\" \/>\n\t<meta property=\"og:image:type\" content=\"image\/jpeg\" \/>\n<meta name=\"author\" content=\"confagricolturapiacenza\" \/>\n<meta name=\"twitter:card\" content=\"summary_large_image\" \/>\n<meta name=\"twitter:label1\" content=\"Scritto da\" \/>\n\t<meta name=\"twitter:data1\" content=\"confagricolturapiacenza\" \/>\n\t<meta name=\"twitter:label2\" content=\"Tempo di lettura stimato\" \/>\n\t<meta name=\"twitter:data2\" content=\"4 minuti\" \/>\n<script type=\"application\/ld+json\" class=\"yoast-schema-graph\">{\"@context\":\"https:\/\/schema.org\",\"@graph\":[{\"@type\":\"Article\",\"@id\":\"https:\/\/www.confagricoltura.org\/piacenza\/confagricoltura-piacenza-plauso-a-giovanna-montesissa-in-consiglio-nazionale-agriturist\/#article\",\"isPartOf\":{\"@id\":\"https:\/\/www.confagricoltura.org\/piacenza\/confagricoltura-piacenza-plauso-a-giovanna-montesissa-in-consiglio-nazionale-agriturist\/\"},\"author\":{\"name\":\"confagricolturapiacenza\",\"@id\":\"https:\/\/www.confagricoltura.org\/piacenza\/#\/schema\/person\/be5da25a3117fea4b3bfec9dba09b5e8\"},\"headline\":\"Confagricoltura Piacenza: plauso a Giovanna Montesissa in Consiglio nazionale Agriturist\",\"datePublished\":\"2023-11-24T11:29:02+00:00\",\"dateModified\":\"2023-11-28T10:33:46+00:00\",\"mainEntityOfPage\":{\"@id\":\"https:\/\/www.confagricoltura.org\/piacenza\/confagricoltura-piacenza-plauso-a-giovanna-montesissa-in-consiglio-nazionale-agriturist\/\"},\"wordCount\":815,\"image\":{\"@id\":\"https:\/\/www.confagricoltura.org\/piacenza\/confagricoltura-piacenza-plauso-a-giovanna-montesissa-in-consiglio-nazionale-agriturist\/#primaryimage\"},\"thumbnailUrl\":\"https:\/\/www.confagricoltura.org\/piacenza\/wp-content\/uploads\/sites\/11\/2023\/11\/Agriturist-NAZIONALE-2023-scaled.jpg\",\"keywords\":[\"agriturist nazionale\"],\"articleSection\":[\"Eventi\",\"News\",\"Uncategorized\"],\"inLanguage\":\"it-IT\"},{\"@type\":\"WebPage\",\"@id\":\"https:\/\/www.confagricoltura.org\/piacenza\/confagricoltura-piacenza-plauso-a-giovanna-montesissa-in-consiglio-nazionale-agriturist\/\",\"url\":\"https:\/\/www.confagricoltura.org\/piacenza\/confagricoltura-piacenza-plauso-a-giovanna-montesissa-in-consiglio-nazionale-agriturist\/\",\"name\":\"Confagricoltura Piacenza: plauso a Giovanna Montesissa in Consiglio nazionale Agriturist - Confagricoltura Piacenza\",\"isPartOf\":{\"@id\":\"https:\/\/www.confagricoltura.org\/piacenza\/#website\"},\"primaryImageOfPage\":{\"@id\":\"https:\/\/www.confagricoltura.org\/piacenza\/confagricoltura-piacenza-plauso-a-giovanna-montesissa-in-consiglio-nazionale-agriturist\/#primaryimage\"},\"image\":{\"@id\":\"https:\/\/www.confagricoltura.org\/piacenza\/confagricoltura-piacenza-plauso-a-giovanna-montesissa-in-consiglio-nazionale-agriturist\/#primaryimage\"},\"thumbnailUrl\":\"https:\/\/www.confagricoltura.org\/piacenza\/wp-content\/uploads\/sites\/11\/2023\/11\/Agriturist-NAZIONALE-2023-scaled.jpg\",\"datePublished\":\"2023-11-24T11:29:02+00:00\",\"dateModified\":\"2023-11-28T10:33:46+00:00\",\"author\":{\"@id\":\"https:\/\/www.confagricoltura.org\/piacenza\/#\/schema\/person\/be5da25a3117fea4b3bfec9dba09b5e8\"},\"breadcrumb\":{\"@id\":\"https:\/\/www.confagricoltura.org\/piacenza\/confagricoltura-piacenza-plauso-a-giovanna-montesissa-in-consiglio-nazionale-agriturist\/#breadcrumb\"},\"inLanguage\":\"it-IT\",\"potentialAction\":[{\"@type\":\"ReadAction\",\"target\":[\"https:\/\/www.confagricoltura.org\/piacenza\/confagricoltura-piacenza-plauso-a-giovanna-montesissa-in-consiglio-nazionale-agriturist\/\"]}]},{\"@type\":\"ImageObject\",\"inLanguage\":\"it-IT\",\"@id\":\"https:\/\/www.confagricoltura.org\/piacenza\/confagricoltura-piacenza-plauso-a-giovanna-montesissa-in-consiglio-nazionale-agriturist\/#primaryimage\",\"url\":\"https:\/\/www.confagricoltura.org\/piacenza\/wp-content\/uploads\/sites\/11\/2023\/11\/Agriturist-NAZIONALE-2023-scaled.jpg\",\"contentUrl\":\"https:\/\/www.confagricoltura.org\/piacenza\/wp-content\/uploads\/sites\/11\/2023\/11\/Agriturist-NAZIONALE-2023-scaled.jpg\",\"width\":2560,\"height\":2560},{\"@type\":\"BreadcrumbList\",\"@id\":\"https:\/\/www.confagricoltura.org\/piacenza\/confagricoltura-piacenza-plauso-a-giovanna-montesissa-in-consiglio-nazionale-agriturist\/#breadcrumb\",\"itemListElement\":[{\"@type\":\"ListItem\",\"position\":1,\"name\":\"Home\",\"item\":\"https:\/\/www.confagricoltura.org\/piacenza\/\"},{\"@type\":\"ListItem\",\"position\":2,\"name\":\"Confagricoltura Piacenza: plauso a Giovanna Montesissa in Consiglio nazionale Agriturist\"}]},{\"@type\":\"WebSite\",\"@id\":\"https:\/\/www.confagricoltura.org\/piacenza\/#website\",\"url\":\"https:\/\/www.confagricoltura.org\/piacenza\/\",\"name\":\"Confagricoltura Piacenza\",\"description\":\"Dalla parte degli Agricoltori\",\"potentialAction\":[{\"@type\":\"SearchAction\",\"target\":{\"@type\":\"EntryPoint\",\"urlTemplate\":\"https:\/\/www.confagricoltura.org\/piacenza\/?s={search_term_string}\"},\"query-input\":{\"@type\":\"PropertyValueSpecification\",\"valueRequired\":true,\"valueName\":\"search_term_string\"}}],\"inLanguage\":\"it-IT\"},{\"@type\":\"Person\",\"@id\":\"https:\/\/www.confagricoltura.org\/piacenza\/#\/schema\/person\/be5da25a3117fea4b3bfec9dba09b5e8\",\"name\":\"confagricolturapiacenza\",\"image\":{\"@type\":\"ImageObject\",\"inLanguage\":\"it-IT\",\"@id\":\"https:\/\/www.confagricoltura.org\/piacenza\/#\/schema\/person\/image\/\",\"url\":\"https:\/\/secure.gravatar.com\/avatar\/9c5f111e417171581853bd0a3ff892ca?s=96&d=mm&r=g\",\"contentUrl\":\"https:\/\/secure.gravatar.com\/avatar\/9c5f111e417171581853bd0a3ff892ca?s=96&d=mm&r=g\",\"caption\":\"confagricolturapiacenza\"},\"url\":\"https:\/\/www.confagricoltura.org\/piacenza\/author\/confagricolturapiacenza\/\"}]}<\/script>\n<!-- \/ Yoast SEO plugin. -->","yoast_head_json":{"title":"Confagricoltura Piacenza: plauso a Giovanna Montesissa in Consiglio nazionale Agriturist - Confagricoltura Piacenza","robots":{"index":"index","follow":"follow","max-snippet":"max-snippet:-1","max-image-preview":"max-image-preview:large","max-video-preview":"max-video-preview:-1"},"canonical":"https:\/\/www.confagricoltura.org\/piacenza\/confagricoltura-piacenza-plauso-a-giovanna-montesissa-in-consiglio-nazionale-agriturist\/","og_locale":"it_IT","og_type":"article","og_title":"Confagricoltura Piacenza: plauso a Giovanna Montesissa in Consiglio nazionale Agriturist - Confagricoltura Piacenza","og_description":"Nuovo incarico per la coordinatrice piacentina degli agriturismi, Congionti confermato presidente","og_url":"https:\/\/www.confagricoltura.org\/piacenza\/confagricoltura-piacenza-plauso-a-giovanna-montesissa-in-consiglio-nazionale-agriturist\/","og_site_name":"Confagricoltura Piacenza","article_published_time":"2023-11-24T11:29:02+00:00","article_modified_time":"2023-11-28T10:33:46+00:00","og_image":[{"width":2560,"height":2560,"url":"https:\/\/www.confagricoltura.org\/piacenza\/wp-content\/uploads\/sites\/11\/2023\/11\/Agriturist-NAZIONALE-2023-scaled.jpg","type":"image\/jpeg"}],"author":"confagricolturapiacenza","twitter_card":"summary_large_image","twitter_misc":{"Scritto da":"confagricolturapiacenza","Tempo di lettura stimato":"4 minuti"},"schema":{"@context":"https:\/\/schema.org","@graph":[{"@type":"Article","@id":"https:\/\/www.confagricoltura.org\/piacenza\/confagricoltura-piacenza-plauso-a-giovanna-montesissa-in-consiglio-nazionale-agriturist\/#article","isPartOf":{"@id":"https:\/\/www.confagricoltura.org\/piacenza\/confagricoltura-piacenza-plauso-a-giovanna-montesissa-in-consiglio-nazionale-agriturist\/"},"author":{"name":"confagricolturapiacenza","@id":"https:\/\/www.confagricoltura.org\/piacenza\/#\/schema\/person\/be5da25a3117fea4b3bfec9dba09b5e8"},"headline":"Confagricoltura Piacenza: plauso a Giovanna Montesissa in Consiglio nazionale Agriturist","datePublished":"2023-11-24T11:29:02+00:00","dateModified":"2023-11-28T10:33:46+00:00","mainEntityOfPage":{"@id":"https:\/\/www.confagricoltura.org\/piacenza\/confagricoltura-piacenza-plauso-a-giovanna-montesissa-in-consiglio-nazionale-agriturist\/"},"wordCount":815,"image":{"@id":"https:\/\/www.confagricoltura.org\/piacenza\/confagricoltura-piacenza-plauso-a-giovanna-montesissa-in-consiglio-nazionale-agriturist\/#primaryimage"},"thumbnailUrl":"https:\/\/www.confagricoltura.org\/piacenza\/wp-content\/uploads\/sites\/11\/2023\/11\/Agriturist-NAZIONALE-2023-scaled.jpg","keywords":["agriturist nazionale"],"articleSection":["Eventi","News","Uncategorized"],"inLanguage":"it-IT"},{"@type":"WebPage","@id":"https:\/\/www.confagricoltura.org\/piacenza\/confagricoltura-piacenza-plauso-a-giovanna-montesissa-in-consiglio-nazionale-agriturist\/","url":"https:\/\/www.confagricoltura.org\/piacenza\/confagricoltura-piacenza-plauso-a-giovanna-montesissa-in-consiglio-nazionale-agriturist\/","name":"Confagricoltura Piacenza: plauso a Giovanna Montesissa in Consiglio nazionale Agriturist - Confagricoltura Piacenza","isPartOf":{"@id":"https:\/\/www.confagricoltura.org\/piacenza\/#website"},"primaryImageOfPage":{"@id":"https:\/\/www.confagricoltura.org\/piacenza\/confagricoltura-piacenza-plauso-a-giovanna-montesissa-in-consiglio-nazionale-agriturist\/#primaryimage"},"image":{"@id":"https:\/\/www.confagricoltura.org\/piacenza\/confagricoltura-piacenza-plauso-a-giovanna-montesissa-in-consiglio-nazionale-agriturist\/#primaryimage"},"thumbnailUrl":"https:\/\/www.confagricoltura.org\/piacenza\/wp-content\/uploads\/sites\/11\/2023\/11\/Agriturist-NAZIONALE-2023-scaled.jpg","datePublished":"2023-11-24T11:29:02+00:00","dateModified":"2023-11-28T10:33:46+00:00","author":{"@id":"https:\/\/www.confagricoltura.org\/piacenza\/#\/schema\/person\/be5da25a3117fea4b3bfec9dba09b5e8"},"breadcrumb":{"@id":"https:\/\/www.confagricoltura.org\/piacenza\/confagricoltura-piacenza-plauso-a-giovanna-montesissa-in-consiglio-nazionale-agriturist\/#breadcrumb"},"inLanguage":"it-IT","potentialAction":[{"@type":"ReadAction","target":["https:\/\/www.confagricoltura.org\/piacenza\/confagricoltura-piacenza-plauso-a-giovanna-montesissa-in-consiglio-nazionale-agriturist\/"]}]},{"@type":"ImageObject","inLanguage":"it-IT","@id":"https:\/\/www.confagricoltura.org\/piacenza\/confagricoltura-piacenza-plauso-a-giovanna-montesissa-in-consiglio-nazionale-agriturist\/#primaryimage","url":"https:\/\/www.confagricoltura.org\/piacenza\/wp-content\/uploads\/sites\/11\/2023\/11\/Agriturist-NAZIONALE-2023-scaled.jpg","contentUrl":"https:\/\/www.confagricoltura.org\/piacenza\/wp-content\/uploads\/sites\/11\/2023\/11\/Agriturist-NAZIONALE-2023-scaled.jpg","width":2560,"height":2560},{"@type":"BreadcrumbList","@id":"https:\/\/www.confagricoltura.org\/piacenza\/confagricoltura-piacenza-plauso-a-giovanna-montesissa-in-consiglio-nazionale-agriturist\/#breadcrumb","itemListElement":[{"@type":"ListItem","position":1,"name":"Home","item":"https:\/\/www.confagricoltura.org\/piacenza\/"},{"@type":"ListItem","position":2,"name":"Confagricoltura Piacenza: plauso a Giovanna Montesissa in Consiglio nazionale Agriturist"}]},{"@type":"WebSite","@id":"https:\/\/www.confagricoltura.org\/piacenza\/#website","url":"https:\/\/www.confagricoltura.org\/piacenza\/","name":"Confagricoltura Piacenza","description":"Dalla parte degli Agricoltori","potentialAction":[{"@type":"SearchAction","target":{"@type":"EntryPoint","urlTemplate":"https:\/\/www.confagricoltura.org\/piacenza\/?s={search_term_string}"},"query-input":{"@type":"PropertyValueSpecification","valueRequired":true,"valueName":"search_term_string"}}],"inLanguage":"it-IT"},{"@type":"Person","@id":"https:\/\/www.confagricoltura.org\/piacenza\/#\/schema\/person\/be5da25a3117fea4b3bfec9dba09b5e8","name":"confagricolturapiacenza","image":{"@type":"ImageObject","inLanguage":"it-IT","@id":"https:\/\/www.confagricoltura.org\/piacenza\/#\/schema\/person\/image\/","url":"https:\/\/secure.gravatar.com\/avatar\/9c5f111e417171581853bd0a3ff892ca?s=96&d=mm&r=g","contentUrl":"https:\/\/secure.gravatar.com\/avatar\/9c5f111e417171581853bd0a3ff892ca?s=96&d=mm&r=g","caption":"confagricolturapiacenza"},"url":"https:\/\/www.confagricoltura.org\/piacenza\/author\/confagricolturapiacenza\/"}]}},"_links":{"self":[{"href":"https:\/\/www.confagricoltura.org\/piacenza\/wp-json\/wp\/v2\/posts\/4371","targetHints":{"allow":["GET"]}}],"collection":[{"href":"https:\/\/www.confagricoltura.org\/piacenza\/wp-json\/wp\/v2\/posts"}],"about":[{"href":"https:\/\/www.confagricoltura.org\/piacenza\/wp-json\/wp\/v2\/types\/post"}],"author":[{"embeddable":true,"href":"https:\/\/www.confagricoltura.org\/piacenza\/wp-json\/wp\/v2\/users\/6"}],"replies":[{"embeddable":true,"href":"https:\/\/www.confagricoltura.org\/piacenza\/wp-json\/wp\/v2\/comments?post=4371"}],"version-history":[{"count":3,"href":"https:\/\/www.confagricoltura.org\/piacenza\/wp-json\/wp\/v2\/posts\/4371\/revisions"}],"predecessor-version":[{"id":4375,"href":"https:\/\/www.confagricoltura.org\/piacenza\/wp-json\/wp\/v2\/posts\/4371\/revisions\/4375"}],"wp:featuredmedia":[{"embeddable":true,"href":"https:\/\/www.confagricoltura.org\/piacenza\/wp-json\/wp\/v2\/media\/4373"}],"wp:attachment":[{"href":"https:\/\/www.confagricoltura.org\/piacenza\/wp-json\/wp\/v2\/media?parent=4371"}],"wp:term":[{"taxonomy":"category","embeddable":true,"href":"https:\/\/www.confagricoltura.org\/piacenza\/wp-json\/wp\/v2\/categories?post=4371"},{"taxonomy":"post_tag","embeddable":true,"href":"https:\/\/www.confagricoltura.org\/piacenza\/wp-json\/wp\/v2\/tags?post=4371"}],"curies":[{"name":"wp","href":"https:\/\/api.w.org\/{rel}","templated":true}]}}