{"id":4351,"date":"2023-11-14T12:46:30","date_gmt":"2023-11-14T11:46:30","guid":{"rendered":"https:\/\/www.confagricoltura.org\/piacenza\/?p=4351"},"modified":"2023-11-15T12:53:05","modified_gmt":"2023-11-15T11:53:05","slug":"confagricoltura-piacenza-ad-ecomondo-con-i-vertici-nazionali","status":"publish","type":"post","link":"https:\/\/www.confagricoltura.org\/piacenza\/confagricoltura-piacenza-ad-ecomondo-con-i-vertici-nazionali\/","title":{"rendered":"Confagricoltura Piacenza ad Ecomondo con i vertici nazionali"},"content":{"rendered":"<p>Dal 7 al 10 novembre alla Fiera di Rimini si \u00e8 tenuta Ecomondo, la fiera dedicata alla transizione ecologica, e Confagricoltura ha sottolineato la sua presenza con uno stand ancora pi\u00f9 grande rispetto al passato per dare spazio ad un fitto calendario di eventi, organizzati in collaborazione con atenei, enti e associazioni. Tanti i temi al centro degli appuntamenti: il cambiamento climatico e la gestione del rischio, la sostenibilit\u00e0 nelle sue varie declinazioni; l\u2019economia circolare, le sfide della filiera agroalimentare, le innovazioni tecnologiche e il PNRR, le bioenergie e l\u2019uso consapevole delle risorse naturali. Lo stand \u00e8 stato animato anche da workshop, laboratori e talk per coinvolgere attivamente i visitatori, primi fra tutti gli studenti.<\/p>\n<p>In particolare, una delegazione di associati di Confagricoltura Piacenza, accompagnata dal Tesoriere Stefano Repetti e dai Segretari di Zona Enrica Cabrini, Marco Piacentini, Paolo Messa e il consulente viticolo Enrico Ceruti, ha preso parte alla giornata dell\u20198 novembre partecipando con interesse al convegno sull\u2019agroalimentare \u201cLe esigenze e le opportunit\u00e0 del settore agroalimentare nella sfida verso modelli di produzione sostenibili nel mutato contesto economico ed internazionale\u201d\u00a0 organizzato in collaborazione con Federalimentare, Enea e Comitato Tecnico Scientifico di Ecomondo. Al confronto, insieme a istituzioni europee, organismi nazionali, rappresentanti della filiera e del mondo accademico, ha partecipato Il presidente di Confagricoltura, Massimiliano Giansanti che ha sottolineato: \u201cLe nuove tecniche genomiche rappresentano un\u2019opportunit\u00e0 per l\u2019agricoltura, permettendo di creare organismi pi\u00f9 sani, ma anche pi\u00f9 resistenti ai cambiamenti climatici e quindi pi\u00f9 produttivi. Noi di Confagricoltura giudichiamo positivamente l\u2019orientamento della Commissione Europea a favore delle NGT, in quanto strumento fondamentale per il futuro della nostra alimentazione. Secondo la FAO, infatti, nei prossimi anni sar\u00e0 necessario aumentare la produzione alimentare del 50%. Gli agricoltori sono chiamati ad affrontare sfide sempre pi\u00f9 difficili e hanno bisogno, quindi, di poter contare sulla scienza e sulla ricerca per raggiungere un obiettivo comune: una \u201cbuona natura\u201d per un cibo di qualit\u00e0 e sicuro.<\/p>\n<p>Da segnalare anche altri due eventi che hanno \u201cparlato piacentino\u201d durante la prima giornata della fiera (il 7 novembre): la presentazione dell\u2019indagine realizzata da Confagricoltura insieme all\u2019Universit\u00e0 Cattolica del Sacro Cuore di Piacenza, dal titolo \u201cUn\u2019agricoltura sostenibile: quanto ne sai? News e fake news\u201d con l\u2019obiettivo di sondare il livello di conoscenza tra le nuove generazioni, circa i progressi, gli investimenti e le innovazioni che le aziende agricole hanno adottato per adattarsi e mitigare gli effetti dei cambiamenti climatici e per soddisfare consumatori. Ne \u00e8 emerso che un\u2019ampia maggioranza di giovani non crede che l\u2019agricoltura sia tra i principali responsabili degli sprechi d\u2019acqua (76%) n\u00e9 di quelli alimentari (87%), in controtendenza rispetto al dibattito pubblico che spesso le attribuisce tali dispersioni, per via di una diffusa disinformazione circa la transizione green del settore primario.<\/p>\n<p>\u201cSiamo piacevolmente colpiti dal grado di informazione delle nuove generazioni in merito all\u2019impegno dell\u2019agricoltura nella transizione green. Quasi 8 giovani su 10 riconoscono che il settore agro-alimentare non rientra tra le principali cause dei cambiamenti climatici, in controtendenza rispetto a quanto spesso affermato da politici e media. Tuttavia, persistono delle distorsioni, pertanto \u00e8 fondamentale incentivare una corretta comunicazione delle buone pratiche in agricoltura, il settore da sempre legato a doppio filo con natura e ambiente\u201d ha dichiarato Dario Giardi, responsabile sostenibilit\u00e0 ed economia circolare di Confagricoltura.<\/p>\n<p>\u201cCome Universit\u00e0, siamo interessati alla percezione da parte dei non addetti ai lavori, e in particolare dei giovani, della relazione tra agricoltura e ambiente. Siamo consapevoli della facilit\u00e0 con cui certe informazioni fuorvianti possono circolare e della difficolt\u00e0 oggettiva di comunicare contenuti scientifici complessi, d\u2019altro canto riteniamo che una comunicazione corretta sia un dovere nei confronti della collettivit\u00e0\u201d ha dichiarato Paolo Sckokai, professore di Economia agro-alimentare all\u2019Universit\u00e0 Cattolica di Piacenza, aggiungendo: \u201cI risultati del sondaggio sono incoraggianti; ora \u00e8 tempo di lavorare in sinergia. Le strategie di mitigazione e adattamento da parte del comparto agricolo sono ovviamente indispensabili, ma \u00e8 altrettanto importante che questo percorso sia condiviso con gli altri settori produttivi e che l\u2019opinione pubblica possa disporre di informazioni rigorose\u201d.<\/p>\n<p>\u201cNuove proteine: il contributo dell\u2019Insect farming\u201d \u00e8 stato un altro appuntamento clou che ha visto come relatrice la piacentina componente di Giunta nazionale e allevatrice zootecnica Giovanna Parmigiani. Nel dibattito, anche grazie a testimonianze aziendali che hanno investito nel settore, il focus \u00e8 stato posto sul contributo che le proteine alternative, destinate sia al consumo animale, sia a quello alimentare, possono dare all\u2019obiettivo di incrementare la produzione alimentare abbassando la pressione sui fattori produttivi.<\/p>\n","protected":false},"excerpt":{"rendered":"<p>Ricco calendario di appuntamenti alla fiera dedicata alla transizione ecologica<\/p>\n","protected":false},"author":6,"featured_media":4353,"comment_status":"closed","ping_status":"closed","sticky":false,"template":"","format":"standard","meta":{"wp_mapbox_gl_js_media":[],"footnotes":""},"categories":[4,9,1],"tags":[114],"class_list":["post-4351","post","type-post","status-publish","format-standard","has-post-thumbnail","hentry","category-news","category-territorio-ambiente","category-uncategorized","tag-ecomondo"],"yoast_head":"<!-- This site is optimized with the Yoast SEO plugin v26.8 - https:\/\/yoast.com\/product\/yoast-seo-wordpress\/ -->\n<title>Confagricoltura Piacenza ad Ecomondo con i vertici nazionali - Confagricoltura Piacenza<\/title>\n<meta name=\"robots\" content=\"index, follow, max-snippet:-1, max-image-preview:large, max-video-preview:-1\" \/>\n<link rel=\"canonical\" href=\"https:\/\/www.confagricoltura.org\/piacenza\/confagricoltura-piacenza-ad-ecomondo-con-i-vertici-nazionali\/\" \/>\n<meta property=\"og:locale\" content=\"it_IT\" \/>\n<meta property=\"og:type\" content=\"article\" \/>\n<meta property=\"og:title\" content=\"Confagricoltura Piacenza ad Ecomondo con i vertici nazionali - Confagricoltura Piacenza\" \/>\n<meta property=\"og:description\" content=\"Ricco calendario di appuntamenti alla fiera dedicata alla transizione ecologica\" \/>\n<meta property=\"og:url\" content=\"https:\/\/www.confagricoltura.org\/piacenza\/confagricoltura-piacenza-ad-ecomondo-con-i-vertici-nazionali\/\" \/>\n<meta property=\"og:site_name\" content=\"Confagricoltura Piacenza\" \/>\n<meta property=\"article:published_time\" content=\"2023-11-14T11:46:30+00:00\" \/>\n<meta property=\"article:modified_time\" content=\"2023-11-15T11:53:05+00:00\" \/>\n<meta property=\"og:image\" content=\"https:\/\/www.confagricoltura.org\/piacenza\/wp-content\/uploads\/sites\/11\/2023\/11\/Giansanti-e-Barrile-con-alcuni-funzionari-di-Confagricoltura-Piacenza.jpg\" \/>\n\t<meta property=\"og:image:width\" content=\"1024\" \/>\n\t<meta property=\"og:image:height\" content=\"768\" \/>\n\t<meta property=\"og:image:type\" content=\"image\/jpeg\" \/>\n<meta name=\"author\" content=\"confagricolturapiacenza\" \/>\n<meta name=\"twitter:card\" content=\"summary_large_image\" \/>\n<meta name=\"twitter:label1\" content=\"Scritto da\" \/>\n\t<meta name=\"twitter:data1\" content=\"confagricolturapiacenza\" \/>\n\t<meta name=\"twitter:label2\" content=\"Tempo di lettura stimato\" \/>\n\t<meta name=\"twitter:data2\" content=\"4 minuti\" \/>\n<script type=\"application\/ld+json\" class=\"yoast-schema-graph\">{\"@context\":\"https:\/\/schema.org\",\"@graph\":[{\"@type\":\"Article\",\"@id\":\"https:\/\/www.confagricoltura.org\/piacenza\/confagricoltura-piacenza-ad-ecomondo-con-i-vertici-nazionali\/#article\",\"isPartOf\":{\"@id\":\"https:\/\/www.confagricoltura.org\/piacenza\/confagricoltura-piacenza-ad-ecomondo-con-i-vertici-nazionali\/\"},\"author\":{\"name\":\"confagricolturapiacenza\",\"@id\":\"https:\/\/www.confagricoltura.org\/piacenza\/#\/schema\/person\/be5da25a3117fea4b3bfec9dba09b5e8\"},\"headline\":\"Confagricoltura Piacenza ad Ecomondo con i vertici nazionali\",\"datePublished\":\"2023-11-14T11:46:30+00:00\",\"dateModified\":\"2023-11-15T11:53:05+00:00\",\"mainEntityOfPage\":{\"@id\":\"https:\/\/www.confagricoltura.org\/piacenza\/confagricoltura-piacenza-ad-ecomondo-con-i-vertici-nazionali\/\"},\"wordCount\":745,\"image\":{\"@id\":\"https:\/\/www.confagricoltura.org\/piacenza\/confagricoltura-piacenza-ad-ecomondo-con-i-vertici-nazionali\/#primaryimage\"},\"thumbnailUrl\":\"https:\/\/www.confagricoltura.org\/piacenza\/wp-content\/uploads\/sites\/11\/2023\/11\/Giansanti-e-Barrile-con-alcuni-funzionari-di-Confagricoltura-Piacenza.jpg\",\"keywords\":[\"ECOMONDO\"],\"articleSection\":[\"News\",\"Territorio e Ambiente\",\"Uncategorized\"],\"inLanguage\":\"it-IT\"},{\"@type\":\"WebPage\",\"@id\":\"https:\/\/www.confagricoltura.org\/piacenza\/confagricoltura-piacenza-ad-ecomondo-con-i-vertici-nazionali\/\",\"url\":\"https:\/\/www.confagricoltura.org\/piacenza\/confagricoltura-piacenza-ad-ecomondo-con-i-vertici-nazionali\/\",\"name\":\"Confagricoltura Piacenza ad Ecomondo con i vertici nazionali - Confagricoltura Piacenza\",\"isPartOf\":{\"@id\":\"https:\/\/www.confagricoltura.org\/piacenza\/#website\"},\"primaryImageOfPage\":{\"@id\":\"https:\/\/www.confagricoltura.org\/piacenza\/confagricoltura-piacenza-ad-ecomondo-con-i-vertici-nazionali\/#primaryimage\"},\"image\":{\"@id\":\"https:\/\/www.confagricoltura.org\/piacenza\/confagricoltura-piacenza-ad-ecomondo-con-i-vertici-nazionali\/#primaryimage\"},\"thumbnailUrl\":\"https:\/\/www.confagricoltura.org\/piacenza\/wp-content\/uploads\/sites\/11\/2023\/11\/Giansanti-e-Barrile-con-alcuni-funzionari-di-Confagricoltura-Piacenza.jpg\",\"datePublished\":\"2023-11-14T11:46:30+00:00\",\"dateModified\":\"2023-11-15T11:53:05+00:00\",\"author\":{\"@id\":\"https:\/\/www.confagricoltura.org\/piacenza\/#\/schema\/person\/be5da25a3117fea4b3bfec9dba09b5e8\"},\"breadcrumb\":{\"@id\":\"https:\/\/www.confagricoltura.org\/piacenza\/confagricoltura-piacenza-ad-ecomondo-con-i-vertici-nazionali\/#breadcrumb\"},\"inLanguage\":\"it-IT\",\"potentialAction\":[{\"@type\":\"ReadAction\",\"target\":[\"https:\/\/www.confagricoltura.org\/piacenza\/confagricoltura-piacenza-ad-ecomondo-con-i-vertici-nazionali\/\"]}]},{\"@type\":\"ImageObject\",\"inLanguage\":\"it-IT\",\"@id\":\"https:\/\/www.confagricoltura.org\/piacenza\/confagricoltura-piacenza-ad-ecomondo-con-i-vertici-nazionali\/#primaryimage\",\"url\":\"https:\/\/www.confagricoltura.org\/piacenza\/wp-content\/uploads\/sites\/11\/2023\/11\/Giansanti-e-Barrile-con-alcuni-funzionari-di-Confagricoltura-Piacenza.jpg\",\"contentUrl\":\"https:\/\/www.confagricoltura.org\/piacenza\/wp-content\/uploads\/sites\/11\/2023\/11\/Giansanti-e-Barrile-con-alcuni-funzionari-di-Confagricoltura-Piacenza.jpg\",\"width\":1024,\"height\":768},{\"@type\":\"BreadcrumbList\",\"@id\":\"https:\/\/www.confagricoltura.org\/piacenza\/confagricoltura-piacenza-ad-ecomondo-con-i-vertici-nazionali\/#breadcrumb\",\"itemListElement\":[{\"@type\":\"ListItem\",\"position\":1,\"name\":\"Home\",\"item\":\"https:\/\/www.confagricoltura.org\/piacenza\/\"},{\"@type\":\"ListItem\",\"position\":2,\"name\":\"Confagricoltura Piacenza ad Ecomondo con i vertici nazionali\"}]},{\"@type\":\"WebSite\",\"@id\":\"https:\/\/www.confagricoltura.org\/piacenza\/#website\",\"url\":\"https:\/\/www.confagricoltura.org\/piacenza\/\",\"name\":\"Confagricoltura Piacenza\",\"description\":\"Dalla parte degli Agricoltori\",\"potentialAction\":[{\"@type\":\"SearchAction\",\"target\":{\"@type\":\"EntryPoint\",\"urlTemplate\":\"https:\/\/www.confagricoltura.org\/piacenza\/?s={search_term_string}\"},\"query-input\":{\"@type\":\"PropertyValueSpecification\",\"valueRequired\":true,\"valueName\":\"search_term_string\"}}],\"inLanguage\":\"it-IT\"},{\"@type\":\"Person\",\"@id\":\"https:\/\/www.confagricoltura.org\/piacenza\/#\/schema\/person\/be5da25a3117fea4b3bfec9dba09b5e8\",\"name\":\"confagricolturapiacenza\",\"image\":{\"@type\":\"ImageObject\",\"inLanguage\":\"it-IT\",\"@id\":\"https:\/\/www.confagricoltura.org\/piacenza\/#\/schema\/person\/image\/\",\"url\":\"https:\/\/secure.gravatar.com\/avatar\/9c5f111e417171581853bd0a3ff892ca?s=96&d=mm&r=g\",\"contentUrl\":\"https:\/\/secure.gravatar.com\/avatar\/9c5f111e417171581853bd0a3ff892ca?s=96&d=mm&r=g\",\"caption\":\"confagricolturapiacenza\"},\"url\":\"https:\/\/www.confagricoltura.org\/piacenza\/author\/confagricolturapiacenza\/\"}]}<\/script>\n<!-- \/ Yoast SEO plugin. -->","yoast_head_json":{"title":"Confagricoltura Piacenza ad Ecomondo con i vertici nazionali - Confagricoltura Piacenza","robots":{"index":"index","follow":"follow","max-snippet":"max-snippet:-1","max-image-preview":"max-image-preview:large","max-video-preview":"max-video-preview:-1"},"canonical":"https:\/\/www.confagricoltura.org\/piacenza\/confagricoltura-piacenza-ad-ecomondo-con-i-vertici-nazionali\/","og_locale":"it_IT","og_type":"article","og_title":"Confagricoltura Piacenza ad Ecomondo con i vertici nazionali - Confagricoltura Piacenza","og_description":"Ricco calendario di appuntamenti alla fiera dedicata alla transizione ecologica","og_url":"https:\/\/www.confagricoltura.org\/piacenza\/confagricoltura-piacenza-ad-ecomondo-con-i-vertici-nazionali\/","og_site_name":"Confagricoltura Piacenza","article_published_time":"2023-11-14T11:46:30+00:00","article_modified_time":"2023-11-15T11:53:05+00:00","og_image":[{"width":1024,"height":768,"url":"https:\/\/www.confagricoltura.org\/piacenza\/wp-content\/uploads\/sites\/11\/2023\/11\/Giansanti-e-Barrile-con-alcuni-funzionari-di-Confagricoltura-Piacenza.jpg","type":"image\/jpeg"}],"author":"confagricolturapiacenza","twitter_card":"summary_large_image","twitter_misc":{"Scritto da":"confagricolturapiacenza","Tempo di lettura stimato":"4 minuti"},"schema":{"@context":"https:\/\/schema.org","@graph":[{"@type":"Article","@id":"https:\/\/www.confagricoltura.org\/piacenza\/confagricoltura-piacenza-ad-ecomondo-con-i-vertici-nazionali\/#article","isPartOf":{"@id":"https:\/\/www.confagricoltura.org\/piacenza\/confagricoltura-piacenza-ad-ecomondo-con-i-vertici-nazionali\/"},"author":{"name":"confagricolturapiacenza","@id":"https:\/\/www.confagricoltura.org\/piacenza\/#\/schema\/person\/be5da25a3117fea4b3bfec9dba09b5e8"},"headline":"Confagricoltura Piacenza ad Ecomondo con i vertici nazionali","datePublished":"2023-11-14T11:46:30+00:00","dateModified":"2023-11-15T11:53:05+00:00","mainEntityOfPage":{"@id":"https:\/\/www.confagricoltura.org\/piacenza\/confagricoltura-piacenza-ad-ecomondo-con-i-vertici-nazionali\/"},"wordCount":745,"image":{"@id":"https:\/\/www.confagricoltura.org\/piacenza\/confagricoltura-piacenza-ad-ecomondo-con-i-vertici-nazionali\/#primaryimage"},"thumbnailUrl":"https:\/\/www.confagricoltura.org\/piacenza\/wp-content\/uploads\/sites\/11\/2023\/11\/Giansanti-e-Barrile-con-alcuni-funzionari-di-Confagricoltura-Piacenza.jpg","keywords":["ECOMONDO"],"articleSection":["News","Territorio e Ambiente","Uncategorized"],"inLanguage":"it-IT"},{"@type":"WebPage","@id":"https:\/\/www.confagricoltura.org\/piacenza\/confagricoltura-piacenza-ad-ecomondo-con-i-vertici-nazionali\/","url":"https:\/\/www.confagricoltura.org\/piacenza\/confagricoltura-piacenza-ad-ecomondo-con-i-vertici-nazionali\/","name":"Confagricoltura Piacenza ad Ecomondo con i vertici nazionali - Confagricoltura Piacenza","isPartOf":{"@id":"https:\/\/www.confagricoltura.org\/piacenza\/#website"},"primaryImageOfPage":{"@id":"https:\/\/www.confagricoltura.org\/piacenza\/confagricoltura-piacenza-ad-ecomondo-con-i-vertici-nazionali\/#primaryimage"},"image":{"@id":"https:\/\/www.confagricoltura.org\/piacenza\/confagricoltura-piacenza-ad-ecomondo-con-i-vertici-nazionali\/#primaryimage"},"thumbnailUrl":"https:\/\/www.confagricoltura.org\/piacenza\/wp-content\/uploads\/sites\/11\/2023\/11\/Giansanti-e-Barrile-con-alcuni-funzionari-di-Confagricoltura-Piacenza.jpg","datePublished":"2023-11-14T11:46:30+00:00","dateModified":"2023-11-15T11:53:05+00:00","author":{"@id":"https:\/\/www.confagricoltura.org\/piacenza\/#\/schema\/person\/be5da25a3117fea4b3bfec9dba09b5e8"},"breadcrumb":{"@id":"https:\/\/www.confagricoltura.org\/piacenza\/confagricoltura-piacenza-ad-ecomondo-con-i-vertici-nazionali\/#breadcrumb"},"inLanguage":"it-IT","potentialAction":[{"@type":"ReadAction","target":["https:\/\/www.confagricoltura.org\/piacenza\/confagricoltura-piacenza-ad-ecomondo-con-i-vertici-nazionali\/"]}]},{"@type":"ImageObject","inLanguage":"it-IT","@id":"https:\/\/www.confagricoltura.org\/piacenza\/confagricoltura-piacenza-ad-ecomondo-con-i-vertici-nazionali\/#primaryimage","url":"https:\/\/www.confagricoltura.org\/piacenza\/wp-content\/uploads\/sites\/11\/2023\/11\/Giansanti-e-Barrile-con-alcuni-funzionari-di-Confagricoltura-Piacenza.jpg","contentUrl":"https:\/\/www.confagricoltura.org\/piacenza\/wp-content\/uploads\/sites\/11\/2023\/11\/Giansanti-e-Barrile-con-alcuni-funzionari-di-Confagricoltura-Piacenza.jpg","width":1024,"height":768},{"@type":"BreadcrumbList","@id":"https:\/\/www.confagricoltura.org\/piacenza\/confagricoltura-piacenza-ad-ecomondo-con-i-vertici-nazionali\/#breadcrumb","itemListElement":[{"@type":"ListItem","position":1,"name":"Home","item":"https:\/\/www.confagricoltura.org\/piacenza\/"},{"@type":"ListItem","position":2,"name":"Confagricoltura Piacenza ad Ecomondo con i vertici nazionali"}]},{"@type":"WebSite","@id":"https:\/\/www.confagricoltura.org\/piacenza\/#website","url":"https:\/\/www.confagricoltura.org\/piacenza\/","name":"Confagricoltura Piacenza","description":"Dalla parte degli Agricoltori","potentialAction":[{"@type":"SearchAction","target":{"@type":"EntryPoint","urlTemplate":"https:\/\/www.confagricoltura.org\/piacenza\/?s={search_term_string}"},"query-input":{"@type":"PropertyValueSpecification","valueRequired":true,"valueName":"search_term_string"}}],"inLanguage":"it-IT"},{"@type":"Person","@id":"https:\/\/www.confagricoltura.org\/piacenza\/#\/schema\/person\/be5da25a3117fea4b3bfec9dba09b5e8","name":"confagricolturapiacenza","image":{"@type":"ImageObject","inLanguage":"it-IT","@id":"https:\/\/www.confagricoltura.org\/piacenza\/#\/schema\/person\/image\/","url":"https:\/\/secure.gravatar.com\/avatar\/9c5f111e417171581853bd0a3ff892ca?s=96&d=mm&r=g","contentUrl":"https:\/\/secure.gravatar.com\/avatar\/9c5f111e417171581853bd0a3ff892ca?s=96&d=mm&r=g","caption":"confagricolturapiacenza"},"url":"https:\/\/www.confagricoltura.org\/piacenza\/author\/confagricolturapiacenza\/"}]}},"_links":{"self":[{"href":"https:\/\/www.confagricoltura.org\/piacenza\/wp-json\/wp\/v2\/posts\/4351","targetHints":{"allow":["GET"]}}],"collection":[{"href":"https:\/\/www.confagricoltura.org\/piacenza\/wp-json\/wp\/v2\/posts"}],"about":[{"href":"https:\/\/www.confagricoltura.org\/piacenza\/wp-json\/wp\/v2\/types\/post"}],"author":[{"embeddable":true,"href":"https:\/\/www.confagricoltura.org\/piacenza\/wp-json\/wp\/v2\/users\/6"}],"replies":[{"embeddable":true,"href":"https:\/\/www.confagricoltura.org\/piacenza\/wp-json\/wp\/v2\/comments?post=4351"}],"version-history":[{"count":2,"href":"https:\/\/www.confagricoltura.org\/piacenza\/wp-json\/wp\/v2\/posts\/4351\/revisions"}],"predecessor-version":[{"id":4354,"href":"https:\/\/www.confagricoltura.org\/piacenza\/wp-json\/wp\/v2\/posts\/4351\/revisions\/4354"}],"wp:featuredmedia":[{"embeddable":true,"href":"https:\/\/www.confagricoltura.org\/piacenza\/wp-json\/wp\/v2\/media\/4353"}],"wp:attachment":[{"href":"https:\/\/www.confagricoltura.org\/piacenza\/wp-json\/wp\/v2\/media?parent=4351"}],"wp:term":[{"taxonomy":"category","embeddable":true,"href":"https:\/\/www.confagricoltura.org\/piacenza\/wp-json\/wp\/v2\/categories?post=4351"},{"taxonomy":"post_tag","embeddable":true,"href":"https:\/\/www.confagricoltura.org\/piacenza\/wp-json\/wp\/v2\/tags?post=4351"}],"curies":[{"name":"wp","href":"https:\/\/api.w.org\/{rel}","templated":true}]}}