{"id":4342,"date":"2023-11-06T12:41:02","date_gmt":"2023-11-06T11:41:02","guid":{"rendered":"https:\/\/www.confagricoltura.org\/piacenza\/?p=4342"},"modified":"2023-11-15T12:45:22","modified_gmt":"2023-11-15T11:45:22","slug":"refresh-pac-2023-2027-le-regole-della-condizionalita-e-le-nuove-opportunita","status":"publish","type":"post","link":"https:\/\/www.confagricoltura.org\/piacenza\/refresh-pac-2023-2027-le-regole-della-condizionalita-e-le-nuove-opportunita\/","title":{"rendered":"Refresh PAC 2023-2027:  MERCOLEDI&#8217; 29 NOVEMBRE ORE 17.00"},"content":{"rendered":"<p>I giovani di Confagricoltura \u2013 Anga di Piacenza organizzano per i propri Associati e per tutti gli Associati di Confagricoltura Piacenza il seminario tecnico: \u201cRefresh PAC 2023-2027: le regole della condizionalit\u00e0 e le nuove opportunit\u00e0\u201d.<\/p>\n<p>L\u2019appuntamento \u00e8 in programma <strong>mercoled\u00ec 29 novembre alle ore 17.00 presso la Sala Visconti nella sede di Confagricoltura Piacenza in Via C. Colombo, 35<\/strong><\/p>\n<p>La relazione tecnica \u00e8 affidata a Susanna Franzini \u2013 Responsabile dei Servizi Tecnici di Confagricoltura Piacenza<\/p>\n<p>Aprir\u00e0 i lavori il Presidente di Anga &#8211; Piacenza Corrado Peratici.<\/p>\n<p>Tutti gli associati interessati sono invitati a partecipare.<\/p>\n<p>&nbsp;<\/p>\n","protected":false},"excerpt":{"rendered":"<p>Seminario tecnico di Anga Piacenza mercoled\u00ec 29 novembre: &#8220;Refresh PAC 2023-2027 Le regole della condizionalit\u00e0 e le nuove opportunit\u00e0&#8221;<\/p>\n","protected":false},"author":6,"featured_media":4343,"comment_status":"closed","ping_status":"closed","sticky":true,"template":"","format":"standard","meta":{"wp_mapbox_gl_js_media":[],"footnotes":""},"categories":[21,4],"tags":[556],"class_list":["post-4342","post","type-post","status-publish","format-standard","has-post-thumbnail","hentry","category-eventi","category-news","tag-seminario-pac-2023-2027"],"yoast_head":"<!-- This site is optimized with the Yoast SEO plugin v26.8 - https:\/\/yoast.com\/product\/yoast-seo-wordpress\/ -->\n<title>Refresh PAC 2023-2027: MERCOLEDI&#039; 29 NOVEMBRE ORE 17.00 - Confagricoltura Piacenza<\/title>\n<meta name=\"robots\" content=\"index, follow, max-snippet:-1, max-image-preview:large, max-video-preview:-1\" \/>\n<link rel=\"canonical\" href=\"https:\/\/www.confagricoltura.org\/piacenza\/refresh-pac-2023-2027-le-regole-della-condizionalita-e-le-nuove-opportunita\/\" \/>\n<meta property=\"og:locale\" content=\"it_IT\" \/>\n<meta property=\"og:type\" content=\"article\" \/>\n<meta property=\"og:title\" content=\"Refresh PAC 2023-2027: MERCOLEDI&#039; 29 NOVEMBRE ORE 17.00 - Confagricoltura Piacenza\" \/>\n<meta property=\"og:description\" content=\"Seminario tecnico di Anga Piacenza mercoled\u00ec 29 novembre: &quot;Refresh PAC 2023-2027 Le regole della condizionalit\u00e0 e le nuove opportunit\u00e0&quot;\" \/>\n<meta property=\"og:url\" content=\"https:\/\/www.confagricoltura.org\/piacenza\/refresh-pac-2023-2027-le-regole-della-condizionalita-e-le-nuove-opportunita\/\" \/>\n<meta property=\"og:site_name\" content=\"Confagricoltura Piacenza\" \/>\n<meta property=\"article:published_time\" content=\"2023-11-06T11:41:02+00:00\" \/>\n<meta property=\"article:modified_time\" content=\"2023-11-15T11:45:22+00:00\" \/>\n<meta property=\"og:image\" content=\"https:\/\/www.confagricoltura.org\/piacenza\/wp-content\/uploads\/sites\/11\/2023\/11\/MERCOLEDI-29-NOVEMBRE-alle-17.00-presso-SALA-VISCONTI-PALAZZO-dellAGRICOLTURA-3.png\" \/>\n\t<meta property=\"og:image:width\" content=\"1414\" \/>\n\t<meta property=\"og:image:height\" content=\"2000\" \/>\n\t<meta property=\"og:image:type\" content=\"image\/png\" \/>\n<meta name=\"author\" content=\"confagricolturapiacenza\" \/>\n<meta name=\"twitter:card\" content=\"summary_large_image\" \/>\n<meta name=\"twitter:label1\" content=\"Scritto da\" \/>\n\t<meta name=\"twitter:data1\" content=\"confagricolturapiacenza\" \/>\n<script type=\"application\/ld+json\" class=\"yoast-schema-graph\">{\"@context\":\"https:\/\/schema.org\",\"@graph\":[{\"@type\":\"Article\",\"@id\":\"https:\/\/www.confagricoltura.org\/piacenza\/refresh-pac-2023-2027-le-regole-della-condizionalita-e-le-nuove-opportunita\/#article\",\"isPartOf\":{\"@id\":\"https:\/\/www.confagricoltura.org\/piacenza\/refresh-pac-2023-2027-le-regole-della-condizionalita-e-le-nuove-opportunita\/\"},\"author\":{\"name\":\"confagricolturapiacenza\",\"@id\":\"https:\/\/www.confagricoltura.org\/piacenza\/#\/schema\/person\/be5da25a3117fea4b3bfec9dba09b5e8\"},\"headline\":\"Refresh PAC 2023-2027: MERCOLEDI&#8217; 29 NOVEMBRE ORE 17.00\",\"datePublished\":\"2023-11-06T11:41:02+00:00\",\"dateModified\":\"2023-11-15T11:45:22+00:00\",\"mainEntityOfPage\":{\"@id\":\"https:\/\/www.confagricoltura.org\/piacenza\/refresh-pac-2023-2027-le-regole-della-condizionalita-e-le-nuove-opportunita\/\"},\"wordCount\":95,\"image\":{\"@id\":\"https:\/\/www.confagricoltura.org\/piacenza\/refresh-pac-2023-2027-le-regole-della-condizionalita-e-le-nuove-opportunita\/#primaryimage\"},\"thumbnailUrl\":\"https:\/\/www.confagricoltura.org\/piacenza\/wp-content\/uploads\/sites\/11\/2023\/11\/MERCOLEDI-29-NOVEMBRE-alle-17.00-presso-SALA-VISCONTI-PALAZZO-dellAGRICOLTURA-3.png\",\"keywords\":[\"seminario pac 2023-2027\"],\"articleSection\":[\"Eventi\",\"News\"],\"inLanguage\":\"it-IT\"},{\"@type\":\"WebPage\",\"@id\":\"https:\/\/www.confagricoltura.org\/piacenza\/refresh-pac-2023-2027-le-regole-della-condizionalita-e-le-nuove-opportunita\/\",\"url\":\"https:\/\/www.confagricoltura.org\/piacenza\/refresh-pac-2023-2027-le-regole-della-condizionalita-e-le-nuove-opportunita\/\",\"name\":\"Refresh PAC 2023-2027: MERCOLEDI' 29 NOVEMBRE ORE 17.00 - Confagricoltura Piacenza\",\"isPartOf\":{\"@id\":\"https:\/\/www.confagricoltura.org\/piacenza\/#website\"},\"primaryImageOfPage\":{\"@id\":\"https:\/\/www.confagricoltura.org\/piacenza\/refresh-pac-2023-2027-le-regole-della-condizionalita-e-le-nuove-opportunita\/#primaryimage\"},\"image\":{\"@id\":\"https:\/\/www.confagricoltura.org\/piacenza\/refresh-pac-2023-2027-le-regole-della-condizionalita-e-le-nuove-opportunita\/#primaryimage\"},\"thumbnailUrl\":\"https:\/\/www.confagricoltura.org\/piacenza\/wp-content\/uploads\/sites\/11\/2023\/11\/MERCOLEDI-29-NOVEMBRE-alle-17.00-presso-SALA-VISCONTI-PALAZZO-dellAGRICOLTURA-3.png\",\"datePublished\":\"2023-11-06T11:41:02+00:00\",\"dateModified\":\"2023-11-15T11:45:22+00:00\",\"author\":{\"@id\":\"https:\/\/www.confagricoltura.org\/piacenza\/#\/schema\/person\/be5da25a3117fea4b3bfec9dba09b5e8\"},\"breadcrumb\":{\"@id\":\"https:\/\/www.confagricoltura.org\/piacenza\/refresh-pac-2023-2027-le-regole-della-condizionalita-e-le-nuove-opportunita\/#breadcrumb\"},\"inLanguage\":\"it-IT\",\"potentialAction\":[{\"@type\":\"ReadAction\",\"target\":[\"https:\/\/www.confagricoltura.org\/piacenza\/refresh-pac-2023-2027-le-regole-della-condizionalita-e-le-nuove-opportunita\/\"]}]},{\"@type\":\"ImageObject\",\"inLanguage\":\"it-IT\",\"@id\":\"https:\/\/www.confagricoltura.org\/piacenza\/refresh-pac-2023-2027-le-regole-della-condizionalita-e-le-nuove-opportunita\/#primaryimage\",\"url\":\"https:\/\/www.confagricoltura.org\/piacenza\/wp-content\/uploads\/sites\/11\/2023\/11\/MERCOLEDI-29-NOVEMBRE-alle-17.00-presso-SALA-VISCONTI-PALAZZO-dellAGRICOLTURA-3.png\",\"contentUrl\":\"https:\/\/www.confagricoltura.org\/piacenza\/wp-content\/uploads\/sites\/11\/2023\/11\/MERCOLEDI-29-NOVEMBRE-alle-17.00-presso-SALA-VISCONTI-PALAZZO-dellAGRICOLTURA-3.png\",\"width\":1414,\"height\":2000},{\"@type\":\"BreadcrumbList\",\"@id\":\"https:\/\/www.confagricoltura.org\/piacenza\/refresh-pac-2023-2027-le-regole-della-condizionalita-e-le-nuove-opportunita\/#breadcrumb\",\"itemListElement\":[{\"@type\":\"ListItem\",\"position\":1,\"name\":\"Home\",\"item\":\"https:\/\/www.confagricoltura.org\/piacenza\/\"},{\"@type\":\"ListItem\",\"position\":2,\"name\":\"Refresh PAC 2023-2027: MERCOLEDI&#8217; 29 NOVEMBRE ORE 17.00\"}]},{\"@type\":\"WebSite\",\"@id\":\"https:\/\/www.confagricoltura.org\/piacenza\/#website\",\"url\":\"https:\/\/www.confagricoltura.org\/piacenza\/\",\"name\":\"Confagricoltura Piacenza\",\"description\":\"Dalla parte degli Agricoltori\",\"potentialAction\":[{\"@type\":\"SearchAction\",\"target\":{\"@type\":\"EntryPoint\",\"urlTemplate\":\"https:\/\/www.confagricoltura.org\/piacenza\/?s={search_term_string}\"},\"query-input\":{\"@type\":\"PropertyValueSpecification\",\"valueRequired\":true,\"valueName\":\"search_term_string\"}}],\"inLanguage\":\"it-IT\"},{\"@type\":\"Person\",\"@id\":\"https:\/\/www.confagricoltura.org\/piacenza\/#\/schema\/person\/be5da25a3117fea4b3bfec9dba09b5e8\",\"name\":\"confagricolturapiacenza\",\"image\":{\"@type\":\"ImageObject\",\"inLanguage\":\"it-IT\",\"@id\":\"https:\/\/www.confagricoltura.org\/piacenza\/#\/schema\/person\/image\/\",\"url\":\"https:\/\/secure.gravatar.com\/avatar\/9c5f111e417171581853bd0a3ff892ca?s=96&d=mm&r=g\",\"contentUrl\":\"https:\/\/secure.gravatar.com\/avatar\/9c5f111e417171581853bd0a3ff892ca?s=96&d=mm&r=g\",\"caption\":\"confagricolturapiacenza\"},\"url\":\"https:\/\/www.confagricoltura.org\/piacenza\/author\/confagricolturapiacenza\/\"}]}<\/script>\n<!-- \/ Yoast SEO plugin. -->","yoast_head_json":{"title":"Refresh PAC 2023-2027: MERCOLEDI' 29 NOVEMBRE ORE 17.00 - Confagricoltura Piacenza","robots":{"index":"index","follow":"follow","max-snippet":"max-snippet:-1","max-image-preview":"max-image-preview:large","max-video-preview":"max-video-preview:-1"},"canonical":"https:\/\/www.confagricoltura.org\/piacenza\/refresh-pac-2023-2027-le-regole-della-condizionalita-e-le-nuove-opportunita\/","og_locale":"it_IT","og_type":"article","og_title":"Refresh PAC 2023-2027: MERCOLEDI' 29 NOVEMBRE ORE 17.00 - Confagricoltura Piacenza","og_description":"Seminario tecnico di Anga Piacenza mercoled\u00ec 29 novembre: \"Refresh PAC 2023-2027 Le regole della condizionalit\u00e0 e le nuove opportunit\u00e0\"","og_url":"https:\/\/www.confagricoltura.org\/piacenza\/refresh-pac-2023-2027-le-regole-della-condizionalita-e-le-nuove-opportunita\/","og_site_name":"Confagricoltura Piacenza","article_published_time":"2023-11-06T11:41:02+00:00","article_modified_time":"2023-11-15T11:45:22+00:00","og_image":[{"width":1414,"height":2000,"url":"https:\/\/www.confagricoltura.org\/piacenza\/wp-content\/uploads\/sites\/11\/2023\/11\/MERCOLEDI-29-NOVEMBRE-alle-17.00-presso-SALA-VISCONTI-PALAZZO-dellAGRICOLTURA-3.png","type":"image\/png"}],"author":"confagricolturapiacenza","twitter_card":"summary_large_image","twitter_misc":{"Scritto da":"confagricolturapiacenza"},"schema":{"@context":"https:\/\/schema.org","@graph":[{"@type":"Article","@id":"https:\/\/www.confagricoltura.org\/piacenza\/refresh-pac-2023-2027-le-regole-della-condizionalita-e-le-nuove-opportunita\/#article","isPartOf":{"@id":"https:\/\/www.confagricoltura.org\/piacenza\/refresh-pac-2023-2027-le-regole-della-condizionalita-e-le-nuove-opportunita\/"},"author":{"name":"confagricolturapiacenza","@id":"https:\/\/www.confagricoltura.org\/piacenza\/#\/schema\/person\/be5da25a3117fea4b3bfec9dba09b5e8"},"headline":"Refresh PAC 2023-2027: MERCOLEDI&#8217; 29 NOVEMBRE ORE 17.00","datePublished":"2023-11-06T11:41:02+00:00","dateModified":"2023-11-15T11:45:22+00:00","mainEntityOfPage":{"@id":"https:\/\/www.confagricoltura.org\/piacenza\/refresh-pac-2023-2027-le-regole-della-condizionalita-e-le-nuove-opportunita\/"},"wordCount":95,"image":{"@id":"https:\/\/www.confagricoltura.org\/piacenza\/refresh-pac-2023-2027-le-regole-della-condizionalita-e-le-nuove-opportunita\/#primaryimage"},"thumbnailUrl":"https:\/\/www.confagricoltura.org\/piacenza\/wp-content\/uploads\/sites\/11\/2023\/11\/MERCOLEDI-29-NOVEMBRE-alle-17.00-presso-SALA-VISCONTI-PALAZZO-dellAGRICOLTURA-3.png","keywords":["seminario pac 2023-2027"],"articleSection":["Eventi","News"],"inLanguage":"it-IT"},{"@type":"WebPage","@id":"https:\/\/www.confagricoltura.org\/piacenza\/refresh-pac-2023-2027-le-regole-della-condizionalita-e-le-nuove-opportunita\/","url":"https:\/\/www.confagricoltura.org\/piacenza\/refresh-pac-2023-2027-le-regole-della-condizionalita-e-le-nuove-opportunita\/","name":"Refresh PAC 2023-2027: MERCOLEDI' 29 NOVEMBRE ORE 17.00 - Confagricoltura Piacenza","isPartOf":{"@id":"https:\/\/www.confagricoltura.org\/piacenza\/#website"},"primaryImageOfPage":{"@id":"https:\/\/www.confagricoltura.org\/piacenza\/refresh-pac-2023-2027-le-regole-della-condizionalita-e-le-nuove-opportunita\/#primaryimage"},"image":{"@id":"https:\/\/www.confagricoltura.org\/piacenza\/refresh-pac-2023-2027-le-regole-della-condizionalita-e-le-nuove-opportunita\/#primaryimage"},"thumbnailUrl":"https:\/\/www.confagricoltura.org\/piacenza\/wp-content\/uploads\/sites\/11\/2023\/11\/MERCOLEDI-29-NOVEMBRE-alle-17.00-presso-SALA-VISCONTI-PALAZZO-dellAGRICOLTURA-3.png","datePublished":"2023-11-06T11:41:02+00:00","dateModified":"2023-11-15T11:45:22+00:00","author":{"@id":"https:\/\/www.confagricoltura.org\/piacenza\/#\/schema\/person\/be5da25a3117fea4b3bfec9dba09b5e8"},"breadcrumb":{"@id":"https:\/\/www.confagricoltura.org\/piacenza\/refresh-pac-2023-2027-le-regole-della-condizionalita-e-le-nuove-opportunita\/#breadcrumb"},"inLanguage":"it-IT","potentialAction":[{"@type":"ReadAction","target":["https:\/\/www.confagricoltura.org\/piacenza\/refresh-pac-2023-2027-le-regole-della-condizionalita-e-le-nuove-opportunita\/"]}]},{"@type":"ImageObject","inLanguage":"it-IT","@id":"https:\/\/www.confagricoltura.org\/piacenza\/refresh-pac-2023-2027-le-regole-della-condizionalita-e-le-nuove-opportunita\/#primaryimage","url":"https:\/\/www.confagricoltura.org\/piacenza\/wp-content\/uploads\/sites\/11\/2023\/11\/MERCOLEDI-29-NOVEMBRE-alle-17.00-presso-SALA-VISCONTI-PALAZZO-dellAGRICOLTURA-3.png","contentUrl":"https:\/\/www.confagricoltura.org\/piacenza\/wp-content\/uploads\/sites\/11\/2023\/11\/MERCOLEDI-29-NOVEMBRE-alle-17.00-presso-SALA-VISCONTI-PALAZZO-dellAGRICOLTURA-3.png","width":1414,"height":2000},{"@type":"BreadcrumbList","@id":"https:\/\/www.confagricoltura.org\/piacenza\/refresh-pac-2023-2027-le-regole-della-condizionalita-e-le-nuove-opportunita\/#breadcrumb","itemListElement":[{"@type":"ListItem","position":1,"name":"Home","item":"https:\/\/www.confagricoltura.org\/piacenza\/"},{"@type":"ListItem","position":2,"name":"Refresh PAC 2023-2027: MERCOLEDI&#8217; 29 NOVEMBRE ORE 17.00"}]},{"@type":"WebSite","@id":"https:\/\/www.confagricoltura.org\/piacenza\/#website","url":"https:\/\/www.confagricoltura.org\/piacenza\/","name":"Confagricoltura Piacenza","description":"Dalla parte degli Agricoltori","potentialAction":[{"@type":"SearchAction","target":{"@type":"EntryPoint","urlTemplate":"https:\/\/www.confagricoltura.org\/piacenza\/?s={search_term_string}"},"query-input":{"@type":"PropertyValueSpecification","valueRequired":true,"valueName":"search_term_string"}}],"inLanguage":"it-IT"},{"@type":"Person","@id":"https:\/\/www.confagricoltura.org\/piacenza\/#\/schema\/person\/be5da25a3117fea4b3bfec9dba09b5e8","name":"confagricolturapiacenza","image":{"@type":"ImageObject","inLanguage":"it-IT","@id":"https:\/\/www.confagricoltura.org\/piacenza\/#\/schema\/person\/image\/","url":"https:\/\/secure.gravatar.com\/avatar\/9c5f111e417171581853bd0a3ff892ca?s=96&d=mm&r=g","contentUrl":"https:\/\/secure.gravatar.com\/avatar\/9c5f111e417171581853bd0a3ff892ca?s=96&d=mm&r=g","caption":"confagricolturapiacenza"},"url":"https:\/\/www.confagricoltura.org\/piacenza\/author\/confagricolturapiacenza\/"}]}},"_links":{"self":[{"href":"https:\/\/www.confagricoltura.org\/piacenza\/wp-json\/wp\/v2\/posts\/4342","targetHints":{"allow":["GET"]}}],"collection":[{"href":"https:\/\/www.confagricoltura.org\/piacenza\/wp-json\/wp\/v2\/posts"}],"about":[{"href":"https:\/\/www.confagricoltura.org\/piacenza\/wp-json\/wp\/v2\/types\/post"}],"author":[{"embeddable":true,"href":"https:\/\/www.confagricoltura.org\/piacenza\/wp-json\/wp\/v2\/users\/6"}],"replies":[{"embeddable":true,"href":"https:\/\/www.confagricoltura.org\/piacenza\/wp-json\/wp\/v2\/comments?post=4342"}],"version-history":[{"count":7,"href":"https:\/\/www.confagricoltura.org\/piacenza\/wp-json\/wp\/v2\/posts\/4342\/revisions"}],"predecessor-version":[{"id":4350,"href":"https:\/\/www.confagricoltura.org\/piacenza\/wp-json\/wp\/v2\/posts\/4342\/revisions\/4350"}],"wp:featuredmedia":[{"embeddable":true,"href":"https:\/\/www.confagricoltura.org\/piacenza\/wp-json\/wp\/v2\/media\/4343"}],"wp:attachment":[{"href":"https:\/\/www.confagricoltura.org\/piacenza\/wp-json\/wp\/v2\/media?parent=4342"}],"wp:term":[{"taxonomy":"category","embeddable":true,"href":"https:\/\/www.confagricoltura.org\/piacenza\/wp-json\/wp\/v2\/categories?post=4342"},{"taxonomy":"post_tag","embeddable":true,"href":"https:\/\/www.confagricoltura.org\/piacenza\/wp-json\/wp\/v2\/tags?post=4342"}],"curies":[{"name":"wp","href":"https:\/\/api.w.org\/{rel}","templated":true}]}}