{"id":4339,"date":"2023-11-06T12:13:51","date_gmt":"2023-11-06T11:13:51","guid":{"rendered":"https:\/\/www.confagricoltura.org\/piacenza\/?p=4339"},"modified":"2023-11-15T12:28:14","modified_gmt":"2023-11-15T11:28:14","slug":"ombre-e-luci-sulla-vendemmia-2023","status":"publish","type":"post","link":"https:\/\/www.confagricoltura.org\/piacenza\/ombre-e-luci-sulla-vendemmia-2023\/","title":{"rendered":"Ombre e luci sulla vendemmia 2023"},"content":{"rendered":"<p>Una vendemmia difficile, ma gestibile con le opportune accortezze messe in campo da tecnici esperti. Questo in estrema sintesi \u00e8 quanto emerge da un confronto interno agli operatori di settore di Confagricoltura Piacenza. \u201cNemmeno Piacenza \u00e8 estranea alle conseguenze della mutazione del clima \u2013 sottolinea Chiara Azzali, presidente della sezione di prodotto vitivinicola -. Abbiamo dovuto fronteggiare lunghi periodi di siccit\u00e0, ondate di calore e brevi periodi di pioggia, anche se in modo differente da vallata a vallata\u201d. In particolare, le piogge sono state pi\u00f9 scarse in Val d\u2019Arda rispetto alle altre aree del piacentino, questo si traduce anche in un risultato differente in vigneto e in cantina. \u201cLe condizioni difficili in vigneto sono state compensate dall\u2019esperienza in cantina e grazie all\u2019estrema cura che si \u00e8 dovuta impiegare in fase di raccolta, intervenendo in modo assolutamente mirato per scartare i grappoli non adeguati. Questo non ha impattato sulla qualit\u00e0 del prodotto finale che \u00e8 molto buono, ma sicuramente ha inciso sui costi\u201d.<\/p>\n<p>A vendemmia ormai conclusa Confagricoltura Piacenza pu\u00f2 dunque confermare che anche quest\u2019anno il nostro territorio produrr\u00e0 vini di buona qualit\u00e0 in tutta la provincia. Va tuttavia segnalato un calo produttivo stimato globalmente attorno al 15%, ma con punte di riduzione anche molto importanti.\u00a0 \u201cNonostante Le uve fossero leggermente \u201casciutte\u201d \u2013 precisa Azzali &#8211; non hanno presentato problemi durante le varie fasi di lavorazione e presentano un grado alcolico meno elevato rispetto alle previsioni pre-vendemmia. I vini bianchi hanno sofferto maggiormente la siccit\u00e0, ma hanno comunque un buon quadro aromatico; i vini rossi, che hanno beneficiato delle ultime piogge, presentano un quadro generale migliore\u201d.<\/p>\n<p>Alcuni dettagli a cura dell\u2019ufficio vinicolo dell\u2019Associazione: i vini rossi presentano notevoli intensit\u00e0 coloranti; la Bonarda \u00e8 caratterizzato da una buona tannicit\u00e0, caratteristica che si presta ad ottenere vini da invecchiamento. La minor produzione \u00e8 compensata da una giacenza di prodotto delle annate precedenti il che permette di avere il tempo necessario per portare a termine le lavorazioni necessarie per ottenere il meglio dal frutto della vite. In conclusione: una buona vendemmia nonostante le difficolt\u00e0. \u201cAllargando lo sguardo all\u2019andamento del settore, permangono \u2013 prosegue Azzali &#8211; le difficolt\u00e0 legate al cambiamento climatico con eventi estremi pi\u00f9 frequenti, il calo strutturale dei consumi, la potenza delle lobby anti-alcol che rischiano di minare il sistema vino e non solo (si vedano ad esempio le normative irlandesi), la necessit\u00e0 di modernizzare i vigneti per elevare ulteriormente la qualit\u00e0 con l\u2019obiettivo di avere un maggior valore aggiunto. Sul fronte normativo a livello locale abbiamo fatto un lavoro enorme per la revisione dei disciplinari di produzione delle Doc, ma tutta la normativa di riferimento a monte andrebbe razionalizzata e snellita\u201d.<\/p>\n<p>La presidente di sezione conclude poi con un a riflessione sul mercato:\u201d in Italia e nel mondo sono in calo i consumi, c\u2019\u00e8 una vera e propria battaglia mediatica contro il vino, il cui consumo deve essere consapevole. Occorre informare e istruire, non proibire \u2013 rimarca Azzali -. Mangiare e bere in modo sano \u00e8 un atto di cura verso s\u00e9 stessi e un importante aspetto culturale, la banalizzazione di tutti gli aspetti della nostra vita, fino alla semplificazione binaria dei social \u201cmi piace \u2013 non mi piace\u201d va contrastata con lo sforzo di informare e trasferire anche alle giovani generazioni il patrimonio di conoscenze, competenze e usi legato al consumo di bevande e cibo\u201d.<\/p>\n","protected":false},"excerpt":{"rendered":"<p>Azzali (Confagricoltura Piacenza): gli eventi avversi hanno complicato l\u2019attivit\u00e0 in vigneto, ma in cantina vince l\u2019esperienza<\/p>\n","protected":false},"author":6,"featured_media":3927,"comment_status":"closed","ping_status":"closed","sticky":false,"template":"","format":"standard","meta":{"wp_mapbox_gl_js_media":[],"footnotes":""},"categories":[4,16],"tags":[555],"class_list":["post-4339","post","type-post","status-publish","format-standard","has-post-thumbnail","hentry","category-news","category-settore-vitivinicolo","tag-vendemmia-2023"],"yoast_head":"<!-- This site is optimized with the Yoast SEO plugin v26.8 - https:\/\/yoast.com\/product\/yoast-seo-wordpress\/ -->\n<title>Ombre e luci sulla vendemmia 2023 - Confagricoltura Piacenza<\/title>\n<meta name=\"robots\" content=\"index, follow, max-snippet:-1, max-image-preview:large, max-video-preview:-1\" \/>\n<link rel=\"canonical\" href=\"https:\/\/www.confagricoltura.org\/piacenza\/ombre-e-luci-sulla-vendemmia-2023\/\" \/>\n<meta property=\"og:locale\" content=\"it_IT\" \/>\n<meta property=\"og:type\" content=\"article\" \/>\n<meta property=\"og:title\" content=\"Ombre e luci sulla vendemmia 2023 - Confagricoltura Piacenza\" \/>\n<meta property=\"og:description\" content=\"Azzali (Confagricoltura Piacenza): gli eventi avversi hanno complicato l\u2019attivit\u00e0 in vigneto, ma in cantina vince l\u2019esperienza\" \/>\n<meta property=\"og:url\" content=\"https:\/\/www.confagricoltura.org\/piacenza\/ombre-e-luci-sulla-vendemmia-2023\/\" \/>\n<meta property=\"og:site_name\" content=\"Confagricoltura Piacenza\" \/>\n<meta property=\"article:published_time\" content=\"2023-11-06T11:13:51+00:00\" \/>\n<meta property=\"article:modified_time\" content=\"2023-11-15T11:28:14+00:00\" \/>\n<meta property=\"og:image\" content=\"https:\/\/www.confagricoltura.org\/piacenza\/wp-content\/uploads\/sites\/11\/2022\/08\/1-Chiara-Azzali-scaled.jpg\" \/>\n\t<meta property=\"og:image:width\" content=\"2560\" \/>\n\t<meta property=\"og:image:height\" content=\"2017\" \/>\n\t<meta property=\"og:image:type\" content=\"image\/jpeg\" \/>\n<meta name=\"author\" content=\"confagricolturapiacenza\" \/>\n<meta name=\"twitter:card\" content=\"summary_large_image\" \/>\n<meta name=\"twitter:label1\" content=\"Scritto da\" \/>\n\t<meta name=\"twitter:data1\" content=\"confagricolturapiacenza\" \/>\n\t<meta name=\"twitter:label2\" content=\"Tempo di lettura stimato\" \/>\n\t<meta name=\"twitter:data2\" content=\"3 minuti\" \/>\n<script type=\"application\/ld+json\" class=\"yoast-schema-graph\">{\"@context\":\"https:\/\/schema.org\",\"@graph\":[{\"@type\":\"Article\",\"@id\":\"https:\/\/www.confagricoltura.org\/piacenza\/ombre-e-luci-sulla-vendemmia-2023\/#article\",\"isPartOf\":{\"@id\":\"https:\/\/www.confagricoltura.org\/piacenza\/ombre-e-luci-sulla-vendemmia-2023\/\"},\"author\":{\"name\":\"confagricolturapiacenza\",\"@id\":\"https:\/\/www.confagricoltura.org\/piacenza\/#\/schema\/person\/be5da25a3117fea4b3bfec9dba09b5e8\"},\"headline\":\"Ombre e luci sulla vendemmia 2023\",\"datePublished\":\"2023-11-06T11:13:51+00:00\",\"dateModified\":\"2023-11-15T11:28:14+00:00\",\"mainEntityOfPage\":{\"@id\":\"https:\/\/www.confagricoltura.org\/piacenza\/ombre-e-luci-sulla-vendemmia-2023\/\"},\"wordCount\":555,\"image\":{\"@id\":\"https:\/\/www.confagricoltura.org\/piacenza\/ombre-e-luci-sulla-vendemmia-2023\/#primaryimage\"},\"thumbnailUrl\":\"https:\/\/www.confagricoltura.org\/piacenza\/wp-content\/uploads\/sites\/11\/2022\/08\/1-Chiara-Azzali-scaled.jpg\",\"keywords\":[\"vendemmia 2023\"],\"articleSection\":[\"News\",\"Settore vitivinicolo\"],\"inLanguage\":\"it-IT\"},{\"@type\":\"WebPage\",\"@id\":\"https:\/\/www.confagricoltura.org\/piacenza\/ombre-e-luci-sulla-vendemmia-2023\/\",\"url\":\"https:\/\/www.confagricoltura.org\/piacenza\/ombre-e-luci-sulla-vendemmia-2023\/\",\"name\":\"Ombre e luci sulla vendemmia 2023 - Confagricoltura Piacenza\",\"isPartOf\":{\"@id\":\"https:\/\/www.confagricoltura.org\/piacenza\/#website\"},\"primaryImageOfPage\":{\"@id\":\"https:\/\/www.confagricoltura.org\/piacenza\/ombre-e-luci-sulla-vendemmia-2023\/#primaryimage\"},\"image\":{\"@id\":\"https:\/\/www.confagricoltura.org\/piacenza\/ombre-e-luci-sulla-vendemmia-2023\/#primaryimage\"},\"thumbnailUrl\":\"https:\/\/www.confagricoltura.org\/piacenza\/wp-content\/uploads\/sites\/11\/2022\/08\/1-Chiara-Azzali-scaled.jpg\",\"datePublished\":\"2023-11-06T11:13:51+00:00\",\"dateModified\":\"2023-11-15T11:28:14+00:00\",\"author\":{\"@id\":\"https:\/\/www.confagricoltura.org\/piacenza\/#\/schema\/person\/be5da25a3117fea4b3bfec9dba09b5e8\"},\"breadcrumb\":{\"@id\":\"https:\/\/www.confagricoltura.org\/piacenza\/ombre-e-luci-sulla-vendemmia-2023\/#breadcrumb\"},\"inLanguage\":\"it-IT\",\"potentialAction\":[{\"@type\":\"ReadAction\",\"target\":[\"https:\/\/www.confagricoltura.org\/piacenza\/ombre-e-luci-sulla-vendemmia-2023\/\"]}]},{\"@type\":\"ImageObject\",\"inLanguage\":\"it-IT\",\"@id\":\"https:\/\/www.confagricoltura.org\/piacenza\/ombre-e-luci-sulla-vendemmia-2023\/#primaryimage\",\"url\":\"https:\/\/www.confagricoltura.org\/piacenza\/wp-content\/uploads\/sites\/11\/2022\/08\/1-Chiara-Azzali-scaled.jpg\",\"contentUrl\":\"https:\/\/www.confagricoltura.org\/piacenza\/wp-content\/uploads\/sites\/11\/2022\/08\/1-Chiara-Azzali-scaled.jpg\",\"width\":2560,\"height\":2017},{\"@type\":\"BreadcrumbList\",\"@id\":\"https:\/\/www.confagricoltura.org\/piacenza\/ombre-e-luci-sulla-vendemmia-2023\/#breadcrumb\",\"itemListElement\":[{\"@type\":\"ListItem\",\"position\":1,\"name\":\"Home\",\"item\":\"https:\/\/www.confagricoltura.org\/piacenza\/\"},{\"@type\":\"ListItem\",\"position\":2,\"name\":\"Ombre e luci sulla vendemmia 2023\"}]},{\"@type\":\"WebSite\",\"@id\":\"https:\/\/www.confagricoltura.org\/piacenza\/#website\",\"url\":\"https:\/\/www.confagricoltura.org\/piacenza\/\",\"name\":\"Confagricoltura Piacenza\",\"description\":\"Dalla parte degli Agricoltori\",\"potentialAction\":[{\"@type\":\"SearchAction\",\"target\":{\"@type\":\"EntryPoint\",\"urlTemplate\":\"https:\/\/www.confagricoltura.org\/piacenza\/?s={search_term_string}\"},\"query-input\":{\"@type\":\"PropertyValueSpecification\",\"valueRequired\":true,\"valueName\":\"search_term_string\"}}],\"inLanguage\":\"it-IT\"},{\"@type\":\"Person\",\"@id\":\"https:\/\/www.confagricoltura.org\/piacenza\/#\/schema\/person\/be5da25a3117fea4b3bfec9dba09b5e8\",\"name\":\"confagricolturapiacenza\",\"image\":{\"@type\":\"ImageObject\",\"inLanguage\":\"it-IT\",\"@id\":\"https:\/\/www.confagricoltura.org\/piacenza\/#\/schema\/person\/image\/\",\"url\":\"https:\/\/secure.gravatar.com\/avatar\/9c5f111e417171581853bd0a3ff892ca?s=96&d=mm&r=g\",\"contentUrl\":\"https:\/\/secure.gravatar.com\/avatar\/9c5f111e417171581853bd0a3ff892ca?s=96&d=mm&r=g\",\"caption\":\"confagricolturapiacenza\"},\"url\":\"https:\/\/www.confagricoltura.org\/piacenza\/author\/confagricolturapiacenza\/\"}]}<\/script>\n<!-- \/ Yoast SEO plugin. -->","yoast_head_json":{"title":"Ombre e luci sulla vendemmia 2023 - Confagricoltura Piacenza","robots":{"index":"index","follow":"follow","max-snippet":"max-snippet:-1","max-image-preview":"max-image-preview:large","max-video-preview":"max-video-preview:-1"},"canonical":"https:\/\/www.confagricoltura.org\/piacenza\/ombre-e-luci-sulla-vendemmia-2023\/","og_locale":"it_IT","og_type":"article","og_title":"Ombre e luci sulla vendemmia 2023 - Confagricoltura Piacenza","og_description":"Azzali (Confagricoltura Piacenza): gli eventi avversi hanno complicato l\u2019attivit\u00e0 in vigneto, ma in cantina vince l\u2019esperienza","og_url":"https:\/\/www.confagricoltura.org\/piacenza\/ombre-e-luci-sulla-vendemmia-2023\/","og_site_name":"Confagricoltura Piacenza","article_published_time":"2023-11-06T11:13:51+00:00","article_modified_time":"2023-11-15T11:28:14+00:00","og_image":[{"width":2560,"height":2017,"url":"https:\/\/www.confagricoltura.org\/piacenza\/wp-content\/uploads\/sites\/11\/2022\/08\/1-Chiara-Azzali-scaled.jpg","type":"image\/jpeg"}],"author":"confagricolturapiacenza","twitter_card":"summary_large_image","twitter_misc":{"Scritto da":"confagricolturapiacenza","Tempo di lettura stimato":"3 minuti"},"schema":{"@context":"https:\/\/schema.org","@graph":[{"@type":"Article","@id":"https:\/\/www.confagricoltura.org\/piacenza\/ombre-e-luci-sulla-vendemmia-2023\/#article","isPartOf":{"@id":"https:\/\/www.confagricoltura.org\/piacenza\/ombre-e-luci-sulla-vendemmia-2023\/"},"author":{"name":"confagricolturapiacenza","@id":"https:\/\/www.confagricoltura.org\/piacenza\/#\/schema\/person\/be5da25a3117fea4b3bfec9dba09b5e8"},"headline":"Ombre e luci sulla vendemmia 2023","datePublished":"2023-11-06T11:13:51+00:00","dateModified":"2023-11-15T11:28:14+00:00","mainEntityOfPage":{"@id":"https:\/\/www.confagricoltura.org\/piacenza\/ombre-e-luci-sulla-vendemmia-2023\/"},"wordCount":555,"image":{"@id":"https:\/\/www.confagricoltura.org\/piacenza\/ombre-e-luci-sulla-vendemmia-2023\/#primaryimage"},"thumbnailUrl":"https:\/\/www.confagricoltura.org\/piacenza\/wp-content\/uploads\/sites\/11\/2022\/08\/1-Chiara-Azzali-scaled.jpg","keywords":["vendemmia 2023"],"articleSection":["News","Settore vitivinicolo"],"inLanguage":"it-IT"},{"@type":"WebPage","@id":"https:\/\/www.confagricoltura.org\/piacenza\/ombre-e-luci-sulla-vendemmia-2023\/","url":"https:\/\/www.confagricoltura.org\/piacenza\/ombre-e-luci-sulla-vendemmia-2023\/","name":"Ombre e luci sulla vendemmia 2023 - Confagricoltura Piacenza","isPartOf":{"@id":"https:\/\/www.confagricoltura.org\/piacenza\/#website"},"primaryImageOfPage":{"@id":"https:\/\/www.confagricoltura.org\/piacenza\/ombre-e-luci-sulla-vendemmia-2023\/#primaryimage"},"image":{"@id":"https:\/\/www.confagricoltura.org\/piacenza\/ombre-e-luci-sulla-vendemmia-2023\/#primaryimage"},"thumbnailUrl":"https:\/\/www.confagricoltura.org\/piacenza\/wp-content\/uploads\/sites\/11\/2022\/08\/1-Chiara-Azzali-scaled.jpg","datePublished":"2023-11-06T11:13:51+00:00","dateModified":"2023-11-15T11:28:14+00:00","author":{"@id":"https:\/\/www.confagricoltura.org\/piacenza\/#\/schema\/person\/be5da25a3117fea4b3bfec9dba09b5e8"},"breadcrumb":{"@id":"https:\/\/www.confagricoltura.org\/piacenza\/ombre-e-luci-sulla-vendemmia-2023\/#breadcrumb"},"inLanguage":"it-IT","potentialAction":[{"@type":"ReadAction","target":["https:\/\/www.confagricoltura.org\/piacenza\/ombre-e-luci-sulla-vendemmia-2023\/"]}]},{"@type":"ImageObject","inLanguage":"it-IT","@id":"https:\/\/www.confagricoltura.org\/piacenza\/ombre-e-luci-sulla-vendemmia-2023\/#primaryimage","url":"https:\/\/www.confagricoltura.org\/piacenza\/wp-content\/uploads\/sites\/11\/2022\/08\/1-Chiara-Azzali-scaled.jpg","contentUrl":"https:\/\/www.confagricoltura.org\/piacenza\/wp-content\/uploads\/sites\/11\/2022\/08\/1-Chiara-Azzali-scaled.jpg","width":2560,"height":2017},{"@type":"BreadcrumbList","@id":"https:\/\/www.confagricoltura.org\/piacenza\/ombre-e-luci-sulla-vendemmia-2023\/#breadcrumb","itemListElement":[{"@type":"ListItem","position":1,"name":"Home","item":"https:\/\/www.confagricoltura.org\/piacenza\/"},{"@type":"ListItem","position":2,"name":"Ombre e luci sulla vendemmia 2023"}]},{"@type":"WebSite","@id":"https:\/\/www.confagricoltura.org\/piacenza\/#website","url":"https:\/\/www.confagricoltura.org\/piacenza\/","name":"Confagricoltura Piacenza","description":"Dalla parte degli Agricoltori","potentialAction":[{"@type":"SearchAction","target":{"@type":"EntryPoint","urlTemplate":"https:\/\/www.confagricoltura.org\/piacenza\/?s={search_term_string}"},"query-input":{"@type":"PropertyValueSpecification","valueRequired":true,"valueName":"search_term_string"}}],"inLanguage":"it-IT"},{"@type":"Person","@id":"https:\/\/www.confagricoltura.org\/piacenza\/#\/schema\/person\/be5da25a3117fea4b3bfec9dba09b5e8","name":"confagricolturapiacenza","image":{"@type":"ImageObject","inLanguage":"it-IT","@id":"https:\/\/www.confagricoltura.org\/piacenza\/#\/schema\/person\/image\/","url":"https:\/\/secure.gravatar.com\/avatar\/9c5f111e417171581853bd0a3ff892ca?s=96&d=mm&r=g","contentUrl":"https:\/\/secure.gravatar.com\/avatar\/9c5f111e417171581853bd0a3ff892ca?s=96&d=mm&r=g","caption":"confagricolturapiacenza"},"url":"https:\/\/www.confagricoltura.org\/piacenza\/author\/confagricolturapiacenza\/"}]}},"_links":{"self":[{"href":"https:\/\/www.confagricoltura.org\/piacenza\/wp-json\/wp\/v2\/posts\/4339","targetHints":{"allow":["GET"]}}],"collection":[{"href":"https:\/\/www.confagricoltura.org\/piacenza\/wp-json\/wp\/v2\/posts"}],"about":[{"href":"https:\/\/www.confagricoltura.org\/piacenza\/wp-json\/wp\/v2\/types\/post"}],"author":[{"embeddable":true,"href":"https:\/\/www.confagricoltura.org\/piacenza\/wp-json\/wp\/v2\/users\/6"}],"replies":[{"embeddable":true,"href":"https:\/\/www.confagricoltura.org\/piacenza\/wp-json\/wp\/v2\/comments?post=4339"}],"version-history":[{"count":2,"href":"https:\/\/www.confagricoltura.org\/piacenza\/wp-json\/wp\/v2\/posts\/4339\/revisions"}],"predecessor-version":[{"id":4341,"href":"https:\/\/www.confagricoltura.org\/piacenza\/wp-json\/wp\/v2\/posts\/4339\/revisions\/4341"}],"wp:featuredmedia":[{"embeddable":true,"href":"https:\/\/www.confagricoltura.org\/piacenza\/wp-json\/wp\/v2\/media\/3927"}],"wp:attachment":[{"href":"https:\/\/www.confagricoltura.org\/piacenza\/wp-json\/wp\/v2\/media?parent=4339"}],"wp:term":[{"taxonomy":"category","embeddable":true,"href":"https:\/\/www.confagricoltura.org\/piacenza\/wp-json\/wp\/v2\/categories?post=4339"},{"taxonomy":"post_tag","embeddable":true,"href":"https:\/\/www.confagricoltura.org\/piacenza\/wp-json\/wp\/v2\/tags?post=4339"}],"curies":[{"name":"wp","href":"https:\/\/api.w.org\/{rel}","templated":true}]}}