{"id":4297,"date":"2023-10-10T15:36:39","date_gmt":"2023-10-10T13:36:39","guid":{"rendered":"https:\/\/www.confagricoltura.org\/piacenza\/?p=4297"},"modified":"2023-10-11T15:43:41","modified_gmt":"2023-10-11T13:43:41","slug":"rinaturazione-del-po-arriva-lo-stop-di-aipo","status":"publish","type":"post","link":"https:\/\/www.confagricoltura.org\/piacenza\/rinaturazione-del-po-arriva-lo-stop-di-aipo\/","title":{"rendered":"Rinaturazione del Po, arriva lo stop di Aipo"},"content":{"rendered":"<p>Nei giorni scorsi il presidente di Confagricoltura Piacenza ha avuto modo di incontrare a Piacenza, insieme al consulente agronomo Giovanni Marchesi, il direttore di Aipo (Agenzia Interregionale per il fiume PO) Gianluca Zanichelli, per affrontare due temi caldi del rapporto agricoltura e fiumi: il transito dei mezzi agricoli sugli argini e il progetto Pnrr di rinaturazione del Po.<\/p>\n<p>\u201c\u00c8 stato un dialogo proficuo \u2013 commenta Gasparini &#8211; ho ribadito la nostra posizione secondo la quale i soldi del Pnrr vanno messi su ci\u00f2 che conta e abbiamo condiviso l\u2019importanza di rafforzare le arginature. Ho ricordato che ci sono emergenze anche per quanto riguarda la situazione degli affluenti e Zanichelli era informatissimo sui punti critici di Trebbia e Nure\u201d.<\/p>\n<p>Soddisfazione \u00e8 stata espressa da parte di Confagricoltura Piacenza per la nota ufficiale del due ottobre con cui Aipo ha messo uno stop all\u2019intervento di rinaturazione del Po sul quale l\u2019associazione ha pi\u00f9 volte manifestato una ferma contrariet\u00e0 a tutti i livelli, condivisa e avvalorata anche dalla missiva che Confagricoltura Nazionale aveva inviato in merito ai ministeri competenti.<\/p>\n<p>La nota di Aipo riporta testualmente che \u201cIl procedimento, delineato dal nuovo articolo 14-bis, della L. 241\/1990 e s.m.i., ha visto la sua scadenza il 24 settembre scorso (da considerare 25 settembre primo giorno lavorativo utile dopo la scadenza), evidenziando <strong>diverse e numerose criticit\u00e0 che ad oggi non consentono al soggetto attuatore di poter perfezionare la determinazione conclusiva e proseguire nell\u2019attuazione dell\u2019intervento<\/strong>\u201d. \u00a0E precisa: \u201c In particolare: criticit\u00e0 di ordine generale sugli obiettivi del progetto, sul rapporto tra l\u2019interesse contrastante di uso del territorio, in particolare nei confronti dell\u2019agricoltura e della pioppicoltura; criticit\u00e0 di ordine procedurale, mancata espressione di pareri, e\/o pareri contrastanti sulla medesima scheda\/area d\u2019intervento\u201d.<\/p>\n<p>\u201cUn\u2019importante conferma di quanto la nostra Organizzazione ha sostenuto fin da subito. \u2013 sottolinea Gasparini &#8211; La rinaturazione del Po \u00e8 un progetto regressivo e potenzialmente pericoloso per la natura, che non va incontro in nessun modo alle esigenze del mondo agricolo. Un progetto che, \u00e8 bene ricordarlo, impegnerebbe circa 357 milioni di euro, provenienti dal Pnrr e coinvolgerebbe oltre cento comuni del bacino padano. In generale \u2013 rimarca Gasparini &#8211; l\u2019insieme dei progetti sembra non considerare come l\u2019opera di rinaturazione del fiume non possa di fatto riportare il corso d\u2019acqua a quando si muoveva libero in una pianura alluvionale, a meno di non considerare come alloctono e infestate l\u2019essere umano stesso, in quanto i nostri territori sono stati antropizzati da millenni. Gli ettari in questione rappresentano non solo capacit\u00e0 economica delle imprese, ma ricchezza locale per le filiere produttive e per l\u2019economia con impiego di forza lavoro\u201d.<\/p>\n<p>Il presidente degli agricoltori piacentini non manca di fare un riferimento a quanto dichiarato dalla Premier Meloni al festival delle regioni di Torino. \u201cAbbiamo dato una visione unitaria con la gestione del Pnrr e con i fondi di coesione \u2013 ha detto Meloni il 3 ottobre &#8211; vogliamo dare il pi\u00f9 possibile una visione unitaria e strategica&#8221;, e ha sollecitato ancora &#8220;dobbiamo riuscire a spendere al meglio tutte queste risorse: perch\u00e9 non ne abbiamo molte, perch\u00e9 ci sono moltissime cose da fare, ed \u00e8 importante lavorare tutti assieme per rendere questa nazione pi\u00f9 competitiva in un lasso di tempo breve&#8221;.<\/p>\n<p>\u201cBene \u2013 rimarca Gasparini \u2013 se si deve procedere con progetti e che siano utili, si parta dalla radicale revisione della rinaturazione del Po. I fondi del Pnrr sono vincolati al raggiungimento degli obiettivi, per cui la mancata realizzazione di questo progetto pregiudicherebbe anche la realizzazione degli altri, ma lasciandolo immutato si palesa come uno dei molteplici tentativi di distruggere il nostro territorio, anche ambientalmente e soprattutto la sua capacit\u00e0 produttiva. Chiediamo ragionevolmente di rivedere il progetto in un\u2019ottica completamente diversa destinando i fondi ad una pi\u00f9 efficace gestione e regimazione del fiume stesso che possa consentire la convivenza tra ambiente e attivit\u00e0 agricola, anche perch\u00e9 le terre demaniali in concessione lasciate agli agricoltori sono gi\u00e0 ambiente e natura. Infine mi preme ricordare che i fondi del Pnrr sono un prestito e un debito che lasciamo ai nostri figli, non possiamo permetterci di sciuparli in investimenti inutili o perniciosi\u201d.<\/p>\n","protected":false},"excerpt":{"rendered":"<p>Gasparini: confermata la ragionevolezza delle criticit\u00e0 sollevate da Confagricoltura<\/p>\n","protected":false},"author":6,"featured_media":4298,"comment_status":"closed","ping_status":"closed","sticky":false,"template":"","format":"standard","meta":{"wp_mapbox_gl_js_media":[],"footnotes":""},"categories":[4,9],"tags":[544],"class_list":["post-4297","post","type-post","status-publish","format-standard","has-post-thumbnail","hentry","category-news","category-territorio-ambiente","tag-rinaturazione-po"],"yoast_head":"<!-- This site is optimized with the Yoast SEO plugin v26.8 - https:\/\/yoast.com\/product\/yoast-seo-wordpress\/ -->\n<title>Rinaturazione del Po, arriva lo stop di Aipo - Confagricoltura Piacenza<\/title>\n<meta name=\"robots\" content=\"index, follow, max-snippet:-1, max-image-preview:large, max-video-preview:-1\" \/>\n<link rel=\"canonical\" href=\"https:\/\/www.confagricoltura.org\/piacenza\/rinaturazione-del-po-arriva-lo-stop-di-aipo\/\" \/>\n<meta property=\"og:locale\" content=\"it_IT\" \/>\n<meta property=\"og:type\" content=\"article\" \/>\n<meta property=\"og:title\" content=\"Rinaturazione del Po, arriva lo stop di Aipo - Confagricoltura Piacenza\" \/>\n<meta property=\"og:description\" content=\"Gasparini: confermata la ragionevolezza delle criticit\u00e0 sollevate da Confagricoltura\" \/>\n<meta property=\"og:url\" content=\"https:\/\/www.confagricoltura.org\/piacenza\/rinaturazione-del-po-arriva-lo-stop-di-aipo\/\" \/>\n<meta property=\"og:site_name\" content=\"Confagricoltura Piacenza\" \/>\n<meta property=\"article:published_time\" content=\"2023-10-10T13:36:39+00:00\" \/>\n<meta property=\"article:modified_time\" content=\"2023-10-11T13:43:41+00:00\" \/>\n<meta property=\"og:image\" content=\"https:\/\/www.confagricoltura.org\/piacenza\/wp-content\/uploads\/sites\/11\/2023\/10\/Po-a-Piacenza.jpg\" \/>\n\t<meta property=\"og:image:width\" content=\"1620\" \/>\n\t<meta property=\"og:image:height\" content=\"1077\" \/>\n\t<meta property=\"og:image:type\" content=\"image\/jpeg\" \/>\n<meta name=\"author\" content=\"confagricolturapiacenza\" \/>\n<meta name=\"twitter:card\" content=\"summary_large_image\" \/>\n<meta name=\"twitter:label1\" content=\"Scritto da\" \/>\n\t<meta name=\"twitter:data1\" content=\"confagricolturapiacenza\" \/>\n\t<meta name=\"twitter:label2\" content=\"Tempo di lettura stimato\" \/>\n\t<meta name=\"twitter:data2\" content=\"3 minuti\" \/>\n<script type=\"application\/ld+json\" class=\"yoast-schema-graph\">{\"@context\":\"https:\/\/schema.org\",\"@graph\":[{\"@type\":\"Article\",\"@id\":\"https:\/\/www.confagricoltura.org\/piacenza\/rinaturazione-del-po-arriva-lo-stop-di-aipo\/#article\",\"isPartOf\":{\"@id\":\"https:\/\/www.confagricoltura.org\/piacenza\/rinaturazione-del-po-arriva-lo-stop-di-aipo\/\"},\"author\":{\"name\":\"confagricolturapiacenza\",\"@id\":\"https:\/\/www.confagricoltura.org\/piacenza\/#\/schema\/person\/be5da25a3117fea4b3bfec9dba09b5e8\"},\"headline\":\"Rinaturazione del Po, arriva lo stop di Aipo\",\"datePublished\":\"2023-10-10T13:36:39+00:00\",\"dateModified\":\"2023-10-11T13:43:41+00:00\",\"mainEntityOfPage\":{\"@id\":\"https:\/\/www.confagricoltura.org\/piacenza\/rinaturazione-del-po-arriva-lo-stop-di-aipo\/\"},\"wordCount\":690,\"image\":{\"@id\":\"https:\/\/www.confagricoltura.org\/piacenza\/rinaturazione-del-po-arriva-lo-stop-di-aipo\/#primaryimage\"},\"thumbnailUrl\":\"https:\/\/www.confagricoltura.org\/piacenza\/wp-content\/uploads\/sites\/11\/2023\/10\/Po-a-Piacenza.jpg\",\"keywords\":[\"RINATURAZIONE PO\"],\"articleSection\":[\"News\",\"Territorio e Ambiente\"],\"inLanguage\":\"it-IT\"},{\"@type\":\"WebPage\",\"@id\":\"https:\/\/www.confagricoltura.org\/piacenza\/rinaturazione-del-po-arriva-lo-stop-di-aipo\/\",\"url\":\"https:\/\/www.confagricoltura.org\/piacenza\/rinaturazione-del-po-arriva-lo-stop-di-aipo\/\",\"name\":\"Rinaturazione del Po, arriva lo stop di Aipo - Confagricoltura Piacenza\",\"isPartOf\":{\"@id\":\"https:\/\/www.confagricoltura.org\/piacenza\/#website\"},\"primaryImageOfPage\":{\"@id\":\"https:\/\/www.confagricoltura.org\/piacenza\/rinaturazione-del-po-arriva-lo-stop-di-aipo\/#primaryimage\"},\"image\":{\"@id\":\"https:\/\/www.confagricoltura.org\/piacenza\/rinaturazione-del-po-arriva-lo-stop-di-aipo\/#primaryimage\"},\"thumbnailUrl\":\"https:\/\/www.confagricoltura.org\/piacenza\/wp-content\/uploads\/sites\/11\/2023\/10\/Po-a-Piacenza.jpg\",\"datePublished\":\"2023-10-10T13:36:39+00:00\",\"dateModified\":\"2023-10-11T13:43:41+00:00\",\"author\":{\"@id\":\"https:\/\/www.confagricoltura.org\/piacenza\/#\/schema\/person\/be5da25a3117fea4b3bfec9dba09b5e8\"},\"breadcrumb\":{\"@id\":\"https:\/\/www.confagricoltura.org\/piacenza\/rinaturazione-del-po-arriva-lo-stop-di-aipo\/#breadcrumb\"},\"inLanguage\":\"it-IT\",\"potentialAction\":[{\"@type\":\"ReadAction\",\"target\":[\"https:\/\/www.confagricoltura.org\/piacenza\/rinaturazione-del-po-arriva-lo-stop-di-aipo\/\"]}]},{\"@type\":\"ImageObject\",\"inLanguage\":\"it-IT\",\"@id\":\"https:\/\/www.confagricoltura.org\/piacenza\/rinaturazione-del-po-arriva-lo-stop-di-aipo\/#primaryimage\",\"url\":\"https:\/\/www.confagricoltura.org\/piacenza\/wp-content\/uploads\/sites\/11\/2023\/10\/Po-a-Piacenza.jpg\",\"contentUrl\":\"https:\/\/www.confagricoltura.org\/piacenza\/wp-content\/uploads\/sites\/11\/2023\/10\/Po-a-Piacenza.jpg\",\"width\":1620,\"height\":1077},{\"@type\":\"BreadcrumbList\",\"@id\":\"https:\/\/www.confagricoltura.org\/piacenza\/rinaturazione-del-po-arriva-lo-stop-di-aipo\/#breadcrumb\",\"itemListElement\":[{\"@type\":\"ListItem\",\"position\":1,\"name\":\"Home\",\"item\":\"https:\/\/www.confagricoltura.org\/piacenza\/\"},{\"@type\":\"ListItem\",\"position\":2,\"name\":\"Rinaturazione del Po, arriva lo stop di Aipo\"}]},{\"@type\":\"WebSite\",\"@id\":\"https:\/\/www.confagricoltura.org\/piacenza\/#website\",\"url\":\"https:\/\/www.confagricoltura.org\/piacenza\/\",\"name\":\"Confagricoltura Piacenza\",\"description\":\"Dalla parte degli Agricoltori\",\"potentialAction\":[{\"@type\":\"SearchAction\",\"target\":{\"@type\":\"EntryPoint\",\"urlTemplate\":\"https:\/\/www.confagricoltura.org\/piacenza\/?s={search_term_string}\"},\"query-input\":{\"@type\":\"PropertyValueSpecification\",\"valueRequired\":true,\"valueName\":\"search_term_string\"}}],\"inLanguage\":\"it-IT\"},{\"@type\":\"Person\",\"@id\":\"https:\/\/www.confagricoltura.org\/piacenza\/#\/schema\/person\/be5da25a3117fea4b3bfec9dba09b5e8\",\"name\":\"confagricolturapiacenza\",\"image\":{\"@type\":\"ImageObject\",\"inLanguage\":\"it-IT\",\"@id\":\"https:\/\/www.confagricoltura.org\/piacenza\/#\/schema\/person\/image\/\",\"url\":\"https:\/\/secure.gravatar.com\/avatar\/9c5f111e417171581853bd0a3ff892ca?s=96&d=mm&r=g\",\"contentUrl\":\"https:\/\/secure.gravatar.com\/avatar\/9c5f111e417171581853bd0a3ff892ca?s=96&d=mm&r=g\",\"caption\":\"confagricolturapiacenza\"},\"url\":\"https:\/\/www.confagricoltura.org\/piacenza\/author\/confagricolturapiacenza\/\"}]}<\/script>\n<!-- \/ Yoast SEO plugin. -->","yoast_head_json":{"title":"Rinaturazione del Po, arriva lo stop di Aipo - Confagricoltura Piacenza","robots":{"index":"index","follow":"follow","max-snippet":"max-snippet:-1","max-image-preview":"max-image-preview:large","max-video-preview":"max-video-preview:-1"},"canonical":"https:\/\/www.confagricoltura.org\/piacenza\/rinaturazione-del-po-arriva-lo-stop-di-aipo\/","og_locale":"it_IT","og_type":"article","og_title":"Rinaturazione del Po, arriva lo stop di Aipo - Confagricoltura Piacenza","og_description":"Gasparini: confermata la ragionevolezza delle criticit\u00e0 sollevate da Confagricoltura","og_url":"https:\/\/www.confagricoltura.org\/piacenza\/rinaturazione-del-po-arriva-lo-stop-di-aipo\/","og_site_name":"Confagricoltura Piacenza","article_published_time":"2023-10-10T13:36:39+00:00","article_modified_time":"2023-10-11T13:43:41+00:00","og_image":[{"width":1620,"height":1077,"url":"https:\/\/www.confagricoltura.org\/piacenza\/wp-content\/uploads\/sites\/11\/2023\/10\/Po-a-Piacenza.jpg","type":"image\/jpeg"}],"author":"confagricolturapiacenza","twitter_card":"summary_large_image","twitter_misc":{"Scritto da":"confagricolturapiacenza","Tempo di lettura stimato":"3 minuti"},"schema":{"@context":"https:\/\/schema.org","@graph":[{"@type":"Article","@id":"https:\/\/www.confagricoltura.org\/piacenza\/rinaturazione-del-po-arriva-lo-stop-di-aipo\/#article","isPartOf":{"@id":"https:\/\/www.confagricoltura.org\/piacenza\/rinaturazione-del-po-arriva-lo-stop-di-aipo\/"},"author":{"name":"confagricolturapiacenza","@id":"https:\/\/www.confagricoltura.org\/piacenza\/#\/schema\/person\/be5da25a3117fea4b3bfec9dba09b5e8"},"headline":"Rinaturazione del Po, arriva lo stop di Aipo","datePublished":"2023-10-10T13:36:39+00:00","dateModified":"2023-10-11T13:43:41+00:00","mainEntityOfPage":{"@id":"https:\/\/www.confagricoltura.org\/piacenza\/rinaturazione-del-po-arriva-lo-stop-di-aipo\/"},"wordCount":690,"image":{"@id":"https:\/\/www.confagricoltura.org\/piacenza\/rinaturazione-del-po-arriva-lo-stop-di-aipo\/#primaryimage"},"thumbnailUrl":"https:\/\/www.confagricoltura.org\/piacenza\/wp-content\/uploads\/sites\/11\/2023\/10\/Po-a-Piacenza.jpg","keywords":["RINATURAZIONE PO"],"articleSection":["News","Territorio e Ambiente"],"inLanguage":"it-IT"},{"@type":"WebPage","@id":"https:\/\/www.confagricoltura.org\/piacenza\/rinaturazione-del-po-arriva-lo-stop-di-aipo\/","url":"https:\/\/www.confagricoltura.org\/piacenza\/rinaturazione-del-po-arriva-lo-stop-di-aipo\/","name":"Rinaturazione del Po, arriva lo stop di Aipo - Confagricoltura Piacenza","isPartOf":{"@id":"https:\/\/www.confagricoltura.org\/piacenza\/#website"},"primaryImageOfPage":{"@id":"https:\/\/www.confagricoltura.org\/piacenza\/rinaturazione-del-po-arriva-lo-stop-di-aipo\/#primaryimage"},"image":{"@id":"https:\/\/www.confagricoltura.org\/piacenza\/rinaturazione-del-po-arriva-lo-stop-di-aipo\/#primaryimage"},"thumbnailUrl":"https:\/\/www.confagricoltura.org\/piacenza\/wp-content\/uploads\/sites\/11\/2023\/10\/Po-a-Piacenza.jpg","datePublished":"2023-10-10T13:36:39+00:00","dateModified":"2023-10-11T13:43:41+00:00","author":{"@id":"https:\/\/www.confagricoltura.org\/piacenza\/#\/schema\/person\/be5da25a3117fea4b3bfec9dba09b5e8"},"breadcrumb":{"@id":"https:\/\/www.confagricoltura.org\/piacenza\/rinaturazione-del-po-arriva-lo-stop-di-aipo\/#breadcrumb"},"inLanguage":"it-IT","potentialAction":[{"@type":"ReadAction","target":["https:\/\/www.confagricoltura.org\/piacenza\/rinaturazione-del-po-arriva-lo-stop-di-aipo\/"]}]},{"@type":"ImageObject","inLanguage":"it-IT","@id":"https:\/\/www.confagricoltura.org\/piacenza\/rinaturazione-del-po-arriva-lo-stop-di-aipo\/#primaryimage","url":"https:\/\/www.confagricoltura.org\/piacenza\/wp-content\/uploads\/sites\/11\/2023\/10\/Po-a-Piacenza.jpg","contentUrl":"https:\/\/www.confagricoltura.org\/piacenza\/wp-content\/uploads\/sites\/11\/2023\/10\/Po-a-Piacenza.jpg","width":1620,"height":1077},{"@type":"BreadcrumbList","@id":"https:\/\/www.confagricoltura.org\/piacenza\/rinaturazione-del-po-arriva-lo-stop-di-aipo\/#breadcrumb","itemListElement":[{"@type":"ListItem","position":1,"name":"Home","item":"https:\/\/www.confagricoltura.org\/piacenza\/"},{"@type":"ListItem","position":2,"name":"Rinaturazione del Po, arriva lo stop di Aipo"}]},{"@type":"WebSite","@id":"https:\/\/www.confagricoltura.org\/piacenza\/#website","url":"https:\/\/www.confagricoltura.org\/piacenza\/","name":"Confagricoltura Piacenza","description":"Dalla parte degli Agricoltori","potentialAction":[{"@type":"SearchAction","target":{"@type":"EntryPoint","urlTemplate":"https:\/\/www.confagricoltura.org\/piacenza\/?s={search_term_string}"},"query-input":{"@type":"PropertyValueSpecification","valueRequired":true,"valueName":"search_term_string"}}],"inLanguage":"it-IT"},{"@type":"Person","@id":"https:\/\/www.confagricoltura.org\/piacenza\/#\/schema\/person\/be5da25a3117fea4b3bfec9dba09b5e8","name":"confagricolturapiacenza","image":{"@type":"ImageObject","inLanguage":"it-IT","@id":"https:\/\/www.confagricoltura.org\/piacenza\/#\/schema\/person\/image\/","url":"https:\/\/secure.gravatar.com\/avatar\/9c5f111e417171581853bd0a3ff892ca?s=96&d=mm&r=g","contentUrl":"https:\/\/secure.gravatar.com\/avatar\/9c5f111e417171581853bd0a3ff892ca?s=96&d=mm&r=g","caption":"confagricolturapiacenza"},"url":"https:\/\/www.confagricoltura.org\/piacenza\/author\/confagricolturapiacenza\/"}]}},"_links":{"self":[{"href":"https:\/\/www.confagricoltura.org\/piacenza\/wp-json\/wp\/v2\/posts\/4297","targetHints":{"allow":["GET"]}}],"collection":[{"href":"https:\/\/www.confagricoltura.org\/piacenza\/wp-json\/wp\/v2\/posts"}],"about":[{"href":"https:\/\/www.confagricoltura.org\/piacenza\/wp-json\/wp\/v2\/types\/post"}],"author":[{"embeddable":true,"href":"https:\/\/www.confagricoltura.org\/piacenza\/wp-json\/wp\/v2\/users\/6"}],"replies":[{"embeddable":true,"href":"https:\/\/www.confagricoltura.org\/piacenza\/wp-json\/wp\/v2\/comments?post=4297"}],"version-history":[{"count":1,"href":"https:\/\/www.confagricoltura.org\/piacenza\/wp-json\/wp\/v2\/posts\/4297\/revisions"}],"predecessor-version":[{"id":4299,"href":"https:\/\/www.confagricoltura.org\/piacenza\/wp-json\/wp\/v2\/posts\/4297\/revisions\/4299"}],"wp:featuredmedia":[{"embeddable":true,"href":"https:\/\/www.confagricoltura.org\/piacenza\/wp-json\/wp\/v2\/media\/4298"}],"wp:attachment":[{"href":"https:\/\/www.confagricoltura.org\/piacenza\/wp-json\/wp\/v2\/media?parent=4297"}],"wp:term":[{"taxonomy":"category","embeddable":true,"href":"https:\/\/www.confagricoltura.org\/piacenza\/wp-json\/wp\/v2\/categories?post=4297"},{"taxonomy":"post_tag","embeddable":true,"href":"https:\/\/www.confagricoltura.org\/piacenza\/wp-json\/wp\/v2\/tags?post=4297"}],"curies":[{"name":"wp","href":"https:\/\/api.w.org\/{rel}","templated":true}]}}