{"id":4284,"date":"2023-09-27T17:15:16","date_gmt":"2023-09-27T15:15:16","guid":{"rendered":"https:\/\/www.confagricoltura.org\/piacenza\/?p=4284"},"modified":"2023-09-27T17:32:24","modified_gmt":"2023-09-27T15:32:24","slug":"una-tre-giorni-di-formazione-e-progettazione-per-i-giovani-di-confagricoltura","status":"publish","type":"post","link":"https:\/\/www.confagricoltura.org\/piacenza\/una-tre-giorni-di-formazione-e-progettazione-per-i-giovani-di-confagricoltura\/","title":{"rendered":"Una tre giorni di formazione e progettazione per i giovani di Confagricoltura"},"content":{"rendered":"<p>Si \u00e8 conclusa la tre giorni in Puglia in occasione del Consiglio Nazionale dei Giovani di Confagricoltura-ANGA. Per i giovani piacentini vi ha preso parte il Vicepresidente di Anga Piacenza, Marco Barbieri, che soddisfatto commenta: \u201cUn\u2019occasione di grande formazione, di condivisione e di confronto. Sono soddisfatto e anche arricchito dall\u2019esperienza\u201d. L\u2019Assise ha visto l\u2019adozione di un nuovo format per coinvolgere i partecipanti, guidati dall&#8217;esperienza e professionalit\u00e0 dei \u201cmentors\u201d di Confagricoltura: Vincenzo Lenucci, Direttore politiche di sviluppo economico delle filiere agroalimentari di Confagricoltura, Diana Lenzi, gi\u00e0 presidente del CEJA Young Farmers, e Giovanni Chi\u00f2, Topcon Agricoltura Italia.<\/p>\n<p>\u201cAbbiamo lavorato in diversi tavoli tematici \u2013 spiega Barbieri &#8211; ogni tavolo aveva lo scopo di analizzare le criticit\u00e0 e formulare delle proposte su sostenibilit\u00e0, innovazione, lobby e advocacy e PAC post 2027. Ci\u00f2 che \u00e8 emerso \u00e8 stata una richiesta di attenzione reale alle necessit\u00e0 aziendali, senza guardare alle tematiche ambientali come vincolo alle soluzioni imprenditoriali, ma facendo in modo che siano adattabili all&#8217;interno dei processi produttivi\u201d. \u00c8 stato affrontato anche uno dei temi cardine del settore, che evidentemente \u00e8 sentito come prioritario dai giovani imprenditori agricoli: la necessit\u00e0 di aggregazione per avere un impatto maggiore sui mercati e sui tavoli decisionali. \u201cNoi giovani \u2013 sottolinea Barbieri \u2013 avvertiamo la necessit\u00e0 di trasmettere con pi\u00f9 coraggio una corretta immagine del nostro comparto produttivo. Sappiamo che la strada da fare \u00e8 tanta, ma abbiamo le idee chiare sui messaggi da trasmettere. Vogliamo far conoscere come operiamo in azienda: in modo efficiente, con tutta la tecnologia che ci consente sia di essere produttivi che di tutelare l\u2019ambiente. Insieme vogliamo lavorare affinch\u00e9 venga alla luce un\u2019immagine pi\u00f9 veritiera dell\u2019agricoltura oggi troppo spesso o idealizzata o demonizzata\u201d.<\/p>\n<p>Davvero numerosi i giovani imprenditori agricoli italiani arrivati in Puglia con tanto entusiasmo nel dare il proprio contributo. \u201c\u00c8 stata un\u2019esperienza molto positiva \u2013 conclude Barbieri \u2013 mi sento di esprimere un ringraziamento alla sezione provinciale e quella regionale ospitanti, Anga Lecce &#8211; Giovani di Confagricoltura e Giovani di Confagricoltura &#8211; Anga Puglia, agli ospiti intervenuti e agli sponsor\u201d.<\/p>\n<p>&nbsp;<\/p>\n","protected":false},"excerpt":{"rendered":"<p>Da Piacenza il vicepresidente di Anga Marco Barbieri: bellissima esperienza<\/p>\n","protected":false},"author":6,"featured_media":4285,"comment_status":"closed","ping_status":"closed","sticky":false,"template":"","format":"standard","meta":{"wp_mapbox_gl_js_media":[],"footnotes":""},"categories":[21,4],"tags":[71],"class_list":["post-4284","post","type-post","status-publish","format-standard","has-post-thumbnail","hentry","category-eventi","category-news","tag-anga-piacenza"],"yoast_head":"<!-- This site is optimized with the Yoast SEO plugin v26.8 - https:\/\/yoast.com\/product\/yoast-seo-wordpress\/ -->\n<title>Una tre giorni di formazione e progettazione per i giovani di Confagricoltura - Confagricoltura Piacenza<\/title>\n<meta name=\"description\" content=\"anga piacenza\" \/>\n<meta name=\"robots\" content=\"index, follow, max-snippet:-1, max-image-preview:large, max-video-preview:-1\" \/>\n<link rel=\"canonical\" href=\"https:\/\/www.confagricoltura.org\/piacenza\/una-tre-giorni-di-formazione-e-progettazione-per-i-giovani-di-confagricoltura\/\" \/>\n<meta property=\"og:locale\" content=\"it_IT\" \/>\n<meta property=\"og:type\" content=\"article\" \/>\n<meta property=\"og:title\" content=\"Una tre giorni di formazione e progettazione per i giovani di Confagricoltura - Confagricoltura Piacenza\" \/>\n<meta property=\"og:description\" content=\"anga piacenza\" \/>\n<meta property=\"og:url\" content=\"https:\/\/www.confagricoltura.org\/piacenza\/una-tre-giorni-di-formazione-e-progettazione-per-i-giovani-di-confagricoltura\/\" \/>\n<meta property=\"og:site_name\" content=\"Confagricoltura Piacenza\" \/>\n<meta property=\"article:published_time\" content=\"2023-09-27T15:15:16+00:00\" \/>\n<meta property=\"article:modified_time\" content=\"2023-09-27T15:32:24+00:00\" \/>\n<meta property=\"og:image\" content=\"https:\/\/www.confagricoltura.org\/piacenza\/wp-content\/uploads\/sites\/11\/2023\/09\/Giovani-di-Anga-in-Puglia.jpg\" \/>\n\t<meta property=\"og:image:width\" content=\"2048\" \/>\n\t<meta property=\"og:image:height\" content=\"1405\" \/>\n\t<meta property=\"og:image:type\" content=\"image\/jpeg\" \/>\n<meta name=\"author\" content=\"confagricolturapiacenza\" \/>\n<meta name=\"twitter:card\" content=\"summary_large_image\" \/>\n<meta name=\"twitter:label1\" content=\"Scritto da\" \/>\n\t<meta name=\"twitter:data1\" content=\"confagricolturapiacenza\" \/>\n\t<meta name=\"twitter:label2\" content=\"Tempo di lettura stimato\" \/>\n\t<meta name=\"twitter:data2\" content=\"2 minuti\" \/>\n<script type=\"application\/ld+json\" class=\"yoast-schema-graph\">{\"@context\":\"https:\/\/schema.org\",\"@graph\":[{\"@type\":\"Article\",\"@id\":\"https:\/\/www.confagricoltura.org\/piacenza\/una-tre-giorni-di-formazione-e-progettazione-per-i-giovani-di-confagricoltura\/#article\",\"isPartOf\":{\"@id\":\"https:\/\/www.confagricoltura.org\/piacenza\/una-tre-giorni-di-formazione-e-progettazione-per-i-giovani-di-confagricoltura\/\"},\"author\":{\"name\":\"confagricolturapiacenza\",\"@id\":\"https:\/\/www.confagricoltura.org\/piacenza\/#\/schema\/person\/be5da25a3117fea4b3bfec9dba09b5e8\"},\"headline\":\"Una tre giorni di formazione e progettazione per i giovani di Confagricoltura\",\"datePublished\":\"2023-09-27T15:15:16+00:00\",\"dateModified\":\"2023-09-27T15:32:24+00:00\",\"mainEntityOfPage\":{\"@id\":\"https:\/\/www.confagricoltura.org\/piacenza\/una-tre-giorni-di-formazione-e-progettazione-per-i-giovani-di-confagricoltura\/\"},\"wordCount\":349,\"image\":{\"@id\":\"https:\/\/www.confagricoltura.org\/piacenza\/una-tre-giorni-di-formazione-e-progettazione-per-i-giovani-di-confagricoltura\/#primaryimage\"},\"thumbnailUrl\":\"https:\/\/www.confagricoltura.org\/piacenza\/wp-content\/uploads\/sites\/11\/2023\/09\/Giovani-di-Anga-in-Puglia.jpg\",\"keywords\":[\"ANGA PIACENZA\"],\"articleSection\":[\"Eventi\",\"News\"],\"inLanguage\":\"it-IT\"},{\"@type\":\"WebPage\",\"@id\":\"https:\/\/www.confagricoltura.org\/piacenza\/una-tre-giorni-di-formazione-e-progettazione-per-i-giovani-di-confagricoltura\/\",\"url\":\"https:\/\/www.confagricoltura.org\/piacenza\/una-tre-giorni-di-formazione-e-progettazione-per-i-giovani-di-confagricoltura\/\",\"name\":\"Una tre giorni di formazione e progettazione per i giovani di Confagricoltura - Confagricoltura Piacenza\",\"isPartOf\":{\"@id\":\"https:\/\/www.confagricoltura.org\/piacenza\/#website\"},\"primaryImageOfPage\":{\"@id\":\"https:\/\/www.confagricoltura.org\/piacenza\/una-tre-giorni-di-formazione-e-progettazione-per-i-giovani-di-confagricoltura\/#primaryimage\"},\"image\":{\"@id\":\"https:\/\/www.confagricoltura.org\/piacenza\/una-tre-giorni-di-formazione-e-progettazione-per-i-giovani-di-confagricoltura\/#primaryimage\"},\"thumbnailUrl\":\"https:\/\/www.confagricoltura.org\/piacenza\/wp-content\/uploads\/sites\/11\/2023\/09\/Giovani-di-Anga-in-Puglia.jpg\",\"datePublished\":\"2023-09-27T15:15:16+00:00\",\"dateModified\":\"2023-09-27T15:32:24+00:00\",\"author\":{\"@id\":\"https:\/\/www.confagricoltura.org\/piacenza\/#\/schema\/person\/be5da25a3117fea4b3bfec9dba09b5e8\"},\"description\":\"anga piacenza\",\"breadcrumb\":{\"@id\":\"https:\/\/www.confagricoltura.org\/piacenza\/una-tre-giorni-di-formazione-e-progettazione-per-i-giovani-di-confagricoltura\/#breadcrumb\"},\"inLanguage\":\"it-IT\",\"potentialAction\":[{\"@type\":\"ReadAction\",\"target\":[\"https:\/\/www.confagricoltura.org\/piacenza\/una-tre-giorni-di-formazione-e-progettazione-per-i-giovani-di-confagricoltura\/\"]}]},{\"@type\":\"ImageObject\",\"inLanguage\":\"it-IT\",\"@id\":\"https:\/\/www.confagricoltura.org\/piacenza\/una-tre-giorni-di-formazione-e-progettazione-per-i-giovani-di-confagricoltura\/#primaryimage\",\"url\":\"https:\/\/www.confagricoltura.org\/piacenza\/wp-content\/uploads\/sites\/11\/2023\/09\/Giovani-di-Anga-in-Puglia.jpg\",\"contentUrl\":\"https:\/\/www.confagricoltura.org\/piacenza\/wp-content\/uploads\/sites\/11\/2023\/09\/Giovani-di-Anga-in-Puglia.jpg\",\"width\":2048,\"height\":1405},{\"@type\":\"BreadcrumbList\",\"@id\":\"https:\/\/www.confagricoltura.org\/piacenza\/una-tre-giorni-di-formazione-e-progettazione-per-i-giovani-di-confagricoltura\/#breadcrumb\",\"itemListElement\":[{\"@type\":\"ListItem\",\"position\":1,\"name\":\"Home\",\"item\":\"https:\/\/www.confagricoltura.org\/piacenza\/\"},{\"@type\":\"ListItem\",\"position\":2,\"name\":\"Una tre giorni di formazione e progettazione per i giovani di Confagricoltura\"}]},{\"@type\":\"WebSite\",\"@id\":\"https:\/\/www.confagricoltura.org\/piacenza\/#website\",\"url\":\"https:\/\/www.confagricoltura.org\/piacenza\/\",\"name\":\"Confagricoltura Piacenza\",\"description\":\"Dalla parte degli Agricoltori\",\"potentialAction\":[{\"@type\":\"SearchAction\",\"target\":{\"@type\":\"EntryPoint\",\"urlTemplate\":\"https:\/\/www.confagricoltura.org\/piacenza\/?s={search_term_string}\"},\"query-input\":{\"@type\":\"PropertyValueSpecification\",\"valueRequired\":true,\"valueName\":\"search_term_string\"}}],\"inLanguage\":\"it-IT\"},{\"@type\":\"Person\",\"@id\":\"https:\/\/www.confagricoltura.org\/piacenza\/#\/schema\/person\/be5da25a3117fea4b3bfec9dba09b5e8\",\"name\":\"confagricolturapiacenza\",\"image\":{\"@type\":\"ImageObject\",\"inLanguage\":\"it-IT\",\"@id\":\"https:\/\/www.confagricoltura.org\/piacenza\/#\/schema\/person\/image\/\",\"url\":\"https:\/\/secure.gravatar.com\/avatar\/9c5f111e417171581853bd0a3ff892ca?s=96&d=mm&r=g\",\"contentUrl\":\"https:\/\/secure.gravatar.com\/avatar\/9c5f111e417171581853bd0a3ff892ca?s=96&d=mm&r=g\",\"caption\":\"confagricolturapiacenza\"},\"url\":\"https:\/\/www.confagricoltura.org\/piacenza\/author\/confagricolturapiacenza\/\"}]}<\/script>\n<!-- \/ Yoast SEO plugin. -->","yoast_head_json":{"title":"Una tre giorni di formazione e progettazione per i giovani di Confagricoltura - Confagricoltura Piacenza","description":"anga piacenza","robots":{"index":"index","follow":"follow","max-snippet":"max-snippet:-1","max-image-preview":"max-image-preview:large","max-video-preview":"max-video-preview:-1"},"canonical":"https:\/\/www.confagricoltura.org\/piacenza\/una-tre-giorni-di-formazione-e-progettazione-per-i-giovani-di-confagricoltura\/","og_locale":"it_IT","og_type":"article","og_title":"Una tre giorni di formazione e progettazione per i giovani di Confagricoltura - Confagricoltura Piacenza","og_description":"anga piacenza","og_url":"https:\/\/www.confagricoltura.org\/piacenza\/una-tre-giorni-di-formazione-e-progettazione-per-i-giovani-di-confagricoltura\/","og_site_name":"Confagricoltura Piacenza","article_published_time":"2023-09-27T15:15:16+00:00","article_modified_time":"2023-09-27T15:32:24+00:00","og_image":[{"width":2048,"height":1405,"url":"https:\/\/www.confagricoltura.org\/piacenza\/wp-content\/uploads\/sites\/11\/2023\/09\/Giovani-di-Anga-in-Puglia.jpg","type":"image\/jpeg"}],"author":"confagricolturapiacenza","twitter_card":"summary_large_image","twitter_misc":{"Scritto da":"confagricolturapiacenza","Tempo di lettura stimato":"2 minuti"},"schema":{"@context":"https:\/\/schema.org","@graph":[{"@type":"Article","@id":"https:\/\/www.confagricoltura.org\/piacenza\/una-tre-giorni-di-formazione-e-progettazione-per-i-giovani-di-confagricoltura\/#article","isPartOf":{"@id":"https:\/\/www.confagricoltura.org\/piacenza\/una-tre-giorni-di-formazione-e-progettazione-per-i-giovani-di-confagricoltura\/"},"author":{"name":"confagricolturapiacenza","@id":"https:\/\/www.confagricoltura.org\/piacenza\/#\/schema\/person\/be5da25a3117fea4b3bfec9dba09b5e8"},"headline":"Una tre giorni di formazione e progettazione per i giovani di Confagricoltura","datePublished":"2023-09-27T15:15:16+00:00","dateModified":"2023-09-27T15:32:24+00:00","mainEntityOfPage":{"@id":"https:\/\/www.confagricoltura.org\/piacenza\/una-tre-giorni-di-formazione-e-progettazione-per-i-giovani-di-confagricoltura\/"},"wordCount":349,"image":{"@id":"https:\/\/www.confagricoltura.org\/piacenza\/una-tre-giorni-di-formazione-e-progettazione-per-i-giovani-di-confagricoltura\/#primaryimage"},"thumbnailUrl":"https:\/\/www.confagricoltura.org\/piacenza\/wp-content\/uploads\/sites\/11\/2023\/09\/Giovani-di-Anga-in-Puglia.jpg","keywords":["ANGA PIACENZA"],"articleSection":["Eventi","News"],"inLanguage":"it-IT"},{"@type":"WebPage","@id":"https:\/\/www.confagricoltura.org\/piacenza\/una-tre-giorni-di-formazione-e-progettazione-per-i-giovani-di-confagricoltura\/","url":"https:\/\/www.confagricoltura.org\/piacenza\/una-tre-giorni-di-formazione-e-progettazione-per-i-giovani-di-confagricoltura\/","name":"Una tre giorni di formazione e progettazione per i giovani di Confagricoltura - Confagricoltura Piacenza","isPartOf":{"@id":"https:\/\/www.confagricoltura.org\/piacenza\/#website"},"primaryImageOfPage":{"@id":"https:\/\/www.confagricoltura.org\/piacenza\/una-tre-giorni-di-formazione-e-progettazione-per-i-giovani-di-confagricoltura\/#primaryimage"},"image":{"@id":"https:\/\/www.confagricoltura.org\/piacenza\/una-tre-giorni-di-formazione-e-progettazione-per-i-giovani-di-confagricoltura\/#primaryimage"},"thumbnailUrl":"https:\/\/www.confagricoltura.org\/piacenza\/wp-content\/uploads\/sites\/11\/2023\/09\/Giovani-di-Anga-in-Puglia.jpg","datePublished":"2023-09-27T15:15:16+00:00","dateModified":"2023-09-27T15:32:24+00:00","author":{"@id":"https:\/\/www.confagricoltura.org\/piacenza\/#\/schema\/person\/be5da25a3117fea4b3bfec9dba09b5e8"},"description":"anga piacenza","breadcrumb":{"@id":"https:\/\/www.confagricoltura.org\/piacenza\/una-tre-giorni-di-formazione-e-progettazione-per-i-giovani-di-confagricoltura\/#breadcrumb"},"inLanguage":"it-IT","potentialAction":[{"@type":"ReadAction","target":["https:\/\/www.confagricoltura.org\/piacenza\/una-tre-giorni-di-formazione-e-progettazione-per-i-giovani-di-confagricoltura\/"]}]},{"@type":"ImageObject","inLanguage":"it-IT","@id":"https:\/\/www.confagricoltura.org\/piacenza\/una-tre-giorni-di-formazione-e-progettazione-per-i-giovani-di-confagricoltura\/#primaryimage","url":"https:\/\/www.confagricoltura.org\/piacenza\/wp-content\/uploads\/sites\/11\/2023\/09\/Giovani-di-Anga-in-Puglia.jpg","contentUrl":"https:\/\/www.confagricoltura.org\/piacenza\/wp-content\/uploads\/sites\/11\/2023\/09\/Giovani-di-Anga-in-Puglia.jpg","width":2048,"height":1405},{"@type":"BreadcrumbList","@id":"https:\/\/www.confagricoltura.org\/piacenza\/una-tre-giorni-di-formazione-e-progettazione-per-i-giovani-di-confagricoltura\/#breadcrumb","itemListElement":[{"@type":"ListItem","position":1,"name":"Home","item":"https:\/\/www.confagricoltura.org\/piacenza\/"},{"@type":"ListItem","position":2,"name":"Una tre giorni di formazione e progettazione per i giovani di Confagricoltura"}]},{"@type":"WebSite","@id":"https:\/\/www.confagricoltura.org\/piacenza\/#website","url":"https:\/\/www.confagricoltura.org\/piacenza\/","name":"Confagricoltura Piacenza","description":"Dalla parte degli Agricoltori","potentialAction":[{"@type":"SearchAction","target":{"@type":"EntryPoint","urlTemplate":"https:\/\/www.confagricoltura.org\/piacenza\/?s={search_term_string}"},"query-input":{"@type":"PropertyValueSpecification","valueRequired":true,"valueName":"search_term_string"}}],"inLanguage":"it-IT"},{"@type":"Person","@id":"https:\/\/www.confagricoltura.org\/piacenza\/#\/schema\/person\/be5da25a3117fea4b3bfec9dba09b5e8","name":"confagricolturapiacenza","image":{"@type":"ImageObject","inLanguage":"it-IT","@id":"https:\/\/www.confagricoltura.org\/piacenza\/#\/schema\/person\/image\/","url":"https:\/\/secure.gravatar.com\/avatar\/9c5f111e417171581853bd0a3ff892ca?s=96&d=mm&r=g","contentUrl":"https:\/\/secure.gravatar.com\/avatar\/9c5f111e417171581853bd0a3ff892ca?s=96&d=mm&r=g","caption":"confagricolturapiacenza"},"url":"https:\/\/www.confagricoltura.org\/piacenza\/author\/confagricolturapiacenza\/"}]}},"_links":{"self":[{"href":"https:\/\/www.confagricoltura.org\/piacenza\/wp-json\/wp\/v2\/posts\/4284","targetHints":{"allow":["GET"]}}],"collection":[{"href":"https:\/\/www.confagricoltura.org\/piacenza\/wp-json\/wp\/v2\/posts"}],"about":[{"href":"https:\/\/www.confagricoltura.org\/piacenza\/wp-json\/wp\/v2\/types\/post"}],"author":[{"embeddable":true,"href":"https:\/\/www.confagricoltura.org\/piacenza\/wp-json\/wp\/v2\/users\/6"}],"replies":[{"embeddable":true,"href":"https:\/\/www.confagricoltura.org\/piacenza\/wp-json\/wp\/v2\/comments?post=4284"}],"version-history":[{"count":4,"href":"https:\/\/www.confagricoltura.org\/piacenza\/wp-json\/wp\/v2\/posts\/4284\/revisions"}],"predecessor-version":[{"id":4289,"href":"https:\/\/www.confagricoltura.org\/piacenza\/wp-json\/wp\/v2\/posts\/4284\/revisions\/4289"}],"wp:featuredmedia":[{"embeddable":true,"href":"https:\/\/www.confagricoltura.org\/piacenza\/wp-json\/wp\/v2\/media\/4285"}],"wp:attachment":[{"href":"https:\/\/www.confagricoltura.org\/piacenza\/wp-json\/wp\/v2\/media?parent=4284"}],"wp:term":[{"taxonomy":"category","embeddable":true,"href":"https:\/\/www.confagricoltura.org\/piacenza\/wp-json\/wp\/v2\/categories?post=4284"},{"taxonomy":"post_tag","embeddable":true,"href":"https:\/\/www.confagricoltura.org\/piacenza\/wp-json\/wp\/v2\/tags?post=4284"}],"curies":[{"name":"wp","href":"https:\/\/api.w.org\/{rel}","templated":true}]}}