{"id":4280,"date":"2023-09-19T12:41:00","date_gmt":"2023-09-19T10:41:00","guid":{"rendered":"https:\/\/www.confagricoltura.org\/piacenza\/?p=4280"},"modified":"2023-09-20T12:46:07","modified_gmt":"2023-09-20T10:46:07","slug":"simonetta-di-pippo-a-cena-con-la-scienza-nello-spazio","status":"publish","type":"post","link":"https:\/\/www.confagricoltura.org\/piacenza\/simonetta-di-pippo-a-cena-con-la-scienza-nello-spazio\/","title":{"rendered":"Simonetta di Pippo a Cena Con La Scienza nello spazio"},"content":{"rendered":"\n<p><a href=\"https:\/\/www.calameo.com\/read\/00745953301d90ca66538\">Slide proiettate nella serata <\/a><\/p>\n\n\n\n<p>Lo spazio \u00e8 molto pi\u00f9 legato alle nostre azioni quotidiane di quanto non si pensi. Lo ha spiegato affascinando i presenti Simonetta di Pippo astrofisica italiana Direttrice dello Space Economy Evolution Lab della SDA Bocconi venerd\u00ec 1\u00b0 settembre all&#8217;agriturismo La Tosa (Vigolzone) dove si \u00e8 tenuto il penultimo appuntamento, per quest\u2019anno, di A Cena Con La Scienza, il ciclo di incontri di divulgazione scientifica che Confagricoltura Piacenza e Agriturist organizzano da quattordici anni sotto la sapiente regia del coordinatore, Michele Lodigiani.<\/p>\n\n\n\n<p>Simonetta Di Pippo, in passato e tutt&#8217;ora, ricopre incarichi di altissimo livello presso enti di settore nazionali ed internazionali: l&#8217;ONU, l&#8217;Agenzia Spaziale Italiana, l&#8217;Agenzia Spaziale Europea, il World Economic Forum. Con la semplicit\u00e0 tipica delle menti pi\u00f9 brillanti ha ripercorso le tappe fondamentali dello sviluppo della space economy di cui \u00e8 stata testimone e protagonista portando i presenti anche a riflettere sulle prospettive del futuro prossimo e remoto.<\/p>\n\n\n\n<p>Da qualche decennio lo spazio non \u00e8 pi\u00f9 riservato agli stati sovrani, ma si \u00e8 aperto agli investimenti dei privati ed \u00e8 oggetto di iniziative imprenditoriali prima impensabili: gi\u00e0 oggi i circa 10.000 satelliti che ci orbitano intorno assicurano una serie di servizi essenziali nel campo delle telecomunicazioni, della meteorologia, del monitoraggio ambientale, dell&#8217;agricoltura, della protezione civile; nel prossimo futuro non \u00e8 improbabile che dallo spazio deriveremo materie prime indispensabili alle nuove tecnologie; in un futuro pi\u00f9 lontano costruiremo l\u00e0 colonie stabili.<\/p>\n\n\n\n<p>\u201cLa prima obiezione che mi viene mossa \u2013 ha spiegato Di Pippo \u2013 \u00e8 perch\u00e9 spendere tanti soldi per la ricerca e le missioni spaziali invece di destinare i fondi alle emergenze da affrontare sulla terra, come la costruzione degli ospedali. Rispondo con alcuni esempi: i sistemi di satelliti e le immagini satellitari sono utilissimi in emergenza, ad esempio quando si verifica un disastro naturale per individuare dove potrebbe trovarsi la gente da soccorrere. In questo frangente, inoltre, le comunicazioni terrestri scompaiono a meno che non ci sia una costellazione di satelliti che permette la comunicazione. Salvare la gente se non si riesce a comunicare diventa impossibile. Oggi abbiamo 4 costellazioni di satelliti che utilizzate insieme permettono di individuare con estrema precisione un segnale. Sotto a una slavina una persona resiste mediamente 18 minuti, \u00e8 evidente come la precisione e il fattore tempo, gestibili con i satelliti, fanno la differenza. Un altro esempio \u2013 ha proseguito la studiosa \u2013 gli obiettivi dell\u2019agenda europea 2030 non sarebbero raggiungibili se non si potesse contare sul supporto informativo e tecnologico della space economy che \u00e8 in tutto e per tutto una parte fondamentale dell\u2019economia, uno strumento per la gestione del pianeta e della nostra vita quotidiana\u201d.<\/p>\n\n\n\n<p>Di fronte alle sollecitazioni di una vita nello spazio l\u2019esperta ha tratteggiato alcuni progetti in essere, come la citt\u00e0 marziana di Elon Musk, che potrebbero far considerare la prospettiva, salvo poi riportare l\u2019orizzonte ai giorni nostri.&nbsp; \u201cDobbiamo capire come l\u2019economia spaziale ci pu\u00f2 aiutare a migliorare la nostra qualit\u00e0 di vita. C\u2019\u00e8 un asteroide tra Marte e Giove, 16Psiche, il cui valore \u00e8 stimato 70.000 volte quello dell\u2019economia globale, per la presenza di materiali a noi utilissimi e tra qualche giorno partir\u00e0 la missione della Nasa per la sua caratterizzazione. La nostra interazione con lo spazio si fa sempre pi\u00f9 stretta. Il settore spazio \u00e8 quello che ha il pi\u00f9 alto tasso di assorbimento di laureati, ma la nostra frequentazione dello spazio apre un mondo parallelo in cui dobbiamo sviluppare competenze. Fare il medico e l\u2019architetto per progetti spaziali dovr\u00e0 prevedere paradigmi e conoscenze diverse da quelli pervisti per la medesima professione in ambito terrestre. Persino il tema della spartizione delle risorse \u00e8 una problematica tutta da normare. Ad ogni modo &#8211; ha concluso &#8211; per capire dove va la Terra, cosa le sta succedendo, serve guardarla dallo spazio.&nbsp; Ho guardato il problema da tutti i punti di vista e dopo 38 anni ho ancora l\u2019identica passione degli inizi perch\u00e9 lo spazio non \u00e8 un mestiere, ma un modo di vivere. Fare quello che si vuole \u00e8 un privilegio che auguro ai giovani della Generazione Artemis (l\u2019equipaggio che porter\u00e0 l\u2019uomo e la donna di nuovo sulla Luna dopo 50 anni) cos\u00ec che possano aiutare tutti ad andare verso un mondo migliore\u201d.<\/p>\n\n\n\n<p>A Cena Con La Scienza chiuder\u00e0 gli appuntamenti di questa edizione a La Finestra Sul Po di San Nazzaro il 22 settembre dove interverr\u00e0 Sanzio Bassini \u2013 direttore del Dipartimento Supercalcolo Applicazioni e Innovazione del Consorzio Interuniversitario CINECA che parler\u00e0 degli impieghi e delle potenzialit\u00e0 dei supercalcolatori.<\/p>\n","protected":false},"excerpt":{"rendered":"<p>A La Tosa la scienziata parla di space economy. L\u2019ultimo appuntamento il 22 settembre a La Finestra sul Po<\/p>\n","protected":false},"author":6,"featured_media":4281,"comment_status":"closed","ping_status":"closed","sticky":false,"template":"","format":"standard","meta":{"wp_mapbox_gl_js_media":[],"footnotes":""},"categories":[21,4],"tags":[384],"class_list":["post-4280","post","type-post","status-publish","format-standard","has-post-thumbnail","hentry","category-eventi","category-news","tag-a-cena-con-la-sicenza"],"yoast_head":"<!-- This site is optimized with the Yoast SEO plugin v26.8 - https:\/\/yoast.com\/product\/yoast-seo-wordpress\/ -->\n<title>Simonetta di Pippo a Cena Con La Scienza nello spazio - Confagricoltura Piacenza<\/title>\n<meta name=\"robots\" content=\"index, follow, max-snippet:-1, max-image-preview:large, max-video-preview:-1\" \/>\n<link rel=\"canonical\" href=\"https:\/\/www.confagricoltura.org\/piacenza\/simonetta-di-pippo-a-cena-con-la-scienza-nello-spazio\/\" \/>\n<meta property=\"og:locale\" content=\"it_IT\" \/>\n<meta property=\"og:type\" content=\"article\" \/>\n<meta property=\"og:title\" content=\"Simonetta di Pippo a Cena Con La Scienza nello spazio - Confagricoltura Piacenza\" \/>\n<meta property=\"og:description\" content=\"A La Tosa la scienziata parla di space economy. L\u2019ultimo appuntamento il 22 settembre a La Finestra sul Po\" \/>\n<meta property=\"og:url\" content=\"https:\/\/www.confagricoltura.org\/piacenza\/simonetta-di-pippo-a-cena-con-la-scienza-nello-spazio\/\" \/>\n<meta property=\"og:site_name\" content=\"Confagricoltura Piacenza\" \/>\n<meta property=\"article:published_time\" content=\"2023-09-19T10:41:00+00:00\" \/>\n<meta property=\"article:modified_time\" content=\"2023-09-20T10:46:07+00:00\" \/>\n<meta property=\"og:image\" content=\"https:\/\/www.confagricoltura.org\/piacenza\/wp-content\/uploads\/sites\/11\/2023\/09\/Di-Pippo-e-Lodigiani-scaled.jpg\" \/>\n\t<meta property=\"og:image:width\" content=\"2560\" \/>\n\t<meta property=\"og:image:height\" content=\"1920\" \/>\n\t<meta property=\"og:image:type\" content=\"image\/jpeg\" \/>\n<meta name=\"author\" content=\"confagricolturapiacenza\" \/>\n<meta name=\"twitter:card\" content=\"summary_large_image\" \/>\n<meta name=\"twitter:label1\" content=\"Scritto da\" \/>\n\t<meta name=\"twitter:data1\" content=\"confagricolturapiacenza\" \/>\n\t<meta name=\"twitter:label2\" content=\"Tempo di lettura stimato\" \/>\n\t<meta name=\"twitter:data2\" content=\"4 minuti\" \/>\n<script type=\"application\/ld+json\" class=\"yoast-schema-graph\">{\"@context\":\"https:\/\/schema.org\",\"@graph\":[{\"@type\":\"Article\",\"@id\":\"https:\/\/www.confagricoltura.org\/piacenza\/simonetta-di-pippo-a-cena-con-la-scienza-nello-spazio\/#article\",\"isPartOf\":{\"@id\":\"https:\/\/www.confagricoltura.org\/piacenza\/simonetta-di-pippo-a-cena-con-la-scienza-nello-spazio\/\"},\"author\":{\"name\":\"confagricolturapiacenza\",\"@id\":\"https:\/\/www.confagricoltura.org\/piacenza\/#\/schema\/person\/be5da25a3117fea4b3bfec9dba09b5e8\"},\"headline\":\"Simonetta di Pippo a Cena Con La Scienza nello spazio\",\"datePublished\":\"2023-09-19T10:41:00+00:00\",\"dateModified\":\"2023-09-20T10:46:07+00:00\",\"mainEntityOfPage\":{\"@id\":\"https:\/\/www.confagricoltura.org\/piacenza\/simonetta-di-pippo-a-cena-con-la-scienza-nello-spazio\/\"},\"wordCount\":746,\"image\":{\"@id\":\"https:\/\/www.confagricoltura.org\/piacenza\/simonetta-di-pippo-a-cena-con-la-scienza-nello-spazio\/#primaryimage\"},\"thumbnailUrl\":\"https:\/\/www.confagricoltura.org\/piacenza\/wp-content\/uploads\/sites\/11\/2023\/09\/Di-Pippo-e-Lodigiani-scaled.jpg\",\"keywords\":[\"A CENA CON LA SICENZA\"],\"articleSection\":[\"Eventi\",\"News\"],\"inLanguage\":\"it-IT\"},{\"@type\":\"WebPage\",\"@id\":\"https:\/\/www.confagricoltura.org\/piacenza\/simonetta-di-pippo-a-cena-con-la-scienza-nello-spazio\/\",\"url\":\"https:\/\/www.confagricoltura.org\/piacenza\/simonetta-di-pippo-a-cena-con-la-scienza-nello-spazio\/\",\"name\":\"Simonetta di Pippo a Cena Con La Scienza nello spazio - Confagricoltura Piacenza\",\"isPartOf\":{\"@id\":\"https:\/\/www.confagricoltura.org\/piacenza\/#website\"},\"primaryImageOfPage\":{\"@id\":\"https:\/\/www.confagricoltura.org\/piacenza\/simonetta-di-pippo-a-cena-con-la-scienza-nello-spazio\/#primaryimage\"},\"image\":{\"@id\":\"https:\/\/www.confagricoltura.org\/piacenza\/simonetta-di-pippo-a-cena-con-la-scienza-nello-spazio\/#primaryimage\"},\"thumbnailUrl\":\"https:\/\/www.confagricoltura.org\/piacenza\/wp-content\/uploads\/sites\/11\/2023\/09\/Di-Pippo-e-Lodigiani-scaled.jpg\",\"datePublished\":\"2023-09-19T10:41:00+00:00\",\"dateModified\":\"2023-09-20T10:46:07+00:00\",\"author\":{\"@id\":\"https:\/\/www.confagricoltura.org\/piacenza\/#\/schema\/person\/be5da25a3117fea4b3bfec9dba09b5e8\"},\"breadcrumb\":{\"@id\":\"https:\/\/www.confagricoltura.org\/piacenza\/simonetta-di-pippo-a-cena-con-la-scienza-nello-spazio\/#breadcrumb\"},\"inLanguage\":\"it-IT\",\"potentialAction\":[{\"@type\":\"ReadAction\",\"target\":[\"https:\/\/www.confagricoltura.org\/piacenza\/simonetta-di-pippo-a-cena-con-la-scienza-nello-spazio\/\"]}]},{\"@type\":\"ImageObject\",\"inLanguage\":\"it-IT\",\"@id\":\"https:\/\/www.confagricoltura.org\/piacenza\/simonetta-di-pippo-a-cena-con-la-scienza-nello-spazio\/#primaryimage\",\"url\":\"https:\/\/www.confagricoltura.org\/piacenza\/wp-content\/uploads\/sites\/11\/2023\/09\/Di-Pippo-e-Lodigiani-scaled.jpg\",\"contentUrl\":\"https:\/\/www.confagricoltura.org\/piacenza\/wp-content\/uploads\/sites\/11\/2023\/09\/Di-Pippo-e-Lodigiani-scaled.jpg\",\"width\":2560,\"height\":1920},{\"@type\":\"BreadcrumbList\",\"@id\":\"https:\/\/www.confagricoltura.org\/piacenza\/simonetta-di-pippo-a-cena-con-la-scienza-nello-spazio\/#breadcrumb\",\"itemListElement\":[{\"@type\":\"ListItem\",\"position\":1,\"name\":\"Home\",\"item\":\"https:\/\/www.confagricoltura.org\/piacenza\/\"},{\"@type\":\"ListItem\",\"position\":2,\"name\":\"Simonetta di Pippo a Cena Con La Scienza nello spazio\"}]},{\"@type\":\"WebSite\",\"@id\":\"https:\/\/www.confagricoltura.org\/piacenza\/#website\",\"url\":\"https:\/\/www.confagricoltura.org\/piacenza\/\",\"name\":\"Confagricoltura Piacenza\",\"description\":\"Dalla parte degli Agricoltori\",\"potentialAction\":[{\"@type\":\"SearchAction\",\"target\":{\"@type\":\"EntryPoint\",\"urlTemplate\":\"https:\/\/www.confagricoltura.org\/piacenza\/?s={search_term_string}\"},\"query-input\":{\"@type\":\"PropertyValueSpecification\",\"valueRequired\":true,\"valueName\":\"search_term_string\"}}],\"inLanguage\":\"it-IT\"},{\"@type\":\"Person\",\"@id\":\"https:\/\/www.confagricoltura.org\/piacenza\/#\/schema\/person\/be5da25a3117fea4b3bfec9dba09b5e8\",\"name\":\"confagricolturapiacenza\",\"image\":{\"@type\":\"ImageObject\",\"inLanguage\":\"it-IT\",\"@id\":\"https:\/\/www.confagricoltura.org\/piacenza\/#\/schema\/person\/image\/\",\"url\":\"https:\/\/secure.gravatar.com\/avatar\/9c5f111e417171581853bd0a3ff892ca?s=96&d=mm&r=g\",\"contentUrl\":\"https:\/\/secure.gravatar.com\/avatar\/9c5f111e417171581853bd0a3ff892ca?s=96&d=mm&r=g\",\"caption\":\"confagricolturapiacenza\"},\"url\":\"https:\/\/www.confagricoltura.org\/piacenza\/author\/confagricolturapiacenza\/\"}]}<\/script>\n<!-- \/ Yoast SEO plugin. -->","yoast_head_json":{"title":"Simonetta di Pippo a Cena Con La Scienza nello spazio - Confagricoltura Piacenza","robots":{"index":"index","follow":"follow","max-snippet":"max-snippet:-1","max-image-preview":"max-image-preview:large","max-video-preview":"max-video-preview:-1"},"canonical":"https:\/\/www.confagricoltura.org\/piacenza\/simonetta-di-pippo-a-cena-con-la-scienza-nello-spazio\/","og_locale":"it_IT","og_type":"article","og_title":"Simonetta di Pippo a Cena Con La Scienza nello spazio - Confagricoltura Piacenza","og_description":"A La Tosa la scienziata parla di space economy. L\u2019ultimo appuntamento il 22 settembre a La Finestra sul Po","og_url":"https:\/\/www.confagricoltura.org\/piacenza\/simonetta-di-pippo-a-cena-con-la-scienza-nello-spazio\/","og_site_name":"Confagricoltura Piacenza","article_published_time":"2023-09-19T10:41:00+00:00","article_modified_time":"2023-09-20T10:46:07+00:00","og_image":[{"width":2560,"height":1920,"url":"https:\/\/www.confagricoltura.org\/piacenza\/wp-content\/uploads\/sites\/11\/2023\/09\/Di-Pippo-e-Lodigiani-scaled.jpg","type":"image\/jpeg"}],"author":"confagricolturapiacenza","twitter_card":"summary_large_image","twitter_misc":{"Scritto da":"confagricolturapiacenza","Tempo di lettura stimato":"4 minuti"},"schema":{"@context":"https:\/\/schema.org","@graph":[{"@type":"Article","@id":"https:\/\/www.confagricoltura.org\/piacenza\/simonetta-di-pippo-a-cena-con-la-scienza-nello-spazio\/#article","isPartOf":{"@id":"https:\/\/www.confagricoltura.org\/piacenza\/simonetta-di-pippo-a-cena-con-la-scienza-nello-spazio\/"},"author":{"name":"confagricolturapiacenza","@id":"https:\/\/www.confagricoltura.org\/piacenza\/#\/schema\/person\/be5da25a3117fea4b3bfec9dba09b5e8"},"headline":"Simonetta di Pippo a Cena Con La Scienza nello spazio","datePublished":"2023-09-19T10:41:00+00:00","dateModified":"2023-09-20T10:46:07+00:00","mainEntityOfPage":{"@id":"https:\/\/www.confagricoltura.org\/piacenza\/simonetta-di-pippo-a-cena-con-la-scienza-nello-spazio\/"},"wordCount":746,"image":{"@id":"https:\/\/www.confagricoltura.org\/piacenza\/simonetta-di-pippo-a-cena-con-la-scienza-nello-spazio\/#primaryimage"},"thumbnailUrl":"https:\/\/www.confagricoltura.org\/piacenza\/wp-content\/uploads\/sites\/11\/2023\/09\/Di-Pippo-e-Lodigiani-scaled.jpg","keywords":["A CENA CON LA SICENZA"],"articleSection":["Eventi","News"],"inLanguage":"it-IT"},{"@type":"WebPage","@id":"https:\/\/www.confagricoltura.org\/piacenza\/simonetta-di-pippo-a-cena-con-la-scienza-nello-spazio\/","url":"https:\/\/www.confagricoltura.org\/piacenza\/simonetta-di-pippo-a-cena-con-la-scienza-nello-spazio\/","name":"Simonetta di Pippo a Cena Con La Scienza nello spazio - Confagricoltura Piacenza","isPartOf":{"@id":"https:\/\/www.confagricoltura.org\/piacenza\/#website"},"primaryImageOfPage":{"@id":"https:\/\/www.confagricoltura.org\/piacenza\/simonetta-di-pippo-a-cena-con-la-scienza-nello-spazio\/#primaryimage"},"image":{"@id":"https:\/\/www.confagricoltura.org\/piacenza\/simonetta-di-pippo-a-cena-con-la-scienza-nello-spazio\/#primaryimage"},"thumbnailUrl":"https:\/\/www.confagricoltura.org\/piacenza\/wp-content\/uploads\/sites\/11\/2023\/09\/Di-Pippo-e-Lodigiani-scaled.jpg","datePublished":"2023-09-19T10:41:00+00:00","dateModified":"2023-09-20T10:46:07+00:00","author":{"@id":"https:\/\/www.confagricoltura.org\/piacenza\/#\/schema\/person\/be5da25a3117fea4b3bfec9dba09b5e8"},"breadcrumb":{"@id":"https:\/\/www.confagricoltura.org\/piacenza\/simonetta-di-pippo-a-cena-con-la-scienza-nello-spazio\/#breadcrumb"},"inLanguage":"it-IT","potentialAction":[{"@type":"ReadAction","target":["https:\/\/www.confagricoltura.org\/piacenza\/simonetta-di-pippo-a-cena-con-la-scienza-nello-spazio\/"]}]},{"@type":"ImageObject","inLanguage":"it-IT","@id":"https:\/\/www.confagricoltura.org\/piacenza\/simonetta-di-pippo-a-cena-con-la-scienza-nello-spazio\/#primaryimage","url":"https:\/\/www.confagricoltura.org\/piacenza\/wp-content\/uploads\/sites\/11\/2023\/09\/Di-Pippo-e-Lodigiani-scaled.jpg","contentUrl":"https:\/\/www.confagricoltura.org\/piacenza\/wp-content\/uploads\/sites\/11\/2023\/09\/Di-Pippo-e-Lodigiani-scaled.jpg","width":2560,"height":1920},{"@type":"BreadcrumbList","@id":"https:\/\/www.confagricoltura.org\/piacenza\/simonetta-di-pippo-a-cena-con-la-scienza-nello-spazio\/#breadcrumb","itemListElement":[{"@type":"ListItem","position":1,"name":"Home","item":"https:\/\/www.confagricoltura.org\/piacenza\/"},{"@type":"ListItem","position":2,"name":"Simonetta di Pippo a Cena Con La Scienza nello spazio"}]},{"@type":"WebSite","@id":"https:\/\/www.confagricoltura.org\/piacenza\/#website","url":"https:\/\/www.confagricoltura.org\/piacenza\/","name":"Confagricoltura Piacenza","description":"Dalla parte degli Agricoltori","potentialAction":[{"@type":"SearchAction","target":{"@type":"EntryPoint","urlTemplate":"https:\/\/www.confagricoltura.org\/piacenza\/?s={search_term_string}"},"query-input":{"@type":"PropertyValueSpecification","valueRequired":true,"valueName":"search_term_string"}}],"inLanguage":"it-IT"},{"@type":"Person","@id":"https:\/\/www.confagricoltura.org\/piacenza\/#\/schema\/person\/be5da25a3117fea4b3bfec9dba09b5e8","name":"confagricolturapiacenza","image":{"@type":"ImageObject","inLanguage":"it-IT","@id":"https:\/\/www.confagricoltura.org\/piacenza\/#\/schema\/person\/image\/","url":"https:\/\/secure.gravatar.com\/avatar\/9c5f111e417171581853bd0a3ff892ca?s=96&d=mm&r=g","contentUrl":"https:\/\/secure.gravatar.com\/avatar\/9c5f111e417171581853bd0a3ff892ca?s=96&d=mm&r=g","caption":"confagricolturapiacenza"},"url":"https:\/\/www.confagricoltura.org\/piacenza\/author\/confagricolturapiacenza\/"}]}},"_links":{"self":[{"href":"https:\/\/www.confagricoltura.org\/piacenza\/wp-json\/wp\/v2\/posts\/4280","targetHints":{"allow":["GET"]}}],"collection":[{"href":"https:\/\/www.confagricoltura.org\/piacenza\/wp-json\/wp\/v2\/posts"}],"about":[{"href":"https:\/\/www.confagricoltura.org\/piacenza\/wp-json\/wp\/v2\/types\/post"}],"author":[{"embeddable":true,"href":"https:\/\/www.confagricoltura.org\/piacenza\/wp-json\/wp\/v2\/users\/6"}],"replies":[{"embeddable":true,"href":"https:\/\/www.confagricoltura.org\/piacenza\/wp-json\/wp\/v2\/comments?post=4280"}],"version-history":[{"count":1,"href":"https:\/\/www.confagricoltura.org\/piacenza\/wp-json\/wp\/v2\/posts\/4280\/revisions"}],"predecessor-version":[{"id":4282,"href":"https:\/\/www.confagricoltura.org\/piacenza\/wp-json\/wp\/v2\/posts\/4280\/revisions\/4282"}],"wp:featuredmedia":[{"embeddable":true,"href":"https:\/\/www.confagricoltura.org\/piacenza\/wp-json\/wp\/v2\/media\/4281"}],"wp:attachment":[{"href":"https:\/\/www.confagricoltura.org\/piacenza\/wp-json\/wp\/v2\/media?parent=4280"}],"wp:term":[{"taxonomy":"category","embeddable":true,"href":"https:\/\/www.confagricoltura.org\/piacenza\/wp-json\/wp\/v2\/categories?post=4280"},{"taxonomy":"post_tag","embeddable":true,"href":"https:\/\/www.confagricoltura.org\/piacenza\/wp-json\/wp\/v2\/tags?post=4280"}],"curies":[{"name":"wp","href":"https:\/\/api.w.org\/{rel}","templated":true}]}}