{"id":4264,"date":"2023-09-01T13:18:00","date_gmt":"2023-09-01T11:18:00","guid":{"rendered":"https:\/\/www.confagricoltura.org\/piacenza\/?p=4264"},"modified":"2023-09-05T13:21:17","modified_gmt":"2023-09-05T11:21:17","slug":"suini-confagricoltura-fa-chiarezza-sui-nuovi-adempimenti-dei-disciplinari-dei-prosciutti-dop","status":"publish","type":"post","link":"https:\/\/www.confagricoltura.org\/piacenza\/suini-confagricoltura-fa-chiarezza-sui-nuovi-adempimenti-dei-disciplinari-dei-prosciutti-dop\/","title":{"rendered":"Suini: Confagricoltura fa chiarezza sui nuovi adempimenti dei disciplinari dei prosciutti Dop"},"content":{"rendered":"\n<p>Si susseguono gli incontri che Confagricoltura sta organizzando in forma mista, on line e sul territorio nazionale, al fine di monitorare e aggiornare gli operatori del settore suinicolo sugli adempimenti previsti dai nuovi disciplinari produttivi dei prosciutti Dop che entreranno in vigore a giorni e sull\u2019innalzamento della biosicurezza negli allevamenti per contrastare il rischio di diffusione della Psa \u2013 va ricordato &#8211; una malattia molto pericolosa per i suini, ma non trasmissibile all\u2019uomo.<\/p>\n\n\n\n<p>\u201cI nuovi piani di controllo delle Dop Prosciutto di Parma e Prosciutto di San Daniele e l\u2019aggiornamento dei rispettivi disciplinari di produzione sono previsti da luned\u00ec 4 settembre\u201d \u2013 specifica la componente di Giunta nazionale di Confagricoltura e allevatrice suinicola piacentina Giovanna Parmigiani.&nbsp;<\/p>\n\n\n\n<p>Oltre 60 allevatori hanno partecipato all\u2019incontro del 29 agosto organizzato da Confagricoltura in cui \u00e8 intervenuto Rudy Milani, presidente F.N.P. Allevamenti Suini di Confagricoltura, che ha presentato nei dettagli i nuovi piani, chiarendo dubbi e rispondendo alle domande degli intervenuti. A seguire, Milani ha offerto un aggiornamento sulla PSA.<\/p>\n\n\n\n<p>I disciplinari Dop del Prosciutto di Parma e del Prosciutto di San Daniele intervengono su ogni fase della vita dell\u2019animale: dalle tecniche di allevamento, agli alimenti consentiti, alle loro quantit\u00e0 e modalit\u00e0 di somministrazione. I nuovi piani di controllo delle Dop comporteranno per gli allevatori una serie di adempimenti, tra cui una regolamentazione pi\u00f9 stringente della genetica dei suini utilizzabile, delle fasi di allevamento, dei criteri di alimentazione e delle tariffe. Gli allevatori dovranno rispettare complesse normative, applicando nuove regole di controllo, aspettandosi a stretto giro verifiche da parte degli istituti di controllo.<\/p>\n\n\n\n<p>\u201c\u00c8 chiaro che il nuovo piano dei controlli incider\u00e0 fortemente sul settore suinicolo. Per questo motivo, fin da subito, Confagricoltura si \u00e8 fatta portavoce degli allevatori, collaborando per alleggerire e smussare le richieste degli adempimenti che andranno a pesare sulla filiera. L\u2019attuazione dei nuovi piani porter\u00e0 con s\u00e9 diverse problematiche \u2013 ha spiegato Rudy Milani -. C\u2019\u00e8 molta informatica e non tutte le aziende sono pronte ad affrontare questi cambiamenti, in alcuni casi radicali. Per quanto riguarda i controlli, relativamente all\u2019emergenza della Peste Suina Africana, le regioni Piemonte e Lombardia hanno accolto favorevolmente la proposta di Confagricoltura di sospendere l\u2019ingresso di tutti gli enti che a vario titolo entrano nelle aziende per eseguire controlli che, in una scala di priorit\u00e0, vista la situazione emergenziale, possono essere procrastinati pi\u00f9 in l\u00e0 nel tempo, per evitare la possibilit\u00e0 di diffondere problematiche sanitarie all\u2019interno delle aziende\u201d.<\/p>\n\n\n\n<p>\u201c\u00c8 necessario che tutta la filiera suinicola lavori nella stessa direzione, nel rispetto di disciplinari e regole, in particolare in questa gravosa situazione in cui la presenza delle Peste Suina Africana \u00e8 sempre pi\u00f9 pressante\u201d \u2013 rimarca Parmigiani -. Tra gli entri controllori i cui ispettori entrano in azienda si inseriscono anche CSQA ed IFCQ, si tratta di controlli sicuramente importanti per garantire la qualit\u00e0 dei prodotti DOP \u2013 precisa l\u2019imprenditrice piacentina \u2013 ma sarebbe bene che fossero momentaneamente sospesi o eseguiti senza l\u2019ingresso fisico dell\u2019ispettore dentro l\u2019azienda. Data l\u2019allerta presente anche sul nostro territorio, auspichiamo che anche la regione Emilia-Romagna possa accogliere la proposta di Confagricoltura sulla procrastinazione dei controlli non essenziali. Al contempo \u2013 conclude &#8211; richiamiamo tutti gli allevatori a rispettare le regole, senza dimenticare quelle pi\u00f9 banali sulla biosicurezza\u201d.<\/p>\n","protected":false},"excerpt":{"rendered":"<p>Parmigiani: il nuovo piano in vigore dal 4 settembre, ma va considerata la situazione emergenziale dovuta alla Psa<\/p>\n","protected":false},"author":6,"featured_media":4265,"comment_status":"closed","ping_status":"closed","sticky":false,"template":"","format":"standard","meta":{"wp_mapbox_gl_js_media":[],"footnotes":""},"categories":[4,14],"tags":[56],"class_list":["post-4264","post","type-post","status-publish","format-standard","has-post-thumbnail","hentry","category-news","category-settore-suinicolo","tag-suini"],"yoast_head":"<!-- This site is optimized with the Yoast SEO plugin v26.8 - https:\/\/yoast.com\/product\/yoast-seo-wordpress\/ -->\n<title>Suini: Confagricoltura fa chiarezza sui nuovi adempimenti dei disciplinari dei prosciutti Dop - Confagricoltura Piacenza<\/title>\n<meta name=\"robots\" content=\"index, follow, max-snippet:-1, max-image-preview:large, max-video-preview:-1\" \/>\n<link rel=\"canonical\" href=\"https:\/\/www.confagricoltura.org\/piacenza\/suini-confagricoltura-fa-chiarezza-sui-nuovi-adempimenti-dei-disciplinari-dei-prosciutti-dop\/\" \/>\n<meta property=\"og:locale\" content=\"it_IT\" \/>\n<meta property=\"og:type\" content=\"article\" \/>\n<meta property=\"og:title\" content=\"Suini: Confagricoltura fa chiarezza sui nuovi adempimenti dei disciplinari dei prosciutti Dop - Confagricoltura Piacenza\" \/>\n<meta property=\"og:description\" content=\"Parmigiani: il nuovo piano in vigore dal 4 settembre, ma va considerata la situazione emergenziale dovuta alla Psa\" \/>\n<meta property=\"og:url\" content=\"https:\/\/www.confagricoltura.org\/piacenza\/suini-confagricoltura-fa-chiarezza-sui-nuovi-adempimenti-dei-disciplinari-dei-prosciutti-dop\/\" \/>\n<meta property=\"og:site_name\" content=\"Confagricoltura Piacenza\" \/>\n<meta property=\"article:published_time\" content=\"2023-09-01T11:18:00+00:00\" \/>\n<meta property=\"article:modified_time\" content=\"2023-09-05T11:21:17+00:00\" \/>\n<meta property=\"og:image\" content=\"https:\/\/www.confagricoltura.org\/piacenza\/wp-content\/uploads\/sites\/11\/2023\/09\/IMG_0110-scaled.jpg\" \/>\n\t<meta property=\"og:image:width\" content=\"2560\" \/>\n\t<meta property=\"og:image:height\" content=\"1920\" \/>\n\t<meta property=\"og:image:type\" content=\"image\/jpeg\" \/>\n<meta name=\"author\" content=\"confagricolturapiacenza\" \/>\n<meta name=\"twitter:card\" content=\"summary_large_image\" \/>\n<meta name=\"twitter:label1\" content=\"Scritto da\" \/>\n\t<meta name=\"twitter:data1\" content=\"confagricolturapiacenza\" \/>\n\t<meta name=\"twitter:label2\" content=\"Tempo di lettura stimato\" \/>\n\t<meta name=\"twitter:data2\" content=\"3 minuti\" \/>\n<script type=\"application\/ld+json\" class=\"yoast-schema-graph\">{\"@context\":\"https:\/\/schema.org\",\"@graph\":[{\"@type\":\"Article\",\"@id\":\"https:\/\/www.confagricoltura.org\/piacenza\/suini-confagricoltura-fa-chiarezza-sui-nuovi-adempimenti-dei-disciplinari-dei-prosciutti-dop\/#article\",\"isPartOf\":{\"@id\":\"https:\/\/www.confagricoltura.org\/piacenza\/suini-confagricoltura-fa-chiarezza-sui-nuovi-adempimenti-dei-disciplinari-dei-prosciutti-dop\/\"},\"author\":{\"name\":\"confagricolturapiacenza\",\"@id\":\"https:\/\/www.confagricoltura.org\/piacenza\/#\/schema\/person\/be5da25a3117fea4b3bfec9dba09b5e8\"},\"headline\":\"Suini: Confagricoltura fa chiarezza sui nuovi adempimenti dei disciplinari dei prosciutti Dop\",\"datePublished\":\"2023-09-01T11:18:00+00:00\",\"dateModified\":\"2023-09-05T11:21:17+00:00\",\"mainEntityOfPage\":{\"@id\":\"https:\/\/www.confagricoltura.org\/piacenza\/suini-confagricoltura-fa-chiarezza-sui-nuovi-adempimenti-dei-disciplinari-dei-prosciutti-dop\/\"},\"wordCount\":548,\"image\":{\"@id\":\"https:\/\/www.confagricoltura.org\/piacenza\/suini-confagricoltura-fa-chiarezza-sui-nuovi-adempimenti-dei-disciplinari-dei-prosciutti-dop\/#primaryimage\"},\"thumbnailUrl\":\"https:\/\/www.confagricoltura.org\/piacenza\/wp-content\/uploads\/sites\/11\/2023\/09\/IMG_0110-scaled.jpg\",\"keywords\":[\"suini\"],\"articleSection\":[\"News\",\"Settore suinicolo\"],\"inLanguage\":\"it-IT\"},{\"@type\":\"WebPage\",\"@id\":\"https:\/\/www.confagricoltura.org\/piacenza\/suini-confagricoltura-fa-chiarezza-sui-nuovi-adempimenti-dei-disciplinari-dei-prosciutti-dop\/\",\"url\":\"https:\/\/www.confagricoltura.org\/piacenza\/suini-confagricoltura-fa-chiarezza-sui-nuovi-adempimenti-dei-disciplinari-dei-prosciutti-dop\/\",\"name\":\"Suini: Confagricoltura fa chiarezza sui nuovi adempimenti dei disciplinari dei prosciutti Dop - Confagricoltura Piacenza\",\"isPartOf\":{\"@id\":\"https:\/\/www.confagricoltura.org\/piacenza\/#website\"},\"primaryImageOfPage\":{\"@id\":\"https:\/\/www.confagricoltura.org\/piacenza\/suini-confagricoltura-fa-chiarezza-sui-nuovi-adempimenti-dei-disciplinari-dei-prosciutti-dop\/#primaryimage\"},\"image\":{\"@id\":\"https:\/\/www.confagricoltura.org\/piacenza\/suini-confagricoltura-fa-chiarezza-sui-nuovi-adempimenti-dei-disciplinari-dei-prosciutti-dop\/#primaryimage\"},\"thumbnailUrl\":\"https:\/\/www.confagricoltura.org\/piacenza\/wp-content\/uploads\/sites\/11\/2023\/09\/IMG_0110-scaled.jpg\",\"datePublished\":\"2023-09-01T11:18:00+00:00\",\"dateModified\":\"2023-09-05T11:21:17+00:00\",\"author\":{\"@id\":\"https:\/\/www.confagricoltura.org\/piacenza\/#\/schema\/person\/be5da25a3117fea4b3bfec9dba09b5e8\"},\"breadcrumb\":{\"@id\":\"https:\/\/www.confagricoltura.org\/piacenza\/suini-confagricoltura-fa-chiarezza-sui-nuovi-adempimenti-dei-disciplinari-dei-prosciutti-dop\/#breadcrumb\"},\"inLanguage\":\"it-IT\",\"potentialAction\":[{\"@type\":\"ReadAction\",\"target\":[\"https:\/\/www.confagricoltura.org\/piacenza\/suini-confagricoltura-fa-chiarezza-sui-nuovi-adempimenti-dei-disciplinari-dei-prosciutti-dop\/\"]}]},{\"@type\":\"ImageObject\",\"inLanguage\":\"it-IT\",\"@id\":\"https:\/\/www.confagricoltura.org\/piacenza\/suini-confagricoltura-fa-chiarezza-sui-nuovi-adempimenti-dei-disciplinari-dei-prosciutti-dop\/#primaryimage\",\"url\":\"https:\/\/www.confagricoltura.org\/piacenza\/wp-content\/uploads\/sites\/11\/2023\/09\/IMG_0110-scaled.jpg\",\"contentUrl\":\"https:\/\/www.confagricoltura.org\/piacenza\/wp-content\/uploads\/sites\/11\/2023\/09\/IMG_0110-scaled.jpg\",\"width\":2560,\"height\":1920},{\"@type\":\"BreadcrumbList\",\"@id\":\"https:\/\/www.confagricoltura.org\/piacenza\/suini-confagricoltura-fa-chiarezza-sui-nuovi-adempimenti-dei-disciplinari-dei-prosciutti-dop\/#breadcrumb\",\"itemListElement\":[{\"@type\":\"ListItem\",\"position\":1,\"name\":\"Home\",\"item\":\"https:\/\/www.confagricoltura.org\/piacenza\/\"},{\"@type\":\"ListItem\",\"position\":2,\"name\":\"Suini: Confagricoltura fa chiarezza sui nuovi adempimenti dei disciplinari dei prosciutti Dop\"}]},{\"@type\":\"WebSite\",\"@id\":\"https:\/\/www.confagricoltura.org\/piacenza\/#website\",\"url\":\"https:\/\/www.confagricoltura.org\/piacenza\/\",\"name\":\"Confagricoltura Piacenza\",\"description\":\"Dalla parte degli Agricoltori\",\"potentialAction\":[{\"@type\":\"SearchAction\",\"target\":{\"@type\":\"EntryPoint\",\"urlTemplate\":\"https:\/\/www.confagricoltura.org\/piacenza\/?s={search_term_string}\"},\"query-input\":{\"@type\":\"PropertyValueSpecification\",\"valueRequired\":true,\"valueName\":\"search_term_string\"}}],\"inLanguage\":\"it-IT\"},{\"@type\":\"Person\",\"@id\":\"https:\/\/www.confagricoltura.org\/piacenza\/#\/schema\/person\/be5da25a3117fea4b3bfec9dba09b5e8\",\"name\":\"confagricolturapiacenza\",\"image\":{\"@type\":\"ImageObject\",\"inLanguage\":\"it-IT\",\"@id\":\"https:\/\/www.confagricoltura.org\/piacenza\/#\/schema\/person\/image\/\",\"url\":\"https:\/\/secure.gravatar.com\/avatar\/9c5f111e417171581853bd0a3ff892ca?s=96&d=mm&r=g\",\"contentUrl\":\"https:\/\/secure.gravatar.com\/avatar\/9c5f111e417171581853bd0a3ff892ca?s=96&d=mm&r=g\",\"caption\":\"confagricolturapiacenza\"},\"url\":\"https:\/\/www.confagricoltura.org\/piacenza\/author\/confagricolturapiacenza\/\"}]}<\/script>\n<!-- \/ Yoast SEO plugin. -->","yoast_head_json":{"title":"Suini: Confagricoltura fa chiarezza sui nuovi adempimenti dei disciplinari dei prosciutti Dop - Confagricoltura Piacenza","robots":{"index":"index","follow":"follow","max-snippet":"max-snippet:-1","max-image-preview":"max-image-preview:large","max-video-preview":"max-video-preview:-1"},"canonical":"https:\/\/www.confagricoltura.org\/piacenza\/suini-confagricoltura-fa-chiarezza-sui-nuovi-adempimenti-dei-disciplinari-dei-prosciutti-dop\/","og_locale":"it_IT","og_type":"article","og_title":"Suini: Confagricoltura fa chiarezza sui nuovi adempimenti dei disciplinari dei prosciutti Dop - Confagricoltura Piacenza","og_description":"Parmigiani: il nuovo piano in vigore dal 4 settembre, ma va considerata la situazione emergenziale dovuta alla Psa","og_url":"https:\/\/www.confagricoltura.org\/piacenza\/suini-confagricoltura-fa-chiarezza-sui-nuovi-adempimenti-dei-disciplinari-dei-prosciutti-dop\/","og_site_name":"Confagricoltura Piacenza","article_published_time":"2023-09-01T11:18:00+00:00","article_modified_time":"2023-09-05T11:21:17+00:00","og_image":[{"width":2560,"height":1920,"url":"https:\/\/www.confagricoltura.org\/piacenza\/wp-content\/uploads\/sites\/11\/2023\/09\/IMG_0110-scaled.jpg","type":"image\/jpeg"}],"author":"confagricolturapiacenza","twitter_card":"summary_large_image","twitter_misc":{"Scritto da":"confagricolturapiacenza","Tempo di lettura stimato":"3 minuti"},"schema":{"@context":"https:\/\/schema.org","@graph":[{"@type":"Article","@id":"https:\/\/www.confagricoltura.org\/piacenza\/suini-confagricoltura-fa-chiarezza-sui-nuovi-adempimenti-dei-disciplinari-dei-prosciutti-dop\/#article","isPartOf":{"@id":"https:\/\/www.confagricoltura.org\/piacenza\/suini-confagricoltura-fa-chiarezza-sui-nuovi-adempimenti-dei-disciplinari-dei-prosciutti-dop\/"},"author":{"name":"confagricolturapiacenza","@id":"https:\/\/www.confagricoltura.org\/piacenza\/#\/schema\/person\/be5da25a3117fea4b3bfec9dba09b5e8"},"headline":"Suini: Confagricoltura fa chiarezza sui nuovi adempimenti dei disciplinari dei prosciutti Dop","datePublished":"2023-09-01T11:18:00+00:00","dateModified":"2023-09-05T11:21:17+00:00","mainEntityOfPage":{"@id":"https:\/\/www.confagricoltura.org\/piacenza\/suini-confagricoltura-fa-chiarezza-sui-nuovi-adempimenti-dei-disciplinari-dei-prosciutti-dop\/"},"wordCount":548,"image":{"@id":"https:\/\/www.confagricoltura.org\/piacenza\/suini-confagricoltura-fa-chiarezza-sui-nuovi-adempimenti-dei-disciplinari-dei-prosciutti-dop\/#primaryimage"},"thumbnailUrl":"https:\/\/www.confagricoltura.org\/piacenza\/wp-content\/uploads\/sites\/11\/2023\/09\/IMG_0110-scaled.jpg","keywords":["suini"],"articleSection":["News","Settore suinicolo"],"inLanguage":"it-IT"},{"@type":"WebPage","@id":"https:\/\/www.confagricoltura.org\/piacenza\/suini-confagricoltura-fa-chiarezza-sui-nuovi-adempimenti-dei-disciplinari-dei-prosciutti-dop\/","url":"https:\/\/www.confagricoltura.org\/piacenza\/suini-confagricoltura-fa-chiarezza-sui-nuovi-adempimenti-dei-disciplinari-dei-prosciutti-dop\/","name":"Suini: Confagricoltura fa chiarezza sui nuovi adempimenti dei disciplinari dei prosciutti Dop - Confagricoltura Piacenza","isPartOf":{"@id":"https:\/\/www.confagricoltura.org\/piacenza\/#website"},"primaryImageOfPage":{"@id":"https:\/\/www.confagricoltura.org\/piacenza\/suini-confagricoltura-fa-chiarezza-sui-nuovi-adempimenti-dei-disciplinari-dei-prosciutti-dop\/#primaryimage"},"image":{"@id":"https:\/\/www.confagricoltura.org\/piacenza\/suini-confagricoltura-fa-chiarezza-sui-nuovi-adempimenti-dei-disciplinari-dei-prosciutti-dop\/#primaryimage"},"thumbnailUrl":"https:\/\/www.confagricoltura.org\/piacenza\/wp-content\/uploads\/sites\/11\/2023\/09\/IMG_0110-scaled.jpg","datePublished":"2023-09-01T11:18:00+00:00","dateModified":"2023-09-05T11:21:17+00:00","author":{"@id":"https:\/\/www.confagricoltura.org\/piacenza\/#\/schema\/person\/be5da25a3117fea4b3bfec9dba09b5e8"},"breadcrumb":{"@id":"https:\/\/www.confagricoltura.org\/piacenza\/suini-confagricoltura-fa-chiarezza-sui-nuovi-adempimenti-dei-disciplinari-dei-prosciutti-dop\/#breadcrumb"},"inLanguage":"it-IT","potentialAction":[{"@type":"ReadAction","target":["https:\/\/www.confagricoltura.org\/piacenza\/suini-confagricoltura-fa-chiarezza-sui-nuovi-adempimenti-dei-disciplinari-dei-prosciutti-dop\/"]}]},{"@type":"ImageObject","inLanguage":"it-IT","@id":"https:\/\/www.confagricoltura.org\/piacenza\/suini-confagricoltura-fa-chiarezza-sui-nuovi-adempimenti-dei-disciplinari-dei-prosciutti-dop\/#primaryimage","url":"https:\/\/www.confagricoltura.org\/piacenza\/wp-content\/uploads\/sites\/11\/2023\/09\/IMG_0110-scaled.jpg","contentUrl":"https:\/\/www.confagricoltura.org\/piacenza\/wp-content\/uploads\/sites\/11\/2023\/09\/IMG_0110-scaled.jpg","width":2560,"height":1920},{"@type":"BreadcrumbList","@id":"https:\/\/www.confagricoltura.org\/piacenza\/suini-confagricoltura-fa-chiarezza-sui-nuovi-adempimenti-dei-disciplinari-dei-prosciutti-dop\/#breadcrumb","itemListElement":[{"@type":"ListItem","position":1,"name":"Home","item":"https:\/\/www.confagricoltura.org\/piacenza\/"},{"@type":"ListItem","position":2,"name":"Suini: Confagricoltura fa chiarezza sui nuovi adempimenti dei disciplinari dei prosciutti Dop"}]},{"@type":"WebSite","@id":"https:\/\/www.confagricoltura.org\/piacenza\/#website","url":"https:\/\/www.confagricoltura.org\/piacenza\/","name":"Confagricoltura Piacenza","description":"Dalla parte degli Agricoltori","potentialAction":[{"@type":"SearchAction","target":{"@type":"EntryPoint","urlTemplate":"https:\/\/www.confagricoltura.org\/piacenza\/?s={search_term_string}"},"query-input":{"@type":"PropertyValueSpecification","valueRequired":true,"valueName":"search_term_string"}}],"inLanguage":"it-IT"},{"@type":"Person","@id":"https:\/\/www.confagricoltura.org\/piacenza\/#\/schema\/person\/be5da25a3117fea4b3bfec9dba09b5e8","name":"confagricolturapiacenza","image":{"@type":"ImageObject","inLanguage":"it-IT","@id":"https:\/\/www.confagricoltura.org\/piacenza\/#\/schema\/person\/image\/","url":"https:\/\/secure.gravatar.com\/avatar\/9c5f111e417171581853bd0a3ff892ca?s=96&d=mm&r=g","contentUrl":"https:\/\/secure.gravatar.com\/avatar\/9c5f111e417171581853bd0a3ff892ca?s=96&d=mm&r=g","caption":"confagricolturapiacenza"},"url":"https:\/\/www.confagricoltura.org\/piacenza\/author\/confagricolturapiacenza\/"}]}},"_links":{"self":[{"href":"https:\/\/www.confagricoltura.org\/piacenza\/wp-json\/wp\/v2\/posts\/4264","targetHints":{"allow":["GET"]}}],"collection":[{"href":"https:\/\/www.confagricoltura.org\/piacenza\/wp-json\/wp\/v2\/posts"}],"about":[{"href":"https:\/\/www.confagricoltura.org\/piacenza\/wp-json\/wp\/v2\/types\/post"}],"author":[{"embeddable":true,"href":"https:\/\/www.confagricoltura.org\/piacenza\/wp-json\/wp\/v2\/users\/6"}],"replies":[{"embeddable":true,"href":"https:\/\/www.confagricoltura.org\/piacenza\/wp-json\/wp\/v2\/comments?post=4264"}],"version-history":[{"count":1,"href":"https:\/\/www.confagricoltura.org\/piacenza\/wp-json\/wp\/v2\/posts\/4264\/revisions"}],"predecessor-version":[{"id":4266,"href":"https:\/\/www.confagricoltura.org\/piacenza\/wp-json\/wp\/v2\/posts\/4264\/revisions\/4266"}],"wp:featuredmedia":[{"embeddable":true,"href":"https:\/\/www.confagricoltura.org\/piacenza\/wp-json\/wp\/v2\/media\/4265"}],"wp:attachment":[{"href":"https:\/\/www.confagricoltura.org\/piacenza\/wp-json\/wp\/v2\/media?parent=4264"}],"wp:term":[{"taxonomy":"category","embeddable":true,"href":"https:\/\/www.confagricoltura.org\/piacenza\/wp-json\/wp\/v2\/categories?post=4264"},{"taxonomy":"post_tag","embeddable":true,"href":"https:\/\/www.confagricoltura.org\/piacenza\/wp-json\/wp\/v2\/tags?post=4264"}],"curies":[{"name":"wp","href":"https:\/\/api.w.org\/{rel}","templated":true}]}}