{"id":4258,"date":"2023-08-14T14:01:00","date_gmt":"2023-08-14T12:01:00","guid":{"rendered":"https:\/\/www.confagricoltura.org\/piacenza\/?p=4258"},"modified":"2023-08-24T14:03:51","modified_gmt":"2023-08-24T12:03:51","slug":"confagricoltura-piacenza-preoccupazione-per-un-eventuale-depotenziamento-dellistituto-zooprofilattico","status":"publish","type":"post","link":"https:\/\/www.confagricoltura.org\/piacenza\/confagricoltura-piacenza-preoccupazione-per-un-eventuale-depotenziamento-dellistituto-zooprofilattico\/","title":{"rendered":"Confagricoltura Piacenza preoccupazione per un eventuale depotenziamento dell\u2019istituto zooprofilattico"},"content":{"rendered":"\n<p>Confagricoltura Piacenza esprime preoccupazione circa un possibile indebolimento del centro analisi latte dell&#8217;istituto zooprofilattico dalla sede di Gariga di Podenzano (Pc) a quella di Brescia. &#8220;Temiamo possa essere l\u2019Inizio di un processo. Nonostante avessimo gi\u00e0 ottenuto rassicurazioni da precedenti dialoghi &#8211; commenta il presidente Filippo Gasparini &#8211; oggi si fanno pi\u00f9 pressanti le voci di possibili dell\u2019accorpamento del laboratorio analisi presso la sede di Brescia.&nbsp; Non vogliamo che si perdano pezzi del territorio. Continua cos\u00ec il processo di indebolimento delle provincie che noi denunciamo da tempo e questo \u00e8 un altro tassello.&nbsp; Sarebbe un duro colpo alla zootecnia da latte locale tanto pi\u00f9 che non capiamo, in questo caso, le ragioni legate alle economie di scala e alle razionalizzazioni bens\u00ec chiediamo di considerare la logica della qualit\u00e0 e della tempestivit\u00e0 del servizio.&nbsp; Nel particolare, la nostra \u00e8 una provincia che merita istituti ad hoc presenti sul territorio. Per gli allevatori, avere riscontri rapidi sulle analisi del latte significa indirizzare efficacemente l&#8217;attivit\u00e0 di cura degli animali. Intervenire in modo puntuale su alcune criticit\u00e0 evita di allargare profilassi a gruppi di animali pi\u00f9 ampi, permette una migliore qualit\u00e0 dell&#8217;attivit\u00e0 produttiva e consente anche un pi\u00f9 efficace monitoraggio del benessere animale. In allevamento da tempo abbiamo un uso estremamente razionale degli antibiotici, ma questo \u00e8 possibile grazie ad uno stretto ed efficace monitoraggio della salute degli animali con interventi rapidi solo dove e quando serve. Anche un minimo rallentamento nella velocit\u00e0 e quindi anche non avere le analisi processate in loco, rischia di indurre a non investire pi\u00f9 nella consulenza che in questi anni la dottoressa Norma Arrigoni e il suo staff hanno offerto agli allevatori accompagnando lo sviluppo della zootecnia da latte non solo. La dottoressa Arrigoni \u00e8 da poco in pensione, a lei va la nostra gratitudine per il supporto e la collaborazione duratura e vogliamo che questo patrimonio che il centro eredita non vada sciupato\u201d.<\/p>\n\n\n\n<p>Secondo il presidente degli imprenditori agricoli il sistema pubblico e scientifico mostrerebbe in questa scelta una profonda contraddizione. \u201cAgli allevatori si chiede l\u2019uso mirato degli antibiotici e l\u2019asciutta selettiva, per cui sono indispensabili velocit\u00e0 e destrezza negli interventi mirati, al contempo si sposta la processazione delle analisi, ma ogni secondo che passa dal prelievo alla cura \u00e8 prezioso. Questa sarebbe una scelta che mina la credibilit\u00e0 delle richieste che il sistema fa agli allevatori\u201d.<\/p>\n\n\n\n<p>C\u2019\u00e8 poi il problema dei rapporti con la parte industriale, l&#8217;associazione ricorda che il latte \u00e8 un prodotto deperibile e in caso di contestazioni sul ritiro \u00e8 fondamentale avere riscontri rapidi delle analisi, pena dover buttare il prodotto, con grande spreco e costi. \u201cSarebbe compromesso un sistema rodato che avevamo costruito e difeso con la dottoressa Arrigoni ai tempi del pacchetto latte con le norme 852 e 854 che introducevano la catena dell\u2019autocontrollo.<\/p>\n\n\n\n<p>Confagricoltura Piacenza ricorda che a Piacenza vengono prodotti annualmente migliaia di tonnellate latte che confluiscono nelle pi\u00f9 prestigiose filiere del lattiero-caseario tra cui spicca quella del Grana padano la dopo pi\u00f9 diffusa al mondo. Si tratta di un comparto nevralgico per l&#8217;economia locale e non solo.<\/p>\n\n\n\n<p>\u201cIl mondo allevatoriale piacentino \u2013 conclude Gasparini &#8211; non \u00e8 disposto ad essere sacrificato, mentre ci si riempie la bocca con la farmacoresistenza e il benessere animale si taglia cos\u00ec uno strumento fondamentale per il loro controllo. Cos\u00ec come abbiamo chiesto al capo dipartimento a Bologna, circa un mese fa, chiediamo che se ne prenda consapevolezza e che il centro resti a Piacenza\u201d.<\/p>\n","protected":false},"excerpt":{"rendered":"<p>Gasparini (Confagricoltura Piacenza): Piacenza deve avere il sistema completo garantito sino ad ora dalla dottoressa Arrigoni e dal suo gruppo<\/p>\n","protected":false},"author":6,"featured_media":3646,"comment_status":"closed","ping_status":"closed","sticky":false,"template":"","format":"standard","meta":{"wp_mapbox_gl_js_media":[],"footnotes":""},"categories":[4,15],"tags":[540],"class_list":["post-4258","post","type-post","status-publish","format-standard","has-post-thumbnail","hentry","category-news","category-settore-lattiero-caseario","tag-istituto-zooprofilattico"],"yoast_head":"<!-- This site is optimized with the Yoast SEO plugin v26.8 - https:\/\/yoast.com\/product\/yoast-seo-wordpress\/ -->\n<title>Confagricoltura Piacenza preoccupazione per un eventuale depotenziamento dell\u2019istituto zooprofilattico - Confagricoltura Piacenza<\/title>\n<meta name=\"robots\" content=\"index, follow, max-snippet:-1, max-image-preview:large, max-video-preview:-1\" \/>\n<link rel=\"canonical\" href=\"https:\/\/www.confagricoltura.org\/piacenza\/confagricoltura-piacenza-preoccupazione-per-un-eventuale-depotenziamento-dellistituto-zooprofilattico\/\" \/>\n<meta property=\"og:locale\" content=\"it_IT\" \/>\n<meta property=\"og:type\" content=\"article\" \/>\n<meta property=\"og:title\" content=\"Confagricoltura Piacenza preoccupazione per un eventuale depotenziamento dell\u2019istituto zooprofilattico - Confagricoltura Piacenza\" \/>\n<meta property=\"og:description\" content=\"Gasparini (Confagricoltura Piacenza): Piacenza deve avere il sistema completo garantito sino ad ora dalla dottoressa Arrigoni e dal suo gruppo\" \/>\n<meta property=\"og:url\" content=\"https:\/\/www.confagricoltura.org\/piacenza\/confagricoltura-piacenza-preoccupazione-per-un-eventuale-depotenziamento-dellistituto-zooprofilattico\/\" \/>\n<meta property=\"og:site_name\" content=\"Confagricoltura Piacenza\" \/>\n<meta property=\"article:published_time\" content=\"2023-08-14T12:01:00+00:00\" \/>\n<meta property=\"article:modified_time\" content=\"2023-08-24T12:03:51+00:00\" \/>\n<meta property=\"og:image\" content=\"https:\/\/www.confagricoltura.org\/piacenza\/wp-content\/uploads\/sites\/11\/2022\/02\/Filippo-Gasparini.jpg\" \/>\n\t<meta property=\"og:image:width\" content=\"1929\" \/>\n\t<meta property=\"og:image:height\" content=\"1284\" \/>\n\t<meta property=\"og:image:type\" content=\"image\/jpeg\" \/>\n<meta name=\"author\" content=\"confagricolturapiacenza\" \/>\n<meta name=\"twitter:card\" content=\"summary_large_image\" \/>\n<meta name=\"twitter:label1\" content=\"Scritto da\" \/>\n\t<meta name=\"twitter:data1\" content=\"confagricolturapiacenza\" \/>\n\t<meta name=\"twitter:label2\" content=\"Tempo di lettura stimato\" \/>\n\t<meta name=\"twitter:data2\" content=\"3 minuti\" \/>\n<script type=\"application\/ld+json\" class=\"yoast-schema-graph\">{\"@context\":\"https:\/\/schema.org\",\"@graph\":[{\"@type\":\"Article\",\"@id\":\"https:\/\/www.confagricoltura.org\/piacenza\/confagricoltura-piacenza-preoccupazione-per-un-eventuale-depotenziamento-dellistituto-zooprofilattico\/#article\",\"isPartOf\":{\"@id\":\"https:\/\/www.confagricoltura.org\/piacenza\/confagricoltura-piacenza-preoccupazione-per-un-eventuale-depotenziamento-dellistituto-zooprofilattico\/\"},\"author\":{\"name\":\"confagricolturapiacenza\",\"@id\":\"https:\/\/www.confagricoltura.org\/piacenza\/#\/schema\/person\/be5da25a3117fea4b3bfec9dba09b5e8\"},\"headline\":\"Confagricoltura Piacenza preoccupazione per un eventuale depotenziamento dell\u2019istituto zooprofilattico\",\"datePublished\":\"2023-08-14T12:01:00+00:00\",\"dateModified\":\"2023-08-24T12:03:51+00:00\",\"mainEntityOfPage\":{\"@id\":\"https:\/\/www.confagricoltura.org\/piacenza\/confagricoltura-piacenza-preoccupazione-per-un-eventuale-depotenziamento-dellistituto-zooprofilattico\/\"},\"wordCount\":583,\"image\":{\"@id\":\"https:\/\/www.confagricoltura.org\/piacenza\/confagricoltura-piacenza-preoccupazione-per-un-eventuale-depotenziamento-dellistituto-zooprofilattico\/#primaryimage\"},\"thumbnailUrl\":\"https:\/\/www.confagricoltura.org\/piacenza\/wp-content\/uploads\/sites\/11\/2022\/02\/Filippo-Gasparini.jpg\",\"keywords\":[\"istituto zooprofilattico\"],\"articleSection\":[\"News\",\"Settore lattiero-caseario\"],\"inLanguage\":\"it-IT\"},{\"@type\":\"WebPage\",\"@id\":\"https:\/\/www.confagricoltura.org\/piacenza\/confagricoltura-piacenza-preoccupazione-per-un-eventuale-depotenziamento-dellistituto-zooprofilattico\/\",\"url\":\"https:\/\/www.confagricoltura.org\/piacenza\/confagricoltura-piacenza-preoccupazione-per-un-eventuale-depotenziamento-dellistituto-zooprofilattico\/\",\"name\":\"Confagricoltura Piacenza preoccupazione per un eventuale depotenziamento dell\u2019istituto zooprofilattico - Confagricoltura Piacenza\",\"isPartOf\":{\"@id\":\"https:\/\/www.confagricoltura.org\/piacenza\/#website\"},\"primaryImageOfPage\":{\"@id\":\"https:\/\/www.confagricoltura.org\/piacenza\/confagricoltura-piacenza-preoccupazione-per-un-eventuale-depotenziamento-dellistituto-zooprofilattico\/#primaryimage\"},\"image\":{\"@id\":\"https:\/\/www.confagricoltura.org\/piacenza\/confagricoltura-piacenza-preoccupazione-per-un-eventuale-depotenziamento-dellistituto-zooprofilattico\/#primaryimage\"},\"thumbnailUrl\":\"https:\/\/www.confagricoltura.org\/piacenza\/wp-content\/uploads\/sites\/11\/2022\/02\/Filippo-Gasparini.jpg\",\"datePublished\":\"2023-08-14T12:01:00+00:00\",\"dateModified\":\"2023-08-24T12:03:51+00:00\",\"author\":{\"@id\":\"https:\/\/www.confagricoltura.org\/piacenza\/#\/schema\/person\/be5da25a3117fea4b3bfec9dba09b5e8\"},\"breadcrumb\":{\"@id\":\"https:\/\/www.confagricoltura.org\/piacenza\/confagricoltura-piacenza-preoccupazione-per-un-eventuale-depotenziamento-dellistituto-zooprofilattico\/#breadcrumb\"},\"inLanguage\":\"it-IT\",\"potentialAction\":[{\"@type\":\"ReadAction\",\"target\":[\"https:\/\/www.confagricoltura.org\/piacenza\/confagricoltura-piacenza-preoccupazione-per-un-eventuale-depotenziamento-dellistituto-zooprofilattico\/\"]}]},{\"@type\":\"ImageObject\",\"inLanguage\":\"it-IT\",\"@id\":\"https:\/\/www.confagricoltura.org\/piacenza\/confagricoltura-piacenza-preoccupazione-per-un-eventuale-depotenziamento-dellistituto-zooprofilattico\/#primaryimage\",\"url\":\"https:\/\/www.confagricoltura.org\/piacenza\/wp-content\/uploads\/sites\/11\/2022\/02\/Filippo-Gasparini.jpg\",\"contentUrl\":\"https:\/\/www.confagricoltura.org\/piacenza\/wp-content\/uploads\/sites\/11\/2022\/02\/Filippo-Gasparini.jpg\",\"width\":1929,\"height\":1284},{\"@type\":\"BreadcrumbList\",\"@id\":\"https:\/\/www.confagricoltura.org\/piacenza\/confagricoltura-piacenza-preoccupazione-per-un-eventuale-depotenziamento-dellistituto-zooprofilattico\/#breadcrumb\",\"itemListElement\":[{\"@type\":\"ListItem\",\"position\":1,\"name\":\"Home\",\"item\":\"https:\/\/www.confagricoltura.org\/piacenza\/\"},{\"@type\":\"ListItem\",\"position\":2,\"name\":\"Confagricoltura Piacenza preoccupazione per un eventuale depotenziamento dell\u2019istituto zooprofilattico\"}]},{\"@type\":\"WebSite\",\"@id\":\"https:\/\/www.confagricoltura.org\/piacenza\/#website\",\"url\":\"https:\/\/www.confagricoltura.org\/piacenza\/\",\"name\":\"Confagricoltura Piacenza\",\"description\":\"Dalla parte degli Agricoltori\",\"potentialAction\":[{\"@type\":\"SearchAction\",\"target\":{\"@type\":\"EntryPoint\",\"urlTemplate\":\"https:\/\/www.confagricoltura.org\/piacenza\/?s={search_term_string}\"},\"query-input\":{\"@type\":\"PropertyValueSpecification\",\"valueRequired\":true,\"valueName\":\"search_term_string\"}}],\"inLanguage\":\"it-IT\"},{\"@type\":\"Person\",\"@id\":\"https:\/\/www.confagricoltura.org\/piacenza\/#\/schema\/person\/be5da25a3117fea4b3bfec9dba09b5e8\",\"name\":\"confagricolturapiacenza\",\"image\":{\"@type\":\"ImageObject\",\"inLanguage\":\"it-IT\",\"@id\":\"https:\/\/www.confagricoltura.org\/piacenza\/#\/schema\/person\/image\/\",\"url\":\"https:\/\/secure.gravatar.com\/avatar\/9c5f111e417171581853bd0a3ff892ca?s=96&d=mm&r=g\",\"contentUrl\":\"https:\/\/secure.gravatar.com\/avatar\/9c5f111e417171581853bd0a3ff892ca?s=96&d=mm&r=g\",\"caption\":\"confagricolturapiacenza\"},\"url\":\"https:\/\/www.confagricoltura.org\/piacenza\/author\/confagricolturapiacenza\/\"}]}<\/script>\n<!-- \/ Yoast SEO plugin. -->","yoast_head_json":{"title":"Confagricoltura Piacenza preoccupazione per un eventuale depotenziamento dell\u2019istituto zooprofilattico - Confagricoltura Piacenza","robots":{"index":"index","follow":"follow","max-snippet":"max-snippet:-1","max-image-preview":"max-image-preview:large","max-video-preview":"max-video-preview:-1"},"canonical":"https:\/\/www.confagricoltura.org\/piacenza\/confagricoltura-piacenza-preoccupazione-per-un-eventuale-depotenziamento-dellistituto-zooprofilattico\/","og_locale":"it_IT","og_type":"article","og_title":"Confagricoltura Piacenza preoccupazione per un eventuale depotenziamento dell\u2019istituto zooprofilattico - Confagricoltura Piacenza","og_description":"Gasparini (Confagricoltura Piacenza): Piacenza deve avere il sistema completo garantito sino ad ora dalla dottoressa Arrigoni e dal suo gruppo","og_url":"https:\/\/www.confagricoltura.org\/piacenza\/confagricoltura-piacenza-preoccupazione-per-un-eventuale-depotenziamento-dellistituto-zooprofilattico\/","og_site_name":"Confagricoltura Piacenza","article_published_time":"2023-08-14T12:01:00+00:00","article_modified_time":"2023-08-24T12:03:51+00:00","og_image":[{"width":1929,"height":1284,"url":"https:\/\/www.confagricoltura.org\/piacenza\/wp-content\/uploads\/sites\/11\/2022\/02\/Filippo-Gasparini.jpg","type":"image\/jpeg"}],"author":"confagricolturapiacenza","twitter_card":"summary_large_image","twitter_misc":{"Scritto da":"confagricolturapiacenza","Tempo di lettura stimato":"3 minuti"},"schema":{"@context":"https:\/\/schema.org","@graph":[{"@type":"Article","@id":"https:\/\/www.confagricoltura.org\/piacenza\/confagricoltura-piacenza-preoccupazione-per-un-eventuale-depotenziamento-dellistituto-zooprofilattico\/#article","isPartOf":{"@id":"https:\/\/www.confagricoltura.org\/piacenza\/confagricoltura-piacenza-preoccupazione-per-un-eventuale-depotenziamento-dellistituto-zooprofilattico\/"},"author":{"name":"confagricolturapiacenza","@id":"https:\/\/www.confagricoltura.org\/piacenza\/#\/schema\/person\/be5da25a3117fea4b3bfec9dba09b5e8"},"headline":"Confagricoltura Piacenza preoccupazione per un eventuale depotenziamento dell\u2019istituto zooprofilattico","datePublished":"2023-08-14T12:01:00+00:00","dateModified":"2023-08-24T12:03:51+00:00","mainEntityOfPage":{"@id":"https:\/\/www.confagricoltura.org\/piacenza\/confagricoltura-piacenza-preoccupazione-per-un-eventuale-depotenziamento-dellistituto-zooprofilattico\/"},"wordCount":583,"image":{"@id":"https:\/\/www.confagricoltura.org\/piacenza\/confagricoltura-piacenza-preoccupazione-per-un-eventuale-depotenziamento-dellistituto-zooprofilattico\/#primaryimage"},"thumbnailUrl":"https:\/\/www.confagricoltura.org\/piacenza\/wp-content\/uploads\/sites\/11\/2022\/02\/Filippo-Gasparini.jpg","keywords":["istituto zooprofilattico"],"articleSection":["News","Settore lattiero-caseario"],"inLanguage":"it-IT"},{"@type":"WebPage","@id":"https:\/\/www.confagricoltura.org\/piacenza\/confagricoltura-piacenza-preoccupazione-per-un-eventuale-depotenziamento-dellistituto-zooprofilattico\/","url":"https:\/\/www.confagricoltura.org\/piacenza\/confagricoltura-piacenza-preoccupazione-per-un-eventuale-depotenziamento-dellistituto-zooprofilattico\/","name":"Confagricoltura Piacenza preoccupazione per un eventuale depotenziamento dell\u2019istituto zooprofilattico - Confagricoltura Piacenza","isPartOf":{"@id":"https:\/\/www.confagricoltura.org\/piacenza\/#website"},"primaryImageOfPage":{"@id":"https:\/\/www.confagricoltura.org\/piacenza\/confagricoltura-piacenza-preoccupazione-per-un-eventuale-depotenziamento-dellistituto-zooprofilattico\/#primaryimage"},"image":{"@id":"https:\/\/www.confagricoltura.org\/piacenza\/confagricoltura-piacenza-preoccupazione-per-un-eventuale-depotenziamento-dellistituto-zooprofilattico\/#primaryimage"},"thumbnailUrl":"https:\/\/www.confagricoltura.org\/piacenza\/wp-content\/uploads\/sites\/11\/2022\/02\/Filippo-Gasparini.jpg","datePublished":"2023-08-14T12:01:00+00:00","dateModified":"2023-08-24T12:03:51+00:00","author":{"@id":"https:\/\/www.confagricoltura.org\/piacenza\/#\/schema\/person\/be5da25a3117fea4b3bfec9dba09b5e8"},"breadcrumb":{"@id":"https:\/\/www.confagricoltura.org\/piacenza\/confagricoltura-piacenza-preoccupazione-per-un-eventuale-depotenziamento-dellistituto-zooprofilattico\/#breadcrumb"},"inLanguage":"it-IT","potentialAction":[{"@type":"ReadAction","target":["https:\/\/www.confagricoltura.org\/piacenza\/confagricoltura-piacenza-preoccupazione-per-un-eventuale-depotenziamento-dellistituto-zooprofilattico\/"]}]},{"@type":"ImageObject","inLanguage":"it-IT","@id":"https:\/\/www.confagricoltura.org\/piacenza\/confagricoltura-piacenza-preoccupazione-per-un-eventuale-depotenziamento-dellistituto-zooprofilattico\/#primaryimage","url":"https:\/\/www.confagricoltura.org\/piacenza\/wp-content\/uploads\/sites\/11\/2022\/02\/Filippo-Gasparini.jpg","contentUrl":"https:\/\/www.confagricoltura.org\/piacenza\/wp-content\/uploads\/sites\/11\/2022\/02\/Filippo-Gasparini.jpg","width":1929,"height":1284},{"@type":"BreadcrumbList","@id":"https:\/\/www.confagricoltura.org\/piacenza\/confagricoltura-piacenza-preoccupazione-per-un-eventuale-depotenziamento-dellistituto-zooprofilattico\/#breadcrumb","itemListElement":[{"@type":"ListItem","position":1,"name":"Home","item":"https:\/\/www.confagricoltura.org\/piacenza\/"},{"@type":"ListItem","position":2,"name":"Confagricoltura Piacenza preoccupazione per un eventuale depotenziamento dell\u2019istituto zooprofilattico"}]},{"@type":"WebSite","@id":"https:\/\/www.confagricoltura.org\/piacenza\/#website","url":"https:\/\/www.confagricoltura.org\/piacenza\/","name":"Confagricoltura Piacenza","description":"Dalla parte degli Agricoltori","potentialAction":[{"@type":"SearchAction","target":{"@type":"EntryPoint","urlTemplate":"https:\/\/www.confagricoltura.org\/piacenza\/?s={search_term_string}"},"query-input":{"@type":"PropertyValueSpecification","valueRequired":true,"valueName":"search_term_string"}}],"inLanguage":"it-IT"},{"@type":"Person","@id":"https:\/\/www.confagricoltura.org\/piacenza\/#\/schema\/person\/be5da25a3117fea4b3bfec9dba09b5e8","name":"confagricolturapiacenza","image":{"@type":"ImageObject","inLanguage":"it-IT","@id":"https:\/\/www.confagricoltura.org\/piacenza\/#\/schema\/person\/image\/","url":"https:\/\/secure.gravatar.com\/avatar\/9c5f111e417171581853bd0a3ff892ca?s=96&d=mm&r=g","contentUrl":"https:\/\/secure.gravatar.com\/avatar\/9c5f111e417171581853bd0a3ff892ca?s=96&d=mm&r=g","caption":"confagricolturapiacenza"},"url":"https:\/\/www.confagricoltura.org\/piacenza\/author\/confagricolturapiacenza\/"}]}},"_links":{"self":[{"href":"https:\/\/www.confagricoltura.org\/piacenza\/wp-json\/wp\/v2\/posts\/4258","targetHints":{"allow":["GET"]}}],"collection":[{"href":"https:\/\/www.confagricoltura.org\/piacenza\/wp-json\/wp\/v2\/posts"}],"about":[{"href":"https:\/\/www.confagricoltura.org\/piacenza\/wp-json\/wp\/v2\/types\/post"}],"author":[{"embeddable":true,"href":"https:\/\/www.confagricoltura.org\/piacenza\/wp-json\/wp\/v2\/users\/6"}],"replies":[{"embeddable":true,"href":"https:\/\/www.confagricoltura.org\/piacenza\/wp-json\/wp\/v2\/comments?post=4258"}],"version-history":[{"count":1,"href":"https:\/\/www.confagricoltura.org\/piacenza\/wp-json\/wp\/v2\/posts\/4258\/revisions"}],"predecessor-version":[{"id":4259,"href":"https:\/\/www.confagricoltura.org\/piacenza\/wp-json\/wp\/v2\/posts\/4258\/revisions\/4259"}],"wp:featuredmedia":[{"embeddable":true,"href":"https:\/\/www.confagricoltura.org\/piacenza\/wp-json\/wp\/v2\/media\/3646"}],"wp:attachment":[{"href":"https:\/\/www.confagricoltura.org\/piacenza\/wp-json\/wp\/v2\/media?parent=4258"}],"wp:term":[{"taxonomy":"category","embeddable":true,"href":"https:\/\/www.confagricoltura.org\/piacenza\/wp-json\/wp\/v2\/categories?post=4258"},{"taxonomy":"post_tag","embeddable":true,"href":"https:\/\/www.confagricoltura.org\/piacenza\/wp-json\/wp\/v2\/tags?post=4258"}],"curies":[{"name":"wp","href":"https:\/\/api.w.org\/{rel}","templated":true}]}}