{"id":4250,"date":"2023-08-02T13:54:00","date_gmt":"2023-08-02T11:54:00","guid":{"rendered":"https:\/\/www.confagricoltura.org\/piacenza\/?p=4250"},"modified":"2023-08-24T13:56:25","modified_gmt":"2023-08-24T11:56:25","slug":"secondo-bando-parco-agrisolare","status":"publish","type":"post","link":"https:\/\/www.confagricoltura.org\/piacenza\/secondo-bando-parco-agrisolare\/","title":{"rendered":"Secondo Bando Parco Agrisolare"},"content":{"rendered":"\n<p>Confagricoltura ha organizzato per il 2 agosto, alle 16.30, un webinar sul secondo bando Parco Agrisolare, pubblicato il 21 luglio scorso, che introduce alcune interessanti novit\u00e0 per le imprese.<\/p>\n\n\n\n<p>Inserito nell\u2019ambito della Missione 2 del PNRR, il bando riguarda il finanziamento di impianti fotovoltaici da installare su edifici a uso produttivo nei settori agricolo, zootecnico e agroindustriale. Le risorse disponibili ammontano a circa 1 miliardo di euro, di cui circa 700.000 per la produzione primaria.<\/p>\n\n\n\n<p>Il webinar, che si rivolge alle imprese, vuole essere l\u2019occasione per approfondire i diversi aspetti di questa nuova misura, per la quale c\u2019\u00e8 grande attesa da parte del mondo agricolo. Verranno illustrate le opportunit\u00e0 per le aziende e le modalit\u00e0 di partecipazione al bando.<\/p>\n\n\n\n<p>All\u2019incontro interverr\u00e0 il Capo dell\u2019Unit\u00e0 di Missione PNRR del MASAF, Marco Lupo.<\/p>\n\n\n\n<p>L\u2019iniziativa \u00e8 seguita anche dagli uffici di Confagricoltura Piacenza. In particolare si ricorda che la dottoressa Roberta Bettuzzi, responsabile dell\u2019Ufficio Investimenti, si occupa della consulenza alle imprese che intendono presentare domanda sul bando, chi fosse interessato pu\u00f2 usufruire del servizio fissando un appuntamento presso la sede di Confagricoltura Piacenza.<\/p>\n\n\n\n<p>Il webinar si svolger\u00e0 su TEAMS e sar\u00e0 possibile seguirlo da questo link: <a href=\"https:\/\/eur01.safelinks.protection.outlook.com\/ap\/t-59584e83\/?url=https%3A%2F%2Fteams.microsoft.com%2Fl%2Fmeetup-join%2F19%253ameeting_OTI5Yjc5NTMtYjkwNy00MTBlLWFjZjYtOGEwMmJiYTdkNjY3%2540thread.v2%2F0%3Fcontext%3D%257b%2522Tid%2522%253a%25223d5c8b06-e2db-4fda-abdb-df25381ca313%2522%252c%2522Oid%2522%253a%2522aa0a8924-313c-4949-a25f-8ade4c5d61c6%2522%257d&amp;data=05%7C01%7Cpaola.castello%40confagricoltura.it%7C743988b8d8df415c6b8608db8f4353a4%7C3d5c8b06e2db4fdaabdbdf25381ca313%7C0%7C0%7C638261291541561377%7CUnknown%7CTWFpbGZsb3d8eyJWIjoiMC4wLjAwMDAiLCJQIjoiV2luMzIiLCJBTiI6Ik1haWwiLCJXVCI6Mn0%3D%7C3000%7C%7C%7C&amp;sdata=HRQ3Z2a6smWJLpIESxYDAYzOW9%2BPQDukYtpVTdl%2FWfQ%3D&amp;reserved=0\">Fai clic qui per partecipare alla riunione<\/a><\/p>\n","protected":false},"excerpt":{"rendered":"<p>Il 2 agosto webinar di Confagricoltura rivolto alle imprese<\/p>\n","protected":false},"author":6,"featured_media":4007,"comment_status":"closed","ping_status":"closed","sticky":false,"template":"","format":"standard","meta":{"wp_mapbox_gl_js_media":[],"footnotes":""},"categories":[11,4],"tags":[434],"class_list":["post-4250","post","type-post","status-publish","format-standard","has-post-thumbnail","hentry","category-finanziamenti-bandi","category-news","tag-parco-agrisolare"],"yoast_head":"<!-- This site is optimized with the Yoast SEO plugin v26.8 - https:\/\/yoast.com\/product\/yoast-seo-wordpress\/ -->\n<title>Secondo Bando Parco Agrisolare - Confagricoltura Piacenza<\/title>\n<meta name=\"robots\" content=\"index, follow, max-snippet:-1, max-image-preview:large, max-video-preview:-1\" \/>\n<link rel=\"canonical\" href=\"https:\/\/www.confagricoltura.org\/piacenza\/secondo-bando-parco-agrisolare\/\" \/>\n<meta property=\"og:locale\" content=\"it_IT\" \/>\n<meta property=\"og:type\" content=\"article\" \/>\n<meta property=\"og:title\" content=\"Secondo Bando Parco Agrisolare - Confagricoltura Piacenza\" \/>\n<meta property=\"og:description\" content=\"Il 2 agosto webinar di Confagricoltura rivolto alle imprese\" \/>\n<meta property=\"og:url\" content=\"https:\/\/www.confagricoltura.org\/piacenza\/secondo-bando-parco-agrisolare\/\" \/>\n<meta property=\"og:site_name\" content=\"Confagricoltura Piacenza\" \/>\n<meta property=\"article:published_time\" content=\"2023-08-02T11:54:00+00:00\" \/>\n<meta property=\"article:modified_time\" content=\"2023-08-24T11:56:25+00:00\" \/>\n<meta property=\"og:image\" content=\"https:\/\/www.confagricoltura.org\/piacenza\/wp-content\/uploads\/sites\/11\/2022\/12\/impianti-fotovoltaici.jpg\" \/>\n\t<meta property=\"og:image:width\" content=\"1024\" \/>\n\t<meta property=\"og:image:height\" content=\"683\" \/>\n\t<meta property=\"og:image:type\" content=\"image\/jpeg\" \/>\n<meta name=\"author\" content=\"confagricolturapiacenza\" \/>\n<meta name=\"twitter:card\" content=\"summary_large_image\" \/>\n<meta name=\"twitter:label1\" content=\"Scritto da\" \/>\n\t<meta name=\"twitter:data1\" content=\"confagricolturapiacenza\" \/>\n\t<meta name=\"twitter:label2\" content=\"Tempo di lettura stimato\" \/>\n\t<meta name=\"twitter:data2\" content=\"1 minuto\" \/>\n<script type=\"application\/ld+json\" class=\"yoast-schema-graph\">{\"@context\":\"https:\/\/schema.org\",\"@graph\":[{\"@type\":\"Article\",\"@id\":\"https:\/\/www.confagricoltura.org\/piacenza\/secondo-bando-parco-agrisolare\/#article\",\"isPartOf\":{\"@id\":\"https:\/\/www.confagricoltura.org\/piacenza\/secondo-bando-parco-agrisolare\/\"},\"author\":{\"name\":\"confagricolturapiacenza\",\"@id\":\"https:\/\/www.confagricoltura.org\/piacenza\/#\/schema\/person\/be5da25a3117fea4b3bfec9dba09b5e8\"},\"headline\":\"Secondo Bando Parco Agrisolare\",\"datePublished\":\"2023-08-02T11:54:00+00:00\",\"dateModified\":\"2023-08-24T11:56:25+00:00\",\"mainEntityOfPage\":{\"@id\":\"https:\/\/www.confagricoltura.org\/piacenza\/secondo-bando-parco-agrisolare\/\"},\"wordCount\":203,\"image\":{\"@id\":\"https:\/\/www.confagricoltura.org\/piacenza\/secondo-bando-parco-agrisolare\/#primaryimage\"},\"thumbnailUrl\":\"https:\/\/www.confagricoltura.org\/piacenza\/wp-content\/uploads\/sites\/11\/2022\/12\/impianti-fotovoltaici.jpg\",\"keywords\":[\"parco agrisolare\"],\"articleSection\":[\"Finanziamenti e bandi\",\"News\"],\"inLanguage\":\"it-IT\"},{\"@type\":\"WebPage\",\"@id\":\"https:\/\/www.confagricoltura.org\/piacenza\/secondo-bando-parco-agrisolare\/\",\"url\":\"https:\/\/www.confagricoltura.org\/piacenza\/secondo-bando-parco-agrisolare\/\",\"name\":\"Secondo Bando Parco Agrisolare - Confagricoltura Piacenza\",\"isPartOf\":{\"@id\":\"https:\/\/www.confagricoltura.org\/piacenza\/#website\"},\"primaryImageOfPage\":{\"@id\":\"https:\/\/www.confagricoltura.org\/piacenza\/secondo-bando-parco-agrisolare\/#primaryimage\"},\"image\":{\"@id\":\"https:\/\/www.confagricoltura.org\/piacenza\/secondo-bando-parco-agrisolare\/#primaryimage\"},\"thumbnailUrl\":\"https:\/\/www.confagricoltura.org\/piacenza\/wp-content\/uploads\/sites\/11\/2022\/12\/impianti-fotovoltaici.jpg\",\"datePublished\":\"2023-08-02T11:54:00+00:00\",\"dateModified\":\"2023-08-24T11:56:25+00:00\",\"author\":{\"@id\":\"https:\/\/www.confagricoltura.org\/piacenza\/#\/schema\/person\/be5da25a3117fea4b3bfec9dba09b5e8\"},\"breadcrumb\":{\"@id\":\"https:\/\/www.confagricoltura.org\/piacenza\/secondo-bando-parco-agrisolare\/#breadcrumb\"},\"inLanguage\":\"it-IT\",\"potentialAction\":[{\"@type\":\"ReadAction\",\"target\":[\"https:\/\/www.confagricoltura.org\/piacenza\/secondo-bando-parco-agrisolare\/\"]}]},{\"@type\":\"ImageObject\",\"inLanguage\":\"it-IT\",\"@id\":\"https:\/\/www.confagricoltura.org\/piacenza\/secondo-bando-parco-agrisolare\/#primaryimage\",\"url\":\"https:\/\/www.confagricoltura.org\/piacenza\/wp-content\/uploads\/sites\/11\/2022\/12\/impianti-fotovoltaici.jpg\",\"contentUrl\":\"https:\/\/www.confagricoltura.org\/piacenza\/wp-content\/uploads\/sites\/11\/2022\/12\/impianti-fotovoltaici.jpg\",\"width\":1024,\"height\":683},{\"@type\":\"BreadcrumbList\",\"@id\":\"https:\/\/www.confagricoltura.org\/piacenza\/secondo-bando-parco-agrisolare\/#breadcrumb\",\"itemListElement\":[{\"@type\":\"ListItem\",\"position\":1,\"name\":\"Home\",\"item\":\"https:\/\/www.confagricoltura.org\/piacenza\/\"},{\"@type\":\"ListItem\",\"position\":2,\"name\":\"Secondo Bando Parco Agrisolare\"}]},{\"@type\":\"WebSite\",\"@id\":\"https:\/\/www.confagricoltura.org\/piacenza\/#website\",\"url\":\"https:\/\/www.confagricoltura.org\/piacenza\/\",\"name\":\"Confagricoltura Piacenza\",\"description\":\"Dalla parte degli Agricoltori\",\"potentialAction\":[{\"@type\":\"SearchAction\",\"target\":{\"@type\":\"EntryPoint\",\"urlTemplate\":\"https:\/\/www.confagricoltura.org\/piacenza\/?s={search_term_string}\"},\"query-input\":{\"@type\":\"PropertyValueSpecification\",\"valueRequired\":true,\"valueName\":\"search_term_string\"}}],\"inLanguage\":\"it-IT\"},{\"@type\":\"Person\",\"@id\":\"https:\/\/www.confagricoltura.org\/piacenza\/#\/schema\/person\/be5da25a3117fea4b3bfec9dba09b5e8\",\"name\":\"confagricolturapiacenza\",\"image\":{\"@type\":\"ImageObject\",\"inLanguage\":\"it-IT\",\"@id\":\"https:\/\/www.confagricoltura.org\/piacenza\/#\/schema\/person\/image\/\",\"url\":\"https:\/\/secure.gravatar.com\/avatar\/9c5f111e417171581853bd0a3ff892ca?s=96&d=mm&r=g\",\"contentUrl\":\"https:\/\/secure.gravatar.com\/avatar\/9c5f111e417171581853bd0a3ff892ca?s=96&d=mm&r=g\",\"caption\":\"confagricolturapiacenza\"},\"url\":\"https:\/\/www.confagricoltura.org\/piacenza\/author\/confagricolturapiacenza\/\"}]}<\/script>\n<!-- \/ Yoast SEO plugin. -->","yoast_head_json":{"title":"Secondo Bando Parco Agrisolare - Confagricoltura Piacenza","robots":{"index":"index","follow":"follow","max-snippet":"max-snippet:-1","max-image-preview":"max-image-preview:large","max-video-preview":"max-video-preview:-1"},"canonical":"https:\/\/www.confagricoltura.org\/piacenza\/secondo-bando-parco-agrisolare\/","og_locale":"it_IT","og_type":"article","og_title":"Secondo Bando Parco Agrisolare - Confagricoltura Piacenza","og_description":"Il 2 agosto webinar di Confagricoltura rivolto alle imprese","og_url":"https:\/\/www.confagricoltura.org\/piacenza\/secondo-bando-parco-agrisolare\/","og_site_name":"Confagricoltura Piacenza","article_published_time":"2023-08-02T11:54:00+00:00","article_modified_time":"2023-08-24T11:56:25+00:00","og_image":[{"width":1024,"height":683,"url":"https:\/\/www.confagricoltura.org\/piacenza\/wp-content\/uploads\/sites\/11\/2022\/12\/impianti-fotovoltaici.jpg","type":"image\/jpeg"}],"author":"confagricolturapiacenza","twitter_card":"summary_large_image","twitter_misc":{"Scritto da":"confagricolturapiacenza","Tempo di lettura stimato":"1 minuto"},"schema":{"@context":"https:\/\/schema.org","@graph":[{"@type":"Article","@id":"https:\/\/www.confagricoltura.org\/piacenza\/secondo-bando-parco-agrisolare\/#article","isPartOf":{"@id":"https:\/\/www.confagricoltura.org\/piacenza\/secondo-bando-parco-agrisolare\/"},"author":{"name":"confagricolturapiacenza","@id":"https:\/\/www.confagricoltura.org\/piacenza\/#\/schema\/person\/be5da25a3117fea4b3bfec9dba09b5e8"},"headline":"Secondo Bando Parco Agrisolare","datePublished":"2023-08-02T11:54:00+00:00","dateModified":"2023-08-24T11:56:25+00:00","mainEntityOfPage":{"@id":"https:\/\/www.confagricoltura.org\/piacenza\/secondo-bando-parco-agrisolare\/"},"wordCount":203,"image":{"@id":"https:\/\/www.confagricoltura.org\/piacenza\/secondo-bando-parco-agrisolare\/#primaryimage"},"thumbnailUrl":"https:\/\/www.confagricoltura.org\/piacenza\/wp-content\/uploads\/sites\/11\/2022\/12\/impianti-fotovoltaici.jpg","keywords":["parco agrisolare"],"articleSection":["Finanziamenti e bandi","News"],"inLanguage":"it-IT"},{"@type":"WebPage","@id":"https:\/\/www.confagricoltura.org\/piacenza\/secondo-bando-parco-agrisolare\/","url":"https:\/\/www.confagricoltura.org\/piacenza\/secondo-bando-parco-agrisolare\/","name":"Secondo Bando Parco Agrisolare - Confagricoltura Piacenza","isPartOf":{"@id":"https:\/\/www.confagricoltura.org\/piacenza\/#website"},"primaryImageOfPage":{"@id":"https:\/\/www.confagricoltura.org\/piacenza\/secondo-bando-parco-agrisolare\/#primaryimage"},"image":{"@id":"https:\/\/www.confagricoltura.org\/piacenza\/secondo-bando-parco-agrisolare\/#primaryimage"},"thumbnailUrl":"https:\/\/www.confagricoltura.org\/piacenza\/wp-content\/uploads\/sites\/11\/2022\/12\/impianti-fotovoltaici.jpg","datePublished":"2023-08-02T11:54:00+00:00","dateModified":"2023-08-24T11:56:25+00:00","author":{"@id":"https:\/\/www.confagricoltura.org\/piacenza\/#\/schema\/person\/be5da25a3117fea4b3bfec9dba09b5e8"},"breadcrumb":{"@id":"https:\/\/www.confagricoltura.org\/piacenza\/secondo-bando-parco-agrisolare\/#breadcrumb"},"inLanguage":"it-IT","potentialAction":[{"@type":"ReadAction","target":["https:\/\/www.confagricoltura.org\/piacenza\/secondo-bando-parco-agrisolare\/"]}]},{"@type":"ImageObject","inLanguage":"it-IT","@id":"https:\/\/www.confagricoltura.org\/piacenza\/secondo-bando-parco-agrisolare\/#primaryimage","url":"https:\/\/www.confagricoltura.org\/piacenza\/wp-content\/uploads\/sites\/11\/2022\/12\/impianti-fotovoltaici.jpg","contentUrl":"https:\/\/www.confagricoltura.org\/piacenza\/wp-content\/uploads\/sites\/11\/2022\/12\/impianti-fotovoltaici.jpg","width":1024,"height":683},{"@type":"BreadcrumbList","@id":"https:\/\/www.confagricoltura.org\/piacenza\/secondo-bando-parco-agrisolare\/#breadcrumb","itemListElement":[{"@type":"ListItem","position":1,"name":"Home","item":"https:\/\/www.confagricoltura.org\/piacenza\/"},{"@type":"ListItem","position":2,"name":"Secondo Bando Parco Agrisolare"}]},{"@type":"WebSite","@id":"https:\/\/www.confagricoltura.org\/piacenza\/#website","url":"https:\/\/www.confagricoltura.org\/piacenza\/","name":"Confagricoltura Piacenza","description":"Dalla parte degli Agricoltori","potentialAction":[{"@type":"SearchAction","target":{"@type":"EntryPoint","urlTemplate":"https:\/\/www.confagricoltura.org\/piacenza\/?s={search_term_string}"},"query-input":{"@type":"PropertyValueSpecification","valueRequired":true,"valueName":"search_term_string"}}],"inLanguage":"it-IT"},{"@type":"Person","@id":"https:\/\/www.confagricoltura.org\/piacenza\/#\/schema\/person\/be5da25a3117fea4b3bfec9dba09b5e8","name":"confagricolturapiacenza","image":{"@type":"ImageObject","inLanguage":"it-IT","@id":"https:\/\/www.confagricoltura.org\/piacenza\/#\/schema\/person\/image\/","url":"https:\/\/secure.gravatar.com\/avatar\/9c5f111e417171581853bd0a3ff892ca?s=96&d=mm&r=g","contentUrl":"https:\/\/secure.gravatar.com\/avatar\/9c5f111e417171581853bd0a3ff892ca?s=96&d=mm&r=g","caption":"confagricolturapiacenza"},"url":"https:\/\/www.confagricoltura.org\/piacenza\/author\/confagricolturapiacenza\/"}]}},"_links":{"self":[{"href":"https:\/\/www.confagricoltura.org\/piacenza\/wp-json\/wp\/v2\/posts\/4250","targetHints":{"allow":["GET"]}}],"collection":[{"href":"https:\/\/www.confagricoltura.org\/piacenza\/wp-json\/wp\/v2\/posts"}],"about":[{"href":"https:\/\/www.confagricoltura.org\/piacenza\/wp-json\/wp\/v2\/types\/post"}],"author":[{"embeddable":true,"href":"https:\/\/www.confagricoltura.org\/piacenza\/wp-json\/wp\/v2\/users\/6"}],"replies":[{"embeddable":true,"href":"https:\/\/www.confagricoltura.org\/piacenza\/wp-json\/wp\/v2\/comments?post=4250"}],"version-history":[{"count":1,"href":"https:\/\/www.confagricoltura.org\/piacenza\/wp-json\/wp\/v2\/posts\/4250\/revisions"}],"predecessor-version":[{"id":4251,"href":"https:\/\/www.confagricoltura.org\/piacenza\/wp-json\/wp\/v2\/posts\/4250\/revisions\/4251"}],"wp:featuredmedia":[{"embeddable":true,"href":"https:\/\/www.confagricoltura.org\/piacenza\/wp-json\/wp\/v2\/media\/4007"}],"wp:attachment":[{"href":"https:\/\/www.confagricoltura.org\/piacenza\/wp-json\/wp\/v2\/media?parent=4250"}],"wp:term":[{"taxonomy":"category","embeddable":true,"href":"https:\/\/www.confagricoltura.org\/piacenza\/wp-json\/wp\/v2\/categories?post=4250"},{"taxonomy":"post_tag","embeddable":true,"href":"https:\/\/www.confagricoltura.org\/piacenza\/wp-json\/wp\/v2\/tags?post=4250"}],"curies":[{"name":"wp","href":"https:\/\/api.w.org\/{rel}","templated":true}]}}