{"id":4176,"date":"2023-05-23T14:29:01","date_gmt":"2023-05-23T12:29:01","guid":{"rendered":"https:\/\/www.confagricoltura.org\/piacenza\/?p=4176"},"modified":"2023-05-23T14:31:06","modified_gmt":"2023-05-23T12:31:06","slug":"dichiarazione-dei-redditi-il-caf-di-confagricoltura-a-disposizione-di-tutti-3","status":"publish","type":"post","link":"https:\/\/www.confagricoltura.org\/piacenza\/dichiarazione-dei-redditi-il-caf-di-confagricoltura-a-disposizione-di-tutti-3\/","title":{"rendered":"Dichiarazione dei Redditi: il CAF di Confagricoltura a disposizione di tutti"},"content":{"rendered":"\n<p>Tempo di dichiarazione dei redditi e Confagricoltura Piacenza, con i suoi enti collegati, ricorda l\u2019articolata gamma di servizi fruibili presso la sua rete capillare di uffici dove \u00e8 possibile risolvere le diverse incombenze.<\/p>\n\n\n\n<p>&nbsp;\u201cInvitiamo quanti necessitano a rivolgersi al nostro Caf per la presentazione della dichiarazione dei redditi, per il calcolo e il pagamento dell\u2019Imu, e per il calcolo dell\u2019Isee. Ricordo inoltre \u2013 spiega Marco Casagrande, direttore di Confagricoltura Piacenza \u2013 che il nostro Patronato Enapa \u00e8 a disposizione per offrire assistenza nel riconoscimento di pensioni e indennit\u00e0, assegni di vecchiaia, invalidit\u00e0, anzianit\u00e0, inabilit\u00e0; per ricostituzioni, maggiorazioni e supplementi pensione; per conteggi di reversibilit\u00e0 e assegno unico; iscrizioni e cancellazioni presso istituti previdenziali; per assistenza in tutte le prestazioni in materia di sicurezza sociale, d\u2019immigrazione ed emigrazione. Sono sempre al fianco delle imprese agricole e dei cittadini offrendo un\u2019articolata gamma di servizi. &nbsp;&nbsp;Il personale specializzato \u00e8 a disposizione di tutti per ogni problematica di carattere burocratico-fiscale garantendo ai cittadini di poter usufruire di servizi e agevolazioni da parte della pubblica amministrazione. Il nostro Caf e il nostro patronato Enapa &nbsp;&#8211; precisa Casagrande &#8211; possono erogare assistenza e consulenza alla generalit\u00e0 dei cittadini che si possono appoggiare dunque alla rete dei nostri uffici\u201d.<\/p>\n\n\n\n<p>Il Caf e il Patronato di Confagricoltura hanno implementato un sistema di contatti per poter prenotare gli appuntamenti e far pervenire la documentazione limitando al tempo strettamente necessario la presenza delle persone negli uffici stessi e garantendo cos\u00ec una gestione snella nonostante il groviglio burocratico-normativo conseguente le varie leggi. \u201cPresso i nostri uffici \u00e8 possibile trovare tutti gli enti con una notevole semplificazione logistica e con risparmio di tempo\u201d. Gli sportelli del Caf di Confagricoltura e del Patronato Enapa sono presenti sia presso la sede centrale di Piacenza, in via Colombo, al secondo piano del Palazzo dell\u2019Agricoltura, sia nelle sedi territoriali di Castel San Giovanni, Agazzano, Pianello, Fiorenzuola, Monticelli, Cortemaggiore. Previo accordo con gli uffici, la documentazione pu\u00f2 essere recapitata anche negli uffici periferici di Ponte dell\u2019Olio e Lugagnano. \u201cSindacalmente rappresentiamo l\u2019agricoltura \u2013 spiega Casagrande \u2013&nbsp;&nbsp; la libera attivit\u00e0 d\u2019impresa di chi produce cibo e custodisce l\u2019ambiente. Supportiamo le aziende agricole nella gestione, pianificazione e nello sviluppo dei loro progetti. Garantiamo consulenza e assistenza in tutti gli ambiti dell\u2019attivit\u00e0 agricola e delle attivit\u00e0 connesse. Negli anni abbiamo sviluppato una gamma di servizi che supportano l\u2019imprenditore nella relazione con la pubblica amministrazione e per soddisfare i bisogni degli imprenditori in quanto cittadini, ormai da alcuni decenni, ci siamo dotati anche del Caf e del Patronato Enapa che per\u00f2 sono anche a disposizione di tutti gli altri\u201d.<\/p>\n\n\n\n<p>Confagricoltura Piacenza ricorda infine la possibilit\u00e0 di devolvere il 5 per mille all\u2019onlus Senior L\u2019et\u00e0 della Saggezza: codice fiscale 97450610585. L\u2019onlus \u00e8 promossa dall\u2019Associazione Nazionale Pensionati di Confagricoltura ed \u00e8 stata costituita nel 2007 con la finalit\u00e0 di svolgere attivit\u00e0 nei campi dell\u2019assistenza sociale, socio-sanitaria e della tutela dei diritti civili.\u00a0 Senior l\u2019Et\u00e0 della Saggezza ha maturato negli anni una significativa esperienza filantropica. Grazie ai fondi provenienti dalle scelte del 5 per Mille Irpef e da alcune donazioni dirette, sono stati realizzati numerosi interventi umanitari e numerosi progetti socio-assistenziali-sanitari condivisi con le sedi territoriali di Confagricoltura. \u201cAnche a livello provinciale \u2013 ricorda Casagrande &#8211; sono stati raccolti fondi che sono confluiti in sostegni a realt\u00e0 con preziose finalit\u00e0 sociali che operano sul territorio e che quindi hanno ricadute positive dirette sulla comunit\u00e0 locale\u201d.<\/p>\n\n\n\n<p><strong>PUOI TROVARCI QUI:<\/strong><br><strong>PIACENZA<\/strong>  Via Colombo, 35 Tel: 0523\/596733 &#8211; 596715<br>zona3.piacenza@confagripc.it<br><strong>CASTELSANGIOVANNI<\/strong><br>Via Fratelli Bandiera, 28\/b Tel: 0523\/1868612<br>zona1.castello@canfagripc.it<br><strong>FIORENZUOLA<\/strong><br>Via Calestani, 3\/e Tel: 0523\/981162 int 6<br>zona.fiore3@confagripc.it<br><strong>MONTICELLI D&#8217;ONGINA<\/strong><br>Via Martiri della Libert\u00e0, 91 Tel: 0523\/827237 &#8211; 827137<br>zona.monticelli@confagripc.it<br><strong>AGAZZANO<\/strong><br>Via XXV Aprile, 19 Tel: 0523\/975489<br>zona3.agazzano@confagripc.it<br><strong>CORTEMAGGIORE<\/strong><br>Via XX Settembre, 6 Tel: 0523\/839764<br>zona.corte@confagripc.it<br><strong>PIANELLO VAL TIDONE<\/strong><br>Via Largo dal Verme, 25 Tel: 0523\/1861142<br>pianello@confagripc.it<br><\/p>\n","protected":false},"excerpt":{"rendered":"<p>Nei nostri uffici ampio ventaglio di servizi e consulenze per essere sempre al fianco dei cittadini e delle imprese<\/p>\n","protected":false},"author":6,"featured_media":4177,"comment_status":"closed","ping_status":"closed","sticky":true,"template":"","format":"standard","meta":{"wp_mapbox_gl_js_media":[],"footnotes":""},"categories":[21,4],"tags":[531],"class_list":["post-4176","post","type-post","status-publish","format-standard","has-post-thumbnail","hentry","category-eventi","category-news","tag-caf-confagricoltura"],"yoast_head":"<!-- This site is optimized with the Yoast SEO plugin v26.8 - https:\/\/yoast.com\/product\/yoast-seo-wordpress\/ -->\n<title>Dichiarazione dei Redditi: il CAF di Confagricoltura a disposizione di tutti - Confagricoltura Piacenza<\/title>\n<meta name=\"robots\" content=\"index, follow, max-snippet:-1, max-image-preview:large, max-video-preview:-1\" \/>\n<link rel=\"canonical\" href=\"https:\/\/www.confagricoltura.org\/piacenza\/dichiarazione-dei-redditi-il-caf-di-confagricoltura-a-disposizione-di-tutti-3\/\" \/>\n<meta property=\"og:locale\" content=\"it_IT\" \/>\n<meta property=\"og:type\" content=\"article\" \/>\n<meta property=\"og:title\" content=\"Dichiarazione dei Redditi: il CAF di Confagricoltura a disposizione di tutti - Confagricoltura Piacenza\" \/>\n<meta property=\"og:description\" content=\"Nei nostri uffici ampio ventaglio di servizi e consulenze per essere sempre al fianco dei cittadini e delle imprese\" \/>\n<meta property=\"og:url\" content=\"https:\/\/www.confagricoltura.org\/piacenza\/dichiarazione-dei-redditi-il-caf-di-confagricoltura-a-disposizione-di-tutti-3\/\" \/>\n<meta property=\"og:site_name\" content=\"Confagricoltura Piacenza\" \/>\n<meta property=\"article:published_time\" content=\"2023-05-23T12:29:01+00:00\" \/>\n<meta property=\"article:modified_time\" content=\"2023-05-23T12:31:06+00:00\" \/>\n<meta property=\"og:image\" content=\"https:\/\/www.confagricoltura.org\/piacenza\/wp-content\/uploads\/sites\/11\/2023\/05\/5xmille.jpg\" \/>\n\t<meta property=\"og:image:width\" content=\"1069\" \/>\n\t<meta property=\"og:image:height\" content=\"766\" \/>\n\t<meta property=\"og:image:type\" content=\"image\/jpeg\" \/>\n<meta name=\"author\" content=\"confagricolturapiacenza\" \/>\n<meta name=\"twitter:card\" content=\"summary_large_image\" \/>\n<meta name=\"twitter:label1\" content=\"Scritto da\" \/>\n\t<meta name=\"twitter:data1\" content=\"confagricolturapiacenza\" \/>\n\t<meta name=\"twitter:label2\" content=\"Tempo di lettura stimato\" \/>\n\t<meta name=\"twitter:data2\" content=\"3 minuti\" \/>\n<script type=\"application\/ld+json\" class=\"yoast-schema-graph\">{\"@context\":\"https:\/\/schema.org\",\"@graph\":[{\"@type\":\"Article\",\"@id\":\"https:\/\/www.confagricoltura.org\/piacenza\/dichiarazione-dei-redditi-il-caf-di-confagricoltura-a-disposizione-di-tutti-3\/#article\",\"isPartOf\":{\"@id\":\"https:\/\/www.confagricoltura.org\/piacenza\/dichiarazione-dei-redditi-il-caf-di-confagricoltura-a-disposizione-di-tutti-3\/\"},\"author\":{\"name\":\"confagricolturapiacenza\",\"@id\":\"https:\/\/www.confagricoltura.org\/piacenza\/#\/schema\/person\/be5da25a3117fea4b3bfec9dba09b5e8\"},\"headline\":\"Dichiarazione dei Redditi: il CAF di Confagricoltura a disposizione di tutti\",\"datePublished\":\"2023-05-23T12:29:01+00:00\",\"dateModified\":\"2023-05-23T12:31:06+00:00\",\"mainEntityOfPage\":{\"@id\":\"https:\/\/www.confagricoltura.org\/piacenza\/dichiarazione-dei-redditi-il-caf-di-confagricoltura-a-disposizione-di-tutti-3\/\"},\"wordCount\":654,\"image\":{\"@id\":\"https:\/\/www.confagricoltura.org\/piacenza\/dichiarazione-dei-redditi-il-caf-di-confagricoltura-a-disposizione-di-tutti-3\/#primaryimage\"},\"thumbnailUrl\":\"https:\/\/www.confagricoltura.org\/piacenza\/wp-content\/uploads\/sites\/11\/2023\/05\/5xmille.jpg\",\"keywords\":[\"caf confagricoltura\"],\"articleSection\":[\"Eventi\",\"News\"],\"inLanguage\":\"it-IT\"},{\"@type\":\"WebPage\",\"@id\":\"https:\/\/www.confagricoltura.org\/piacenza\/dichiarazione-dei-redditi-il-caf-di-confagricoltura-a-disposizione-di-tutti-3\/\",\"url\":\"https:\/\/www.confagricoltura.org\/piacenza\/dichiarazione-dei-redditi-il-caf-di-confagricoltura-a-disposizione-di-tutti-3\/\",\"name\":\"Dichiarazione dei Redditi: il CAF di Confagricoltura a disposizione di tutti - Confagricoltura Piacenza\",\"isPartOf\":{\"@id\":\"https:\/\/www.confagricoltura.org\/piacenza\/#website\"},\"primaryImageOfPage\":{\"@id\":\"https:\/\/www.confagricoltura.org\/piacenza\/dichiarazione-dei-redditi-il-caf-di-confagricoltura-a-disposizione-di-tutti-3\/#primaryimage\"},\"image\":{\"@id\":\"https:\/\/www.confagricoltura.org\/piacenza\/dichiarazione-dei-redditi-il-caf-di-confagricoltura-a-disposizione-di-tutti-3\/#primaryimage\"},\"thumbnailUrl\":\"https:\/\/www.confagricoltura.org\/piacenza\/wp-content\/uploads\/sites\/11\/2023\/05\/5xmille.jpg\",\"datePublished\":\"2023-05-23T12:29:01+00:00\",\"dateModified\":\"2023-05-23T12:31:06+00:00\",\"author\":{\"@id\":\"https:\/\/www.confagricoltura.org\/piacenza\/#\/schema\/person\/be5da25a3117fea4b3bfec9dba09b5e8\"},\"breadcrumb\":{\"@id\":\"https:\/\/www.confagricoltura.org\/piacenza\/dichiarazione-dei-redditi-il-caf-di-confagricoltura-a-disposizione-di-tutti-3\/#breadcrumb\"},\"inLanguage\":\"it-IT\",\"potentialAction\":[{\"@type\":\"ReadAction\",\"target\":[\"https:\/\/www.confagricoltura.org\/piacenza\/dichiarazione-dei-redditi-il-caf-di-confagricoltura-a-disposizione-di-tutti-3\/\"]}]},{\"@type\":\"ImageObject\",\"inLanguage\":\"it-IT\",\"@id\":\"https:\/\/www.confagricoltura.org\/piacenza\/dichiarazione-dei-redditi-il-caf-di-confagricoltura-a-disposizione-di-tutti-3\/#primaryimage\",\"url\":\"https:\/\/www.confagricoltura.org\/piacenza\/wp-content\/uploads\/sites\/11\/2023\/05\/5xmille.jpg\",\"contentUrl\":\"https:\/\/www.confagricoltura.org\/piacenza\/wp-content\/uploads\/sites\/11\/2023\/05\/5xmille.jpg\",\"width\":1069,\"height\":766},{\"@type\":\"BreadcrumbList\",\"@id\":\"https:\/\/www.confagricoltura.org\/piacenza\/dichiarazione-dei-redditi-il-caf-di-confagricoltura-a-disposizione-di-tutti-3\/#breadcrumb\",\"itemListElement\":[{\"@type\":\"ListItem\",\"position\":1,\"name\":\"Home\",\"item\":\"https:\/\/www.confagricoltura.org\/piacenza\/\"},{\"@type\":\"ListItem\",\"position\":2,\"name\":\"Dichiarazione dei Redditi: il CAF di Confagricoltura a disposizione di tutti\"}]},{\"@type\":\"WebSite\",\"@id\":\"https:\/\/www.confagricoltura.org\/piacenza\/#website\",\"url\":\"https:\/\/www.confagricoltura.org\/piacenza\/\",\"name\":\"Confagricoltura Piacenza\",\"description\":\"Dalla parte degli Agricoltori\",\"potentialAction\":[{\"@type\":\"SearchAction\",\"target\":{\"@type\":\"EntryPoint\",\"urlTemplate\":\"https:\/\/www.confagricoltura.org\/piacenza\/?s={search_term_string}\"},\"query-input\":{\"@type\":\"PropertyValueSpecification\",\"valueRequired\":true,\"valueName\":\"search_term_string\"}}],\"inLanguage\":\"it-IT\"},{\"@type\":\"Person\",\"@id\":\"https:\/\/www.confagricoltura.org\/piacenza\/#\/schema\/person\/be5da25a3117fea4b3bfec9dba09b5e8\",\"name\":\"confagricolturapiacenza\",\"image\":{\"@type\":\"ImageObject\",\"inLanguage\":\"it-IT\",\"@id\":\"https:\/\/www.confagricoltura.org\/piacenza\/#\/schema\/person\/image\/\",\"url\":\"https:\/\/secure.gravatar.com\/avatar\/9c5f111e417171581853bd0a3ff892ca?s=96&d=mm&r=g\",\"contentUrl\":\"https:\/\/secure.gravatar.com\/avatar\/9c5f111e417171581853bd0a3ff892ca?s=96&d=mm&r=g\",\"caption\":\"confagricolturapiacenza\"},\"url\":\"https:\/\/www.confagricoltura.org\/piacenza\/author\/confagricolturapiacenza\/\"}]}<\/script>\n<!-- \/ Yoast SEO plugin. -->","yoast_head_json":{"title":"Dichiarazione dei Redditi: il CAF di Confagricoltura a disposizione di tutti - Confagricoltura Piacenza","robots":{"index":"index","follow":"follow","max-snippet":"max-snippet:-1","max-image-preview":"max-image-preview:large","max-video-preview":"max-video-preview:-1"},"canonical":"https:\/\/www.confagricoltura.org\/piacenza\/dichiarazione-dei-redditi-il-caf-di-confagricoltura-a-disposizione-di-tutti-3\/","og_locale":"it_IT","og_type":"article","og_title":"Dichiarazione dei Redditi: il CAF di Confagricoltura a disposizione di tutti - Confagricoltura Piacenza","og_description":"Nei nostri uffici ampio ventaglio di servizi e consulenze per essere sempre al fianco dei cittadini e delle imprese","og_url":"https:\/\/www.confagricoltura.org\/piacenza\/dichiarazione-dei-redditi-il-caf-di-confagricoltura-a-disposizione-di-tutti-3\/","og_site_name":"Confagricoltura Piacenza","article_published_time":"2023-05-23T12:29:01+00:00","article_modified_time":"2023-05-23T12:31:06+00:00","og_image":[{"width":1069,"height":766,"url":"https:\/\/www.confagricoltura.org\/piacenza\/wp-content\/uploads\/sites\/11\/2023\/05\/5xmille.jpg","type":"image\/jpeg"}],"author":"confagricolturapiacenza","twitter_card":"summary_large_image","twitter_misc":{"Scritto da":"confagricolturapiacenza","Tempo di lettura stimato":"3 minuti"},"schema":{"@context":"https:\/\/schema.org","@graph":[{"@type":"Article","@id":"https:\/\/www.confagricoltura.org\/piacenza\/dichiarazione-dei-redditi-il-caf-di-confagricoltura-a-disposizione-di-tutti-3\/#article","isPartOf":{"@id":"https:\/\/www.confagricoltura.org\/piacenza\/dichiarazione-dei-redditi-il-caf-di-confagricoltura-a-disposizione-di-tutti-3\/"},"author":{"name":"confagricolturapiacenza","@id":"https:\/\/www.confagricoltura.org\/piacenza\/#\/schema\/person\/be5da25a3117fea4b3bfec9dba09b5e8"},"headline":"Dichiarazione dei Redditi: il CAF di Confagricoltura a disposizione di tutti","datePublished":"2023-05-23T12:29:01+00:00","dateModified":"2023-05-23T12:31:06+00:00","mainEntityOfPage":{"@id":"https:\/\/www.confagricoltura.org\/piacenza\/dichiarazione-dei-redditi-il-caf-di-confagricoltura-a-disposizione-di-tutti-3\/"},"wordCount":654,"image":{"@id":"https:\/\/www.confagricoltura.org\/piacenza\/dichiarazione-dei-redditi-il-caf-di-confagricoltura-a-disposizione-di-tutti-3\/#primaryimage"},"thumbnailUrl":"https:\/\/www.confagricoltura.org\/piacenza\/wp-content\/uploads\/sites\/11\/2023\/05\/5xmille.jpg","keywords":["caf confagricoltura"],"articleSection":["Eventi","News"],"inLanguage":"it-IT"},{"@type":"WebPage","@id":"https:\/\/www.confagricoltura.org\/piacenza\/dichiarazione-dei-redditi-il-caf-di-confagricoltura-a-disposizione-di-tutti-3\/","url":"https:\/\/www.confagricoltura.org\/piacenza\/dichiarazione-dei-redditi-il-caf-di-confagricoltura-a-disposizione-di-tutti-3\/","name":"Dichiarazione dei Redditi: il CAF di Confagricoltura a disposizione di tutti - Confagricoltura Piacenza","isPartOf":{"@id":"https:\/\/www.confagricoltura.org\/piacenza\/#website"},"primaryImageOfPage":{"@id":"https:\/\/www.confagricoltura.org\/piacenza\/dichiarazione-dei-redditi-il-caf-di-confagricoltura-a-disposizione-di-tutti-3\/#primaryimage"},"image":{"@id":"https:\/\/www.confagricoltura.org\/piacenza\/dichiarazione-dei-redditi-il-caf-di-confagricoltura-a-disposizione-di-tutti-3\/#primaryimage"},"thumbnailUrl":"https:\/\/www.confagricoltura.org\/piacenza\/wp-content\/uploads\/sites\/11\/2023\/05\/5xmille.jpg","datePublished":"2023-05-23T12:29:01+00:00","dateModified":"2023-05-23T12:31:06+00:00","author":{"@id":"https:\/\/www.confagricoltura.org\/piacenza\/#\/schema\/person\/be5da25a3117fea4b3bfec9dba09b5e8"},"breadcrumb":{"@id":"https:\/\/www.confagricoltura.org\/piacenza\/dichiarazione-dei-redditi-il-caf-di-confagricoltura-a-disposizione-di-tutti-3\/#breadcrumb"},"inLanguage":"it-IT","potentialAction":[{"@type":"ReadAction","target":["https:\/\/www.confagricoltura.org\/piacenza\/dichiarazione-dei-redditi-il-caf-di-confagricoltura-a-disposizione-di-tutti-3\/"]}]},{"@type":"ImageObject","inLanguage":"it-IT","@id":"https:\/\/www.confagricoltura.org\/piacenza\/dichiarazione-dei-redditi-il-caf-di-confagricoltura-a-disposizione-di-tutti-3\/#primaryimage","url":"https:\/\/www.confagricoltura.org\/piacenza\/wp-content\/uploads\/sites\/11\/2023\/05\/5xmille.jpg","contentUrl":"https:\/\/www.confagricoltura.org\/piacenza\/wp-content\/uploads\/sites\/11\/2023\/05\/5xmille.jpg","width":1069,"height":766},{"@type":"BreadcrumbList","@id":"https:\/\/www.confagricoltura.org\/piacenza\/dichiarazione-dei-redditi-il-caf-di-confagricoltura-a-disposizione-di-tutti-3\/#breadcrumb","itemListElement":[{"@type":"ListItem","position":1,"name":"Home","item":"https:\/\/www.confagricoltura.org\/piacenza\/"},{"@type":"ListItem","position":2,"name":"Dichiarazione dei Redditi: il CAF di Confagricoltura a disposizione di tutti"}]},{"@type":"WebSite","@id":"https:\/\/www.confagricoltura.org\/piacenza\/#website","url":"https:\/\/www.confagricoltura.org\/piacenza\/","name":"Confagricoltura Piacenza","description":"Dalla parte degli Agricoltori","potentialAction":[{"@type":"SearchAction","target":{"@type":"EntryPoint","urlTemplate":"https:\/\/www.confagricoltura.org\/piacenza\/?s={search_term_string}"},"query-input":{"@type":"PropertyValueSpecification","valueRequired":true,"valueName":"search_term_string"}}],"inLanguage":"it-IT"},{"@type":"Person","@id":"https:\/\/www.confagricoltura.org\/piacenza\/#\/schema\/person\/be5da25a3117fea4b3bfec9dba09b5e8","name":"confagricolturapiacenza","image":{"@type":"ImageObject","inLanguage":"it-IT","@id":"https:\/\/www.confagricoltura.org\/piacenza\/#\/schema\/person\/image\/","url":"https:\/\/secure.gravatar.com\/avatar\/9c5f111e417171581853bd0a3ff892ca?s=96&d=mm&r=g","contentUrl":"https:\/\/secure.gravatar.com\/avatar\/9c5f111e417171581853bd0a3ff892ca?s=96&d=mm&r=g","caption":"confagricolturapiacenza"},"url":"https:\/\/www.confagricoltura.org\/piacenza\/author\/confagricolturapiacenza\/"}]}},"_links":{"self":[{"href":"https:\/\/www.confagricoltura.org\/piacenza\/wp-json\/wp\/v2\/posts\/4176","targetHints":{"allow":["GET"]}}],"collection":[{"href":"https:\/\/www.confagricoltura.org\/piacenza\/wp-json\/wp\/v2\/posts"}],"about":[{"href":"https:\/\/www.confagricoltura.org\/piacenza\/wp-json\/wp\/v2\/types\/post"}],"author":[{"embeddable":true,"href":"https:\/\/www.confagricoltura.org\/piacenza\/wp-json\/wp\/v2\/users\/6"}],"replies":[{"embeddable":true,"href":"https:\/\/www.confagricoltura.org\/piacenza\/wp-json\/wp\/v2\/comments?post=4176"}],"version-history":[{"count":2,"href":"https:\/\/www.confagricoltura.org\/piacenza\/wp-json\/wp\/v2\/posts\/4176\/revisions"}],"predecessor-version":[{"id":4180,"href":"https:\/\/www.confagricoltura.org\/piacenza\/wp-json\/wp\/v2\/posts\/4176\/revisions\/4180"}],"wp:featuredmedia":[{"embeddable":true,"href":"https:\/\/www.confagricoltura.org\/piacenza\/wp-json\/wp\/v2\/media\/4177"}],"wp:attachment":[{"href":"https:\/\/www.confagricoltura.org\/piacenza\/wp-json\/wp\/v2\/media?parent=4176"}],"wp:term":[{"taxonomy":"category","embeddable":true,"href":"https:\/\/www.confagricoltura.org\/piacenza\/wp-json\/wp\/v2\/categories?post=4176"},{"taxonomy":"post_tag","embeddable":true,"href":"https:\/\/www.confagricoltura.org\/piacenza\/wp-json\/wp\/v2\/tags?post=4176"}],"curies":[{"name":"wp","href":"https:\/\/api.w.org\/{rel}","templated":true}]}}