{"id":4172,"date":"2023-05-20T14:16:00","date_gmt":"2023-05-20T12:16:00","guid":{"rendered":"https:\/\/www.confagricoltura.org\/piacenza\/?p=4172"},"modified":"2023-05-23T14:18:20","modified_gmt":"2023-05-23T12:18:20","slug":"confagricoltura-piacenza-soddisfatta-chiuso-laccordo-quadro-del-pomodoro-da-industria","status":"publish","type":"post","link":"https:\/\/www.confagricoltura.org\/piacenza\/confagricoltura-piacenza-soddisfatta-chiuso-laccordo-quadro-del-pomodoro-da-industria\/","title":{"rendered":"Confagricoltura Piacenza soddisfatta: chiuso l\u2019accordo quadro del pomodoro da industria"},"content":{"rendered":"\n<p>Il pomodoro da industria ha da ieri pomeriggio il suo accordo quadro, a memoria non si ricorda una trattativa cos\u00ec lunga e serrata. Confagricoltura Piacenza esprime soddisfazione proprio perch\u00e9 i tempi cos\u00ec dilatati sono stati necessari a raggiungere un equilibrio e la fine la filiera intera ha mostrato ragionevolezza. Con oggi si pu\u00f2 pensare solo all\u2019operativit\u00e0 di una campagna che anche agronomicamente non risparmier\u00e0 preoccupazioni.<\/p>\n\n\n\n<p>\u201cIl prezzo \u00e8 interessante perch\u00e9 raggiunge una quotazione maggiore rispetto a quella dello scorso anno \u2013 commenta Filippo Gasparini presidente di Confagricoltura Piacenza &#8211; \u00e8 poi dettata da un prezzo che si stava formando trasversalmente ai mercati e, si sa, le quotazioni sono frutto del bilancio tra domanda e offerta. Pi\u00f9 degli altri anni si decretata l\u2019importanza degli organismi che devono intercettare l\u2019equilibrio, ossia le Organizzazioni di produttori, che hanno saputo potenziare il loro ruolo compattando sapientemente l\u2019offerta.&nbsp; Solo attraverso la programmazione si determina l\u2019offerta e dunque il prezzo. L&#8217;affermazione del controllo della programmazione deve collinare anche con le necessit\u00e0 dell\u2019industria. Conta il risultato. Se per raggiungere l\u2019equilibrio, che poi \u00e8 il prezzo, tra programmazione e bisogni dell&#8217;industria occorre tempo \u00e8 tempo ben investito. Non senza fatica \u2013 prosegue Gasparini \u2013 la filiera ha dimostrato la coesione e il senso di responsabilit\u00e0 che ci aspettavamo nel voler tutelare un prodotto di valore e strategico per la nostra economia. \u00c8 accaduto esattamente ci\u00f2 che auspicavamo, ossia che sia stato riconosciuto, per lo meno, il prezzo di riferimento che i mercati mondiali, si vedano gli accordi sottoscritti in Spagna e California, avevano gi\u00e0 ratificato. Prezzo peraltro indicato anche da un\u2019importante realt\u00e0 produttiva e di trasformazione italiana\u201d. Confagricoltura Piacenza plaude ancora una volta alla coesione del mondo agricolo e alla capacit\u00e0 crescente delle organizzazioni di produttori che hanno affrontato unite una trattativa non facile rappresentando con coerenza e trasparenza le necessit\u00e0 inderogabili della parte agricola. \u201cUn ringraziamento va alle Op che hanno mostrato di saper gestire il prodotto \u2013 rimarca Gasparini \u2013 come associazione non possiamo altro che plaudire ribadendo, come sempre sottolineiamo, che la capacit\u00e0 di aggregazione del mondo produttivo \u00e8 l\u2019unica vera leva in mano agli imprenditori agricoli per ridefinire il sistema dei prezzi. Dopodich\u00e9 va riconosciuta anche l\u2019apertura mostrata dal mondo della trasformazione, che nella trattativa era tenuto a svolgere il proprio ruolo, ma che ha mostrato di avere a cuore il settore. La filiera \u00e8 solida \u2013 conclude Gasparini \u2013 e si \u00e8 fortificata. Ben differentemente sarebbe andata se le Op avessero deciso di sottoscrivere l\u2019accordo due mesi fa ai ventilati 130 euro la tonnellata. Venti euro la tonnellata di differenza non si sarebbero mai potuti gestire con i costi che abbiamo in campagna e, questo s\u00ec, avrebbe minato la tenuta della filiera. Il tavolo delle Op poteva avere un problema solo: ossia un cattivo coordinamento, questo avrebbe generato una cattiva programmazione. il coordinamento \u00e8 invece stato sempre pi\u00f9 serrato dimostrandosi un valore per la filiera in quanto punto di riferimento e non solo come controparte dell\u2019industria.&nbsp; Oggi possiamo dire \u2013 conclude Gasparini &#8211; che anche l&#8217;industria ha validato l&#8217;importanza che la filiera viaggi compatta e ha sottoscritto, controfirmando l\u2019accordo, quanto sia importante assicurare una certa remunerazione della parte agricola. Ognuno \u00e8 una risorsa per l&#8217;altro e Confagricoltura Piacenza esprime soddisfazione per il ruolo che ognuno sa esprimere facendo di questo comparto un esempio eccellente dell\u2019agroalimentare italiano\u201d.<\/p>\n","protected":false},"excerpt":{"rendered":"<p>Gasparini: ratificato il prezzo di riferimento indicato dal mercato, \u00e8 la programmazione che fa il prezzo.<\/p>\n","protected":false},"author":6,"featured_media":4062,"comment_status":"closed","ping_status":"closed","sticky":false,"template":"","format":"standard","meta":{"wp_mapbox_gl_js_media":[],"footnotes":""},"categories":[4,343],"tags":[516],"class_list":["post-4172","post","type-post","status-publish","format-standard","has-post-thumbnail","hentry","category-news","category-settore-pomodoro-da-industria","tag-accordo-pomodoro"],"yoast_head":"<!-- This site is optimized with the Yoast SEO plugin v26.8 - https:\/\/yoast.com\/product\/yoast-seo-wordpress\/ -->\n<title>Confagricoltura Piacenza soddisfatta: chiuso l\u2019accordo quadro del pomodoro da industria - Confagricoltura Piacenza<\/title>\n<meta name=\"robots\" content=\"index, follow, max-snippet:-1, max-image-preview:large, max-video-preview:-1\" \/>\n<link rel=\"canonical\" href=\"https:\/\/www.confagricoltura.org\/piacenza\/confagricoltura-piacenza-soddisfatta-chiuso-laccordo-quadro-del-pomodoro-da-industria\/\" \/>\n<meta property=\"og:locale\" content=\"it_IT\" \/>\n<meta property=\"og:type\" content=\"article\" \/>\n<meta property=\"og:title\" content=\"Confagricoltura Piacenza soddisfatta: chiuso l\u2019accordo quadro del pomodoro da industria - Confagricoltura Piacenza\" \/>\n<meta property=\"og:description\" content=\"Gasparini: ratificato il prezzo di riferimento indicato dal mercato, \u00e8 la programmazione che fa il prezzo.\" \/>\n<meta property=\"og:url\" content=\"https:\/\/www.confagricoltura.org\/piacenza\/confagricoltura-piacenza-soddisfatta-chiuso-laccordo-quadro-del-pomodoro-da-industria\/\" \/>\n<meta property=\"og:site_name\" content=\"Confagricoltura Piacenza\" \/>\n<meta property=\"article:published_time\" content=\"2023-05-20T12:16:00+00:00\" \/>\n<meta property=\"article:modified_time\" content=\"2023-05-23T12:18:20+00:00\" \/>\n<meta property=\"og:image\" content=\"https:\/\/www.confagricoltura.org\/piacenza\/wp-content\/uploads\/sites\/11\/2023\/01\/11-07-22-Gasparini.jpg\" \/>\n\t<meta property=\"og:image:width\" content=\"1654\" \/>\n\t<meta property=\"og:image:height\" content=\"2315\" \/>\n\t<meta property=\"og:image:type\" content=\"image\/jpeg\" \/>\n<meta name=\"author\" content=\"confagricolturapiacenza\" \/>\n<meta name=\"twitter:card\" content=\"summary_large_image\" \/>\n<meta name=\"twitter:label1\" content=\"Scritto da\" \/>\n\t<meta name=\"twitter:data1\" content=\"confagricolturapiacenza\" \/>\n\t<meta name=\"twitter:label2\" content=\"Tempo di lettura stimato\" \/>\n\t<meta name=\"twitter:data2\" content=\"3 minuti\" \/>\n<script type=\"application\/ld+json\" class=\"yoast-schema-graph\">{\"@context\":\"https:\/\/schema.org\",\"@graph\":[{\"@type\":\"Article\",\"@id\":\"https:\/\/www.confagricoltura.org\/piacenza\/confagricoltura-piacenza-soddisfatta-chiuso-laccordo-quadro-del-pomodoro-da-industria\/#article\",\"isPartOf\":{\"@id\":\"https:\/\/www.confagricoltura.org\/piacenza\/confagricoltura-piacenza-soddisfatta-chiuso-laccordo-quadro-del-pomodoro-da-industria\/\"},\"author\":{\"name\":\"confagricolturapiacenza\",\"@id\":\"https:\/\/www.confagricoltura.org\/piacenza\/#\/schema\/person\/be5da25a3117fea4b3bfec9dba09b5e8\"},\"headline\":\"Confagricoltura Piacenza soddisfatta: chiuso l\u2019accordo quadro del pomodoro da industria\",\"datePublished\":\"2023-05-20T12:16:00+00:00\",\"dateModified\":\"2023-05-23T12:18:20+00:00\",\"mainEntityOfPage\":{\"@id\":\"https:\/\/www.confagricoltura.org\/piacenza\/confagricoltura-piacenza-soddisfatta-chiuso-laccordo-quadro-del-pomodoro-da-industria\/\"},\"wordCount\":566,\"image\":{\"@id\":\"https:\/\/www.confagricoltura.org\/piacenza\/confagricoltura-piacenza-soddisfatta-chiuso-laccordo-quadro-del-pomodoro-da-industria\/#primaryimage\"},\"thumbnailUrl\":\"https:\/\/www.confagricoltura.org\/piacenza\/wp-content\/uploads\/sites\/11\/2023\/01\/11-07-22-Gasparini.jpg\",\"keywords\":[\"accordo pomodoro\"],\"articleSection\":[\"News\",\"Settore Pomodoro da industria\"],\"inLanguage\":\"it-IT\"},{\"@type\":\"WebPage\",\"@id\":\"https:\/\/www.confagricoltura.org\/piacenza\/confagricoltura-piacenza-soddisfatta-chiuso-laccordo-quadro-del-pomodoro-da-industria\/\",\"url\":\"https:\/\/www.confagricoltura.org\/piacenza\/confagricoltura-piacenza-soddisfatta-chiuso-laccordo-quadro-del-pomodoro-da-industria\/\",\"name\":\"Confagricoltura Piacenza soddisfatta: chiuso l\u2019accordo quadro del pomodoro da industria - Confagricoltura Piacenza\",\"isPartOf\":{\"@id\":\"https:\/\/www.confagricoltura.org\/piacenza\/#website\"},\"primaryImageOfPage\":{\"@id\":\"https:\/\/www.confagricoltura.org\/piacenza\/confagricoltura-piacenza-soddisfatta-chiuso-laccordo-quadro-del-pomodoro-da-industria\/#primaryimage\"},\"image\":{\"@id\":\"https:\/\/www.confagricoltura.org\/piacenza\/confagricoltura-piacenza-soddisfatta-chiuso-laccordo-quadro-del-pomodoro-da-industria\/#primaryimage\"},\"thumbnailUrl\":\"https:\/\/www.confagricoltura.org\/piacenza\/wp-content\/uploads\/sites\/11\/2023\/01\/11-07-22-Gasparini.jpg\",\"datePublished\":\"2023-05-20T12:16:00+00:00\",\"dateModified\":\"2023-05-23T12:18:20+00:00\",\"author\":{\"@id\":\"https:\/\/www.confagricoltura.org\/piacenza\/#\/schema\/person\/be5da25a3117fea4b3bfec9dba09b5e8\"},\"breadcrumb\":{\"@id\":\"https:\/\/www.confagricoltura.org\/piacenza\/confagricoltura-piacenza-soddisfatta-chiuso-laccordo-quadro-del-pomodoro-da-industria\/#breadcrumb\"},\"inLanguage\":\"it-IT\",\"potentialAction\":[{\"@type\":\"ReadAction\",\"target\":[\"https:\/\/www.confagricoltura.org\/piacenza\/confagricoltura-piacenza-soddisfatta-chiuso-laccordo-quadro-del-pomodoro-da-industria\/\"]}]},{\"@type\":\"ImageObject\",\"inLanguage\":\"it-IT\",\"@id\":\"https:\/\/www.confagricoltura.org\/piacenza\/confagricoltura-piacenza-soddisfatta-chiuso-laccordo-quadro-del-pomodoro-da-industria\/#primaryimage\",\"url\":\"https:\/\/www.confagricoltura.org\/piacenza\/wp-content\/uploads\/sites\/11\/2023\/01\/11-07-22-Gasparini.jpg\",\"contentUrl\":\"https:\/\/www.confagricoltura.org\/piacenza\/wp-content\/uploads\/sites\/11\/2023\/01\/11-07-22-Gasparini.jpg\",\"width\":1654,\"height\":2315},{\"@type\":\"BreadcrumbList\",\"@id\":\"https:\/\/www.confagricoltura.org\/piacenza\/confagricoltura-piacenza-soddisfatta-chiuso-laccordo-quadro-del-pomodoro-da-industria\/#breadcrumb\",\"itemListElement\":[{\"@type\":\"ListItem\",\"position\":1,\"name\":\"Home\",\"item\":\"https:\/\/www.confagricoltura.org\/piacenza\/\"},{\"@type\":\"ListItem\",\"position\":2,\"name\":\"Confagricoltura Piacenza soddisfatta: chiuso l\u2019accordo quadro del pomodoro da industria\"}]},{\"@type\":\"WebSite\",\"@id\":\"https:\/\/www.confagricoltura.org\/piacenza\/#website\",\"url\":\"https:\/\/www.confagricoltura.org\/piacenza\/\",\"name\":\"Confagricoltura Piacenza\",\"description\":\"Dalla parte degli Agricoltori\",\"potentialAction\":[{\"@type\":\"SearchAction\",\"target\":{\"@type\":\"EntryPoint\",\"urlTemplate\":\"https:\/\/www.confagricoltura.org\/piacenza\/?s={search_term_string}\"},\"query-input\":{\"@type\":\"PropertyValueSpecification\",\"valueRequired\":true,\"valueName\":\"search_term_string\"}}],\"inLanguage\":\"it-IT\"},{\"@type\":\"Person\",\"@id\":\"https:\/\/www.confagricoltura.org\/piacenza\/#\/schema\/person\/be5da25a3117fea4b3bfec9dba09b5e8\",\"name\":\"confagricolturapiacenza\",\"image\":{\"@type\":\"ImageObject\",\"inLanguage\":\"it-IT\",\"@id\":\"https:\/\/www.confagricoltura.org\/piacenza\/#\/schema\/person\/image\/\",\"url\":\"https:\/\/secure.gravatar.com\/avatar\/9c5f111e417171581853bd0a3ff892ca?s=96&d=mm&r=g\",\"contentUrl\":\"https:\/\/secure.gravatar.com\/avatar\/9c5f111e417171581853bd0a3ff892ca?s=96&d=mm&r=g\",\"caption\":\"confagricolturapiacenza\"},\"url\":\"https:\/\/www.confagricoltura.org\/piacenza\/author\/confagricolturapiacenza\/\"}]}<\/script>\n<!-- \/ Yoast SEO plugin. -->","yoast_head_json":{"title":"Confagricoltura Piacenza soddisfatta: chiuso l\u2019accordo quadro del pomodoro da industria - Confagricoltura Piacenza","robots":{"index":"index","follow":"follow","max-snippet":"max-snippet:-1","max-image-preview":"max-image-preview:large","max-video-preview":"max-video-preview:-1"},"canonical":"https:\/\/www.confagricoltura.org\/piacenza\/confagricoltura-piacenza-soddisfatta-chiuso-laccordo-quadro-del-pomodoro-da-industria\/","og_locale":"it_IT","og_type":"article","og_title":"Confagricoltura Piacenza soddisfatta: chiuso l\u2019accordo quadro del pomodoro da industria - Confagricoltura Piacenza","og_description":"Gasparini: ratificato il prezzo di riferimento indicato dal mercato, \u00e8 la programmazione che fa il prezzo.","og_url":"https:\/\/www.confagricoltura.org\/piacenza\/confagricoltura-piacenza-soddisfatta-chiuso-laccordo-quadro-del-pomodoro-da-industria\/","og_site_name":"Confagricoltura Piacenza","article_published_time":"2023-05-20T12:16:00+00:00","article_modified_time":"2023-05-23T12:18:20+00:00","og_image":[{"width":1654,"height":2315,"url":"https:\/\/www.confagricoltura.org\/piacenza\/wp-content\/uploads\/sites\/11\/2023\/01\/11-07-22-Gasparini.jpg","type":"image\/jpeg"}],"author":"confagricolturapiacenza","twitter_card":"summary_large_image","twitter_misc":{"Scritto da":"confagricolturapiacenza","Tempo di lettura stimato":"3 minuti"},"schema":{"@context":"https:\/\/schema.org","@graph":[{"@type":"Article","@id":"https:\/\/www.confagricoltura.org\/piacenza\/confagricoltura-piacenza-soddisfatta-chiuso-laccordo-quadro-del-pomodoro-da-industria\/#article","isPartOf":{"@id":"https:\/\/www.confagricoltura.org\/piacenza\/confagricoltura-piacenza-soddisfatta-chiuso-laccordo-quadro-del-pomodoro-da-industria\/"},"author":{"name":"confagricolturapiacenza","@id":"https:\/\/www.confagricoltura.org\/piacenza\/#\/schema\/person\/be5da25a3117fea4b3bfec9dba09b5e8"},"headline":"Confagricoltura Piacenza soddisfatta: chiuso l\u2019accordo quadro del pomodoro da industria","datePublished":"2023-05-20T12:16:00+00:00","dateModified":"2023-05-23T12:18:20+00:00","mainEntityOfPage":{"@id":"https:\/\/www.confagricoltura.org\/piacenza\/confagricoltura-piacenza-soddisfatta-chiuso-laccordo-quadro-del-pomodoro-da-industria\/"},"wordCount":566,"image":{"@id":"https:\/\/www.confagricoltura.org\/piacenza\/confagricoltura-piacenza-soddisfatta-chiuso-laccordo-quadro-del-pomodoro-da-industria\/#primaryimage"},"thumbnailUrl":"https:\/\/www.confagricoltura.org\/piacenza\/wp-content\/uploads\/sites\/11\/2023\/01\/11-07-22-Gasparini.jpg","keywords":["accordo pomodoro"],"articleSection":["News","Settore Pomodoro da industria"],"inLanguage":"it-IT"},{"@type":"WebPage","@id":"https:\/\/www.confagricoltura.org\/piacenza\/confagricoltura-piacenza-soddisfatta-chiuso-laccordo-quadro-del-pomodoro-da-industria\/","url":"https:\/\/www.confagricoltura.org\/piacenza\/confagricoltura-piacenza-soddisfatta-chiuso-laccordo-quadro-del-pomodoro-da-industria\/","name":"Confagricoltura Piacenza soddisfatta: chiuso l\u2019accordo quadro del pomodoro da industria - Confagricoltura Piacenza","isPartOf":{"@id":"https:\/\/www.confagricoltura.org\/piacenza\/#website"},"primaryImageOfPage":{"@id":"https:\/\/www.confagricoltura.org\/piacenza\/confagricoltura-piacenza-soddisfatta-chiuso-laccordo-quadro-del-pomodoro-da-industria\/#primaryimage"},"image":{"@id":"https:\/\/www.confagricoltura.org\/piacenza\/confagricoltura-piacenza-soddisfatta-chiuso-laccordo-quadro-del-pomodoro-da-industria\/#primaryimage"},"thumbnailUrl":"https:\/\/www.confagricoltura.org\/piacenza\/wp-content\/uploads\/sites\/11\/2023\/01\/11-07-22-Gasparini.jpg","datePublished":"2023-05-20T12:16:00+00:00","dateModified":"2023-05-23T12:18:20+00:00","author":{"@id":"https:\/\/www.confagricoltura.org\/piacenza\/#\/schema\/person\/be5da25a3117fea4b3bfec9dba09b5e8"},"breadcrumb":{"@id":"https:\/\/www.confagricoltura.org\/piacenza\/confagricoltura-piacenza-soddisfatta-chiuso-laccordo-quadro-del-pomodoro-da-industria\/#breadcrumb"},"inLanguage":"it-IT","potentialAction":[{"@type":"ReadAction","target":["https:\/\/www.confagricoltura.org\/piacenza\/confagricoltura-piacenza-soddisfatta-chiuso-laccordo-quadro-del-pomodoro-da-industria\/"]}]},{"@type":"ImageObject","inLanguage":"it-IT","@id":"https:\/\/www.confagricoltura.org\/piacenza\/confagricoltura-piacenza-soddisfatta-chiuso-laccordo-quadro-del-pomodoro-da-industria\/#primaryimage","url":"https:\/\/www.confagricoltura.org\/piacenza\/wp-content\/uploads\/sites\/11\/2023\/01\/11-07-22-Gasparini.jpg","contentUrl":"https:\/\/www.confagricoltura.org\/piacenza\/wp-content\/uploads\/sites\/11\/2023\/01\/11-07-22-Gasparini.jpg","width":1654,"height":2315},{"@type":"BreadcrumbList","@id":"https:\/\/www.confagricoltura.org\/piacenza\/confagricoltura-piacenza-soddisfatta-chiuso-laccordo-quadro-del-pomodoro-da-industria\/#breadcrumb","itemListElement":[{"@type":"ListItem","position":1,"name":"Home","item":"https:\/\/www.confagricoltura.org\/piacenza\/"},{"@type":"ListItem","position":2,"name":"Confagricoltura Piacenza soddisfatta: chiuso l\u2019accordo quadro del pomodoro da industria"}]},{"@type":"WebSite","@id":"https:\/\/www.confagricoltura.org\/piacenza\/#website","url":"https:\/\/www.confagricoltura.org\/piacenza\/","name":"Confagricoltura Piacenza","description":"Dalla parte degli Agricoltori","potentialAction":[{"@type":"SearchAction","target":{"@type":"EntryPoint","urlTemplate":"https:\/\/www.confagricoltura.org\/piacenza\/?s={search_term_string}"},"query-input":{"@type":"PropertyValueSpecification","valueRequired":true,"valueName":"search_term_string"}}],"inLanguage":"it-IT"},{"@type":"Person","@id":"https:\/\/www.confagricoltura.org\/piacenza\/#\/schema\/person\/be5da25a3117fea4b3bfec9dba09b5e8","name":"confagricolturapiacenza","image":{"@type":"ImageObject","inLanguage":"it-IT","@id":"https:\/\/www.confagricoltura.org\/piacenza\/#\/schema\/person\/image\/","url":"https:\/\/secure.gravatar.com\/avatar\/9c5f111e417171581853bd0a3ff892ca?s=96&d=mm&r=g","contentUrl":"https:\/\/secure.gravatar.com\/avatar\/9c5f111e417171581853bd0a3ff892ca?s=96&d=mm&r=g","caption":"confagricolturapiacenza"},"url":"https:\/\/www.confagricoltura.org\/piacenza\/author\/confagricolturapiacenza\/"}]}},"_links":{"self":[{"href":"https:\/\/www.confagricoltura.org\/piacenza\/wp-json\/wp\/v2\/posts\/4172","targetHints":{"allow":["GET"]}}],"collection":[{"href":"https:\/\/www.confagricoltura.org\/piacenza\/wp-json\/wp\/v2\/posts"}],"about":[{"href":"https:\/\/www.confagricoltura.org\/piacenza\/wp-json\/wp\/v2\/types\/post"}],"author":[{"embeddable":true,"href":"https:\/\/www.confagricoltura.org\/piacenza\/wp-json\/wp\/v2\/users\/6"}],"replies":[{"embeddable":true,"href":"https:\/\/www.confagricoltura.org\/piacenza\/wp-json\/wp\/v2\/comments?post=4172"}],"version-history":[{"count":1,"href":"https:\/\/www.confagricoltura.org\/piacenza\/wp-json\/wp\/v2\/posts\/4172\/revisions"}],"predecessor-version":[{"id":4173,"href":"https:\/\/www.confagricoltura.org\/piacenza\/wp-json\/wp\/v2\/posts\/4172\/revisions\/4173"}],"wp:featuredmedia":[{"embeddable":true,"href":"https:\/\/www.confagricoltura.org\/piacenza\/wp-json\/wp\/v2\/media\/4062"}],"wp:attachment":[{"href":"https:\/\/www.confagricoltura.org\/piacenza\/wp-json\/wp\/v2\/media?parent=4172"}],"wp:term":[{"taxonomy":"category","embeddable":true,"href":"https:\/\/www.confagricoltura.org\/piacenza\/wp-json\/wp\/v2\/categories?post=4172"},{"taxonomy":"post_tag","embeddable":true,"href":"https:\/\/www.confagricoltura.org\/piacenza\/wp-json\/wp\/v2\/tags?post=4172"}],"curies":[{"name":"wp","href":"https:\/\/api.w.org\/{rel}","templated":true}]}}