{"id":4139,"date":"2023-04-11T10:15:00","date_gmt":"2023-04-11T08:15:00","guid":{"rendered":"https:\/\/www.confagricoltura.org\/piacenza\/?p=4139"},"modified":"2023-04-12T10:17:04","modified_gmt":"2023-04-12T08:17:04","slug":"dopo-le-occasioni-perse-torneremo-a-piangere-sul-latte-versato","status":"publish","type":"post","link":"https:\/\/www.confagricoltura.org\/piacenza\/dopo-le-occasioni-perse-torneremo-a-piangere-sul-latte-versato\/","title":{"rendered":"Dopo le occasioni perse, torneremo a piangere sul latte versato"},"content":{"rendered":"\n<p>Il comparto latte europeo inizia a registrare un calo generalizzato delle quotazioni. In Italia, se la filiera dei formaggi dop, come sempre premia i fortunati conferenti, il latte non assorbito dalle filiere pi\u00f9 remunerative resta esposto alle fluttuazioni del mercato e viene venduto in modo disaggregato dai produttori che, consuetamente si adeguano alla quotazione di Lactalis, consolidatasi come riferimento nazionale. C\u2019\u00e8 dunque attesa per capire quale sar\u00e0 la nuova quotazione dopo che l\u2019industria aveva concordato di rivedere gli accordi ad aprile in base all\u2019andamento del mercato.\u00a0 Oltralpe la produzione \u00e8 tornata ad aumentare ed il latte spot tedesco \u00e8 venduto a circa 38 cent\/litro, 20 cent\/litro meno del nostro.\u00a0 \u201cCon i nostri costi sarebbe impossibile\u201d &#8211; commenta Alfredo Lucchini, presidente della sezione di prodotto lattiero-casearia di Confagricoltura Piacenza. \u201cSe i tedeschi possono produrre a quelle condizioni \u2013 prosegue l\u2019allevatore &#8211; viene fin da pensare che siano stati stanziati aiuti statali perch\u00e9 i costi di produzione non si tanno contraendo in modo significativo e sono rimasti allineati agli aumenti del triennio 2020-2022.\u00a0 La leggera flessione del costo delle materie prime, registrata dai bollettini delle borse merci, non deve indurre a pensare che gli allevatori ne possano beneficiare, perch\u00e9 purtroppo i costi della razione sono quasi marginali rispetto agli altri oneri, letteralmente esplosi, per il mantenimento organizzativo e gestionale delle nostre aziende. Manutenzioni, aggiornamenti tecnici e sostituzioni di attrezzature e strutture obsolete sono costose attivit\u00e0 non procrastinabili per le imprese chiamate ad essere sempre pi\u00f9 efficienti e razionali per produrre di pi\u00f9 impattando sempre meno. Nei costi incomprimibili, dobbiamo poi includere anche la burocrazia e il nostro Paese brilla sempre nel saper applicare nel modo pi\u00f9 rigoroso e bizantino le norme europee. Ci vantiamo, per esempio, di essere gli unici in Europa ad aver gi\u00e0 introdotto la ricetta elettronica e la messa in asciutta selettiva, ma mentre noi complichiamo, gli altri rimandano. Nel tema dei costi incomprimibili includiamo anche la pretesa di farci \u201cpennellare\u201d tutto con la sostenibilit\u00e0, il che implica un sovraccarico burocratico e una grande perdita di capacit\u00e0 produttiva causata dall\u2019imposizione di determinati modi di lavorare. Quando invece, la sostenibilit\u00e0 vera l\u2019abbiamo sempre realizzata con l\u2019ammodernamento e l\u2019efficientamento costante, con la tecnologia e lo sviluppo in campo e in stalla, che consentono efficienza, ma costano e vanno dunque realizzate in un\u2019ottica di profitto, non di passivit\u00e0 onerose.\u00a0 Guardiamo solo avanti di un anno \u2013 specifica Lucchini &#8211; con il divieto di seminare mais su mais molte aziende saranno in difficolt\u00e0 a mantenere alti livelli di autoapprovvigionamento, gi\u00e0 vacillanti. Negli ecoschemi dovremo rispettare altri aspetti di sostenibilit\u00e0 e misure per il benessere animale, peccato che manchino ancora persino alcuni decreti attuativi. Mentre si continua in provincia a consumare suolo fertile con la logistica, speriamo, nell\u2019impossibilit\u00e0 di fare rotazione sui nostri terreni, che non ci impongano lo scambio di superfici con aziende ad altra vocazione, magari con differenti sistemi irrigui. Sono aspetti che si traducono in una minaccia economica perch\u00e9 il prezzo del latte non \u00e8 commisurato ai costi e ai rischi che corriamo\u201d. Nei rischi Lucchini vuole includere anche la pesante variabile della crisi idrica. \u201cLe scorte di silomais 2022, prodotto a costi inconcepibilmente elevati, iniziano a scarseggiare. La siccit\u00e0 sta costringendo gli allevatori a rimandare le semine. La mancanza di acqua, genera poi anche problemi sulla qualit\u00e0 delle produzioni che vedono abbondanti quote di scarto. Si spera ancora nelle piogge di aprile &#8211; prosegue \u2013 perch\u00e9 l\u2019acqua \u00e8 un fattore produttivo imprescindibile non solo per la zootecnia, ma per diverse filiere agricole di valore del territorio\u201d. \u201cIl gap delle quotazioni con il latte estero non basta a sostenere il quadro normativo e i vincoli ambientali che subiamo, oltretutto la storia ci insegna che a tendere si registrer\u00e0 un allineamento delle quotazioni, ma non \u00e8 possibile per le nostre aziende continuare a lavorare con queste paure, oltretutto affrontando la contrattazione con l\u2019industria senza aver approntato gli strumenti previsti nel pacchetto latte per fare massa critica e aumentare il potere contrattuale. I nostri asset danno sempre meno la possibilit\u00e0 di valorizzare il prodotto nazionale.\u201d. Si dir\u00e0 che nelle filiere delle Dop c\u2019\u00e8 un riconoscimento diverso della materia prima. \u201cVenendo al nostro areale, produrre Grana conviene, il problema \u2013 ricorda Lucchini &#8211; \u00e8 che gli allevatori non possono scegliere se e quanto latte conferire alla filiera della dop e per chi resta fuori \u00e8 ancora oggi un atto subito. Chi ha conferito a Grana, nel 2022, principalmente in ambito cooperativo, ha potuto vedere una buona remunerazione del latte. Diversamente, gli allevatori conferenti a strutture industriali si sono visti riconoscere un prezzo anche inferiore del 20 per cento. Se fossimo stati aggregati avremmo potuto, in un momento di scarsa offerta, avere maggior peso nella contrattazione con la parte industriale. Circa la possibilit\u00e0 di aumentare la quota di latte da far confluire nella filiera della Dop, in ogni caso pi\u00f9 remunerativa, il crescente mercato dei similari ci rinfaccia che una segmentazione del mercato del prodotto principale avrebbe potuto permettere una maggior ridistribuzione dei vantaggi di appartenere all\u2019areale della Dop di formaggio pi\u00f9 venduta al mondo. Chiediamo ormai da troppo tempo pi\u00f9 coraggio e solidariet\u00e0 in tal senso\u201d.<\/p>\n","protected":false},"excerpt":{"rendered":"<p>Lucchini: segnali preoccupanti per il comparto <\/p>\n","protected":false},"author":6,"featured_media":3589,"comment_status":"closed","ping_status":"closed","sticky":false,"template":"","format":"standard","meta":{"wp_mapbox_gl_js_media":[],"footnotes":""},"categories":[4,15],"tags":[59],"class_list":["post-4139","post","type-post","status-publish","format-standard","has-post-thumbnail","hentry","category-news","category-settore-lattiero-caseario","tag-latte"],"yoast_head":"<!-- This site is optimized with the Yoast SEO plugin v26.8 - https:\/\/yoast.com\/product\/yoast-seo-wordpress\/ -->\n<title>Dopo le occasioni perse, torneremo a piangere sul latte versato - Confagricoltura Piacenza<\/title>\n<meta name=\"robots\" content=\"index, follow, max-snippet:-1, max-image-preview:large, max-video-preview:-1\" \/>\n<link rel=\"canonical\" href=\"https:\/\/www.confagricoltura.org\/piacenza\/dopo-le-occasioni-perse-torneremo-a-piangere-sul-latte-versato\/\" \/>\n<meta property=\"og:locale\" content=\"it_IT\" \/>\n<meta property=\"og:type\" content=\"article\" \/>\n<meta property=\"og:title\" content=\"Dopo le occasioni perse, torneremo a piangere sul latte versato - Confagricoltura Piacenza\" \/>\n<meta property=\"og:description\" content=\"Lucchini: segnali preoccupanti per il comparto\" \/>\n<meta property=\"og:url\" content=\"https:\/\/www.confagricoltura.org\/piacenza\/dopo-le-occasioni-perse-torneremo-a-piangere-sul-latte-versato\/\" \/>\n<meta property=\"og:site_name\" content=\"Confagricoltura Piacenza\" \/>\n<meta property=\"article:published_time\" content=\"2023-04-11T08:15:00+00:00\" \/>\n<meta property=\"article:modified_time\" content=\"2023-04-12T08:17:04+00:00\" \/>\n<meta property=\"og:image\" content=\"https:\/\/www.confagricoltura.org\/piacenza\/wp-content\/uploads\/sites\/11\/2022\/01\/Alfredo-Lucchini-scaled.jpg\" \/>\n\t<meta property=\"og:image:width\" content=\"1920\" \/>\n\t<meta property=\"og:image:height\" content=\"2560\" \/>\n\t<meta property=\"og:image:type\" content=\"image\/jpeg\" \/>\n<meta name=\"author\" content=\"confagricolturapiacenza\" \/>\n<meta name=\"twitter:card\" content=\"summary_large_image\" \/>\n<meta name=\"twitter:label1\" content=\"Scritto da\" \/>\n\t<meta name=\"twitter:data1\" content=\"confagricolturapiacenza\" \/>\n\t<meta name=\"twitter:label2\" content=\"Tempo di lettura stimato\" \/>\n\t<meta name=\"twitter:data2\" content=\"4 minuti\" \/>\n<script type=\"application\/ld+json\" class=\"yoast-schema-graph\">{\"@context\":\"https:\/\/schema.org\",\"@graph\":[{\"@type\":\"Article\",\"@id\":\"https:\/\/www.confagricoltura.org\/piacenza\/dopo-le-occasioni-perse-torneremo-a-piangere-sul-latte-versato\/#article\",\"isPartOf\":{\"@id\":\"https:\/\/www.confagricoltura.org\/piacenza\/dopo-le-occasioni-perse-torneremo-a-piangere-sul-latte-versato\/\"},\"author\":{\"name\":\"confagricolturapiacenza\",\"@id\":\"https:\/\/www.confagricoltura.org\/piacenza\/#\/schema\/person\/be5da25a3117fea4b3bfec9dba09b5e8\"},\"headline\":\"Dopo le occasioni perse, torneremo a piangere sul latte versato\",\"datePublished\":\"2023-04-11T08:15:00+00:00\",\"dateModified\":\"2023-04-12T08:17:04+00:00\",\"mainEntityOfPage\":{\"@id\":\"https:\/\/www.confagricoltura.org\/piacenza\/dopo-le-occasioni-perse-torneremo-a-piangere-sul-latte-versato\/\"},\"wordCount\":860,\"image\":{\"@id\":\"https:\/\/www.confagricoltura.org\/piacenza\/dopo-le-occasioni-perse-torneremo-a-piangere-sul-latte-versato\/#primaryimage\"},\"thumbnailUrl\":\"https:\/\/www.confagricoltura.org\/piacenza\/wp-content\/uploads\/sites\/11\/2022\/01\/Alfredo-Lucchini-scaled.jpg\",\"keywords\":[\"LATTE\"],\"articleSection\":[\"News\",\"Settore lattiero-caseario\"],\"inLanguage\":\"it-IT\"},{\"@type\":\"WebPage\",\"@id\":\"https:\/\/www.confagricoltura.org\/piacenza\/dopo-le-occasioni-perse-torneremo-a-piangere-sul-latte-versato\/\",\"url\":\"https:\/\/www.confagricoltura.org\/piacenza\/dopo-le-occasioni-perse-torneremo-a-piangere-sul-latte-versato\/\",\"name\":\"Dopo le occasioni perse, torneremo a piangere sul latte versato - Confagricoltura Piacenza\",\"isPartOf\":{\"@id\":\"https:\/\/www.confagricoltura.org\/piacenza\/#website\"},\"primaryImageOfPage\":{\"@id\":\"https:\/\/www.confagricoltura.org\/piacenza\/dopo-le-occasioni-perse-torneremo-a-piangere-sul-latte-versato\/#primaryimage\"},\"image\":{\"@id\":\"https:\/\/www.confagricoltura.org\/piacenza\/dopo-le-occasioni-perse-torneremo-a-piangere-sul-latte-versato\/#primaryimage\"},\"thumbnailUrl\":\"https:\/\/www.confagricoltura.org\/piacenza\/wp-content\/uploads\/sites\/11\/2022\/01\/Alfredo-Lucchini-scaled.jpg\",\"datePublished\":\"2023-04-11T08:15:00+00:00\",\"dateModified\":\"2023-04-12T08:17:04+00:00\",\"author\":{\"@id\":\"https:\/\/www.confagricoltura.org\/piacenza\/#\/schema\/person\/be5da25a3117fea4b3bfec9dba09b5e8\"},\"breadcrumb\":{\"@id\":\"https:\/\/www.confagricoltura.org\/piacenza\/dopo-le-occasioni-perse-torneremo-a-piangere-sul-latte-versato\/#breadcrumb\"},\"inLanguage\":\"it-IT\",\"potentialAction\":[{\"@type\":\"ReadAction\",\"target\":[\"https:\/\/www.confagricoltura.org\/piacenza\/dopo-le-occasioni-perse-torneremo-a-piangere-sul-latte-versato\/\"]}]},{\"@type\":\"ImageObject\",\"inLanguage\":\"it-IT\",\"@id\":\"https:\/\/www.confagricoltura.org\/piacenza\/dopo-le-occasioni-perse-torneremo-a-piangere-sul-latte-versato\/#primaryimage\",\"url\":\"https:\/\/www.confagricoltura.org\/piacenza\/wp-content\/uploads\/sites\/11\/2022\/01\/Alfredo-Lucchini-scaled.jpg\",\"contentUrl\":\"https:\/\/www.confagricoltura.org\/piacenza\/wp-content\/uploads\/sites\/11\/2022\/01\/Alfredo-Lucchini-scaled.jpg\",\"width\":1920,\"height\":2560},{\"@type\":\"BreadcrumbList\",\"@id\":\"https:\/\/www.confagricoltura.org\/piacenza\/dopo-le-occasioni-perse-torneremo-a-piangere-sul-latte-versato\/#breadcrumb\",\"itemListElement\":[{\"@type\":\"ListItem\",\"position\":1,\"name\":\"Home\",\"item\":\"https:\/\/www.confagricoltura.org\/piacenza\/\"},{\"@type\":\"ListItem\",\"position\":2,\"name\":\"Dopo le occasioni perse, torneremo a piangere sul latte versato\"}]},{\"@type\":\"WebSite\",\"@id\":\"https:\/\/www.confagricoltura.org\/piacenza\/#website\",\"url\":\"https:\/\/www.confagricoltura.org\/piacenza\/\",\"name\":\"Confagricoltura Piacenza\",\"description\":\"Dalla parte degli Agricoltori\",\"potentialAction\":[{\"@type\":\"SearchAction\",\"target\":{\"@type\":\"EntryPoint\",\"urlTemplate\":\"https:\/\/www.confagricoltura.org\/piacenza\/?s={search_term_string}\"},\"query-input\":{\"@type\":\"PropertyValueSpecification\",\"valueRequired\":true,\"valueName\":\"search_term_string\"}}],\"inLanguage\":\"it-IT\"},{\"@type\":\"Person\",\"@id\":\"https:\/\/www.confagricoltura.org\/piacenza\/#\/schema\/person\/be5da25a3117fea4b3bfec9dba09b5e8\",\"name\":\"confagricolturapiacenza\",\"image\":{\"@type\":\"ImageObject\",\"inLanguage\":\"it-IT\",\"@id\":\"https:\/\/www.confagricoltura.org\/piacenza\/#\/schema\/person\/image\/\",\"url\":\"https:\/\/secure.gravatar.com\/avatar\/9c5f111e417171581853bd0a3ff892ca?s=96&d=mm&r=g\",\"contentUrl\":\"https:\/\/secure.gravatar.com\/avatar\/9c5f111e417171581853bd0a3ff892ca?s=96&d=mm&r=g\",\"caption\":\"confagricolturapiacenza\"},\"url\":\"https:\/\/www.confagricoltura.org\/piacenza\/author\/confagricolturapiacenza\/\"}]}<\/script>\n<!-- \/ Yoast SEO plugin. -->","yoast_head_json":{"title":"Dopo le occasioni perse, torneremo a piangere sul latte versato - Confagricoltura Piacenza","robots":{"index":"index","follow":"follow","max-snippet":"max-snippet:-1","max-image-preview":"max-image-preview:large","max-video-preview":"max-video-preview:-1"},"canonical":"https:\/\/www.confagricoltura.org\/piacenza\/dopo-le-occasioni-perse-torneremo-a-piangere-sul-latte-versato\/","og_locale":"it_IT","og_type":"article","og_title":"Dopo le occasioni perse, torneremo a piangere sul latte versato - Confagricoltura Piacenza","og_description":"Lucchini: segnali preoccupanti per il comparto","og_url":"https:\/\/www.confagricoltura.org\/piacenza\/dopo-le-occasioni-perse-torneremo-a-piangere-sul-latte-versato\/","og_site_name":"Confagricoltura Piacenza","article_published_time":"2023-04-11T08:15:00+00:00","article_modified_time":"2023-04-12T08:17:04+00:00","og_image":[{"width":1920,"height":2560,"url":"https:\/\/www.confagricoltura.org\/piacenza\/wp-content\/uploads\/sites\/11\/2022\/01\/Alfredo-Lucchini-scaled.jpg","type":"image\/jpeg"}],"author":"confagricolturapiacenza","twitter_card":"summary_large_image","twitter_misc":{"Scritto da":"confagricolturapiacenza","Tempo di lettura stimato":"4 minuti"},"schema":{"@context":"https:\/\/schema.org","@graph":[{"@type":"Article","@id":"https:\/\/www.confagricoltura.org\/piacenza\/dopo-le-occasioni-perse-torneremo-a-piangere-sul-latte-versato\/#article","isPartOf":{"@id":"https:\/\/www.confagricoltura.org\/piacenza\/dopo-le-occasioni-perse-torneremo-a-piangere-sul-latte-versato\/"},"author":{"name":"confagricolturapiacenza","@id":"https:\/\/www.confagricoltura.org\/piacenza\/#\/schema\/person\/be5da25a3117fea4b3bfec9dba09b5e8"},"headline":"Dopo le occasioni perse, torneremo a piangere sul latte versato","datePublished":"2023-04-11T08:15:00+00:00","dateModified":"2023-04-12T08:17:04+00:00","mainEntityOfPage":{"@id":"https:\/\/www.confagricoltura.org\/piacenza\/dopo-le-occasioni-perse-torneremo-a-piangere-sul-latte-versato\/"},"wordCount":860,"image":{"@id":"https:\/\/www.confagricoltura.org\/piacenza\/dopo-le-occasioni-perse-torneremo-a-piangere-sul-latte-versato\/#primaryimage"},"thumbnailUrl":"https:\/\/www.confagricoltura.org\/piacenza\/wp-content\/uploads\/sites\/11\/2022\/01\/Alfredo-Lucchini-scaled.jpg","keywords":["LATTE"],"articleSection":["News","Settore lattiero-caseario"],"inLanguage":"it-IT"},{"@type":"WebPage","@id":"https:\/\/www.confagricoltura.org\/piacenza\/dopo-le-occasioni-perse-torneremo-a-piangere-sul-latte-versato\/","url":"https:\/\/www.confagricoltura.org\/piacenza\/dopo-le-occasioni-perse-torneremo-a-piangere-sul-latte-versato\/","name":"Dopo le occasioni perse, torneremo a piangere sul latte versato - Confagricoltura Piacenza","isPartOf":{"@id":"https:\/\/www.confagricoltura.org\/piacenza\/#website"},"primaryImageOfPage":{"@id":"https:\/\/www.confagricoltura.org\/piacenza\/dopo-le-occasioni-perse-torneremo-a-piangere-sul-latte-versato\/#primaryimage"},"image":{"@id":"https:\/\/www.confagricoltura.org\/piacenza\/dopo-le-occasioni-perse-torneremo-a-piangere-sul-latte-versato\/#primaryimage"},"thumbnailUrl":"https:\/\/www.confagricoltura.org\/piacenza\/wp-content\/uploads\/sites\/11\/2022\/01\/Alfredo-Lucchini-scaled.jpg","datePublished":"2023-04-11T08:15:00+00:00","dateModified":"2023-04-12T08:17:04+00:00","author":{"@id":"https:\/\/www.confagricoltura.org\/piacenza\/#\/schema\/person\/be5da25a3117fea4b3bfec9dba09b5e8"},"breadcrumb":{"@id":"https:\/\/www.confagricoltura.org\/piacenza\/dopo-le-occasioni-perse-torneremo-a-piangere-sul-latte-versato\/#breadcrumb"},"inLanguage":"it-IT","potentialAction":[{"@type":"ReadAction","target":["https:\/\/www.confagricoltura.org\/piacenza\/dopo-le-occasioni-perse-torneremo-a-piangere-sul-latte-versato\/"]}]},{"@type":"ImageObject","inLanguage":"it-IT","@id":"https:\/\/www.confagricoltura.org\/piacenza\/dopo-le-occasioni-perse-torneremo-a-piangere-sul-latte-versato\/#primaryimage","url":"https:\/\/www.confagricoltura.org\/piacenza\/wp-content\/uploads\/sites\/11\/2022\/01\/Alfredo-Lucchini-scaled.jpg","contentUrl":"https:\/\/www.confagricoltura.org\/piacenza\/wp-content\/uploads\/sites\/11\/2022\/01\/Alfredo-Lucchini-scaled.jpg","width":1920,"height":2560},{"@type":"BreadcrumbList","@id":"https:\/\/www.confagricoltura.org\/piacenza\/dopo-le-occasioni-perse-torneremo-a-piangere-sul-latte-versato\/#breadcrumb","itemListElement":[{"@type":"ListItem","position":1,"name":"Home","item":"https:\/\/www.confagricoltura.org\/piacenza\/"},{"@type":"ListItem","position":2,"name":"Dopo le occasioni perse, torneremo a piangere sul latte versato"}]},{"@type":"WebSite","@id":"https:\/\/www.confagricoltura.org\/piacenza\/#website","url":"https:\/\/www.confagricoltura.org\/piacenza\/","name":"Confagricoltura Piacenza","description":"Dalla parte degli Agricoltori","potentialAction":[{"@type":"SearchAction","target":{"@type":"EntryPoint","urlTemplate":"https:\/\/www.confagricoltura.org\/piacenza\/?s={search_term_string}"},"query-input":{"@type":"PropertyValueSpecification","valueRequired":true,"valueName":"search_term_string"}}],"inLanguage":"it-IT"},{"@type":"Person","@id":"https:\/\/www.confagricoltura.org\/piacenza\/#\/schema\/person\/be5da25a3117fea4b3bfec9dba09b5e8","name":"confagricolturapiacenza","image":{"@type":"ImageObject","inLanguage":"it-IT","@id":"https:\/\/www.confagricoltura.org\/piacenza\/#\/schema\/person\/image\/","url":"https:\/\/secure.gravatar.com\/avatar\/9c5f111e417171581853bd0a3ff892ca?s=96&d=mm&r=g","contentUrl":"https:\/\/secure.gravatar.com\/avatar\/9c5f111e417171581853bd0a3ff892ca?s=96&d=mm&r=g","caption":"confagricolturapiacenza"},"url":"https:\/\/www.confagricoltura.org\/piacenza\/author\/confagricolturapiacenza\/"}]}},"_links":{"self":[{"href":"https:\/\/www.confagricoltura.org\/piacenza\/wp-json\/wp\/v2\/posts\/4139","targetHints":{"allow":["GET"]}}],"collection":[{"href":"https:\/\/www.confagricoltura.org\/piacenza\/wp-json\/wp\/v2\/posts"}],"about":[{"href":"https:\/\/www.confagricoltura.org\/piacenza\/wp-json\/wp\/v2\/types\/post"}],"author":[{"embeddable":true,"href":"https:\/\/www.confagricoltura.org\/piacenza\/wp-json\/wp\/v2\/users\/6"}],"replies":[{"embeddable":true,"href":"https:\/\/www.confagricoltura.org\/piacenza\/wp-json\/wp\/v2\/comments?post=4139"}],"version-history":[{"count":1,"href":"https:\/\/www.confagricoltura.org\/piacenza\/wp-json\/wp\/v2\/posts\/4139\/revisions"}],"predecessor-version":[{"id":4140,"href":"https:\/\/www.confagricoltura.org\/piacenza\/wp-json\/wp\/v2\/posts\/4139\/revisions\/4140"}],"wp:featuredmedia":[{"embeddable":true,"href":"https:\/\/www.confagricoltura.org\/piacenza\/wp-json\/wp\/v2\/media\/3589"}],"wp:attachment":[{"href":"https:\/\/www.confagricoltura.org\/piacenza\/wp-json\/wp\/v2\/media?parent=4139"}],"wp:term":[{"taxonomy":"category","embeddable":true,"href":"https:\/\/www.confagricoltura.org\/piacenza\/wp-json\/wp\/v2\/categories?post=4139"},{"taxonomy":"post_tag","embeddable":true,"href":"https:\/\/www.confagricoltura.org\/piacenza\/wp-json\/wp\/v2\/tags?post=4139"}],"curies":[{"name":"wp","href":"https:\/\/api.w.org\/{rel}","templated":true}]}}