{"id":4102,"date":"2023-03-10T09:58:00","date_gmt":"2023-03-10T08:58:00","guid":{"rendered":"https:\/\/www.confagricoltura.org\/piacenza\/?p=4102"},"modified":"2023-03-23T10:03:14","modified_gmt":"2023-03-23T09:03:14","slug":"confagricoltura-e-terrepadane-al-primo-forum-economico-italia-israele-con-benjamin-netanyahu-e-il-ministro-delle-imprese-e-del-made-in-italy","status":"publish","type":"post","link":"https:\/\/www.confagricoltura.org\/piacenza\/confagricoltura-e-terrepadane-al-primo-forum-economico-italia-israele-con-benjamin-netanyahu-e-il-ministro-delle-imprese-e-del-made-in-italy\/","title":{"rendered":"Confagricoltura e Terrepadane al primo forum economico Italia \u2013 Israele con Benjamin Netanyahu e il ministro delle Imprese e del Made in Italy"},"content":{"rendered":"\n<p>\u201cIl lavoro comune di scambio di conoscenze sul fronte dell\u2019agricoltura e dell\u2019innovazione rispetto alle sfide globali del cambiamento climatico e della sicurezza alimentare vedono Confagricoltura partner di primo piano nel dialogo con lo Stato di Israele\u201d.&nbsp;&nbsp; Lo ha dichiarato stamani il presidente della Confederazione, Massimiliano Giansanti, al Forum Economico alla presenza del Primo Ministro dello Stato d\u2019Israele, Benjamin Netanyahu e il ministro delle <a>Imprese e del Made in Italy, <\/a>Adolfo Urso. \u201cLa due-giorni a Napoli a maggio dello scorso anno, organizzata da Confagricoltura con l\u2019Ambasciata israeliana, il Comune di Napoli e l\u2019Universit\u00e0 Federico II &#8211; ha precisato &#8211;&nbsp; ha avvalorato questa solida collaborazione, sia a livello istituzionale, sia a livello imprenditoriale ed economico, che comprende anche visite bilaterali, partnership con il celebre centro di ricerca agricola israeliano Volcani Center e accordi con i maggiori player nel campo agri-tech perfettamente in linea con gli obiettivi della transizione ed energetica\u201d.<\/p>\n\n\n\n<p>La ricerca e l\u2019innovazione applicate all\u2019agricoltura costituiscono elementi essenziali per cogliere tali obiettivi. \u201cIl miglioramento genetico pu\u00f2 aumentare le rese, ridurre gli effetti del cambiamento climatico e aumentare la resistenza ai parassiti.&nbsp; \u2013 ha aggiunto Giansanti a margine dell\u2019incontro &#8211; L\u2019agricoltura di precisione pu\u00f2 aiutare a contenere i costi delle imprese agricole, riducendo le emissioni di gas climalterante e favorendo un migliore utilizzo delle risorse naturali. La tecnologia, infine, favorisce la produzione di energia da fonti rinnovabili aumentando l\u2019autoapprovvigionamento e riducendo la dipendenza\u201d.<\/p>\n\n\n\n<p>\u201cUn partner di eccezione per favorire tale cambiamento \u00e8 sicuramente Israele. Questo Paese \u2013 ha affermato Giansanti &#8211; sin dalla sua nascita, anche per le condizioni naturali in cui si trova, ha deciso di investire tantissimo nelle tecnologie applicate alla produzione agricola. Le nostre imprese credono moltissimo in questo ponte ideale tra Roma e Tel Aviv, perch\u00e9 rafforza la food security globale a anche la capacit\u00e0 produttiva delle stesse aziende\u201d.<\/p>\n\n\n\n<p>E doppia soddisfazione la esprime Confagricoltura Piacenza che da sempre associa aziende moderne e competitive e che al forum ha visto partecipe sia il proprio presidente nazionale, Massimiliano Giansanti, che il presidente del Consorzio Terrepadane, Marco Crotti. Parole di plauso da parte del presidente di Confagricoltura Piacenza che in merito sottolinea: &#8220;una partecipazione che ci riempie di orgoglio perch\u00e9 comprova e sottolinea il valore delle imprese associate a Confagricoltura e anche di quelle del Consorzio Terrepadane, solida realt\u00e0 territoriale in grado di relazionarsi con interlocutori del settore a livello internazionale grazie al know how, ai servizi e alle attrezzature che&nbsp; offre agli agricoltori Piacentini da cui riceve a sua volta forza economica e non solo. Sia questa l&#8217;occasione per ribadire il valore di Terrepadane e l&#8217;importanza di mantenere questa struttura solidamente legata al suo territorio, al servizio delle imprese pi\u00f9 evolute, perch\u00e9 con l&#8217;agricoltura locale \u00e8 un tutt&#8217;uno che si fortifica reciprocamente\u201d.<\/p>\n","protected":false},"excerpt":{"rendered":"<p>Gasparini: per Confagricoltura Piacenza una doppia soddisfazione<\/p>\n","protected":false},"author":6,"featured_media":4103,"comment_status":"closed","ping_status":"closed","sticky":false,"template":"","format":"standard","meta":{"wp_mapbox_gl_js_media":[],"footnotes":""},"categories":[21,4],"tags":[293],"class_list":["post-4102","post","type-post","status-publish","format-standard","has-post-thumbnail","hentry","category-eventi","category-news","tag-terrepadane"],"yoast_head":"<!-- This site is optimized with the Yoast SEO plugin v26.8 - https:\/\/yoast.com\/product\/yoast-seo-wordpress\/ -->\n<title>Confagricoltura e Terrepadane al primo forum economico Italia \u2013 Israele con Benjamin Netanyahu e il ministro delle Imprese e del Made in Italy - Confagricoltura Piacenza<\/title>\n<meta name=\"robots\" content=\"index, follow, max-snippet:-1, max-image-preview:large, max-video-preview:-1\" \/>\n<link rel=\"canonical\" href=\"https:\/\/www.confagricoltura.org\/piacenza\/confagricoltura-e-terrepadane-al-primo-forum-economico-italia-israele-con-benjamin-netanyahu-e-il-ministro-delle-imprese-e-del-made-in-italy\/\" \/>\n<meta property=\"og:locale\" content=\"it_IT\" \/>\n<meta property=\"og:type\" content=\"article\" \/>\n<meta property=\"og:title\" content=\"Confagricoltura e Terrepadane al primo forum economico Italia \u2013 Israele con Benjamin Netanyahu e il ministro delle Imprese e del Made in Italy - Confagricoltura Piacenza\" \/>\n<meta property=\"og:description\" content=\"Gasparini: per Confagricoltura Piacenza una doppia soddisfazione\" \/>\n<meta property=\"og:url\" content=\"https:\/\/www.confagricoltura.org\/piacenza\/confagricoltura-e-terrepadane-al-primo-forum-economico-italia-israele-con-benjamin-netanyahu-e-il-ministro-delle-imprese-e-del-made-in-italy\/\" \/>\n<meta property=\"og:site_name\" content=\"Confagricoltura Piacenza\" \/>\n<meta property=\"article:published_time\" content=\"2023-03-10T08:58:00+00:00\" \/>\n<meta property=\"article:modified_time\" content=\"2023-03-23T09:03:14+00:00\" \/>\n<meta property=\"og:image\" content=\"https:\/\/www.confagricoltura.org\/piacenza\/wp-content\/uploads\/sites\/11\/2023\/03\/forum-economico.jpg\" \/>\n\t<meta property=\"og:image:width\" content=\"900\" \/>\n\t<meta property=\"og:image:height\" content=\"506\" \/>\n\t<meta property=\"og:image:type\" content=\"image\/jpeg\" \/>\n<meta name=\"author\" content=\"confagricolturapiacenza\" \/>\n<meta name=\"twitter:card\" content=\"summary_large_image\" \/>\n<meta name=\"twitter:label1\" content=\"Scritto da\" \/>\n\t<meta name=\"twitter:data1\" content=\"confagricolturapiacenza\" \/>\n\t<meta name=\"twitter:label2\" content=\"Tempo di lettura stimato\" \/>\n\t<meta name=\"twitter:data2\" content=\"2 minuti\" \/>\n<script type=\"application\/ld+json\" class=\"yoast-schema-graph\">{\"@context\":\"https:\/\/schema.org\",\"@graph\":[{\"@type\":\"Article\",\"@id\":\"https:\/\/www.confagricoltura.org\/piacenza\/confagricoltura-e-terrepadane-al-primo-forum-economico-italia-israele-con-benjamin-netanyahu-e-il-ministro-delle-imprese-e-del-made-in-italy\/#article\",\"isPartOf\":{\"@id\":\"https:\/\/www.confagricoltura.org\/piacenza\/confagricoltura-e-terrepadane-al-primo-forum-economico-italia-israele-con-benjamin-netanyahu-e-il-ministro-delle-imprese-e-del-made-in-italy\/\"},\"author\":{\"name\":\"confagricolturapiacenza\",\"@id\":\"https:\/\/www.confagricoltura.org\/piacenza\/#\/schema\/person\/be5da25a3117fea4b3bfec9dba09b5e8\"},\"headline\":\"Confagricoltura e Terrepadane al primo forum economico Italia \u2013 Israele con Benjamin Netanyahu e il ministro delle Imprese e del Made in Italy\",\"datePublished\":\"2023-03-10T08:58:00+00:00\",\"dateModified\":\"2023-03-23T09:03:14+00:00\",\"mainEntityOfPage\":{\"@id\":\"https:\/\/www.confagricoltura.org\/piacenza\/confagricoltura-e-terrepadane-al-primo-forum-economico-italia-israele-con-benjamin-netanyahu-e-il-ministro-delle-imprese-e-del-made-in-italy\/\"},\"wordCount\":490,\"image\":{\"@id\":\"https:\/\/www.confagricoltura.org\/piacenza\/confagricoltura-e-terrepadane-al-primo-forum-economico-italia-israele-con-benjamin-netanyahu-e-il-ministro-delle-imprese-e-del-made-in-italy\/#primaryimage\"},\"thumbnailUrl\":\"https:\/\/www.confagricoltura.org\/piacenza\/wp-content\/uploads\/sites\/11\/2023\/03\/forum-economico.jpg\",\"keywords\":[\"TERREPADANE\"],\"articleSection\":[\"Eventi\",\"News\"],\"inLanguage\":\"it-IT\"},{\"@type\":\"WebPage\",\"@id\":\"https:\/\/www.confagricoltura.org\/piacenza\/confagricoltura-e-terrepadane-al-primo-forum-economico-italia-israele-con-benjamin-netanyahu-e-il-ministro-delle-imprese-e-del-made-in-italy\/\",\"url\":\"https:\/\/www.confagricoltura.org\/piacenza\/confagricoltura-e-terrepadane-al-primo-forum-economico-italia-israele-con-benjamin-netanyahu-e-il-ministro-delle-imprese-e-del-made-in-italy\/\",\"name\":\"Confagricoltura e Terrepadane al primo forum economico Italia \u2013 Israele con Benjamin Netanyahu e il ministro delle Imprese e del Made in Italy - Confagricoltura Piacenza\",\"isPartOf\":{\"@id\":\"https:\/\/www.confagricoltura.org\/piacenza\/#website\"},\"primaryImageOfPage\":{\"@id\":\"https:\/\/www.confagricoltura.org\/piacenza\/confagricoltura-e-terrepadane-al-primo-forum-economico-italia-israele-con-benjamin-netanyahu-e-il-ministro-delle-imprese-e-del-made-in-italy\/#primaryimage\"},\"image\":{\"@id\":\"https:\/\/www.confagricoltura.org\/piacenza\/confagricoltura-e-terrepadane-al-primo-forum-economico-italia-israele-con-benjamin-netanyahu-e-il-ministro-delle-imprese-e-del-made-in-italy\/#primaryimage\"},\"thumbnailUrl\":\"https:\/\/www.confagricoltura.org\/piacenza\/wp-content\/uploads\/sites\/11\/2023\/03\/forum-economico.jpg\",\"datePublished\":\"2023-03-10T08:58:00+00:00\",\"dateModified\":\"2023-03-23T09:03:14+00:00\",\"author\":{\"@id\":\"https:\/\/www.confagricoltura.org\/piacenza\/#\/schema\/person\/be5da25a3117fea4b3bfec9dba09b5e8\"},\"breadcrumb\":{\"@id\":\"https:\/\/www.confagricoltura.org\/piacenza\/confagricoltura-e-terrepadane-al-primo-forum-economico-italia-israele-con-benjamin-netanyahu-e-il-ministro-delle-imprese-e-del-made-in-italy\/#breadcrumb\"},\"inLanguage\":\"it-IT\",\"potentialAction\":[{\"@type\":\"ReadAction\",\"target\":[\"https:\/\/www.confagricoltura.org\/piacenza\/confagricoltura-e-terrepadane-al-primo-forum-economico-italia-israele-con-benjamin-netanyahu-e-il-ministro-delle-imprese-e-del-made-in-italy\/\"]}]},{\"@type\":\"ImageObject\",\"inLanguage\":\"it-IT\",\"@id\":\"https:\/\/www.confagricoltura.org\/piacenza\/confagricoltura-e-terrepadane-al-primo-forum-economico-italia-israele-con-benjamin-netanyahu-e-il-ministro-delle-imprese-e-del-made-in-italy\/#primaryimage\",\"url\":\"https:\/\/www.confagricoltura.org\/piacenza\/wp-content\/uploads\/sites\/11\/2023\/03\/forum-economico.jpg\",\"contentUrl\":\"https:\/\/www.confagricoltura.org\/piacenza\/wp-content\/uploads\/sites\/11\/2023\/03\/forum-economico.jpg\",\"width\":900,\"height\":506},{\"@type\":\"BreadcrumbList\",\"@id\":\"https:\/\/www.confagricoltura.org\/piacenza\/confagricoltura-e-terrepadane-al-primo-forum-economico-italia-israele-con-benjamin-netanyahu-e-il-ministro-delle-imprese-e-del-made-in-italy\/#breadcrumb\",\"itemListElement\":[{\"@type\":\"ListItem\",\"position\":1,\"name\":\"Home\",\"item\":\"https:\/\/www.confagricoltura.org\/piacenza\/\"},{\"@type\":\"ListItem\",\"position\":2,\"name\":\"Confagricoltura e Terrepadane al primo forum economico Italia \u2013 Israele con Benjamin Netanyahu e il ministro delle Imprese e del Made in Italy\"}]},{\"@type\":\"WebSite\",\"@id\":\"https:\/\/www.confagricoltura.org\/piacenza\/#website\",\"url\":\"https:\/\/www.confagricoltura.org\/piacenza\/\",\"name\":\"Confagricoltura Piacenza\",\"description\":\"Dalla parte degli Agricoltori\",\"potentialAction\":[{\"@type\":\"SearchAction\",\"target\":{\"@type\":\"EntryPoint\",\"urlTemplate\":\"https:\/\/www.confagricoltura.org\/piacenza\/?s={search_term_string}\"},\"query-input\":{\"@type\":\"PropertyValueSpecification\",\"valueRequired\":true,\"valueName\":\"search_term_string\"}}],\"inLanguage\":\"it-IT\"},{\"@type\":\"Person\",\"@id\":\"https:\/\/www.confagricoltura.org\/piacenza\/#\/schema\/person\/be5da25a3117fea4b3bfec9dba09b5e8\",\"name\":\"confagricolturapiacenza\",\"image\":{\"@type\":\"ImageObject\",\"inLanguage\":\"it-IT\",\"@id\":\"https:\/\/www.confagricoltura.org\/piacenza\/#\/schema\/person\/image\/\",\"url\":\"https:\/\/secure.gravatar.com\/avatar\/9c5f111e417171581853bd0a3ff892ca?s=96&d=mm&r=g\",\"contentUrl\":\"https:\/\/secure.gravatar.com\/avatar\/9c5f111e417171581853bd0a3ff892ca?s=96&d=mm&r=g\",\"caption\":\"confagricolturapiacenza\"},\"url\":\"https:\/\/www.confagricoltura.org\/piacenza\/author\/confagricolturapiacenza\/\"}]}<\/script>\n<!-- \/ Yoast SEO plugin. -->","yoast_head_json":{"title":"Confagricoltura e Terrepadane al primo forum economico Italia \u2013 Israele con Benjamin Netanyahu e il ministro delle Imprese e del Made in Italy - Confagricoltura Piacenza","robots":{"index":"index","follow":"follow","max-snippet":"max-snippet:-1","max-image-preview":"max-image-preview:large","max-video-preview":"max-video-preview:-1"},"canonical":"https:\/\/www.confagricoltura.org\/piacenza\/confagricoltura-e-terrepadane-al-primo-forum-economico-italia-israele-con-benjamin-netanyahu-e-il-ministro-delle-imprese-e-del-made-in-italy\/","og_locale":"it_IT","og_type":"article","og_title":"Confagricoltura e Terrepadane al primo forum economico Italia \u2013 Israele con Benjamin Netanyahu e il ministro delle Imprese e del Made in Italy - Confagricoltura Piacenza","og_description":"Gasparini: per Confagricoltura Piacenza una doppia soddisfazione","og_url":"https:\/\/www.confagricoltura.org\/piacenza\/confagricoltura-e-terrepadane-al-primo-forum-economico-italia-israele-con-benjamin-netanyahu-e-il-ministro-delle-imprese-e-del-made-in-italy\/","og_site_name":"Confagricoltura Piacenza","article_published_time":"2023-03-10T08:58:00+00:00","article_modified_time":"2023-03-23T09:03:14+00:00","og_image":[{"width":900,"height":506,"url":"https:\/\/www.confagricoltura.org\/piacenza\/wp-content\/uploads\/sites\/11\/2023\/03\/forum-economico.jpg","type":"image\/jpeg"}],"author":"confagricolturapiacenza","twitter_card":"summary_large_image","twitter_misc":{"Scritto da":"confagricolturapiacenza","Tempo di lettura stimato":"2 minuti"},"schema":{"@context":"https:\/\/schema.org","@graph":[{"@type":"Article","@id":"https:\/\/www.confagricoltura.org\/piacenza\/confagricoltura-e-terrepadane-al-primo-forum-economico-italia-israele-con-benjamin-netanyahu-e-il-ministro-delle-imprese-e-del-made-in-italy\/#article","isPartOf":{"@id":"https:\/\/www.confagricoltura.org\/piacenza\/confagricoltura-e-terrepadane-al-primo-forum-economico-italia-israele-con-benjamin-netanyahu-e-il-ministro-delle-imprese-e-del-made-in-italy\/"},"author":{"name":"confagricolturapiacenza","@id":"https:\/\/www.confagricoltura.org\/piacenza\/#\/schema\/person\/be5da25a3117fea4b3bfec9dba09b5e8"},"headline":"Confagricoltura e Terrepadane al primo forum economico Italia \u2013 Israele con Benjamin Netanyahu e il ministro delle Imprese e del Made in Italy","datePublished":"2023-03-10T08:58:00+00:00","dateModified":"2023-03-23T09:03:14+00:00","mainEntityOfPage":{"@id":"https:\/\/www.confagricoltura.org\/piacenza\/confagricoltura-e-terrepadane-al-primo-forum-economico-italia-israele-con-benjamin-netanyahu-e-il-ministro-delle-imprese-e-del-made-in-italy\/"},"wordCount":490,"image":{"@id":"https:\/\/www.confagricoltura.org\/piacenza\/confagricoltura-e-terrepadane-al-primo-forum-economico-italia-israele-con-benjamin-netanyahu-e-il-ministro-delle-imprese-e-del-made-in-italy\/#primaryimage"},"thumbnailUrl":"https:\/\/www.confagricoltura.org\/piacenza\/wp-content\/uploads\/sites\/11\/2023\/03\/forum-economico.jpg","keywords":["TERREPADANE"],"articleSection":["Eventi","News"],"inLanguage":"it-IT"},{"@type":"WebPage","@id":"https:\/\/www.confagricoltura.org\/piacenza\/confagricoltura-e-terrepadane-al-primo-forum-economico-italia-israele-con-benjamin-netanyahu-e-il-ministro-delle-imprese-e-del-made-in-italy\/","url":"https:\/\/www.confagricoltura.org\/piacenza\/confagricoltura-e-terrepadane-al-primo-forum-economico-italia-israele-con-benjamin-netanyahu-e-il-ministro-delle-imprese-e-del-made-in-italy\/","name":"Confagricoltura e Terrepadane al primo forum economico Italia \u2013 Israele con Benjamin Netanyahu e il ministro delle Imprese e del Made in Italy - Confagricoltura Piacenza","isPartOf":{"@id":"https:\/\/www.confagricoltura.org\/piacenza\/#website"},"primaryImageOfPage":{"@id":"https:\/\/www.confagricoltura.org\/piacenza\/confagricoltura-e-terrepadane-al-primo-forum-economico-italia-israele-con-benjamin-netanyahu-e-il-ministro-delle-imprese-e-del-made-in-italy\/#primaryimage"},"image":{"@id":"https:\/\/www.confagricoltura.org\/piacenza\/confagricoltura-e-terrepadane-al-primo-forum-economico-italia-israele-con-benjamin-netanyahu-e-il-ministro-delle-imprese-e-del-made-in-italy\/#primaryimage"},"thumbnailUrl":"https:\/\/www.confagricoltura.org\/piacenza\/wp-content\/uploads\/sites\/11\/2023\/03\/forum-economico.jpg","datePublished":"2023-03-10T08:58:00+00:00","dateModified":"2023-03-23T09:03:14+00:00","author":{"@id":"https:\/\/www.confagricoltura.org\/piacenza\/#\/schema\/person\/be5da25a3117fea4b3bfec9dba09b5e8"},"breadcrumb":{"@id":"https:\/\/www.confagricoltura.org\/piacenza\/confagricoltura-e-terrepadane-al-primo-forum-economico-italia-israele-con-benjamin-netanyahu-e-il-ministro-delle-imprese-e-del-made-in-italy\/#breadcrumb"},"inLanguage":"it-IT","potentialAction":[{"@type":"ReadAction","target":["https:\/\/www.confagricoltura.org\/piacenza\/confagricoltura-e-terrepadane-al-primo-forum-economico-italia-israele-con-benjamin-netanyahu-e-il-ministro-delle-imprese-e-del-made-in-italy\/"]}]},{"@type":"ImageObject","inLanguage":"it-IT","@id":"https:\/\/www.confagricoltura.org\/piacenza\/confagricoltura-e-terrepadane-al-primo-forum-economico-italia-israele-con-benjamin-netanyahu-e-il-ministro-delle-imprese-e-del-made-in-italy\/#primaryimage","url":"https:\/\/www.confagricoltura.org\/piacenza\/wp-content\/uploads\/sites\/11\/2023\/03\/forum-economico.jpg","contentUrl":"https:\/\/www.confagricoltura.org\/piacenza\/wp-content\/uploads\/sites\/11\/2023\/03\/forum-economico.jpg","width":900,"height":506},{"@type":"BreadcrumbList","@id":"https:\/\/www.confagricoltura.org\/piacenza\/confagricoltura-e-terrepadane-al-primo-forum-economico-italia-israele-con-benjamin-netanyahu-e-il-ministro-delle-imprese-e-del-made-in-italy\/#breadcrumb","itemListElement":[{"@type":"ListItem","position":1,"name":"Home","item":"https:\/\/www.confagricoltura.org\/piacenza\/"},{"@type":"ListItem","position":2,"name":"Confagricoltura e Terrepadane al primo forum economico Italia \u2013 Israele con Benjamin Netanyahu e il ministro delle Imprese e del Made in Italy"}]},{"@type":"WebSite","@id":"https:\/\/www.confagricoltura.org\/piacenza\/#website","url":"https:\/\/www.confagricoltura.org\/piacenza\/","name":"Confagricoltura Piacenza","description":"Dalla parte degli Agricoltori","potentialAction":[{"@type":"SearchAction","target":{"@type":"EntryPoint","urlTemplate":"https:\/\/www.confagricoltura.org\/piacenza\/?s={search_term_string}"},"query-input":{"@type":"PropertyValueSpecification","valueRequired":true,"valueName":"search_term_string"}}],"inLanguage":"it-IT"},{"@type":"Person","@id":"https:\/\/www.confagricoltura.org\/piacenza\/#\/schema\/person\/be5da25a3117fea4b3bfec9dba09b5e8","name":"confagricolturapiacenza","image":{"@type":"ImageObject","inLanguage":"it-IT","@id":"https:\/\/www.confagricoltura.org\/piacenza\/#\/schema\/person\/image\/","url":"https:\/\/secure.gravatar.com\/avatar\/9c5f111e417171581853bd0a3ff892ca?s=96&d=mm&r=g","contentUrl":"https:\/\/secure.gravatar.com\/avatar\/9c5f111e417171581853bd0a3ff892ca?s=96&d=mm&r=g","caption":"confagricolturapiacenza"},"url":"https:\/\/www.confagricoltura.org\/piacenza\/author\/confagricolturapiacenza\/"}]}},"_links":{"self":[{"href":"https:\/\/www.confagricoltura.org\/piacenza\/wp-json\/wp\/v2\/posts\/4102","targetHints":{"allow":["GET"]}}],"collection":[{"href":"https:\/\/www.confagricoltura.org\/piacenza\/wp-json\/wp\/v2\/posts"}],"about":[{"href":"https:\/\/www.confagricoltura.org\/piacenza\/wp-json\/wp\/v2\/types\/post"}],"author":[{"embeddable":true,"href":"https:\/\/www.confagricoltura.org\/piacenza\/wp-json\/wp\/v2\/users\/6"}],"replies":[{"embeddable":true,"href":"https:\/\/www.confagricoltura.org\/piacenza\/wp-json\/wp\/v2\/comments?post=4102"}],"version-history":[{"count":1,"href":"https:\/\/www.confagricoltura.org\/piacenza\/wp-json\/wp\/v2\/posts\/4102\/revisions"}],"predecessor-version":[{"id":4104,"href":"https:\/\/www.confagricoltura.org\/piacenza\/wp-json\/wp\/v2\/posts\/4102\/revisions\/4104"}],"wp:featuredmedia":[{"embeddable":true,"href":"https:\/\/www.confagricoltura.org\/piacenza\/wp-json\/wp\/v2\/media\/4103"}],"wp:attachment":[{"href":"https:\/\/www.confagricoltura.org\/piacenza\/wp-json\/wp\/v2\/media?parent=4102"}],"wp:term":[{"taxonomy":"category","embeddable":true,"href":"https:\/\/www.confagricoltura.org\/piacenza\/wp-json\/wp\/v2\/categories?post=4102"},{"taxonomy":"post_tag","embeddable":true,"href":"https:\/\/www.confagricoltura.org\/piacenza\/wp-json\/wp\/v2\/tags?post=4102"}],"curies":[{"name":"wp","href":"https:\/\/api.w.org\/{rel}","templated":true}]}}