{"id":4061,"date":"2023-01-25T14:41:00","date_gmt":"2023-01-25T13:41:00","guid":{"rendered":"https:\/\/www.confagricoltura.org\/piacenza\/?p=4061"},"modified":"2023-01-31T14:45:01","modified_gmt":"2023-01-31T13:45:01","slug":"pomodoro-da-industria-troppi-rischi-per-i-produttori","status":"publish","type":"post","link":"https:\/\/www.confagricoltura.org\/piacenza\/pomodoro-da-industria-troppi-rischi-per-i-produttori\/","title":{"rendered":"Pomodoro da industria: troppi rischi per i produttori"},"content":{"rendered":"\n<p>La trattativa per l\u2019accordo quadro del pomodoro da industria \u00e8 in fase di stallo. Il prodotto italiano viene esportato per il 60% ed \u00e8 riconosciuto su scala mondiale come \u201ctop quality\u201d, ma questa eccellenza parte da una coltura molto impegnativa in campo, sotto tutti i punti di vista, per la competenza e la cura che richiede, per i macchinari e la tecnologia che impiega e per i fattori produttivi il cui costo \u00e8 aumentato esponenzialmente. In questo contesto Confagricoltura Piacenza invita alla prudenza e alla programmazione ferrea, valutando, se non dovessero arrivare prospettive chiare di remunerazione, altre colture meno rischiose e impegnative e che nelle ultime campagne hanno comunque avuto una buona remunerazione, mais in primis.<\/p>\n\n\n\n<p>\u201cSenza certezze \u2013 evidenzia Filippo Gasparini, presidente di Confagricoltura Piacenza \u2013 con i rischi della coltura posti in capo solo ai produttori, chi ha anche altri indirizzi aziendali, come l\u2019allevamento, ha tutto l\u2019interesse a seminare foraggio cos\u00ec come ci sono alternative interessanti anche per le aziende prettamente vocate alla coltivazione del pomodoro. Il mondo della trasformazione e quello dei consumi hanno sino ad oggi beneficiato della sicurezza del prodotto, ma non \u00e8 pi\u00f9 possibile addossare il rischio solo agli agricoltori che devono fare fronte agli attacchi patogeni e alle bizze del meteo con armi sempre pi\u00f9 spuntate, con l\u2019Europa che mira al taglio lineare degli agrofarmaci senza considerare l\u2019uso estremamente razionale che gli elevati standard produttivi gi\u00e0 garantiscono. In generale, con la stessa Europa che punta al disimpegno dal sostegno ai nostri settori agricoli pi\u00f9 competitivi\u201d. C\u2019\u00e8 poi il problema enorme della risorsa idrica. Il pomodoro ha costi di produzione altissimi legati all\u2019irrigazione. \u201cIl vero problema \u00e8 l\u2019impossibilit\u00e0 di programmare le produzioni senza avere la garanzia della disponibilit\u00e0 d\u2019acqua \u2013 sottolinea Gasparini &#8211; con le prospettive di siccit\u00e0 che gi\u00e0 si delineano e con l\u2019aggravante che le infrastrutture che da tempo chiediamo per garantire lo stoccaggio non hanno la prospettiva di essere autorizzate. Va aggiunto che nel nostro paese alcuni costi di produzione sono gi\u00e0 di per s\u00e9 superiori rispetto ai competitor, come i costi di trasporto e quello dell\u2019energia e questo ci accomuna con l\u2019industria, ma fare agricoltura in Italia sta diventando impossibile a 360\u00b0, tant\u2019\u00e8 che la Spagna ha avuto un Piano agricolo con il favore del governo e noi abbiamo solo ostacoli\u201d.<\/p>\n\n\n\n<p>Gli agricoltori riescono a garantire una grandissima qualit\u00e0 della materia prima che \u00e8 riconosciuta dal mercato dei prodotti lavorati. \u201cIl valore del trasformato viene soprattutto dal valore della materia prima &#8211; rimarca Gasparini \u2013 non \u00e8 pi\u00f9 possibile che il maggior punto di rischio sia in capo agli agricoltori. Al giorno d\u2019oggi \u00e8 davvero troppo pericoloso pensare di piantare pomodoro da industria, sia per quanto riguarda la disponibilit\u00e0 d\u2019acqua, sia per i rischi connaturati alle colture tardive e precoci. Data la grande variabilit\u00e0 degli elementi, servono garanzie di remunerativit\u00e0. Nel dubbio, il consiglio \u00e8 quello di limitare le produzioni. L\u2019incremento segnato dai prezzi di vendita dei trasformati di pomodoro deve essere ridistribuito lungo la filiera e ne devono beneficiare anche gli agricoltori che fino ad oggi sono accontentati di coprire i costi di produzione.&nbsp; O si riesce a rendere pi\u00f9 sicura questa coltivazione o con queste incertezze sconsigliamo di programmare le semine, per la salute dei bilanci delle aziende. Non \u00e8 pi\u00f9 tempo, poi, di sottoscrivere un accordo quadro che ricomprenda tabelle qualitative che si sono rivelate negli anni prevalentemente uno strumento aleatorio, senza un\u2019adeguata base oggettiva. La maturit\u00e0 raggiunta dal comparto impone che vengano superate. Occorre uno sforzo da parte della trasformazione, perch\u00e9 senza materia prima l\u2019industria si troverebbe a lasciar vuoti spazi di mercato che sarebbero immediatamente occupati da qualcun altro\u201d. Al grido d\u2019allarme degli agricoltori di fronte ad una campagna senza alcuna certezza se non quella dei costi Gasparini aggiunge: \u201cLo strumento in mano agli agricoltori \u00e8 la programmazione ferrea e un accordo chiaro. \u00c8 fondamentale agire seguendo le indicazioni e la programmazione delle organizzazioni dei produttori. Non c\u2019\u00e8 dignit\u00e0 \u2013 conclude Gasparini \u2013 nella formazione del prezzo se non attraverso un forte possesso di una saggia programmazione delle superfici da parte di tutto il sistema delle organizzazioni dei produttori e di tutti gli agricoltori associati\u201d.<\/p>\n","protected":false},"excerpt":{"rendered":"<p>Confagricoltura Piacenza: senza certezze, valutare colture alternative<\/p>\n","protected":false},"author":6,"featured_media":4062,"comment_status":"closed","ping_status":"closed","sticky":false,"template":"","format":"standard","meta":{"wp_mapbox_gl_js_media":[],"footnotes":""},"categories":[4,343],"tags":[506],"class_list":["post-4061","post","type-post","status-publish","format-standard","has-post-thumbnail","hentry","category-news","category-settore-pomodoro-da-industria","tag-pomodoro-rischi"],"yoast_head":"<!-- This site is optimized with the Yoast SEO plugin v26.8 - https:\/\/yoast.com\/product\/yoast-seo-wordpress\/ -->\n<title>Pomodoro da industria: troppi rischi per i produttori - Confagricoltura Piacenza<\/title>\n<meta name=\"robots\" content=\"index, follow, max-snippet:-1, max-image-preview:large, max-video-preview:-1\" \/>\n<link rel=\"canonical\" href=\"https:\/\/www.confagricoltura.org\/piacenza\/pomodoro-da-industria-troppi-rischi-per-i-produttori\/\" \/>\n<meta property=\"og:locale\" content=\"it_IT\" \/>\n<meta property=\"og:type\" content=\"article\" \/>\n<meta property=\"og:title\" content=\"Pomodoro da industria: troppi rischi per i produttori - Confagricoltura Piacenza\" \/>\n<meta property=\"og:description\" content=\"Confagricoltura Piacenza: senza certezze, valutare colture alternative\" \/>\n<meta property=\"og:url\" content=\"https:\/\/www.confagricoltura.org\/piacenza\/pomodoro-da-industria-troppi-rischi-per-i-produttori\/\" \/>\n<meta property=\"og:site_name\" content=\"Confagricoltura Piacenza\" \/>\n<meta property=\"article:published_time\" content=\"2023-01-25T13:41:00+00:00\" \/>\n<meta property=\"article:modified_time\" content=\"2023-01-31T13:45:01+00:00\" \/>\n<meta property=\"og:image\" content=\"https:\/\/www.confagricoltura.org\/piacenza\/wp-content\/uploads\/sites\/11\/2023\/01\/11-07-22-Gasparini.jpg\" \/>\n\t<meta property=\"og:image:width\" content=\"1654\" \/>\n\t<meta property=\"og:image:height\" content=\"2315\" \/>\n\t<meta property=\"og:image:type\" content=\"image\/jpeg\" \/>\n<meta name=\"author\" content=\"confagricolturapiacenza\" \/>\n<meta name=\"twitter:card\" content=\"summary_large_image\" \/>\n<meta name=\"twitter:label1\" content=\"Scritto da\" \/>\n\t<meta name=\"twitter:data1\" content=\"confagricolturapiacenza\" \/>\n\t<meta name=\"twitter:label2\" content=\"Tempo di lettura stimato\" \/>\n\t<meta name=\"twitter:data2\" content=\"3 minuti\" \/>\n<script type=\"application\/ld+json\" class=\"yoast-schema-graph\">{\"@context\":\"https:\/\/schema.org\",\"@graph\":[{\"@type\":\"Article\",\"@id\":\"https:\/\/www.confagricoltura.org\/piacenza\/pomodoro-da-industria-troppi-rischi-per-i-produttori\/#article\",\"isPartOf\":{\"@id\":\"https:\/\/www.confagricoltura.org\/piacenza\/pomodoro-da-industria-troppi-rischi-per-i-produttori\/\"},\"author\":{\"name\":\"confagricolturapiacenza\",\"@id\":\"https:\/\/www.confagricoltura.org\/piacenza\/#\/schema\/person\/be5da25a3117fea4b3bfec9dba09b5e8\"},\"headline\":\"Pomodoro da industria: troppi rischi per i produttori\",\"datePublished\":\"2023-01-25T13:41:00+00:00\",\"dateModified\":\"2023-01-31T13:45:01+00:00\",\"mainEntityOfPage\":{\"@id\":\"https:\/\/www.confagricoltura.org\/piacenza\/pomodoro-da-industria-troppi-rischi-per-i-produttori\/\"},\"wordCount\":696,\"image\":{\"@id\":\"https:\/\/www.confagricoltura.org\/piacenza\/pomodoro-da-industria-troppi-rischi-per-i-produttori\/#primaryimage\"},\"thumbnailUrl\":\"https:\/\/www.confagricoltura.org\/piacenza\/wp-content\/uploads\/sites\/11\/2023\/01\/11-07-22-Gasparini.jpg\",\"keywords\":[\"POMODORO RISCHI\"],\"articleSection\":[\"News\",\"Settore Pomodoro da industria\"],\"inLanguage\":\"it-IT\"},{\"@type\":\"WebPage\",\"@id\":\"https:\/\/www.confagricoltura.org\/piacenza\/pomodoro-da-industria-troppi-rischi-per-i-produttori\/\",\"url\":\"https:\/\/www.confagricoltura.org\/piacenza\/pomodoro-da-industria-troppi-rischi-per-i-produttori\/\",\"name\":\"Pomodoro da industria: troppi rischi per i produttori - Confagricoltura Piacenza\",\"isPartOf\":{\"@id\":\"https:\/\/www.confagricoltura.org\/piacenza\/#website\"},\"primaryImageOfPage\":{\"@id\":\"https:\/\/www.confagricoltura.org\/piacenza\/pomodoro-da-industria-troppi-rischi-per-i-produttori\/#primaryimage\"},\"image\":{\"@id\":\"https:\/\/www.confagricoltura.org\/piacenza\/pomodoro-da-industria-troppi-rischi-per-i-produttori\/#primaryimage\"},\"thumbnailUrl\":\"https:\/\/www.confagricoltura.org\/piacenza\/wp-content\/uploads\/sites\/11\/2023\/01\/11-07-22-Gasparini.jpg\",\"datePublished\":\"2023-01-25T13:41:00+00:00\",\"dateModified\":\"2023-01-31T13:45:01+00:00\",\"author\":{\"@id\":\"https:\/\/www.confagricoltura.org\/piacenza\/#\/schema\/person\/be5da25a3117fea4b3bfec9dba09b5e8\"},\"breadcrumb\":{\"@id\":\"https:\/\/www.confagricoltura.org\/piacenza\/pomodoro-da-industria-troppi-rischi-per-i-produttori\/#breadcrumb\"},\"inLanguage\":\"it-IT\",\"potentialAction\":[{\"@type\":\"ReadAction\",\"target\":[\"https:\/\/www.confagricoltura.org\/piacenza\/pomodoro-da-industria-troppi-rischi-per-i-produttori\/\"]}]},{\"@type\":\"ImageObject\",\"inLanguage\":\"it-IT\",\"@id\":\"https:\/\/www.confagricoltura.org\/piacenza\/pomodoro-da-industria-troppi-rischi-per-i-produttori\/#primaryimage\",\"url\":\"https:\/\/www.confagricoltura.org\/piacenza\/wp-content\/uploads\/sites\/11\/2023\/01\/11-07-22-Gasparini.jpg\",\"contentUrl\":\"https:\/\/www.confagricoltura.org\/piacenza\/wp-content\/uploads\/sites\/11\/2023\/01\/11-07-22-Gasparini.jpg\",\"width\":1654,\"height\":2315},{\"@type\":\"BreadcrumbList\",\"@id\":\"https:\/\/www.confagricoltura.org\/piacenza\/pomodoro-da-industria-troppi-rischi-per-i-produttori\/#breadcrumb\",\"itemListElement\":[{\"@type\":\"ListItem\",\"position\":1,\"name\":\"Home\",\"item\":\"https:\/\/www.confagricoltura.org\/piacenza\/\"},{\"@type\":\"ListItem\",\"position\":2,\"name\":\"Pomodoro da industria: troppi rischi per i produttori\"}]},{\"@type\":\"WebSite\",\"@id\":\"https:\/\/www.confagricoltura.org\/piacenza\/#website\",\"url\":\"https:\/\/www.confagricoltura.org\/piacenza\/\",\"name\":\"Confagricoltura Piacenza\",\"description\":\"Dalla parte degli Agricoltori\",\"potentialAction\":[{\"@type\":\"SearchAction\",\"target\":{\"@type\":\"EntryPoint\",\"urlTemplate\":\"https:\/\/www.confagricoltura.org\/piacenza\/?s={search_term_string}\"},\"query-input\":{\"@type\":\"PropertyValueSpecification\",\"valueRequired\":true,\"valueName\":\"search_term_string\"}}],\"inLanguage\":\"it-IT\"},{\"@type\":\"Person\",\"@id\":\"https:\/\/www.confagricoltura.org\/piacenza\/#\/schema\/person\/be5da25a3117fea4b3bfec9dba09b5e8\",\"name\":\"confagricolturapiacenza\",\"image\":{\"@type\":\"ImageObject\",\"inLanguage\":\"it-IT\",\"@id\":\"https:\/\/www.confagricoltura.org\/piacenza\/#\/schema\/person\/image\/\",\"url\":\"https:\/\/secure.gravatar.com\/avatar\/9c5f111e417171581853bd0a3ff892ca?s=96&d=mm&r=g\",\"contentUrl\":\"https:\/\/secure.gravatar.com\/avatar\/9c5f111e417171581853bd0a3ff892ca?s=96&d=mm&r=g\",\"caption\":\"confagricolturapiacenza\"},\"url\":\"https:\/\/www.confagricoltura.org\/piacenza\/author\/confagricolturapiacenza\/\"}]}<\/script>\n<!-- \/ Yoast SEO plugin. -->","yoast_head_json":{"title":"Pomodoro da industria: troppi rischi per i produttori - Confagricoltura Piacenza","robots":{"index":"index","follow":"follow","max-snippet":"max-snippet:-1","max-image-preview":"max-image-preview:large","max-video-preview":"max-video-preview:-1"},"canonical":"https:\/\/www.confagricoltura.org\/piacenza\/pomodoro-da-industria-troppi-rischi-per-i-produttori\/","og_locale":"it_IT","og_type":"article","og_title":"Pomodoro da industria: troppi rischi per i produttori - Confagricoltura Piacenza","og_description":"Confagricoltura Piacenza: senza certezze, valutare colture alternative","og_url":"https:\/\/www.confagricoltura.org\/piacenza\/pomodoro-da-industria-troppi-rischi-per-i-produttori\/","og_site_name":"Confagricoltura Piacenza","article_published_time":"2023-01-25T13:41:00+00:00","article_modified_time":"2023-01-31T13:45:01+00:00","og_image":[{"width":1654,"height":2315,"url":"https:\/\/www.confagricoltura.org\/piacenza\/wp-content\/uploads\/sites\/11\/2023\/01\/11-07-22-Gasparini.jpg","type":"image\/jpeg"}],"author":"confagricolturapiacenza","twitter_card":"summary_large_image","twitter_misc":{"Scritto da":"confagricolturapiacenza","Tempo di lettura stimato":"3 minuti"},"schema":{"@context":"https:\/\/schema.org","@graph":[{"@type":"Article","@id":"https:\/\/www.confagricoltura.org\/piacenza\/pomodoro-da-industria-troppi-rischi-per-i-produttori\/#article","isPartOf":{"@id":"https:\/\/www.confagricoltura.org\/piacenza\/pomodoro-da-industria-troppi-rischi-per-i-produttori\/"},"author":{"name":"confagricolturapiacenza","@id":"https:\/\/www.confagricoltura.org\/piacenza\/#\/schema\/person\/be5da25a3117fea4b3bfec9dba09b5e8"},"headline":"Pomodoro da industria: troppi rischi per i produttori","datePublished":"2023-01-25T13:41:00+00:00","dateModified":"2023-01-31T13:45:01+00:00","mainEntityOfPage":{"@id":"https:\/\/www.confagricoltura.org\/piacenza\/pomodoro-da-industria-troppi-rischi-per-i-produttori\/"},"wordCount":696,"image":{"@id":"https:\/\/www.confagricoltura.org\/piacenza\/pomodoro-da-industria-troppi-rischi-per-i-produttori\/#primaryimage"},"thumbnailUrl":"https:\/\/www.confagricoltura.org\/piacenza\/wp-content\/uploads\/sites\/11\/2023\/01\/11-07-22-Gasparini.jpg","keywords":["POMODORO RISCHI"],"articleSection":["News","Settore Pomodoro da industria"],"inLanguage":"it-IT"},{"@type":"WebPage","@id":"https:\/\/www.confagricoltura.org\/piacenza\/pomodoro-da-industria-troppi-rischi-per-i-produttori\/","url":"https:\/\/www.confagricoltura.org\/piacenza\/pomodoro-da-industria-troppi-rischi-per-i-produttori\/","name":"Pomodoro da industria: troppi rischi per i produttori - Confagricoltura Piacenza","isPartOf":{"@id":"https:\/\/www.confagricoltura.org\/piacenza\/#website"},"primaryImageOfPage":{"@id":"https:\/\/www.confagricoltura.org\/piacenza\/pomodoro-da-industria-troppi-rischi-per-i-produttori\/#primaryimage"},"image":{"@id":"https:\/\/www.confagricoltura.org\/piacenza\/pomodoro-da-industria-troppi-rischi-per-i-produttori\/#primaryimage"},"thumbnailUrl":"https:\/\/www.confagricoltura.org\/piacenza\/wp-content\/uploads\/sites\/11\/2023\/01\/11-07-22-Gasparini.jpg","datePublished":"2023-01-25T13:41:00+00:00","dateModified":"2023-01-31T13:45:01+00:00","author":{"@id":"https:\/\/www.confagricoltura.org\/piacenza\/#\/schema\/person\/be5da25a3117fea4b3bfec9dba09b5e8"},"breadcrumb":{"@id":"https:\/\/www.confagricoltura.org\/piacenza\/pomodoro-da-industria-troppi-rischi-per-i-produttori\/#breadcrumb"},"inLanguage":"it-IT","potentialAction":[{"@type":"ReadAction","target":["https:\/\/www.confagricoltura.org\/piacenza\/pomodoro-da-industria-troppi-rischi-per-i-produttori\/"]}]},{"@type":"ImageObject","inLanguage":"it-IT","@id":"https:\/\/www.confagricoltura.org\/piacenza\/pomodoro-da-industria-troppi-rischi-per-i-produttori\/#primaryimage","url":"https:\/\/www.confagricoltura.org\/piacenza\/wp-content\/uploads\/sites\/11\/2023\/01\/11-07-22-Gasparini.jpg","contentUrl":"https:\/\/www.confagricoltura.org\/piacenza\/wp-content\/uploads\/sites\/11\/2023\/01\/11-07-22-Gasparini.jpg","width":1654,"height":2315},{"@type":"BreadcrumbList","@id":"https:\/\/www.confagricoltura.org\/piacenza\/pomodoro-da-industria-troppi-rischi-per-i-produttori\/#breadcrumb","itemListElement":[{"@type":"ListItem","position":1,"name":"Home","item":"https:\/\/www.confagricoltura.org\/piacenza\/"},{"@type":"ListItem","position":2,"name":"Pomodoro da industria: troppi rischi per i produttori"}]},{"@type":"WebSite","@id":"https:\/\/www.confagricoltura.org\/piacenza\/#website","url":"https:\/\/www.confagricoltura.org\/piacenza\/","name":"Confagricoltura Piacenza","description":"Dalla parte degli Agricoltori","potentialAction":[{"@type":"SearchAction","target":{"@type":"EntryPoint","urlTemplate":"https:\/\/www.confagricoltura.org\/piacenza\/?s={search_term_string}"},"query-input":{"@type":"PropertyValueSpecification","valueRequired":true,"valueName":"search_term_string"}}],"inLanguage":"it-IT"},{"@type":"Person","@id":"https:\/\/www.confagricoltura.org\/piacenza\/#\/schema\/person\/be5da25a3117fea4b3bfec9dba09b5e8","name":"confagricolturapiacenza","image":{"@type":"ImageObject","inLanguage":"it-IT","@id":"https:\/\/www.confagricoltura.org\/piacenza\/#\/schema\/person\/image\/","url":"https:\/\/secure.gravatar.com\/avatar\/9c5f111e417171581853bd0a3ff892ca?s=96&d=mm&r=g","contentUrl":"https:\/\/secure.gravatar.com\/avatar\/9c5f111e417171581853bd0a3ff892ca?s=96&d=mm&r=g","caption":"confagricolturapiacenza"},"url":"https:\/\/www.confagricoltura.org\/piacenza\/author\/confagricolturapiacenza\/"}]}},"_links":{"self":[{"href":"https:\/\/www.confagricoltura.org\/piacenza\/wp-json\/wp\/v2\/posts\/4061","targetHints":{"allow":["GET"]}}],"collection":[{"href":"https:\/\/www.confagricoltura.org\/piacenza\/wp-json\/wp\/v2\/posts"}],"about":[{"href":"https:\/\/www.confagricoltura.org\/piacenza\/wp-json\/wp\/v2\/types\/post"}],"author":[{"embeddable":true,"href":"https:\/\/www.confagricoltura.org\/piacenza\/wp-json\/wp\/v2\/users\/6"}],"replies":[{"embeddable":true,"href":"https:\/\/www.confagricoltura.org\/piacenza\/wp-json\/wp\/v2\/comments?post=4061"}],"version-history":[{"count":1,"href":"https:\/\/www.confagricoltura.org\/piacenza\/wp-json\/wp\/v2\/posts\/4061\/revisions"}],"predecessor-version":[{"id":4063,"href":"https:\/\/www.confagricoltura.org\/piacenza\/wp-json\/wp\/v2\/posts\/4061\/revisions\/4063"}],"wp:featuredmedia":[{"embeddable":true,"href":"https:\/\/www.confagricoltura.org\/piacenza\/wp-json\/wp\/v2\/media\/4062"}],"wp:attachment":[{"href":"https:\/\/www.confagricoltura.org\/piacenza\/wp-json\/wp\/v2\/media?parent=4061"}],"wp:term":[{"taxonomy":"category","embeddable":true,"href":"https:\/\/www.confagricoltura.org\/piacenza\/wp-json\/wp\/v2\/categories?post=4061"},{"taxonomy":"post_tag","embeddable":true,"href":"https:\/\/www.confagricoltura.org\/piacenza\/wp-json\/wp\/v2\/tags?post=4061"}],"curies":[{"name":"wp","href":"https:\/\/api.w.org\/{rel}","templated":true}]}}