{"id":4058,"date":"2023-01-23T09:13:58","date_gmt":"2023-01-23T08:13:58","guid":{"rendered":"https:\/\/www.confagricoltura.org\/piacenza\/?p=4058"},"modified":"2023-01-23T09:13:58","modified_gmt":"2023-01-23T08:13:58","slug":"confagricoltura-e-agriturist-piacenza-il-mercato-dei-vignaioli-resti-a-qui","status":"publish","type":"post","link":"https:\/\/www.confagricoltura.org\/piacenza\/confagricoltura-e-agriturist-piacenza-il-mercato-dei-vignaioli-resti-a-qui\/","title":{"rendered":"Confagricoltura e Agriturist Piacenza: il mercato dei vignaioli resti a qui"},"content":{"rendered":"\n<p>Piacenza terra di colline, di vino, di cibo buono: un territorio da comunicare uniti, \u00e8 questo il mantra che si va raccontando da anni, salvo poi rischiare di perdere una manifestazione, quella del mercato dei Vignaioli indipendenti, nata e cresciuta a Piacenza Expo, ora che \u00e8 un appuntamento fisso in agenda di tanti operatori, ma anche cultori dell\u2019enologia di qualit\u00e0 e semplici appassionati. A prendere posizione sono Confagricoltura Piacenza e Agriturist, l\u2019associazione che raggruppa gli agriturismi di Confagricoltura. Gianpietro Bisagni presidente di Agriturist Piacenza ed Emilia-Romagna commenta: \u201cVogliamo aggiungere anche la nostra voce alle tante che chiedono che il mercato dei vignaioli resti a Piacenza Expo, si deve trovare una quadra perch\u00e9 non \u00e8 possibile che una manifestazione che d\u00e0 lustro e valore al nostro territorio, ma anche che dal territorio ha ricevuto tanto perch\u00e9 \u00e8 nata qui, se ne vada ora. Come Agriturist da anni ci impegniamo affinch\u00e9 prenda piede anche una sorta di \u201cfuori-salone\u201d agganciato a questa manifestazione che porti nei nostri agriturismi operatori e visitatori, trovando anche nelle nostre aziende la possibilit\u00e0 di degustare e soggiornare con prezzi agevolati per chi va in fiera. Stiamo lavorando anche sulla logistica e sui trasporti, oltre che sulle proposte in cucina, insomma ce la stiamo mettendo tutta per fare rete e siamo disposi a profondere ancora pi\u00f9 impegno a promuovere e sviluppare iniziative legate alla manifestazione. Molti dei nostri locali prevedono liste vini con i vini dei vignaioli Fivi e sono diventate punti di affezione della Fivi. Mettiamoci attorno a un tavolo e parliamone, ma la fiera resti qui, altrimenti sar\u00e0 l\u2019ennesima occasione persa per il nostro territorio, che resta uno scrigno di gioielli poco conosciuti e poco promossi, perch\u00e9 ognuno preferisce tenere il suo tesoro nascosto piuttosto che in mostra e guardare al suo personale tornaconto piuttosto che fare sistema e condividere. Consideriamo infine che spostare una manifestazione pu\u00f2 minarne il successo perch\u00e9 \u00e8 legata alla tradizione del luogo di svolgimento. Vinitaly sta a Verona come il Mercato dei vignaioli sta a Piacenza. Esperienze di delocalizzazione fatte in passato non hanno sempre avuto esiti positivi. A Piacenza c\u2019\u00e8 poi un aspetto logistico unico, con la confluenza di tre autostrade e la collocazione al centro di un bacino dal potenziale enorme\u201d.<\/p>\n\n\n\n<p>Alla voce si unisce anche il direttore di Confagricoltura Piacenza, Marco Casagrande che rimarca: \u201dSicuramente dobbiamo fare uno sforzo comune e abbiamo registrato disponibilit\u00e0 anche da parte di Piacenza Expo per andare incontro alle esigenze della Fivi, ma \u00e8 estremamente importante che resti qui, non solo per l\u2019indotto, bens\u00ec per le aziende di vino piacentine e per il territorio, la manifestazione \u00e8 nata ed \u00e8 cresciuta qui,&nbsp; da un\u2019altra parte non sarebbe la stessa cosa anche perch\u00e9 \u00e8 legata al territorio e alla sua vocazione, spostarla sarebbe snaturarla della sua identit\u00e0\u201d.<\/p>\n","protected":false},"excerpt":{"rendered":"<p>Casagrande: manifestazione inscindibilmente legata al nostro territorio<br \/>\nBisagni: un vero peccato rischiare di perdere una manifestazione di successo che \u00e8 nata e cresciuta qui<\/p>\n","protected":false},"author":6,"featured_media":4059,"comment_status":"closed","ping_status":"closed","sticky":false,"template":"","format":"standard","meta":{"wp_mapbox_gl_js_media":[],"footnotes":""},"categories":[4,16],"tags":[402],"class_list":["post-4058","post","type-post","status-publish","format-standard","has-post-thumbnail","hentry","category-news","category-settore-vitivinicolo","tag-fivi"],"yoast_head":"<!-- This site is optimized with the Yoast SEO plugin v26.8 - https:\/\/yoast.com\/product\/yoast-seo-wordpress\/ -->\n<title>Confagricoltura e Agriturist Piacenza: il mercato dei vignaioli resti a qui - Confagricoltura Piacenza<\/title>\n<meta name=\"robots\" content=\"index, follow, max-snippet:-1, max-image-preview:large, max-video-preview:-1\" \/>\n<link rel=\"canonical\" href=\"https:\/\/www.confagricoltura.org\/piacenza\/confagricoltura-e-agriturist-piacenza-il-mercato-dei-vignaioli-resti-a-qui\/\" \/>\n<meta property=\"og:locale\" content=\"it_IT\" \/>\n<meta property=\"og:type\" content=\"article\" \/>\n<meta property=\"og:title\" content=\"Confagricoltura e Agriturist Piacenza: il mercato dei vignaioli resti a qui - Confagricoltura Piacenza\" \/>\n<meta property=\"og:description\" content=\"Casagrande: manifestazione inscindibilmente legata al nostro territorio Bisagni: un vero peccato rischiare di perdere una manifestazione di successo che \u00e8 nata e cresciuta qui\" \/>\n<meta property=\"og:url\" content=\"https:\/\/www.confagricoltura.org\/piacenza\/confagricoltura-e-agriturist-piacenza-il-mercato-dei-vignaioli-resti-a-qui\/\" \/>\n<meta property=\"og:site_name\" content=\"Confagricoltura Piacenza\" \/>\n<meta property=\"article:published_time\" content=\"2023-01-23T08:13:58+00:00\" \/>\n<meta property=\"og:image\" content=\"https:\/\/www.confagricoltura.org\/piacenza\/wp-content\/uploads\/sites\/11\/2023\/01\/Logo_FIVI.jpg\" \/>\n\t<meta property=\"og:image:width\" content=\"1062\" \/>\n\t<meta property=\"og:image:height\" content=\"1062\" \/>\n\t<meta property=\"og:image:type\" content=\"image\/jpeg\" \/>\n<meta name=\"author\" content=\"confagricolturapiacenza\" \/>\n<meta name=\"twitter:card\" content=\"summary_large_image\" \/>\n<meta name=\"twitter:label1\" content=\"Scritto da\" \/>\n\t<meta name=\"twitter:data1\" content=\"confagricolturapiacenza\" \/>\n\t<meta name=\"twitter:label2\" content=\"Tempo di lettura stimato\" \/>\n\t<meta name=\"twitter:data2\" content=\"3 minuti\" \/>\n<script type=\"application\/ld+json\" class=\"yoast-schema-graph\">{\"@context\":\"https:\/\/schema.org\",\"@graph\":[{\"@type\":\"Article\",\"@id\":\"https:\/\/www.confagricoltura.org\/piacenza\/confagricoltura-e-agriturist-piacenza-il-mercato-dei-vignaioli-resti-a-qui\/#article\",\"isPartOf\":{\"@id\":\"https:\/\/www.confagricoltura.org\/piacenza\/confagricoltura-e-agriturist-piacenza-il-mercato-dei-vignaioli-resti-a-qui\/\"},\"author\":{\"name\":\"confagricolturapiacenza\",\"@id\":\"https:\/\/www.confagricoltura.org\/piacenza\/#\/schema\/person\/be5da25a3117fea4b3bfec9dba09b5e8\"},\"headline\":\"Confagricoltura e Agriturist Piacenza: il mercato dei vignaioli resti a qui\",\"datePublished\":\"2023-01-23T08:13:58+00:00\",\"mainEntityOfPage\":{\"@id\":\"https:\/\/www.confagricoltura.org\/piacenza\/confagricoltura-e-agriturist-piacenza-il-mercato-dei-vignaioli-resti-a-qui\/\"},\"wordCount\":470,\"image\":{\"@id\":\"https:\/\/www.confagricoltura.org\/piacenza\/confagricoltura-e-agriturist-piacenza-il-mercato-dei-vignaioli-resti-a-qui\/#primaryimage\"},\"thumbnailUrl\":\"https:\/\/www.confagricoltura.org\/piacenza\/wp-content\/uploads\/sites\/11\/2023\/01\/Logo_FIVI.jpg\",\"keywords\":[\"fivi\"],\"articleSection\":[\"News\",\"Settore vitivinicolo\"],\"inLanguage\":\"it-IT\"},{\"@type\":\"WebPage\",\"@id\":\"https:\/\/www.confagricoltura.org\/piacenza\/confagricoltura-e-agriturist-piacenza-il-mercato-dei-vignaioli-resti-a-qui\/\",\"url\":\"https:\/\/www.confagricoltura.org\/piacenza\/confagricoltura-e-agriturist-piacenza-il-mercato-dei-vignaioli-resti-a-qui\/\",\"name\":\"Confagricoltura e Agriturist Piacenza: il mercato dei vignaioli resti a qui - Confagricoltura Piacenza\",\"isPartOf\":{\"@id\":\"https:\/\/www.confagricoltura.org\/piacenza\/#website\"},\"primaryImageOfPage\":{\"@id\":\"https:\/\/www.confagricoltura.org\/piacenza\/confagricoltura-e-agriturist-piacenza-il-mercato-dei-vignaioli-resti-a-qui\/#primaryimage\"},\"image\":{\"@id\":\"https:\/\/www.confagricoltura.org\/piacenza\/confagricoltura-e-agriturist-piacenza-il-mercato-dei-vignaioli-resti-a-qui\/#primaryimage\"},\"thumbnailUrl\":\"https:\/\/www.confagricoltura.org\/piacenza\/wp-content\/uploads\/sites\/11\/2023\/01\/Logo_FIVI.jpg\",\"datePublished\":\"2023-01-23T08:13:58+00:00\",\"author\":{\"@id\":\"https:\/\/www.confagricoltura.org\/piacenza\/#\/schema\/person\/be5da25a3117fea4b3bfec9dba09b5e8\"},\"breadcrumb\":{\"@id\":\"https:\/\/www.confagricoltura.org\/piacenza\/confagricoltura-e-agriturist-piacenza-il-mercato-dei-vignaioli-resti-a-qui\/#breadcrumb\"},\"inLanguage\":\"it-IT\",\"potentialAction\":[{\"@type\":\"ReadAction\",\"target\":[\"https:\/\/www.confagricoltura.org\/piacenza\/confagricoltura-e-agriturist-piacenza-il-mercato-dei-vignaioli-resti-a-qui\/\"]}]},{\"@type\":\"ImageObject\",\"inLanguage\":\"it-IT\",\"@id\":\"https:\/\/www.confagricoltura.org\/piacenza\/confagricoltura-e-agriturist-piacenza-il-mercato-dei-vignaioli-resti-a-qui\/#primaryimage\",\"url\":\"https:\/\/www.confagricoltura.org\/piacenza\/wp-content\/uploads\/sites\/11\/2023\/01\/Logo_FIVI.jpg\",\"contentUrl\":\"https:\/\/www.confagricoltura.org\/piacenza\/wp-content\/uploads\/sites\/11\/2023\/01\/Logo_FIVI.jpg\",\"width\":1062,\"height\":1062},{\"@type\":\"BreadcrumbList\",\"@id\":\"https:\/\/www.confagricoltura.org\/piacenza\/confagricoltura-e-agriturist-piacenza-il-mercato-dei-vignaioli-resti-a-qui\/#breadcrumb\",\"itemListElement\":[{\"@type\":\"ListItem\",\"position\":1,\"name\":\"Home\",\"item\":\"https:\/\/www.confagricoltura.org\/piacenza\/\"},{\"@type\":\"ListItem\",\"position\":2,\"name\":\"Confagricoltura e Agriturist Piacenza: il mercato dei vignaioli resti a qui\"}]},{\"@type\":\"WebSite\",\"@id\":\"https:\/\/www.confagricoltura.org\/piacenza\/#website\",\"url\":\"https:\/\/www.confagricoltura.org\/piacenza\/\",\"name\":\"Confagricoltura Piacenza\",\"description\":\"Dalla parte degli Agricoltori\",\"potentialAction\":[{\"@type\":\"SearchAction\",\"target\":{\"@type\":\"EntryPoint\",\"urlTemplate\":\"https:\/\/www.confagricoltura.org\/piacenza\/?s={search_term_string}\"},\"query-input\":{\"@type\":\"PropertyValueSpecification\",\"valueRequired\":true,\"valueName\":\"search_term_string\"}}],\"inLanguage\":\"it-IT\"},{\"@type\":\"Person\",\"@id\":\"https:\/\/www.confagricoltura.org\/piacenza\/#\/schema\/person\/be5da25a3117fea4b3bfec9dba09b5e8\",\"name\":\"confagricolturapiacenza\",\"image\":{\"@type\":\"ImageObject\",\"inLanguage\":\"it-IT\",\"@id\":\"https:\/\/www.confagricoltura.org\/piacenza\/#\/schema\/person\/image\/\",\"url\":\"https:\/\/secure.gravatar.com\/avatar\/9c5f111e417171581853bd0a3ff892ca?s=96&d=mm&r=g\",\"contentUrl\":\"https:\/\/secure.gravatar.com\/avatar\/9c5f111e417171581853bd0a3ff892ca?s=96&d=mm&r=g\",\"caption\":\"confagricolturapiacenza\"},\"url\":\"https:\/\/www.confagricoltura.org\/piacenza\/author\/confagricolturapiacenza\/\"}]}<\/script>\n<!-- \/ Yoast SEO plugin. -->","yoast_head_json":{"title":"Confagricoltura e Agriturist Piacenza: il mercato dei vignaioli resti a qui - Confagricoltura Piacenza","robots":{"index":"index","follow":"follow","max-snippet":"max-snippet:-1","max-image-preview":"max-image-preview:large","max-video-preview":"max-video-preview:-1"},"canonical":"https:\/\/www.confagricoltura.org\/piacenza\/confagricoltura-e-agriturist-piacenza-il-mercato-dei-vignaioli-resti-a-qui\/","og_locale":"it_IT","og_type":"article","og_title":"Confagricoltura e Agriturist Piacenza: il mercato dei vignaioli resti a qui - Confagricoltura Piacenza","og_description":"Casagrande: manifestazione inscindibilmente legata al nostro territorio Bisagni: un vero peccato rischiare di perdere una manifestazione di successo che \u00e8 nata e cresciuta qui","og_url":"https:\/\/www.confagricoltura.org\/piacenza\/confagricoltura-e-agriturist-piacenza-il-mercato-dei-vignaioli-resti-a-qui\/","og_site_name":"Confagricoltura Piacenza","article_published_time":"2023-01-23T08:13:58+00:00","og_image":[{"width":1062,"height":1062,"url":"https:\/\/www.confagricoltura.org\/piacenza\/wp-content\/uploads\/sites\/11\/2023\/01\/Logo_FIVI.jpg","type":"image\/jpeg"}],"author":"confagricolturapiacenza","twitter_card":"summary_large_image","twitter_misc":{"Scritto da":"confagricolturapiacenza","Tempo di lettura stimato":"3 minuti"},"schema":{"@context":"https:\/\/schema.org","@graph":[{"@type":"Article","@id":"https:\/\/www.confagricoltura.org\/piacenza\/confagricoltura-e-agriturist-piacenza-il-mercato-dei-vignaioli-resti-a-qui\/#article","isPartOf":{"@id":"https:\/\/www.confagricoltura.org\/piacenza\/confagricoltura-e-agriturist-piacenza-il-mercato-dei-vignaioli-resti-a-qui\/"},"author":{"name":"confagricolturapiacenza","@id":"https:\/\/www.confagricoltura.org\/piacenza\/#\/schema\/person\/be5da25a3117fea4b3bfec9dba09b5e8"},"headline":"Confagricoltura e Agriturist Piacenza: il mercato dei vignaioli resti a qui","datePublished":"2023-01-23T08:13:58+00:00","mainEntityOfPage":{"@id":"https:\/\/www.confagricoltura.org\/piacenza\/confagricoltura-e-agriturist-piacenza-il-mercato-dei-vignaioli-resti-a-qui\/"},"wordCount":470,"image":{"@id":"https:\/\/www.confagricoltura.org\/piacenza\/confagricoltura-e-agriturist-piacenza-il-mercato-dei-vignaioli-resti-a-qui\/#primaryimage"},"thumbnailUrl":"https:\/\/www.confagricoltura.org\/piacenza\/wp-content\/uploads\/sites\/11\/2023\/01\/Logo_FIVI.jpg","keywords":["fivi"],"articleSection":["News","Settore vitivinicolo"],"inLanguage":"it-IT"},{"@type":"WebPage","@id":"https:\/\/www.confagricoltura.org\/piacenza\/confagricoltura-e-agriturist-piacenza-il-mercato-dei-vignaioli-resti-a-qui\/","url":"https:\/\/www.confagricoltura.org\/piacenza\/confagricoltura-e-agriturist-piacenza-il-mercato-dei-vignaioli-resti-a-qui\/","name":"Confagricoltura e Agriturist Piacenza: il mercato dei vignaioli resti a qui - Confagricoltura Piacenza","isPartOf":{"@id":"https:\/\/www.confagricoltura.org\/piacenza\/#website"},"primaryImageOfPage":{"@id":"https:\/\/www.confagricoltura.org\/piacenza\/confagricoltura-e-agriturist-piacenza-il-mercato-dei-vignaioli-resti-a-qui\/#primaryimage"},"image":{"@id":"https:\/\/www.confagricoltura.org\/piacenza\/confagricoltura-e-agriturist-piacenza-il-mercato-dei-vignaioli-resti-a-qui\/#primaryimage"},"thumbnailUrl":"https:\/\/www.confagricoltura.org\/piacenza\/wp-content\/uploads\/sites\/11\/2023\/01\/Logo_FIVI.jpg","datePublished":"2023-01-23T08:13:58+00:00","author":{"@id":"https:\/\/www.confagricoltura.org\/piacenza\/#\/schema\/person\/be5da25a3117fea4b3bfec9dba09b5e8"},"breadcrumb":{"@id":"https:\/\/www.confagricoltura.org\/piacenza\/confagricoltura-e-agriturist-piacenza-il-mercato-dei-vignaioli-resti-a-qui\/#breadcrumb"},"inLanguage":"it-IT","potentialAction":[{"@type":"ReadAction","target":["https:\/\/www.confagricoltura.org\/piacenza\/confagricoltura-e-agriturist-piacenza-il-mercato-dei-vignaioli-resti-a-qui\/"]}]},{"@type":"ImageObject","inLanguage":"it-IT","@id":"https:\/\/www.confagricoltura.org\/piacenza\/confagricoltura-e-agriturist-piacenza-il-mercato-dei-vignaioli-resti-a-qui\/#primaryimage","url":"https:\/\/www.confagricoltura.org\/piacenza\/wp-content\/uploads\/sites\/11\/2023\/01\/Logo_FIVI.jpg","contentUrl":"https:\/\/www.confagricoltura.org\/piacenza\/wp-content\/uploads\/sites\/11\/2023\/01\/Logo_FIVI.jpg","width":1062,"height":1062},{"@type":"BreadcrumbList","@id":"https:\/\/www.confagricoltura.org\/piacenza\/confagricoltura-e-agriturist-piacenza-il-mercato-dei-vignaioli-resti-a-qui\/#breadcrumb","itemListElement":[{"@type":"ListItem","position":1,"name":"Home","item":"https:\/\/www.confagricoltura.org\/piacenza\/"},{"@type":"ListItem","position":2,"name":"Confagricoltura e Agriturist Piacenza: il mercato dei vignaioli resti a qui"}]},{"@type":"WebSite","@id":"https:\/\/www.confagricoltura.org\/piacenza\/#website","url":"https:\/\/www.confagricoltura.org\/piacenza\/","name":"Confagricoltura Piacenza","description":"Dalla parte degli Agricoltori","potentialAction":[{"@type":"SearchAction","target":{"@type":"EntryPoint","urlTemplate":"https:\/\/www.confagricoltura.org\/piacenza\/?s={search_term_string}"},"query-input":{"@type":"PropertyValueSpecification","valueRequired":true,"valueName":"search_term_string"}}],"inLanguage":"it-IT"},{"@type":"Person","@id":"https:\/\/www.confagricoltura.org\/piacenza\/#\/schema\/person\/be5da25a3117fea4b3bfec9dba09b5e8","name":"confagricolturapiacenza","image":{"@type":"ImageObject","inLanguage":"it-IT","@id":"https:\/\/www.confagricoltura.org\/piacenza\/#\/schema\/person\/image\/","url":"https:\/\/secure.gravatar.com\/avatar\/9c5f111e417171581853bd0a3ff892ca?s=96&d=mm&r=g","contentUrl":"https:\/\/secure.gravatar.com\/avatar\/9c5f111e417171581853bd0a3ff892ca?s=96&d=mm&r=g","caption":"confagricolturapiacenza"},"url":"https:\/\/www.confagricoltura.org\/piacenza\/author\/confagricolturapiacenza\/"}]}},"_links":{"self":[{"href":"https:\/\/www.confagricoltura.org\/piacenza\/wp-json\/wp\/v2\/posts\/4058","targetHints":{"allow":["GET"]}}],"collection":[{"href":"https:\/\/www.confagricoltura.org\/piacenza\/wp-json\/wp\/v2\/posts"}],"about":[{"href":"https:\/\/www.confagricoltura.org\/piacenza\/wp-json\/wp\/v2\/types\/post"}],"author":[{"embeddable":true,"href":"https:\/\/www.confagricoltura.org\/piacenza\/wp-json\/wp\/v2\/users\/6"}],"replies":[{"embeddable":true,"href":"https:\/\/www.confagricoltura.org\/piacenza\/wp-json\/wp\/v2\/comments?post=4058"}],"version-history":[{"count":1,"href":"https:\/\/www.confagricoltura.org\/piacenza\/wp-json\/wp\/v2\/posts\/4058\/revisions"}],"predecessor-version":[{"id":4060,"href":"https:\/\/www.confagricoltura.org\/piacenza\/wp-json\/wp\/v2\/posts\/4058\/revisions\/4060"}],"wp:featuredmedia":[{"embeddable":true,"href":"https:\/\/www.confagricoltura.org\/piacenza\/wp-json\/wp\/v2\/media\/4059"}],"wp:attachment":[{"href":"https:\/\/www.confagricoltura.org\/piacenza\/wp-json\/wp\/v2\/media?parent=4058"}],"wp:term":[{"taxonomy":"category","embeddable":true,"href":"https:\/\/www.confagricoltura.org\/piacenza\/wp-json\/wp\/v2\/categories?post=4058"},{"taxonomy":"post_tag","embeddable":true,"href":"https:\/\/www.confagricoltura.org\/piacenza\/wp-json\/wp\/v2\/tags?post=4058"}],"curies":[{"name":"wp","href":"https:\/\/api.w.org\/{rel}","templated":true}]}}