{"id":4047,"date":"2023-01-13T12:36:36","date_gmt":"2023-01-13T11:36:36","guid":{"rendered":"https:\/\/www.confagricoltura.org\/piacenza\/?p=4047"},"modified":"2023-01-13T12:36:37","modified_gmt":"2023-01-13T11:36:37","slug":"confagricoltura-piacenza-organizza-due-incontri-dedicati-agli-11-bandi-del-nuovo-psr","status":"publish","type":"post","link":"https:\/\/www.confagricoltura.org\/piacenza\/confagricoltura-piacenza-organizza-due-incontri-dedicati-agli-11-bandi-del-nuovo-psr\/","title":{"rendered":"Confagricoltura Piacenza organizza due incontri dedicati agli 11 bandi del nuovo Psr"},"content":{"rendered":"\n<p>Sono ben 11 i bandi che la Regione Emilia Romagna ha aperto sui temi agroambientali del nuovo PSR 2023-2027.&nbsp; Si va dalla lotta integrata all\u2019agricoltura biologica, dalle tecniche di lavorazione dei suoli rispettose dell\u2019ambiente agli interventi per favorire l\u2019agro biodiversit\u00e0 e l\u2019uso sostenibile dei prodotti fitosanitari. \u201cSi tratta di importanti opportunit\u00e0 \u2013 commenta Susanna Franzini, responsabile dei Servizi Tecnici di Confagricoltura Piacenza \u2013 per le aziende che intendono attuare azioni<\/p>\n\n\n\n<p>agro-climatico ambientali volontarie\u201d. Con questi primi bandi la Regione Emilia-Romagna mette infatti a disposizione 150 milioni di euro e rilancia il proprio impegno per un\u2019agricoltura che tenga insieme sostenibilit\u00e0 ambientale, economica e sociale, con un\u2019attenzione particolare al sostegno al reddito, alla ricerca e all\u2019innovazione tecnologica. \u201cL\u2019impegno \u2013 spiega Franzini &#8211; decorre dal primo di gennaio e le domande si potranno presentare non appena gli applicativi lo permetteranno, \u00e8 questione di giorni, sino al 15 marzo. Gli uffici tecnici sono a disposizione per la consulenza. Sono inoltre in programma<\/p>\n\n\n\n<p>ben due incontri per gli associati dedicati proprio all\u2019approfondimento di queste misure\u201d. <strong>Gli appuntamenti sono in programma presso la sala Visconti di Confagricoltura Piacenza sia mercoled\u00ec 18 che mercoled\u00ec 25 gennaio, entrambi dalle ore 09.00 e chi fosse impossibilitato pu\u00f2 chiede agli uffici il link per seguire la diretta Zoom<\/strong>. \u201cinvitiamo tutti gli associati interessati &#8211; conclude Franzini &#8211; a partecipare\u201d<\/p>\n\n\n\n<p>Di seguito gli 11 bandi con decorrenza impegni dal 1\u00b0 gennaio 2023:<\/p>\n\n\n\n<p>SRA001-ACA 1 &#8211; Produzione integrata<\/p>\n\n\n\n<p>SRA003-ACA 3 &#8211; Tecniche lavorazione ridotta dei suoli<\/p>\n\n\n\n<p>SRA004-ACA 4 &#8211; Apporto di sostanza organica nei suoli<\/p>\n\n\n\n<p>SRA007-ACA 7 &#8211; Conversione seminativi a prati e pascoli<\/p>\n\n\n\n<p>SRA008-ACA 8 &#8211; Gestione prati e pascoli permanenti<\/p>\n\n\n\n<p>SRA013-ACA 13 &#8211; Impegni specifici per la riduzione delle emissioni di ammoniaca di origine zootecnica e agricola<\/p>\n\n\n\n<p>SRA014-ACA 14 &#8211; Allevatori custodi dell\u2019agrobiodiversit\u00e0<\/p>\n\n\n\n<p>SRA015-ACA 15 &#8211; Agricoltori custodi dell\u2019agrobiodiversit\u00e0<\/p>\n\n\n\n<p>SRA019-ACA 19 &#8211; Riduzione dell&#8217;impatto dell&#8217;uso di prodotti fitosanitari<\/p>\n\n\n\n<p>SRA026-ACA 26 &#8211; Ritiro seminativi dalla produzione<\/p>\n\n\n\n<p>SRA029 &#8211; Pagamento al fine di adottare e mantenere pratiche e metodi di produzione biologica<\/p>\n","protected":false},"excerpt":{"rendered":"<p>Franzini: i bandi sono per le misure agro-climatico ambientali volontarie che integrano i pagamenti diretti<\/p>\n","protected":false},"author":6,"featured_media":4015,"comment_status":"closed","ping_status":"closed","sticky":false,"template":"","format":"standard","meta":{"wp_mapbox_gl_js_media":[],"footnotes":""},"categories":[11,4],"tags":[504],"class_list":["post-4047","post","type-post","status-publish","format-standard","has-post-thumbnail","hentry","category-finanziamenti-bandi","category-news","tag-nuovo-psr"],"yoast_head":"<!-- This site is optimized with the Yoast SEO plugin v26.8 - https:\/\/yoast.com\/product\/yoast-seo-wordpress\/ -->\n<title>Confagricoltura Piacenza organizza due incontri dedicati agli 11 bandi del nuovo Psr - Confagricoltura Piacenza<\/title>\n<meta name=\"robots\" content=\"index, follow, max-snippet:-1, max-image-preview:large, max-video-preview:-1\" \/>\n<link rel=\"canonical\" href=\"https:\/\/www.confagricoltura.org\/piacenza\/confagricoltura-piacenza-organizza-due-incontri-dedicati-agli-11-bandi-del-nuovo-psr\/\" \/>\n<meta property=\"og:locale\" content=\"it_IT\" \/>\n<meta property=\"og:type\" content=\"article\" \/>\n<meta property=\"og:title\" content=\"Confagricoltura Piacenza organizza due incontri dedicati agli 11 bandi del nuovo Psr - Confagricoltura Piacenza\" \/>\n<meta property=\"og:description\" content=\"Franzini: i bandi sono per le misure agro-climatico ambientali volontarie che integrano i pagamenti diretti\" \/>\n<meta property=\"og:url\" content=\"https:\/\/www.confagricoltura.org\/piacenza\/confagricoltura-piacenza-organizza-due-incontri-dedicati-agli-11-bandi-del-nuovo-psr\/\" \/>\n<meta property=\"og:site_name\" content=\"Confagricoltura Piacenza\" \/>\n<meta property=\"article:published_time\" content=\"2023-01-13T11:36:36+00:00\" \/>\n<meta property=\"article:modified_time\" content=\"2023-01-13T11:36:37+00:00\" \/>\n<meta property=\"og:image\" content=\"https:\/\/www.confagricoltura.org\/piacenza\/wp-content\/uploads\/sites\/11\/2022\/12\/Susana-Franzini.jpg\" \/>\n\t<meta property=\"og:image:width\" content=\"1187\" \/>\n\t<meta property=\"og:image:height\" content=\"2092\" \/>\n\t<meta property=\"og:image:type\" content=\"image\/jpeg\" \/>\n<meta name=\"author\" content=\"confagricolturapiacenza\" \/>\n<meta name=\"twitter:card\" content=\"summary_large_image\" \/>\n<meta name=\"twitter:label1\" content=\"Scritto da\" \/>\n\t<meta name=\"twitter:data1\" content=\"confagricolturapiacenza\" \/>\n\t<meta name=\"twitter:label2\" content=\"Tempo di lettura stimato\" \/>\n\t<meta name=\"twitter:data2\" content=\"2 minuti\" \/>\n<script type=\"application\/ld+json\" class=\"yoast-schema-graph\">{\"@context\":\"https:\/\/schema.org\",\"@graph\":[{\"@type\":\"Article\",\"@id\":\"https:\/\/www.confagricoltura.org\/piacenza\/confagricoltura-piacenza-organizza-due-incontri-dedicati-agli-11-bandi-del-nuovo-psr\/#article\",\"isPartOf\":{\"@id\":\"https:\/\/www.confagricoltura.org\/piacenza\/confagricoltura-piacenza-organizza-due-incontri-dedicati-agli-11-bandi-del-nuovo-psr\/\"},\"author\":{\"name\":\"confagricolturapiacenza\",\"@id\":\"https:\/\/www.confagricoltura.org\/piacenza\/#\/schema\/person\/be5da25a3117fea4b3bfec9dba09b5e8\"},\"headline\":\"Confagricoltura Piacenza organizza due incontri dedicati agli 11 bandi del nuovo Psr\",\"datePublished\":\"2023-01-13T11:36:36+00:00\",\"dateModified\":\"2023-01-13T11:36:37+00:00\",\"mainEntityOfPage\":{\"@id\":\"https:\/\/www.confagricoltura.org\/piacenza\/confagricoltura-piacenza-organizza-due-incontri-dedicati-agli-11-bandi-del-nuovo-psr\/\"},\"wordCount\":342,\"image\":{\"@id\":\"https:\/\/www.confagricoltura.org\/piacenza\/confagricoltura-piacenza-organizza-due-incontri-dedicati-agli-11-bandi-del-nuovo-psr\/#primaryimage\"},\"thumbnailUrl\":\"https:\/\/www.confagricoltura.org\/piacenza\/wp-content\/uploads\/sites\/11\/2022\/12\/Susana-Franzini.jpg\",\"keywords\":[\"NUOVO PSR\"],\"articleSection\":[\"Finanziamenti e bandi\",\"News\"],\"inLanguage\":\"it-IT\"},{\"@type\":\"WebPage\",\"@id\":\"https:\/\/www.confagricoltura.org\/piacenza\/confagricoltura-piacenza-organizza-due-incontri-dedicati-agli-11-bandi-del-nuovo-psr\/\",\"url\":\"https:\/\/www.confagricoltura.org\/piacenza\/confagricoltura-piacenza-organizza-due-incontri-dedicati-agli-11-bandi-del-nuovo-psr\/\",\"name\":\"Confagricoltura Piacenza organizza due incontri dedicati agli 11 bandi del nuovo Psr - Confagricoltura Piacenza\",\"isPartOf\":{\"@id\":\"https:\/\/www.confagricoltura.org\/piacenza\/#website\"},\"primaryImageOfPage\":{\"@id\":\"https:\/\/www.confagricoltura.org\/piacenza\/confagricoltura-piacenza-organizza-due-incontri-dedicati-agli-11-bandi-del-nuovo-psr\/#primaryimage\"},\"image\":{\"@id\":\"https:\/\/www.confagricoltura.org\/piacenza\/confagricoltura-piacenza-organizza-due-incontri-dedicati-agli-11-bandi-del-nuovo-psr\/#primaryimage\"},\"thumbnailUrl\":\"https:\/\/www.confagricoltura.org\/piacenza\/wp-content\/uploads\/sites\/11\/2022\/12\/Susana-Franzini.jpg\",\"datePublished\":\"2023-01-13T11:36:36+00:00\",\"dateModified\":\"2023-01-13T11:36:37+00:00\",\"author\":{\"@id\":\"https:\/\/www.confagricoltura.org\/piacenza\/#\/schema\/person\/be5da25a3117fea4b3bfec9dba09b5e8\"},\"breadcrumb\":{\"@id\":\"https:\/\/www.confagricoltura.org\/piacenza\/confagricoltura-piacenza-organizza-due-incontri-dedicati-agli-11-bandi-del-nuovo-psr\/#breadcrumb\"},\"inLanguage\":\"it-IT\",\"potentialAction\":[{\"@type\":\"ReadAction\",\"target\":[\"https:\/\/www.confagricoltura.org\/piacenza\/confagricoltura-piacenza-organizza-due-incontri-dedicati-agli-11-bandi-del-nuovo-psr\/\"]}]},{\"@type\":\"ImageObject\",\"inLanguage\":\"it-IT\",\"@id\":\"https:\/\/www.confagricoltura.org\/piacenza\/confagricoltura-piacenza-organizza-due-incontri-dedicati-agli-11-bandi-del-nuovo-psr\/#primaryimage\",\"url\":\"https:\/\/www.confagricoltura.org\/piacenza\/wp-content\/uploads\/sites\/11\/2022\/12\/Susana-Franzini.jpg\",\"contentUrl\":\"https:\/\/www.confagricoltura.org\/piacenza\/wp-content\/uploads\/sites\/11\/2022\/12\/Susana-Franzini.jpg\",\"width\":1187,\"height\":2092,\"caption\":\"dav\"},{\"@type\":\"BreadcrumbList\",\"@id\":\"https:\/\/www.confagricoltura.org\/piacenza\/confagricoltura-piacenza-organizza-due-incontri-dedicati-agli-11-bandi-del-nuovo-psr\/#breadcrumb\",\"itemListElement\":[{\"@type\":\"ListItem\",\"position\":1,\"name\":\"Home\",\"item\":\"https:\/\/www.confagricoltura.org\/piacenza\/\"},{\"@type\":\"ListItem\",\"position\":2,\"name\":\"Confagricoltura Piacenza organizza due incontri dedicati agli 11 bandi del nuovo Psr\"}]},{\"@type\":\"WebSite\",\"@id\":\"https:\/\/www.confagricoltura.org\/piacenza\/#website\",\"url\":\"https:\/\/www.confagricoltura.org\/piacenza\/\",\"name\":\"Confagricoltura Piacenza\",\"description\":\"Dalla parte degli Agricoltori\",\"potentialAction\":[{\"@type\":\"SearchAction\",\"target\":{\"@type\":\"EntryPoint\",\"urlTemplate\":\"https:\/\/www.confagricoltura.org\/piacenza\/?s={search_term_string}\"},\"query-input\":{\"@type\":\"PropertyValueSpecification\",\"valueRequired\":true,\"valueName\":\"search_term_string\"}}],\"inLanguage\":\"it-IT\"},{\"@type\":\"Person\",\"@id\":\"https:\/\/www.confagricoltura.org\/piacenza\/#\/schema\/person\/be5da25a3117fea4b3bfec9dba09b5e8\",\"name\":\"confagricolturapiacenza\",\"image\":{\"@type\":\"ImageObject\",\"inLanguage\":\"it-IT\",\"@id\":\"https:\/\/www.confagricoltura.org\/piacenza\/#\/schema\/person\/image\/\",\"url\":\"https:\/\/secure.gravatar.com\/avatar\/9c5f111e417171581853bd0a3ff892ca?s=96&d=mm&r=g\",\"contentUrl\":\"https:\/\/secure.gravatar.com\/avatar\/9c5f111e417171581853bd0a3ff892ca?s=96&d=mm&r=g\",\"caption\":\"confagricolturapiacenza\"},\"url\":\"https:\/\/www.confagricoltura.org\/piacenza\/author\/confagricolturapiacenza\/\"}]}<\/script>\n<!-- \/ Yoast SEO plugin. -->","yoast_head_json":{"title":"Confagricoltura Piacenza organizza due incontri dedicati agli 11 bandi del nuovo Psr - Confagricoltura Piacenza","robots":{"index":"index","follow":"follow","max-snippet":"max-snippet:-1","max-image-preview":"max-image-preview:large","max-video-preview":"max-video-preview:-1"},"canonical":"https:\/\/www.confagricoltura.org\/piacenza\/confagricoltura-piacenza-organizza-due-incontri-dedicati-agli-11-bandi-del-nuovo-psr\/","og_locale":"it_IT","og_type":"article","og_title":"Confagricoltura Piacenza organizza due incontri dedicati agli 11 bandi del nuovo Psr - Confagricoltura Piacenza","og_description":"Franzini: i bandi sono per le misure agro-climatico ambientali volontarie che integrano i pagamenti diretti","og_url":"https:\/\/www.confagricoltura.org\/piacenza\/confagricoltura-piacenza-organizza-due-incontri-dedicati-agli-11-bandi-del-nuovo-psr\/","og_site_name":"Confagricoltura Piacenza","article_published_time":"2023-01-13T11:36:36+00:00","article_modified_time":"2023-01-13T11:36:37+00:00","og_image":[{"width":1187,"height":2092,"url":"https:\/\/www.confagricoltura.org\/piacenza\/wp-content\/uploads\/sites\/11\/2022\/12\/Susana-Franzini.jpg","type":"image\/jpeg"}],"author":"confagricolturapiacenza","twitter_card":"summary_large_image","twitter_misc":{"Scritto da":"confagricolturapiacenza","Tempo di lettura stimato":"2 minuti"},"schema":{"@context":"https:\/\/schema.org","@graph":[{"@type":"Article","@id":"https:\/\/www.confagricoltura.org\/piacenza\/confagricoltura-piacenza-organizza-due-incontri-dedicati-agli-11-bandi-del-nuovo-psr\/#article","isPartOf":{"@id":"https:\/\/www.confagricoltura.org\/piacenza\/confagricoltura-piacenza-organizza-due-incontri-dedicati-agli-11-bandi-del-nuovo-psr\/"},"author":{"name":"confagricolturapiacenza","@id":"https:\/\/www.confagricoltura.org\/piacenza\/#\/schema\/person\/be5da25a3117fea4b3bfec9dba09b5e8"},"headline":"Confagricoltura Piacenza organizza due incontri dedicati agli 11 bandi del nuovo Psr","datePublished":"2023-01-13T11:36:36+00:00","dateModified":"2023-01-13T11:36:37+00:00","mainEntityOfPage":{"@id":"https:\/\/www.confagricoltura.org\/piacenza\/confagricoltura-piacenza-organizza-due-incontri-dedicati-agli-11-bandi-del-nuovo-psr\/"},"wordCount":342,"image":{"@id":"https:\/\/www.confagricoltura.org\/piacenza\/confagricoltura-piacenza-organizza-due-incontri-dedicati-agli-11-bandi-del-nuovo-psr\/#primaryimage"},"thumbnailUrl":"https:\/\/www.confagricoltura.org\/piacenza\/wp-content\/uploads\/sites\/11\/2022\/12\/Susana-Franzini.jpg","keywords":["NUOVO PSR"],"articleSection":["Finanziamenti e bandi","News"],"inLanguage":"it-IT"},{"@type":"WebPage","@id":"https:\/\/www.confagricoltura.org\/piacenza\/confagricoltura-piacenza-organizza-due-incontri-dedicati-agli-11-bandi-del-nuovo-psr\/","url":"https:\/\/www.confagricoltura.org\/piacenza\/confagricoltura-piacenza-organizza-due-incontri-dedicati-agli-11-bandi-del-nuovo-psr\/","name":"Confagricoltura Piacenza organizza due incontri dedicati agli 11 bandi del nuovo Psr - Confagricoltura Piacenza","isPartOf":{"@id":"https:\/\/www.confagricoltura.org\/piacenza\/#website"},"primaryImageOfPage":{"@id":"https:\/\/www.confagricoltura.org\/piacenza\/confagricoltura-piacenza-organizza-due-incontri-dedicati-agli-11-bandi-del-nuovo-psr\/#primaryimage"},"image":{"@id":"https:\/\/www.confagricoltura.org\/piacenza\/confagricoltura-piacenza-organizza-due-incontri-dedicati-agli-11-bandi-del-nuovo-psr\/#primaryimage"},"thumbnailUrl":"https:\/\/www.confagricoltura.org\/piacenza\/wp-content\/uploads\/sites\/11\/2022\/12\/Susana-Franzini.jpg","datePublished":"2023-01-13T11:36:36+00:00","dateModified":"2023-01-13T11:36:37+00:00","author":{"@id":"https:\/\/www.confagricoltura.org\/piacenza\/#\/schema\/person\/be5da25a3117fea4b3bfec9dba09b5e8"},"breadcrumb":{"@id":"https:\/\/www.confagricoltura.org\/piacenza\/confagricoltura-piacenza-organizza-due-incontri-dedicati-agli-11-bandi-del-nuovo-psr\/#breadcrumb"},"inLanguage":"it-IT","potentialAction":[{"@type":"ReadAction","target":["https:\/\/www.confagricoltura.org\/piacenza\/confagricoltura-piacenza-organizza-due-incontri-dedicati-agli-11-bandi-del-nuovo-psr\/"]}]},{"@type":"ImageObject","inLanguage":"it-IT","@id":"https:\/\/www.confagricoltura.org\/piacenza\/confagricoltura-piacenza-organizza-due-incontri-dedicati-agli-11-bandi-del-nuovo-psr\/#primaryimage","url":"https:\/\/www.confagricoltura.org\/piacenza\/wp-content\/uploads\/sites\/11\/2022\/12\/Susana-Franzini.jpg","contentUrl":"https:\/\/www.confagricoltura.org\/piacenza\/wp-content\/uploads\/sites\/11\/2022\/12\/Susana-Franzini.jpg","width":1187,"height":2092,"caption":"dav"},{"@type":"BreadcrumbList","@id":"https:\/\/www.confagricoltura.org\/piacenza\/confagricoltura-piacenza-organizza-due-incontri-dedicati-agli-11-bandi-del-nuovo-psr\/#breadcrumb","itemListElement":[{"@type":"ListItem","position":1,"name":"Home","item":"https:\/\/www.confagricoltura.org\/piacenza\/"},{"@type":"ListItem","position":2,"name":"Confagricoltura Piacenza organizza due incontri dedicati agli 11 bandi del nuovo Psr"}]},{"@type":"WebSite","@id":"https:\/\/www.confagricoltura.org\/piacenza\/#website","url":"https:\/\/www.confagricoltura.org\/piacenza\/","name":"Confagricoltura Piacenza","description":"Dalla parte degli Agricoltori","potentialAction":[{"@type":"SearchAction","target":{"@type":"EntryPoint","urlTemplate":"https:\/\/www.confagricoltura.org\/piacenza\/?s={search_term_string}"},"query-input":{"@type":"PropertyValueSpecification","valueRequired":true,"valueName":"search_term_string"}}],"inLanguage":"it-IT"},{"@type":"Person","@id":"https:\/\/www.confagricoltura.org\/piacenza\/#\/schema\/person\/be5da25a3117fea4b3bfec9dba09b5e8","name":"confagricolturapiacenza","image":{"@type":"ImageObject","inLanguage":"it-IT","@id":"https:\/\/www.confagricoltura.org\/piacenza\/#\/schema\/person\/image\/","url":"https:\/\/secure.gravatar.com\/avatar\/9c5f111e417171581853bd0a3ff892ca?s=96&d=mm&r=g","contentUrl":"https:\/\/secure.gravatar.com\/avatar\/9c5f111e417171581853bd0a3ff892ca?s=96&d=mm&r=g","caption":"confagricolturapiacenza"},"url":"https:\/\/www.confagricoltura.org\/piacenza\/author\/confagricolturapiacenza\/"}]}},"_links":{"self":[{"href":"https:\/\/www.confagricoltura.org\/piacenza\/wp-json\/wp\/v2\/posts\/4047","targetHints":{"allow":["GET"]}}],"collection":[{"href":"https:\/\/www.confagricoltura.org\/piacenza\/wp-json\/wp\/v2\/posts"}],"about":[{"href":"https:\/\/www.confagricoltura.org\/piacenza\/wp-json\/wp\/v2\/types\/post"}],"author":[{"embeddable":true,"href":"https:\/\/www.confagricoltura.org\/piacenza\/wp-json\/wp\/v2\/users\/6"}],"replies":[{"embeddable":true,"href":"https:\/\/www.confagricoltura.org\/piacenza\/wp-json\/wp\/v2\/comments?post=4047"}],"version-history":[{"count":1,"href":"https:\/\/www.confagricoltura.org\/piacenza\/wp-json\/wp\/v2\/posts\/4047\/revisions"}],"predecessor-version":[{"id":4048,"href":"https:\/\/www.confagricoltura.org\/piacenza\/wp-json\/wp\/v2\/posts\/4047\/revisions\/4048"}],"wp:featuredmedia":[{"embeddable":true,"href":"https:\/\/www.confagricoltura.org\/piacenza\/wp-json\/wp\/v2\/media\/4015"}],"wp:attachment":[{"href":"https:\/\/www.confagricoltura.org\/piacenza\/wp-json\/wp\/v2\/media?parent=4047"}],"wp:term":[{"taxonomy":"category","embeddable":true,"href":"https:\/\/www.confagricoltura.org\/piacenza\/wp-json\/wp\/v2\/categories?post=4047"},{"taxonomy":"post_tag","embeddable":true,"href":"https:\/\/www.confagricoltura.org\/piacenza\/wp-json\/wp\/v2\/tags?post=4047"}],"curies":[{"name":"wp","href":"https:\/\/api.w.org\/{rel}","templated":true}]}}