{"id":4044,"date":"2023-01-11T12:32:00","date_gmt":"2023-01-11T11:32:00","guid":{"rendered":"https:\/\/www.confagricoltura.org\/piacenza\/?p=4044"},"modified":"2023-01-13T12:34:29","modified_gmt":"2023-01-13T11:34:29","slug":"acqua-una-sfida-alla-sopravvivenza-non-stoccarla","status":"publish","type":"post","link":"https:\/\/www.confagricoltura.org\/piacenza\/acqua-una-sfida-alla-sopravvivenza-non-stoccarla\/","title":{"rendered":"Acqua: una sfida alla sopravvivenza non stoccarla"},"content":{"rendered":"\n<p>Stefano Repetti, tesoriere di Confagricoltura Piacenza, \u00e8 un noto agricoltore che con i fratelli Angelo e Gianni e il nipote Leonardo coltiva circa 300 ettari in Val Trebbia \u201cTerre della Valtrebbia\u201d \u00e8 infatti anche il nome di una delle sue aziende, l\u2019altra si chiama Podere Mangialupo. I Repetti coltivano zucche, colture industriali, ma soprattutto pomodoro da industria.&nbsp; Interviene sul tema della poca piovosit\u00e0.&nbsp; \u201cNei mesi invernali cerchiamo di far scorrere l\u2019acqua nei canali per ricaricare le falde a beneficio di tutta la cittadinanza e degli ecosistemi del reticolo\u201d \u2013 sottolinea Repetti.&nbsp; Chiuso il 2022 con tutti i problemi legati alla siccit\u00e0 Repetti ha fatto due conti su uno dei canali che solcano i suoi campi. \u201cIl Rivo Banco (o Seccamelica) \u00e8 lungo 5700 metri prima di confluire nel canale Rifiuto. Abbiamo aperto le paratie a monte il 12 novembre e ad oggi ha percorso 3.250 metri assorbendo 470.000 metri cubi d\u2019acqua che sono andati in falda. Questo significa \u2013 commenta Repetti &#8211; che le falde non sono mai state cos\u00ec bisognose d\u2019acqua. Fino a vent\u2019anni fa occorreva un solo giorno perch\u00e9 l\u2019acqua arrivasse a scaricare nel canale Rifiuto. Quest\u2019anno stimo ci vorranno circa tre mesi\u201d.<\/p>\n\n\n\n<p>Gli agricoltori stanno gi\u00e0 iniziando la programmazione per la prossima campagna. \u201cC\u2019\u00e8 preoccupazione per l\u2019irrigazione, perch\u00e9 le falde sono gi\u00e0 molto basse, mentre l\u2019acqua che scorre nei fiumi la lasciamo defluire in Po. Quando dicono, specialmente nella stagione estiva, che l\u2019acqua del Trebbia non arriva a destinazione, voglio sottolineare che in parte va in falda e in parte viene utilizzata per produrre cibo e se la falda \u00e8 bassa non \u00e8 solo responsabilit\u00e0 degli agricoltori, ma di tutta la popolazione perch\u00e9 l\u2019acqua potabile, in particolare, viene presa dai pozzi. Possiamo dire che in questo periodo agricoltori e consorzio di bonifica stanno ricaricando le falde. Si tratta di volumi enormi. Il mio canale arriver\u00e0 a far immagazzinare in falda circa un milione di metri cubi, se alziamo lo sguardo su tutta la provincia sono milioni e milioni\u201d. Al netto di questa operazione che ha un suo valore, si pone il tema di immagazzinare l\u2019acqua quando c\u2019\u00e8 e ragionare sul minimo deflusso vitale che di quest\u2019azione non considera nulla.&nbsp; \u201cSull\u2019 acqua che stiamo immagazzinando in falda ora, pagheremo i prelievi dai pozzi \u2013 sottolinea Repetti \u2013. Mi chiedo se non sia ambientalmente pi\u00f9 sostenibile trattenere l\u2019acqua quando c\u2019\u00e8 in abbondanza a monte e poi goderne per caduta, piuttosto che non doverla pompare dai pozzi e dal Po con consumo di gasolio e di energia. L\u2019acqua che scorrer\u00e0 via dai fiumi, poi, per defluire in ultima analisi in Po, sar\u00e0 per noi persa definitivamente.&nbsp; \u00c8 la riprova che le dighe costerebbero e impatterebbero meno. Come chiediamo ormai da troppi anni, urge un piano di stoccaggio idrico razionale, come razionale \u00e8 la programmazione in campo. Chiediamo che non vengano messe a rischio le produzioni, con il lavoro di centinaia di agricoltori e delle loro famiglie e le filiere agroalimentari dei trasformati a valle. Latte e pomodoro sono attivit\u00e0 che hanno bisogno di acqua e senz&#8217;acqua non si produce nulla, tant&#8217;\u00e8 che nel 2022 sono state sacrificate alcune produzioni non centrali\u201d. Dello stesso avviso \u2013 ricorda Confagricoltura Piacenza \u2013 anche il direttore del Crea, Centro di ricerca Genomica e bioinformatica di Fiorenzuola, Luigi Cattivelli che proprio dalle colonne del quotidiano locale, domenica 8 gennaio, ha dichiarato: \u201cPer continuare a fare agricoltura sar\u00e0 quindi indispensabile immagazzinare acqua. A Piacenza la piovosit\u00e0 annuale \u201cnormale\u201d si attesta sugli 800 \u2013 850 mm; in realt\u00e0 anche con 500 mm di piovosit\u00e0 all\u2019anno si pu\u00f2 fare un\u2019ottima agricoltura, come accade ad esempio in Israele con risultati eccellenti. Il punto cruciale \u00e8 quello di metterci nelle condizioni di trattenere e conservare l\u2019acqua\u201d.<\/p>\n\n\n\n<p>\u201cCi si pensi ora, che lasciamo scorrere via l&#8217;acqua invece di stoccarla adeguatamente per rispettare leggi ideologicamente ambientaliste \u2013 commenta Filippo Gasparini, presidente di Confagricoltura Piacenza -. \u00c8 un sistema alimentato da un brodo di coltura di politica e societ\u00e0 decadenti a cui si aggiunge un\u2019Europa contraria al bene dell\u2019economia e degli agricoltori. Quali sovranit\u00e0 alimentare, filiera corta e benessere animale sono possibili se manca l\u2019acqua? Se facciamo seccare i prati e razioniamo l\u2019acqua negli abbeveratoi? Il benessere degli animali non \u00e8 forse fondato sulle cinque libert\u00e0, tra cui quella dalla sete e dalla fame? Cosa si pensa quando si parla di economia circolare? Il mondo urbano \u00e8 lontanissimo dalla realt\u00e0. Questa schizofrenia non porta solo a costi, ma anche a situazioni paradossali. Vogliamo i prodotti locali e la sovranit\u00e0 alimentare, ma non possiamo ragionare sull\u2019approvvigionamento idrico adeguato allo scopo. Il comparto del pomodoro da industria, che vede la nostra provincia secondo produttore nazionale, \u00e8 basato su una programmazione ferrea, compressiva di penali in caso di mancato rispetto della programmazione stessa. Come \u00e8 possibile programmare gli ettari a pomodoro senza la certezza di poterli poi irrigare? \u00c8 al via lo studio di fattibilit\u00e0 della diga di Vetto \u2013 sottolinea il presidente di Confagricoltura Piacenza \u2013 misureremo la forza del mondo economico e politico piacentino in base alla capacit\u00e0 di inserire nel piano regionale anche le dighe in Val Trebbia e in Val Nure\u201d. Confagricoltura Piacenza suggerisce tempi e metodi: si parta subito e, quanto a i metodi, si parta con lo studio dei fabbisogni idrici di un territorio, quello piacentino, in grande deficit.&nbsp; \u201cNon sia mai \u2013 conclude il presidente di Confagricoltura Piacenza &#8211; che nel piano delle grandi opere della Regione ci sia la diga di Vetto e non quello che chiediamo da tempo, le dighe piacentine: una in Val Nure e una in Val Trebbia\u201d.<\/p>\n","protected":false},"excerpt":{"rendered":"<p>Repetti: impossibile programmare senz\u2019acqua<\/p>\n","protected":false},"author":6,"featured_media":4045,"comment_status":"closed","ping_status":"closed","sticky":false,"template":"","format":"standard","meta":{"wp_mapbox_gl_js_media":[],"footnotes":""},"categories":[4,9],"tags":[503],"class_list":["post-4044","post","type-post","status-publish","format-standard","has-post-thumbnail","hentry","category-news","category-territorio-ambiente","tag-acqua"],"yoast_head":"<!-- This site is optimized with the Yoast SEO plugin v26.8 - https:\/\/yoast.com\/product\/yoast-seo-wordpress\/ -->\n<title>Acqua: una sfida alla sopravvivenza non stoccarla - Confagricoltura Piacenza<\/title>\n<meta name=\"robots\" content=\"index, follow, max-snippet:-1, max-image-preview:large, max-video-preview:-1\" \/>\n<link rel=\"canonical\" href=\"https:\/\/www.confagricoltura.org\/piacenza\/acqua-una-sfida-alla-sopravvivenza-non-stoccarla\/\" \/>\n<meta property=\"og:locale\" content=\"it_IT\" \/>\n<meta property=\"og:type\" content=\"article\" \/>\n<meta property=\"og:title\" content=\"Acqua: una sfida alla sopravvivenza non stoccarla - Confagricoltura Piacenza\" \/>\n<meta property=\"og:description\" content=\"Repetti: impossibile programmare senz\u2019acqua\" \/>\n<meta property=\"og:url\" content=\"https:\/\/www.confagricoltura.org\/piacenza\/acqua-una-sfida-alla-sopravvivenza-non-stoccarla\/\" \/>\n<meta property=\"og:site_name\" content=\"Confagricoltura Piacenza\" \/>\n<meta property=\"article:published_time\" content=\"2023-01-11T11:32:00+00:00\" \/>\n<meta property=\"article:modified_time\" content=\"2023-01-13T11:34:29+00:00\" \/>\n<meta property=\"og:image\" content=\"https:\/\/www.confagricoltura.org\/piacenza\/wp-content\/uploads\/sites\/11\/2023\/01\/Stefano-Repetti.jpg\" \/>\n\t<meta property=\"og:image:width\" content=\"1929\" \/>\n\t<meta property=\"og:image:height\" content=\"1470\" \/>\n\t<meta property=\"og:image:type\" content=\"image\/jpeg\" \/>\n<meta name=\"author\" content=\"confagricolturapiacenza\" \/>\n<meta name=\"twitter:card\" content=\"summary_large_image\" \/>\n<meta name=\"twitter:label1\" content=\"Scritto da\" \/>\n\t<meta name=\"twitter:data1\" content=\"confagricolturapiacenza\" \/>\n\t<meta name=\"twitter:label2\" content=\"Tempo di lettura stimato\" \/>\n\t<meta name=\"twitter:data2\" content=\"4 minuti\" \/>\n<script type=\"application\/ld+json\" class=\"yoast-schema-graph\">{\"@context\":\"https:\/\/schema.org\",\"@graph\":[{\"@type\":\"Article\",\"@id\":\"https:\/\/www.confagricoltura.org\/piacenza\/acqua-una-sfida-alla-sopravvivenza-non-stoccarla\/#article\",\"isPartOf\":{\"@id\":\"https:\/\/www.confagricoltura.org\/piacenza\/acqua-una-sfida-alla-sopravvivenza-non-stoccarla\/\"},\"author\":{\"name\":\"confagricolturapiacenza\",\"@id\":\"https:\/\/www.confagricoltura.org\/piacenza\/#\/schema\/person\/be5da25a3117fea4b3bfec9dba09b5e8\"},\"headline\":\"Acqua: una sfida alla sopravvivenza non stoccarla\",\"datePublished\":\"2023-01-11T11:32:00+00:00\",\"dateModified\":\"2023-01-13T11:34:29+00:00\",\"mainEntityOfPage\":{\"@id\":\"https:\/\/www.confagricoltura.org\/piacenza\/acqua-una-sfida-alla-sopravvivenza-non-stoccarla\/\"},\"wordCount\":925,\"image\":{\"@id\":\"https:\/\/www.confagricoltura.org\/piacenza\/acqua-una-sfida-alla-sopravvivenza-non-stoccarla\/#primaryimage\"},\"thumbnailUrl\":\"https:\/\/www.confagricoltura.org\/piacenza\/wp-content\/uploads\/sites\/11\/2023\/01\/Stefano-Repetti.jpg\",\"keywords\":[\"ACQUA\"],\"articleSection\":[\"News\",\"Territorio e Ambiente\"],\"inLanguage\":\"it-IT\"},{\"@type\":\"WebPage\",\"@id\":\"https:\/\/www.confagricoltura.org\/piacenza\/acqua-una-sfida-alla-sopravvivenza-non-stoccarla\/\",\"url\":\"https:\/\/www.confagricoltura.org\/piacenza\/acqua-una-sfida-alla-sopravvivenza-non-stoccarla\/\",\"name\":\"Acqua: una sfida alla sopravvivenza non stoccarla - Confagricoltura Piacenza\",\"isPartOf\":{\"@id\":\"https:\/\/www.confagricoltura.org\/piacenza\/#website\"},\"primaryImageOfPage\":{\"@id\":\"https:\/\/www.confagricoltura.org\/piacenza\/acqua-una-sfida-alla-sopravvivenza-non-stoccarla\/#primaryimage\"},\"image\":{\"@id\":\"https:\/\/www.confagricoltura.org\/piacenza\/acqua-una-sfida-alla-sopravvivenza-non-stoccarla\/#primaryimage\"},\"thumbnailUrl\":\"https:\/\/www.confagricoltura.org\/piacenza\/wp-content\/uploads\/sites\/11\/2023\/01\/Stefano-Repetti.jpg\",\"datePublished\":\"2023-01-11T11:32:00+00:00\",\"dateModified\":\"2023-01-13T11:34:29+00:00\",\"author\":{\"@id\":\"https:\/\/www.confagricoltura.org\/piacenza\/#\/schema\/person\/be5da25a3117fea4b3bfec9dba09b5e8\"},\"breadcrumb\":{\"@id\":\"https:\/\/www.confagricoltura.org\/piacenza\/acqua-una-sfida-alla-sopravvivenza-non-stoccarla\/#breadcrumb\"},\"inLanguage\":\"it-IT\",\"potentialAction\":[{\"@type\":\"ReadAction\",\"target\":[\"https:\/\/www.confagricoltura.org\/piacenza\/acqua-una-sfida-alla-sopravvivenza-non-stoccarla\/\"]}]},{\"@type\":\"ImageObject\",\"inLanguage\":\"it-IT\",\"@id\":\"https:\/\/www.confagricoltura.org\/piacenza\/acqua-una-sfida-alla-sopravvivenza-non-stoccarla\/#primaryimage\",\"url\":\"https:\/\/www.confagricoltura.org\/piacenza\/wp-content\/uploads\/sites\/11\/2023\/01\/Stefano-Repetti.jpg\",\"contentUrl\":\"https:\/\/www.confagricoltura.org\/piacenza\/wp-content\/uploads\/sites\/11\/2023\/01\/Stefano-Repetti.jpg\",\"width\":1929,\"height\":1470},{\"@type\":\"BreadcrumbList\",\"@id\":\"https:\/\/www.confagricoltura.org\/piacenza\/acqua-una-sfida-alla-sopravvivenza-non-stoccarla\/#breadcrumb\",\"itemListElement\":[{\"@type\":\"ListItem\",\"position\":1,\"name\":\"Home\",\"item\":\"https:\/\/www.confagricoltura.org\/piacenza\/\"},{\"@type\":\"ListItem\",\"position\":2,\"name\":\"Acqua: una sfida alla sopravvivenza non stoccarla\"}]},{\"@type\":\"WebSite\",\"@id\":\"https:\/\/www.confagricoltura.org\/piacenza\/#website\",\"url\":\"https:\/\/www.confagricoltura.org\/piacenza\/\",\"name\":\"Confagricoltura Piacenza\",\"description\":\"Dalla parte degli Agricoltori\",\"potentialAction\":[{\"@type\":\"SearchAction\",\"target\":{\"@type\":\"EntryPoint\",\"urlTemplate\":\"https:\/\/www.confagricoltura.org\/piacenza\/?s={search_term_string}\"},\"query-input\":{\"@type\":\"PropertyValueSpecification\",\"valueRequired\":true,\"valueName\":\"search_term_string\"}}],\"inLanguage\":\"it-IT\"},{\"@type\":\"Person\",\"@id\":\"https:\/\/www.confagricoltura.org\/piacenza\/#\/schema\/person\/be5da25a3117fea4b3bfec9dba09b5e8\",\"name\":\"confagricolturapiacenza\",\"image\":{\"@type\":\"ImageObject\",\"inLanguage\":\"it-IT\",\"@id\":\"https:\/\/www.confagricoltura.org\/piacenza\/#\/schema\/person\/image\/\",\"url\":\"https:\/\/secure.gravatar.com\/avatar\/9c5f111e417171581853bd0a3ff892ca?s=96&d=mm&r=g\",\"contentUrl\":\"https:\/\/secure.gravatar.com\/avatar\/9c5f111e417171581853bd0a3ff892ca?s=96&d=mm&r=g\",\"caption\":\"confagricolturapiacenza\"},\"url\":\"https:\/\/www.confagricoltura.org\/piacenza\/author\/confagricolturapiacenza\/\"}]}<\/script>\n<!-- \/ Yoast SEO plugin. -->","yoast_head_json":{"title":"Acqua: una sfida alla sopravvivenza non stoccarla - Confagricoltura Piacenza","robots":{"index":"index","follow":"follow","max-snippet":"max-snippet:-1","max-image-preview":"max-image-preview:large","max-video-preview":"max-video-preview:-1"},"canonical":"https:\/\/www.confagricoltura.org\/piacenza\/acqua-una-sfida-alla-sopravvivenza-non-stoccarla\/","og_locale":"it_IT","og_type":"article","og_title":"Acqua: una sfida alla sopravvivenza non stoccarla - Confagricoltura Piacenza","og_description":"Repetti: impossibile programmare senz\u2019acqua","og_url":"https:\/\/www.confagricoltura.org\/piacenza\/acqua-una-sfida-alla-sopravvivenza-non-stoccarla\/","og_site_name":"Confagricoltura Piacenza","article_published_time":"2023-01-11T11:32:00+00:00","article_modified_time":"2023-01-13T11:34:29+00:00","og_image":[{"width":1929,"height":1470,"url":"https:\/\/www.confagricoltura.org\/piacenza\/wp-content\/uploads\/sites\/11\/2023\/01\/Stefano-Repetti.jpg","type":"image\/jpeg"}],"author":"confagricolturapiacenza","twitter_card":"summary_large_image","twitter_misc":{"Scritto da":"confagricolturapiacenza","Tempo di lettura stimato":"4 minuti"},"schema":{"@context":"https:\/\/schema.org","@graph":[{"@type":"Article","@id":"https:\/\/www.confagricoltura.org\/piacenza\/acqua-una-sfida-alla-sopravvivenza-non-stoccarla\/#article","isPartOf":{"@id":"https:\/\/www.confagricoltura.org\/piacenza\/acqua-una-sfida-alla-sopravvivenza-non-stoccarla\/"},"author":{"name":"confagricolturapiacenza","@id":"https:\/\/www.confagricoltura.org\/piacenza\/#\/schema\/person\/be5da25a3117fea4b3bfec9dba09b5e8"},"headline":"Acqua: una sfida alla sopravvivenza non stoccarla","datePublished":"2023-01-11T11:32:00+00:00","dateModified":"2023-01-13T11:34:29+00:00","mainEntityOfPage":{"@id":"https:\/\/www.confagricoltura.org\/piacenza\/acqua-una-sfida-alla-sopravvivenza-non-stoccarla\/"},"wordCount":925,"image":{"@id":"https:\/\/www.confagricoltura.org\/piacenza\/acqua-una-sfida-alla-sopravvivenza-non-stoccarla\/#primaryimage"},"thumbnailUrl":"https:\/\/www.confagricoltura.org\/piacenza\/wp-content\/uploads\/sites\/11\/2023\/01\/Stefano-Repetti.jpg","keywords":["ACQUA"],"articleSection":["News","Territorio e Ambiente"],"inLanguage":"it-IT"},{"@type":"WebPage","@id":"https:\/\/www.confagricoltura.org\/piacenza\/acqua-una-sfida-alla-sopravvivenza-non-stoccarla\/","url":"https:\/\/www.confagricoltura.org\/piacenza\/acqua-una-sfida-alla-sopravvivenza-non-stoccarla\/","name":"Acqua: una sfida alla sopravvivenza non stoccarla - Confagricoltura Piacenza","isPartOf":{"@id":"https:\/\/www.confagricoltura.org\/piacenza\/#website"},"primaryImageOfPage":{"@id":"https:\/\/www.confagricoltura.org\/piacenza\/acqua-una-sfida-alla-sopravvivenza-non-stoccarla\/#primaryimage"},"image":{"@id":"https:\/\/www.confagricoltura.org\/piacenza\/acqua-una-sfida-alla-sopravvivenza-non-stoccarla\/#primaryimage"},"thumbnailUrl":"https:\/\/www.confagricoltura.org\/piacenza\/wp-content\/uploads\/sites\/11\/2023\/01\/Stefano-Repetti.jpg","datePublished":"2023-01-11T11:32:00+00:00","dateModified":"2023-01-13T11:34:29+00:00","author":{"@id":"https:\/\/www.confagricoltura.org\/piacenza\/#\/schema\/person\/be5da25a3117fea4b3bfec9dba09b5e8"},"breadcrumb":{"@id":"https:\/\/www.confagricoltura.org\/piacenza\/acqua-una-sfida-alla-sopravvivenza-non-stoccarla\/#breadcrumb"},"inLanguage":"it-IT","potentialAction":[{"@type":"ReadAction","target":["https:\/\/www.confagricoltura.org\/piacenza\/acqua-una-sfida-alla-sopravvivenza-non-stoccarla\/"]}]},{"@type":"ImageObject","inLanguage":"it-IT","@id":"https:\/\/www.confagricoltura.org\/piacenza\/acqua-una-sfida-alla-sopravvivenza-non-stoccarla\/#primaryimage","url":"https:\/\/www.confagricoltura.org\/piacenza\/wp-content\/uploads\/sites\/11\/2023\/01\/Stefano-Repetti.jpg","contentUrl":"https:\/\/www.confagricoltura.org\/piacenza\/wp-content\/uploads\/sites\/11\/2023\/01\/Stefano-Repetti.jpg","width":1929,"height":1470},{"@type":"BreadcrumbList","@id":"https:\/\/www.confagricoltura.org\/piacenza\/acqua-una-sfida-alla-sopravvivenza-non-stoccarla\/#breadcrumb","itemListElement":[{"@type":"ListItem","position":1,"name":"Home","item":"https:\/\/www.confagricoltura.org\/piacenza\/"},{"@type":"ListItem","position":2,"name":"Acqua: una sfida alla sopravvivenza non stoccarla"}]},{"@type":"WebSite","@id":"https:\/\/www.confagricoltura.org\/piacenza\/#website","url":"https:\/\/www.confagricoltura.org\/piacenza\/","name":"Confagricoltura Piacenza","description":"Dalla parte degli Agricoltori","potentialAction":[{"@type":"SearchAction","target":{"@type":"EntryPoint","urlTemplate":"https:\/\/www.confagricoltura.org\/piacenza\/?s={search_term_string}"},"query-input":{"@type":"PropertyValueSpecification","valueRequired":true,"valueName":"search_term_string"}}],"inLanguage":"it-IT"},{"@type":"Person","@id":"https:\/\/www.confagricoltura.org\/piacenza\/#\/schema\/person\/be5da25a3117fea4b3bfec9dba09b5e8","name":"confagricolturapiacenza","image":{"@type":"ImageObject","inLanguage":"it-IT","@id":"https:\/\/www.confagricoltura.org\/piacenza\/#\/schema\/person\/image\/","url":"https:\/\/secure.gravatar.com\/avatar\/9c5f111e417171581853bd0a3ff892ca?s=96&d=mm&r=g","contentUrl":"https:\/\/secure.gravatar.com\/avatar\/9c5f111e417171581853bd0a3ff892ca?s=96&d=mm&r=g","caption":"confagricolturapiacenza"},"url":"https:\/\/www.confagricoltura.org\/piacenza\/author\/confagricolturapiacenza\/"}]}},"_links":{"self":[{"href":"https:\/\/www.confagricoltura.org\/piacenza\/wp-json\/wp\/v2\/posts\/4044","targetHints":{"allow":["GET"]}}],"collection":[{"href":"https:\/\/www.confagricoltura.org\/piacenza\/wp-json\/wp\/v2\/posts"}],"about":[{"href":"https:\/\/www.confagricoltura.org\/piacenza\/wp-json\/wp\/v2\/types\/post"}],"author":[{"embeddable":true,"href":"https:\/\/www.confagricoltura.org\/piacenza\/wp-json\/wp\/v2\/users\/6"}],"replies":[{"embeddable":true,"href":"https:\/\/www.confagricoltura.org\/piacenza\/wp-json\/wp\/v2\/comments?post=4044"}],"version-history":[{"count":1,"href":"https:\/\/www.confagricoltura.org\/piacenza\/wp-json\/wp\/v2\/posts\/4044\/revisions"}],"predecessor-version":[{"id":4046,"href":"https:\/\/www.confagricoltura.org\/piacenza\/wp-json\/wp\/v2\/posts\/4044\/revisions\/4046"}],"wp:featuredmedia":[{"embeddable":true,"href":"https:\/\/www.confagricoltura.org\/piacenza\/wp-json\/wp\/v2\/media\/4045"}],"wp:attachment":[{"href":"https:\/\/www.confagricoltura.org\/piacenza\/wp-json\/wp\/v2\/media?parent=4044"}],"wp:term":[{"taxonomy":"category","embeddable":true,"href":"https:\/\/www.confagricoltura.org\/piacenza\/wp-json\/wp\/v2\/categories?post=4044"},{"taxonomy":"post_tag","embeddable":true,"href":"https:\/\/www.confagricoltura.org\/piacenza\/wp-json\/wp\/v2\/tags?post=4044"}],"curies":[{"name":"wp","href":"https:\/\/api.w.org\/{rel}","templated":true}]}}