{"id":4042,"date":"2023-01-09T12:29:00","date_gmt":"2023-01-09T11:29:00","guid":{"rendered":"https:\/\/www.confagricoltura.org\/piacenza\/?p=4042"},"modified":"2023-01-13T12:31:55","modified_gmt":"2023-01-13T11:31:55","slug":"bilancio-e-prospettive-del-comparto-del-latte","status":"publish","type":"post","link":"https:\/\/www.confagricoltura.org\/piacenza\/bilancio-e-prospettive-del-comparto-del-latte\/","title":{"rendered":"Bilancio e prospettive del comparto del latte"},"content":{"rendered":"\n<p>\u201cIl latte, bene scarso nel 2022, \u00e8 passato da una quotazione di 40 centesimi a 60, aumentando grazie al mercato di un ordine di grandezza superiore rispetto a quanto ottenuto inizio anno con l\u2019accordo politico. Le aziende si sono viste riconoscere un amento di prezzi che non era arrivato da trent\u2019anni, ma dobbiamo valutare cosa succer\u00e0 dopo. Il latte ha s\u00ec avuto un incremento del 25% in media sull\u2019anno precedente, ma i costi dei principali fattori produttivi sono aumentati ben oltre\u201d \u2013 cos\u00ec Alfredo Lucchini presidente della sezione di prodotto Lattiero Casearia di Confagricoltura Piacenza. L\u2019approvvigionamento dei foraggi \u00e8 stato difficilissimo, sia per quanto riguarda i costi di produzione che per le rese, inferiori a causa della siccit\u00e0. \u00c8 stato difficile produrre con il gasolio a prezzo doppio, fertilizzanti al triplo e molti altri fattori produttivi aumentati del 30% rispetto al 2021. \u201cRispetto agli altri paesi europei abbiamo ulteriori aggravi anche per scelte politiche pregresse dal punto di vista logistico ed energetico \u2013 rimarca Lucchini -. Il latte quotato a 60 centesimi, clamoroso dal punto di vista dell\u2019emotivit\u00e0, ha generato un entusiasmo che non ha avuto un riscontro nei conti delle aziende. \u00c8 necessario mantenere molta freddezza e ponderare bene eventuali investimenti aziendali, anche in considerazione del crescente costo del denaro con la spinta rialzista dei tassi dei mutui (oltre ai consolidati aumenti di listini e il depotenziamento di strumenti come il credito d\u2019imposta e gli incentivi per l\u2019industria 4.0)\u201d.<\/p>\n\n\n\n<p>Bisogna poi considerare la nuova Pac con il taglio dei contributi diretti e l\u2019aumento di vincoli e penalizzazioni, che ci porteranno a ridurre ulteriormente le produzioni ostacolando l\u2019operativit\u00e0 delle nostre aziende. Un esempio su tutti l\u2019ecoschema 1 della Pac per la zootecnia che si innesta sul contorto disegno del sistema Classyfarm, della ricetta elettronica (di cui siamo i pionieri in Europa) e del registro elettronico dei trattamenti imponendo ulteriori parametri valutativi a cui viene vincolato circa il 30% della vecchia Pac). \u201cDi fatto &#8211; sottolinea il dirigente di Confagricoltura Piacenza &#8211; gli allevamenti avranno ancora pi\u00f9 difficolt\u00e0 ad essere competitivi, ad esempio \u00e8 previsto l\u2019abbandono della profilassi della messa in asciutta, pratica sanitaria di comprovata efficacia da decenni, il cui impiego sar\u00e0 sufficiente per porre gli allevamenti fuori dai parametri di riferimento\u201d. La Pac era stata pensata per abbassare il costo del cibo, di quell\u2019intento oggi non rimane nulla, cos\u00ec come non resta nulla dell\u2019aiuto nelle tasche degli agricoltori che lo rifondono anche nel rispetto di tutti i vincoli imposti. \u201cOltretutto \u2013 evidenzia l\u2019allevatore &#8211; contrariamente a quanto proclamato, tutti questi vincoli non favoriscono le piccole aziende che chiudono facendo venir meno il presidio del territorio. Resistono e si ingrandiscono le grandi imprese che la politica agricola europea osteggia equiparandole alle industrie e quindi, in seconda battuta, ponendo ulteriori ostacoli anche a queste\u201d.<\/p>\n\n\n\n<p>Venendo al mercato del latte, Germania e Francia nei primi 8 mesi avevano registrato un calo produttivo, ma a fine 2022 hanno recuperato, complici anche le misure protezionistiche, in un\u2019Europa che dovrebbe essere omogenea e libera sul piano normativo e commerciale, come il blocco di esportazione delle manze dalla Germania costringendole a partorire nel loro paese producendo dunque pi\u00f9 latte in loco. A fine 2022 in Italia le quotazioni del latte d\u2019importazione sono scese mentre il latte nazionale vede un calo di produzione e l\u2019aumento di prezzo. Il rischio \u00e8 che tutta la quota parte della produzione nazionale che resta fuori dai prodotti DOP vada in competizione con un mondo tornato ad essere quello di un anno fa, quindi con diverse stalle in posizione di grande svantaggio. \u201cLa congiuntura di quest\u2019anno \u2013 conclude Lucchini &#8211;&nbsp; era un\u2019occasione preziosa per fare analisi di mercato e aggregazione di prodotto, per costruire prospettive, invece ha prevalso l\u2019individualismo. A fase conclusa, non resta che il rammarico per esserci giocati l\u2019opportunit\u00e0 di fare un piano nazionale legato al mondo del latte. Torniamo a chiedere, per l\u2019ennesima volta, trasparenza e alla politica un supporto, non nelle trattative, ma interventi strutturali che agevolino l\u2019aggregazione dell\u2019offerta (tra cui anche una proroga dell\u2019industria 4.0 con le medesime aliquote del 2022 ed azioni di calmierazione sui tassi d\u2019interesse). Chiediamo alla politica nazionale un maggior dialogo con le istituzioni a livello europeo perch\u00e9 considerino il percorso virtuoso gi\u00e0 fatto dai nostri allevamenti (con l\u2019introduzione dell\u2019innovazione, la riduzione delle emissioni e l\u2019impiego limitato ed estremamente mirato dei farmaci) che dalla nuova Pac saranno ingiustamente penalizzati e che, nonostante il prezzo del latte, si trovano a terminare un anno galleggiando attorno al punto di pareggio&#8221;.<\/p>\n","protected":false},"excerpt":{"rendered":"<p>Lucchini (Confagricoltura): abbiamo perso l\u2019occasione per organizzare il sistema?<\/p>\n","protected":false},"author":6,"featured_media":1189,"comment_status":"closed","ping_status":"closed","sticky":false,"template":"","format":"standard","meta":{"wp_mapbox_gl_js_media":[],"footnotes":""},"categories":[4,15],"tags":[59],"class_list":["post-4042","post","type-post","status-publish","format-standard","has-post-thumbnail","hentry","category-news","category-settore-lattiero-caseario","tag-latte"],"yoast_head":"<!-- This site is optimized with the Yoast SEO plugin v26.8 - https:\/\/yoast.com\/product\/yoast-seo-wordpress\/ -->\n<title>Bilancio e prospettive del comparto del latte - Confagricoltura Piacenza<\/title>\n<meta name=\"robots\" content=\"index, follow, max-snippet:-1, max-image-preview:large, max-video-preview:-1\" \/>\n<link rel=\"canonical\" href=\"https:\/\/www.confagricoltura.org\/piacenza\/bilancio-e-prospettive-del-comparto-del-latte\/\" \/>\n<meta property=\"og:locale\" content=\"it_IT\" \/>\n<meta property=\"og:type\" content=\"article\" \/>\n<meta property=\"og:title\" content=\"Bilancio e prospettive del comparto del latte - Confagricoltura Piacenza\" \/>\n<meta property=\"og:description\" content=\"Lucchini (Confagricoltura): abbiamo perso l\u2019occasione per organizzare il sistema?\" \/>\n<meta property=\"og:url\" content=\"https:\/\/www.confagricoltura.org\/piacenza\/bilancio-e-prospettive-del-comparto-del-latte\/\" \/>\n<meta property=\"og:site_name\" content=\"Confagricoltura Piacenza\" \/>\n<meta property=\"article:published_time\" content=\"2023-01-09T11:29:00+00:00\" \/>\n<meta property=\"article:modified_time\" content=\"2023-01-13T11:31:55+00:00\" \/>\n<meta property=\"og:image\" content=\"https:\/\/www.confagricoltura.org\/piacenza\/wp-content\/uploads\/sites\/11\/2021\/03\/1Alfredo-Lucchini.jpg\" \/>\n\t<meta property=\"og:image:width\" content=\"1543\" \/>\n\t<meta property=\"og:image:height\" content=\"2154\" \/>\n\t<meta property=\"og:image:type\" content=\"image\/jpeg\" \/>\n<meta name=\"author\" content=\"confagricolturapiacenza\" \/>\n<meta name=\"twitter:card\" content=\"summary_large_image\" \/>\n<meta name=\"twitter:label1\" content=\"Scritto da\" \/>\n\t<meta name=\"twitter:data1\" content=\"confagricolturapiacenza\" \/>\n\t<meta name=\"twitter:label2\" content=\"Tempo di lettura stimato\" \/>\n\t<meta name=\"twitter:data2\" content=\"4 minuti\" \/>\n<script type=\"application\/ld+json\" class=\"yoast-schema-graph\">{\"@context\":\"https:\/\/schema.org\",\"@graph\":[{\"@type\":\"Article\",\"@id\":\"https:\/\/www.confagricoltura.org\/piacenza\/bilancio-e-prospettive-del-comparto-del-latte\/#article\",\"isPartOf\":{\"@id\":\"https:\/\/www.confagricoltura.org\/piacenza\/bilancio-e-prospettive-del-comparto-del-latte\/\"},\"author\":{\"name\":\"confagricolturapiacenza\",\"@id\":\"https:\/\/www.confagricoltura.org\/piacenza\/#\/schema\/person\/be5da25a3117fea4b3bfec9dba09b5e8\"},\"headline\":\"Bilancio e prospettive del comparto del latte\",\"datePublished\":\"2023-01-09T11:29:00+00:00\",\"dateModified\":\"2023-01-13T11:31:55+00:00\",\"mainEntityOfPage\":{\"@id\":\"https:\/\/www.confagricoltura.org\/piacenza\/bilancio-e-prospettive-del-comparto-del-latte\/\"},\"wordCount\":757,\"image\":{\"@id\":\"https:\/\/www.confagricoltura.org\/piacenza\/bilancio-e-prospettive-del-comparto-del-latte\/#primaryimage\"},\"thumbnailUrl\":\"https:\/\/www.confagricoltura.org\/piacenza\/wp-content\/uploads\/sites\/11\/2021\/03\/1Alfredo-Lucchini.jpg\",\"keywords\":[\"LATTE\"],\"articleSection\":[\"News\",\"Settore lattiero-caseario\"],\"inLanguage\":\"it-IT\"},{\"@type\":\"WebPage\",\"@id\":\"https:\/\/www.confagricoltura.org\/piacenza\/bilancio-e-prospettive-del-comparto-del-latte\/\",\"url\":\"https:\/\/www.confagricoltura.org\/piacenza\/bilancio-e-prospettive-del-comparto-del-latte\/\",\"name\":\"Bilancio e prospettive del comparto del latte - Confagricoltura Piacenza\",\"isPartOf\":{\"@id\":\"https:\/\/www.confagricoltura.org\/piacenza\/#website\"},\"primaryImageOfPage\":{\"@id\":\"https:\/\/www.confagricoltura.org\/piacenza\/bilancio-e-prospettive-del-comparto-del-latte\/#primaryimage\"},\"image\":{\"@id\":\"https:\/\/www.confagricoltura.org\/piacenza\/bilancio-e-prospettive-del-comparto-del-latte\/#primaryimage\"},\"thumbnailUrl\":\"https:\/\/www.confagricoltura.org\/piacenza\/wp-content\/uploads\/sites\/11\/2021\/03\/1Alfredo-Lucchini.jpg\",\"datePublished\":\"2023-01-09T11:29:00+00:00\",\"dateModified\":\"2023-01-13T11:31:55+00:00\",\"author\":{\"@id\":\"https:\/\/www.confagricoltura.org\/piacenza\/#\/schema\/person\/be5da25a3117fea4b3bfec9dba09b5e8\"},\"breadcrumb\":{\"@id\":\"https:\/\/www.confagricoltura.org\/piacenza\/bilancio-e-prospettive-del-comparto-del-latte\/#breadcrumb\"},\"inLanguage\":\"it-IT\",\"potentialAction\":[{\"@type\":\"ReadAction\",\"target\":[\"https:\/\/www.confagricoltura.org\/piacenza\/bilancio-e-prospettive-del-comparto-del-latte\/\"]}]},{\"@type\":\"ImageObject\",\"inLanguage\":\"it-IT\",\"@id\":\"https:\/\/www.confagricoltura.org\/piacenza\/bilancio-e-prospettive-del-comparto-del-latte\/#primaryimage\",\"url\":\"https:\/\/www.confagricoltura.org\/piacenza\/wp-content\/uploads\/sites\/11\/2021\/03\/1Alfredo-Lucchini.jpg\",\"contentUrl\":\"https:\/\/www.confagricoltura.org\/piacenza\/wp-content\/uploads\/sites\/11\/2021\/03\/1Alfredo-Lucchini.jpg\",\"width\":1543,\"height\":2154,\"caption\":\"Alfredo Lucchini \u2013 presidente della sezione di prodotto Lattiero-Casearia di Confagricoltura Piacenza\"},{\"@type\":\"BreadcrumbList\",\"@id\":\"https:\/\/www.confagricoltura.org\/piacenza\/bilancio-e-prospettive-del-comparto-del-latte\/#breadcrumb\",\"itemListElement\":[{\"@type\":\"ListItem\",\"position\":1,\"name\":\"Home\",\"item\":\"https:\/\/www.confagricoltura.org\/piacenza\/\"},{\"@type\":\"ListItem\",\"position\":2,\"name\":\"Bilancio e prospettive del comparto del latte\"}]},{\"@type\":\"WebSite\",\"@id\":\"https:\/\/www.confagricoltura.org\/piacenza\/#website\",\"url\":\"https:\/\/www.confagricoltura.org\/piacenza\/\",\"name\":\"Confagricoltura Piacenza\",\"description\":\"Dalla parte degli Agricoltori\",\"potentialAction\":[{\"@type\":\"SearchAction\",\"target\":{\"@type\":\"EntryPoint\",\"urlTemplate\":\"https:\/\/www.confagricoltura.org\/piacenza\/?s={search_term_string}\"},\"query-input\":{\"@type\":\"PropertyValueSpecification\",\"valueRequired\":true,\"valueName\":\"search_term_string\"}}],\"inLanguage\":\"it-IT\"},{\"@type\":\"Person\",\"@id\":\"https:\/\/www.confagricoltura.org\/piacenza\/#\/schema\/person\/be5da25a3117fea4b3bfec9dba09b5e8\",\"name\":\"confagricolturapiacenza\",\"image\":{\"@type\":\"ImageObject\",\"inLanguage\":\"it-IT\",\"@id\":\"https:\/\/www.confagricoltura.org\/piacenza\/#\/schema\/person\/image\/\",\"url\":\"https:\/\/secure.gravatar.com\/avatar\/9c5f111e417171581853bd0a3ff892ca?s=96&d=mm&r=g\",\"contentUrl\":\"https:\/\/secure.gravatar.com\/avatar\/9c5f111e417171581853bd0a3ff892ca?s=96&d=mm&r=g\",\"caption\":\"confagricolturapiacenza\"},\"url\":\"https:\/\/www.confagricoltura.org\/piacenza\/author\/confagricolturapiacenza\/\"}]}<\/script>\n<!-- \/ Yoast SEO plugin. -->","yoast_head_json":{"title":"Bilancio e prospettive del comparto del latte - Confagricoltura Piacenza","robots":{"index":"index","follow":"follow","max-snippet":"max-snippet:-1","max-image-preview":"max-image-preview:large","max-video-preview":"max-video-preview:-1"},"canonical":"https:\/\/www.confagricoltura.org\/piacenza\/bilancio-e-prospettive-del-comparto-del-latte\/","og_locale":"it_IT","og_type":"article","og_title":"Bilancio e prospettive del comparto del latte - Confagricoltura Piacenza","og_description":"Lucchini (Confagricoltura): abbiamo perso l\u2019occasione per organizzare il sistema?","og_url":"https:\/\/www.confagricoltura.org\/piacenza\/bilancio-e-prospettive-del-comparto-del-latte\/","og_site_name":"Confagricoltura Piacenza","article_published_time":"2023-01-09T11:29:00+00:00","article_modified_time":"2023-01-13T11:31:55+00:00","og_image":[{"width":1543,"height":2154,"url":"https:\/\/www.confagricoltura.org\/piacenza\/wp-content\/uploads\/sites\/11\/2021\/03\/1Alfredo-Lucchini.jpg","type":"image\/jpeg"}],"author":"confagricolturapiacenza","twitter_card":"summary_large_image","twitter_misc":{"Scritto da":"confagricolturapiacenza","Tempo di lettura stimato":"4 minuti"},"schema":{"@context":"https:\/\/schema.org","@graph":[{"@type":"Article","@id":"https:\/\/www.confagricoltura.org\/piacenza\/bilancio-e-prospettive-del-comparto-del-latte\/#article","isPartOf":{"@id":"https:\/\/www.confagricoltura.org\/piacenza\/bilancio-e-prospettive-del-comparto-del-latte\/"},"author":{"name":"confagricolturapiacenza","@id":"https:\/\/www.confagricoltura.org\/piacenza\/#\/schema\/person\/be5da25a3117fea4b3bfec9dba09b5e8"},"headline":"Bilancio e prospettive del comparto del latte","datePublished":"2023-01-09T11:29:00+00:00","dateModified":"2023-01-13T11:31:55+00:00","mainEntityOfPage":{"@id":"https:\/\/www.confagricoltura.org\/piacenza\/bilancio-e-prospettive-del-comparto-del-latte\/"},"wordCount":757,"image":{"@id":"https:\/\/www.confagricoltura.org\/piacenza\/bilancio-e-prospettive-del-comparto-del-latte\/#primaryimage"},"thumbnailUrl":"https:\/\/www.confagricoltura.org\/piacenza\/wp-content\/uploads\/sites\/11\/2021\/03\/1Alfredo-Lucchini.jpg","keywords":["LATTE"],"articleSection":["News","Settore lattiero-caseario"],"inLanguage":"it-IT"},{"@type":"WebPage","@id":"https:\/\/www.confagricoltura.org\/piacenza\/bilancio-e-prospettive-del-comparto-del-latte\/","url":"https:\/\/www.confagricoltura.org\/piacenza\/bilancio-e-prospettive-del-comparto-del-latte\/","name":"Bilancio e prospettive del comparto del latte - Confagricoltura Piacenza","isPartOf":{"@id":"https:\/\/www.confagricoltura.org\/piacenza\/#website"},"primaryImageOfPage":{"@id":"https:\/\/www.confagricoltura.org\/piacenza\/bilancio-e-prospettive-del-comparto-del-latte\/#primaryimage"},"image":{"@id":"https:\/\/www.confagricoltura.org\/piacenza\/bilancio-e-prospettive-del-comparto-del-latte\/#primaryimage"},"thumbnailUrl":"https:\/\/www.confagricoltura.org\/piacenza\/wp-content\/uploads\/sites\/11\/2021\/03\/1Alfredo-Lucchini.jpg","datePublished":"2023-01-09T11:29:00+00:00","dateModified":"2023-01-13T11:31:55+00:00","author":{"@id":"https:\/\/www.confagricoltura.org\/piacenza\/#\/schema\/person\/be5da25a3117fea4b3bfec9dba09b5e8"},"breadcrumb":{"@id":"https:\/\/www.confagricoltura.org\/piacenza\/bilancio-e-prospettive-del-comparto-del-latte\/#breadcrumb"},"inLanguage":"it-IT","potentialAction":[{"@type":"ReadAction","target":["https:\/\/www.confagricoltura.org\/piacenza\/bilancio-e-prospettive-del-comparto-del-latte\/"]}]},{"@type":"ImageObject","inLanguage":"it-IT","@id":"https:\/\/www.confagricoltura.org\/piacenza\/bilancio-e-prospettive-del-comparto-del-latte\/#primaryimage","url":"https:\/\/www.confagricoltura.org\/piacenza\/wp-content\/uploads\/sites\/11\/2021\/03\/1Alfredo-Lucchini.jpg","contentUrl":"https:\/\/www.confagricoltura.org\/piacenza\/wp-content\/uploads\/sites\/11\/2021\/03\/1Alfredo-Lucchini.jpg","width":1543,"height":2154,"caption":"Alfredo Lucchini \u2013 presidente della sezione di prodotto Lattiero-Casearia di Confagricoltura Piacenza"},{"@type":"BreadcrumbList","@id":"https:\/\/www.confagricoltura.org\/piacenza\/bilancio-e-prospettive-del-comparto-del-latte\/#breadcrumb","itemListElement":[{"@type":"ListItem","position":1,"name":"Home","item":"https:\/\/www.confagricoltura.org\/piacenza\/"},{"@type":"ListItem","position":2,"name":"Bilancio e prospettive del comparto del latte"}]},{"@type":"WebSite","@id":"https:\/\/www.confagricoltura.org\/piacenza\/#website","url":"https:\/\/www.confagricoltura.org\/piacenza\/","name":"Confagricoltura Piacenza","description":"Dalla parte degli Agricoltori","potentialAction":[{"@type":"SearchAction","target":{"@type":"EntryPoint","urlTemplate":"https:\/\/www.confagricoltura.org\/piacenza\/?s={search_term_string}"},"query-input":{"@type":"PropertyValueSpecification","valueRequired":true,"valueName":"search_term_string"}}],"inLanguage":"it-IT"},{"@type":"Person","@id":"https:\/\/www.confagricoltura.org\/piacenza\/#\/schema\/person\/be5da25a3117fea4b3bfec9dba09b5e8","name":"confagricolturapiacenza","image":{"@type":"ImageObject","inLanguage":"it-IT","@id":"https:\/\/www.confagricoltura.org\/piacenza\/#\/schema\/person\/image\/","url":"https:\/\/secure.gravatar.com\/avatar\/9c5f111e417171581853bd0a3ff892ca?s=96&d=mm&r=g","contentUrl":"https:\/\/secure.gravatar.com\/avatar\/9c5f111e417171581853bd0a3ff892ca?s=96&d=mm&r=g","caption":"confagricolturapiacenza"},"url":"https:\/\/www.confagricoltura.org\/piacenza\/author\/confagricolturapiacenza\/"}]}},"_links":{"self":[{"href":"https:\/\/www.confagricoltura.org\/piacenza\/wp-json\/wp\/v2\/posts\/4042","targetHints":{"allow":["GET"]}}],"collection":[{"href":"https:\/\/www.confagricoltura.org\/piacenza\/wp-json\/wp\/v2\/posts"}],"about":[{"href":"https:\/\/www.confagricoltura.org\/piacenza\/wp-json\/wp\/v2\/types\/post"}],"author":[{"embeddable":true,"href":"https:\/\/www.confagricoltura.org\/piacenza\/wp-json\/wp\/v2\/users\/6"}],"replies":[{"embeddable":true,"href":"https:\/\/www.confagricoltura.org\/piacenza\/wp-json\/wp\/v2\/comments?post=4042"}],"version-history":[{"count":1,"href":"https:\/\/www.confagricoltura.org\/piacenza\/wp-json\/wp\/v2\/posts\/4042\/revisions"}],"predecessor-version":[{"id":4043,"href":"https:\/\/www.confagricoltura.org\/piacenza\/wp-json\/wp\/v2\/posts\/4042\/revisions\/4043"}],"wp:featuredmedia":[{"embeddable":true,"href":"https:\/\/www.confagricoltura.org\/piacenza\/wp-json\/wp\/v2\/media\/1189"}],"wp:attachment":[{"href":"https:\/\/www.confagricoltura.org\/piacenza\/wp-json\/wp\/v2\/media?parent=4042"}],"wp:term":[{"taxonomy":"category","embeddable":true,"href":"https:\/\/www.confagricoltura.org\/piacenza\/wp-json\/wp\/v2\/categories?post=4042"},{"taxonomy":"post_tag","embeddable":true,"href":"https:\/\/www.confagricoltura.org\/piacenza\/wp-json\/wp\/v2\/tags?post=4042"}],"curies":[{"name":"wp","href":"https:\/\/api.w.org\/{rel}","templated":true}]}}