{"id":4029,"date":"2022-12-16T11:24:01","date_gmt":"2022-12-16T10:24:01","guid":{"rendered":"https:\/\/www.confagricoltura.org\/piacenza\/?p=4029"},"modified":"2022-12-16T11:26:55","modified_gmt":"2022-12-16T10:26:55","slug":"dalla-regione-emilia-romagna-le-linee-guida-per-valorizzare-le-piccole-produzioni-locali","status":"publish","type":"post","link":"https:\/\/www.confagricoltura.org\/piacenza\/dalla-regione-emilia-romagna-le-linee-guida-per-valorizzare-le-piccole-produzioni-locali\/","title":{"rendered":"Dalla Regione Emilia-Romagna le linee guida per valorizzare le piccole produzioni locali"},"content":{"rendered":"\n<p>Confagricoltura Piacenza rende noto che la Regione Emilia Romagna nei giorni scorsi ha pubblicato le linee guida sulla sicurezza alimentare che fanno chiarezza sulla manipolazione, trasformazione e commercializzazione degli alimenti nel settore primario. Il documento \u00e8 disponibile on line sul sito Alimenti e Salute della Regione al seguente link <a href=\"https:\/\/regioneer.it\/se281c6x\">https:\/\/regioneer.it\/se281c6x<\/a>.<\/p>\n\n\n\n<p>&nbsp;\u201cE\u2019 uno strumento utile &#8211; chiarisce Lara Sartori referente tecnico per il settore agrituristico &#8211; perch\u00e9 fornisce nel dettaglio informazioni e consigli utili sulle buone pratiche e le regole da rispettare nella produzione di cibi destinati alla vendita diretta nei mercatini locali o serviti nei menu degli agriturismi. Dagli standard igienico-sanitari da rispettare nella preparazione, somministrazione e vendita di prodotti alimentari a filiera breve, ad alcune buone pratiche per il benessere degli animali da cortile\u201d. Il documento \u2013 rileva Confagricoltura Piacenza \u2013 \u00e8&nbsp; una sorta di vademecum che fornisce agli imprenditori agricoli e agrituristici le indicazioni e le informazioni essenziali riguardanti i requisiti minimi e gli obblighi richiesti per la produzione di cibi e la fornitura di servizi nell\u2019ambito della propria attivit\u00e0 d\u2019impresa.&nbsp;<\/p>\n\n\n\n<p>\u201c\u00c8 una sorta di prontuario \u2013 prosegue Sartori \u2013 per le imprese agricole che vogliono valorizzare le loro produzioni locali rafforzando il legame tra produzioni agroalimentari e territorio attraverso la vendita diretta e l\u2019attivit\u00e0 agrituristica\u201d.<\/p>\n\n\n\n<p>Il documento \u00e8 articolato in pi\u00f9 parti ed \u00e8 costituito da un testo di inquadramento normativo di carattere generale, con l\u2019elenco puntuale dei pi\u00f9 importanti provvedimenti europei, nazionali e regionali che disciplinano la materia, oltre a due allegati. Il primo allegato descrive nel dettaglio le buone pratiche raccomandate nel campo dell\u2019allevamento, dall\u2019alimentazione alle regole basilari per il benessere degli animali, fino alla corretta gestione dei liquami e, pi\u00f9 in generale, dei rifiuti.&nbsp; Il secondo contiene le regole da rispettare nell\u2019attivit\u00e0 di trasformazione e\/o preparazione dei prodotti, dalle caratteristiche dei locali (cucina, laboratori per la produzione e il confezionamento, ecc.), alla formazione e all\u2019igiene del personale, fino all\u2019analisi dei pericoli specifici. Le linee guida nascono anche per dare seguito ad alcune normative regionali, a partire dalla legge 19\/2014 per la promozione e il sostegno dell\u2019economia solidale, che tra le altre finalit\u00e0 incentiva le produzioni agroalimentari derivanti dall\u2019agricoltura di prossimit\u00e0, valorizza la vendita diretta e le produzioni biologiche.<\/p>\n\n\n\n<p>Numerosi i richiami anche alla legge 19\/2018 sulla \u201cpromozione della salute, del benessere della persona e della comunit\u00e0 e prevenzione primaria\u201d, mediante \u201cl\u2019adozione di corretti comportamenti alimentari e nutrizionali da parte dei cittadini anche attraverso la promozione della conoscenza e del consumo di prodotti alimentari e agroalimentari ottenuti nel rispetto delle corrette pratiche agricole e zootecniche, di trasformazione, di conservazione e di sostenibilit\u00e0 ambientale\u201d.<\/p>\n\n\n\n<p>\u201cDi particolare interesse \u2013 sottolinea Sartori \u2013 \u00e8 l\u2019espressa ammissibilit\u00e0 di utilizzo della cucina domestica anche per la preparazione della prima colazione in quelle strutture agrituristiche che offrono esclusivamente il servizio di pernottamento.\u00a0 Bene anche lo sdoganamento, sempre della cucina domestica, per le degustazioni organizzate dalle imprese che effettuano enoturismo e nelle fattorie didattiche limitatamente alla preparazione delle merende. Si tratta \u2013 conclude Sartori &#8211; di preziosi chiarimenti che non emergevano con altrettanta evidenza nella regolamentazione dedicata all\u2019agriturismo. Ad ogni modo, restano ancora alcune casistiche controverse e gli uffici sono a disposizione per verificare caso per caso e per supportare le imprese\u201d.<\/p>\n","protected":false},"excerpt":{"rendered":"<p>Confagricoltura Piacenza: importanti chiarimenti pratici (Lara Sartori) <\/p>\n","protected":false},"author":6,"featured_media":3522,"comment_status":"closed","ping_status":"closed","sticky":false,"template":"","format":"standard","meta":{"wp_mapbox_gl_js_media":[],"footnotes":""},"categories":[4,8],"tags":[444],"class_list":["post-4029","post","type-post","status-publish","format-standard","has-post-thumbnail","hentry","category-news","category-tecnologie-innovazione","tag-sicurezza-alimentare"],"yoast_head":"<!-- This site is optimized with the Yoast SEO plugin v26.8 - https:\/\/yoast.com\/product\/yoast-seo-wordpress\/ -->\n<title>Dalla Regione Emilia-Romagna le linee guida per valorizzare le piccole produzioni locali - Confagricoltura Piacenza<\/title>\n<meta name=\"robots\" content=\"index, follow, max-snippet:-1, max-image-preview:large, max-video-preview:-1\" \/>\n<link rel=\"canonical\" href=\"https:\/\/www.confagricoltura.org\/piacenza\/dalla-regione-emilia-romagna-le-linee-guida-per-valorizzare-le-piccole-produzioni-locali\/\" \/>\n<meta property=\"og:locale\" content=\"it_IT\" \/>\n<meta property=\"og:type\" content=\"article\" \/>\n<meta property=\"og:title\" content=\"Dalla Regione Emilia-Romagna le linee guida per valorizzare le piccole produzioni locali - Confagricoltura Piacenza\" \/>\n<meta property=\"og:description\" content=\"Confagricoltura Piacenza: importanti chiarimenti pratici (Lara Sartori)\" \/>\n<meta property=\"og:url\" content=\"https:\/\/www.confagricoltura.org\/piacenza\/dalla-regione-emilia-romagna-le-linee-guida-per-valorizzare-le-piccole-produzioni-locali\/\" \/>\n<meta property=\"og:site_name\" content=\"Confagricoltura Piacenza\" \/>\n<meta property=\"article:published_time\" content=\"2022-12-16T10:24:01+00:00\" \/>\n<meta property=\"article:modified_time\" content=\"2022-12-16T10:26:55+00:00\" \/>\n<meta property=\"og:image\" content=\"https:\/\/www.confagricoltura.org\/piacenza\/wp-content\/uploads\/sites\/11\/2021\/10\/Lara-Sartori.jpg\" \/>\n\t<meta property=\"og:image:width\" content=\"665\" \/>\n\t<meta property=\"og:image:height\" content=\"887\" \/>\n\t<meta property=\"og:image:type\" content=\"image\/jpeg\" \/>\n<meta name=\"author\" content=\"confagricolturapiacenza\" \/>\n<meta name=\"twitter:card\" content=\"summary_large_image\" \/>\n<meta name=\"twitter:label1\" content=\"Scritto da\" \/>\n\t<meta name=\"twitter:data1\" content=\"confagricolturapiacenza\" \/>\n\t<meta name=\"twitter:label2\" content=\"Tempo di lettura stimato\" \/>\n\t<meta name=\"twitter:data2\" content=\"3 minuti\" \/>\n<script type=\"application\/ld+json\" class=\"yoast-schema-graph\">{\"@context\":\"https:\/\/schema.org\",\"@graph\":[{\"@type\":\"Article\",\"@id\":\"https:\/\/www.confagricoltura.org\/piacenza\/dalla-regione-emilia-romagna-le-linee-guida-per-valorizzare-le-piccole-produzioni-locali\/#article\",\"isPartOf\":{\"@id\":\"https:\/\/www.confagricoltura.org\/piacenza\/dalla-regione-emilia-romagna-le-linee-guida-per-valorizzare-le-piccole-produzioni-locali\/\"},\"author\":{\"name\":\"confagricolturapiacenza\",\"@id\":\"https:\/\/www.confagricoltura.org\/piacenza\/#\/schema\/person\/be5da25a3117fea4b3bfec9dba09b5e8\"},\"headline\":\"Dalla Regione Emilia-Romagna le linee guida per valorizzare le piccole produzioni locali\",\"datePublished\":\"2022-12-16T10:24:01+00:00\",\"dateModified\":\"2022-12-16T10:26:55+00:00\",\"mainEntityOfPage\":{\"@id\":\"https:\/\/www.confagricoltura.org\/piacenza\/dalla-regione-emilia-romagna-le-linee-guida-per-valorizzare-le-piccole-produzioni-locali\/\"},\"wordCount\":551,\"image\":{\"@id\":\"https:\/\/www.confagricoltura.org\/piacenza\/dalla-regione-emilia-romagna-le-linee-guida-per-valorizzare-le-piccole-produzioni-locali\/#primaryimage\"},\"thumbnailUrl\":\"https:\/\/www.confagricoltura.org\/piacenza\/wp-content\/uploads\/sites\/11\/2021\/10\/Lara-Sartori.jpg\",\"keywords\":[\"sicurezza alimentare\"],\"articleSection\":[\"News\",\"Tecnologie e Innovazione\"],\"inLanguage\":\"it-IT\"},{\"@type\":\"WebPage\",\"@id\":\"https:\/\/www.confagricoltura.org\/piacenza\/dalla-regione-emilia-romagna-le-linee-guida-per-valorizzare-le-piccole-produzioni-locali\/\",\"url\":\"https:\/\/www.confagricoltura.org\/piacenza\/dalla-regione-emilia-romagna-le-linee-guida-per-valorizzare-le-piccole-produzioni-locali\/\",\"name\":\"Dalla Regione Emilia-Romagna le linee guida per valorizzare le piccole produzioni locali - Confagricoltura Piacenza\",\"isPartOf\":{\"@id\":\"https:\/\/www.confagricoltura.org\/piacenza\/#website\"},\"primaryImageOfPage\":{\"@id\":\"https:\/\/www.confagricoltura.org\/piacenza\/dalla-regione-emilia-romagna-le-linee-guida-per-valorizzare-le-piccole-produzioni-locali\/#primaryimage\"},\"image\":{\"@id\":\"https:\/\/www.confagricoltura.org\/piacenza\/dalla-regione-emilia-romagna-le-linee-guida-per-valorizzare-le-piccole-produzioni-locali\/#primaryimage\"},\"thumbnailUrl\":\"https:\/\/www.confagricoltura.org\/piacenza\/wp-content\/uploads\/sites\/11\/2021\/10\/Lara-Sartori.jpg\",\"datePublished\":\"2022-12-16T10:24:01+00:00\",\"dateModified\":\"2022-12-16T10:26:55+00:00\",\"author\":{\"@id\":\"https:\/\/www.confagricoltura.org\/piacenza\/#\/schema\/person\/be5da25a3117fea4b3bfec9dba09b5e8\"},\"breadcrumb\":{\"@id\":\"https:\/\/www.confagricoltura.org\/piacenza\/dalla-regione-emilia-romagna-le-linee-guida-per-valorizzare-le-piccole-produzioni-locali\/#breadcrumb\"},\"inLanguage\":\"it-IT\",\"potentialAction\":[{\"@type\":\"ReadAction\",\"target\":[\"https:\/\/www.confagricoltura.org\/piacenza\/dalla-regione-emilia-romagna-le-linee-guida-per-valorizzare-le-piccole-produzioni-locali\/\"]}]},{\"@type\":\"ImageObject\",\"inLanguage\":\"it-IT\",\"@id\":\"https:\/\/www.confagricoltura.org\/piacenza\/dalla-regione-emilia-romagna-le-linee-guida-per-valorizzare-le-piccole-produzioni-locali\/#primaryimage\",\"url\":\"https:\/\/www.confagricoltura.org\/piacenza\/wp-content\/uploads\/sites\/11\/2021\/10\/Lara-Sartori.jpg\",\"contentUrl\":\"https:\/\/www.confagricoltura.org\/piacenza\/wp-content\/uploads\/sites\/11\/2021\/10\/Lara-Sartori.jpg\",\"width\":665,\"height\":887},{\"@type\":\"BreadcrumbList\",\"@id\":\"https:\/\/www.confagricoltura.org\/piacenza\/dalla-regione-emilia-romagna-le-linee-guida-per-valorizzare-le-piccole-produzioni-locali\/#breadcrumb\",\"itemListElement\":[{\"@type\":\"ListItem\",\"position\":1,\"name\":\"Home\",\"item\":\"https:\/\/www.confagricoltura.org\/piacenza\/\"},{\"@type\":\"ListItem\",\"position\":2,\"name\":\"Dalla Regione Emilia-Romagna le linee guida per valorizzare le piccole produzioni locali\"}]},{\"@type\":\"WebSite\",\"@id\":\"https:\/\/www.confagricoltura.org\/piacenza\/#website\",\"url\":\"https:\/\/www.confagricoltura.org\/piacenza\/\",\"name\":\"Confagricoltura Piacenza\",\"description\":\"Dalla parte degli Agricoltori\",\"potentialAction\":[{\"@type\":\"SearchAction\",\"target\":{\"@type\":\"EntryPoint\",\"urlTemplate\":\"https:\/\/www.confagricoltura.org\/piacenza\/?s={search_term_string}\"},\"query-input\":{\"@type\":\"PropertyValueSpecification\",\"valueRequired\":true,\"valueName\":\"search_term_string\"}}],\"inLanguage\":\"it-IT\"},{\"@type\":\"Person\",\"@id\":\"https:\/\/www.confagricoltura.org\/piacenza\/#\/schema\/person\/be5da25a3117fea4b3bfec9dba09b5e8\",\"name\":\"confagricolturapiacenza\",\"image\":{\"@type\":\"ImageObject\",\"inLanguage\":\"it-IT\",\"@id\":\"https:\/\/www.confagricoltura.org\/piacenza\/#\/schema\/person\/image\/\",\"url\":\"https:\/\/secure.gravatar.com\/avatar\/9c5f111e417171581853bd0a3ff892ca?s=96&d=mm&r=g\",\"contentUrl\":\"https:\/\/secure.gravatar.com\/avatar\/9c5f111e417171581853bd0a3ff892ca?s=96&d=mm&r=g\",\"caption\":\"confagricolturapiacenza\"},\"url\":\"https:\/\/www.confagricoltura.org\/piacenza\/author\/confagricolturapiacenza\/\"}]}<\/script>\n<!-- \/ Yoast SEO plugin. -->","yoast_head_json":{"title":"Dalla Regione Emilia-Romagna le linee guida per valorizzare le piccole produzioni locali - Confagricoltura Piacenza","robots":{"index":"index","follow":"follow","max-snippet":"max-snippet:-1","max-image-preview":"max-image-preview:large","max-video-preview":"max-video-preview:-1"},"canonical":"https:\/\/www.confagricoltura.org\/piacenza\/dalla-regione-emilia-romagna-le-linee-guida-per-valorizzare-le-piccole-produzioni-locali\/","og_locale":"it_IT","og_type":"article","og_title":"Dalla Regione Emilia-Romagna le linee guida per valorizzare le piccole produzioni locali - Confagricoltura Piacenza","og_description":"Confagricoltura Piacenza: importanti chiarimenti pratici (Lara Sartori)","og_url":"https:\/\/www.confagricoltura.org\/piacenza\/dalla-regione-emilia-romagna-le-linee-guida-per-valorizzare-le-piccole-produzioni-locali\/","og_site_name":"Confagricoltura Piacenza","article_published_time":"2022-12-16T10:24:01+00:00","article_modified_time":"2022-12-16T10:26:55+00:00","og_image":[{"width":665,"height":887,"url":"https:\/\/www.confagricoltura.org\/piacenza\/wp-content\/uploads\/sites\/11\/2021\/10\/Lara-Sartori.jpg","type":"image\/jpeg"}],"author":"confagricolturapiacenza","twitter_card":"summary_large_image","twitter_misc":{"Scritto da":"confagricolturapiacenza","Tempo di lettura stimato":"3 minuti"},"schema":{"@context":"https:\/\/schema.org","@graph":[{"@type":"Article","@id":"https:\/\/www.confagricoltura.org\/piacenza\/dalla-regione-emilia-romagna-le-linee-guida-per-valorizzare-le-piccole-produzioni-locali\/#article","isPartOf":{"@id":"https:\/\/www.confagricoltura.org\/piacenza\/dalla-regione-emilia-romagna-le-linee-guida-per-valorizzare-le-piccole-produzioni-locali\/"},"author":{"name":"confagricolturapiacenza","@id":"https:\/\/www.confagricoltura.org\/piacenza\/#\/schema\/person\/be5da25a3117fea4b3bfec9dba09b5e8"},"headline":"Dalla Regione Emilia-Romagna le linee guida per valorizzare le piccole produzioni locali","datePublished":"2022-12-16T10:24:01+00:00","dateModified":"2022-12-16T10:26:55+00:00","mainEntityOfPage":{"@id":"https:\/\/www.confagricoltura.org\/piacenza\/dalla-regione-emilia-romagna-le-linee-guida-per-valorizzare-le-piccole-produzioni-locali\/"},"wordCount":551,"image":{"@id":"https:\/\/www.confagricoltura.org\/piacenza\/dalla-regione-emilia-romagna-le-linee-guida-per-valorizzare-le-piccole-produzioni-locali\/#primaryimage"},"thumbnailUrl":"https:\/\/www.confagricoltura.org\/piacenza\/wp-content\/uploads\/sites\/11\/2021\/10\/Lara-Sartori.jpg","keywords":["sicurezza alimentare"],"articleSection":["News","Tecnologie e Innovazione"],"inLanguage":"it-IT"},{"@type":"WebPage","@id":"https:\/\/www.confagricoltura.org\/piacenza\/dalla-regione-emilia-romagna-le-linee-guida-per-valorizzare-le-piccole-produzioni-locali\/","url":"https:\/\/www.confagricoltura.org\/piacenza\/dalla-regione-emilia-romagna-le-linee-guida-per-valorizzare-le-piccole-produzioni-locali\/","name":"Dalla Regione Emilia-Romagna le linee guida per valorizzare le piccole produzioni locali - Confagricoltura Piacenza","isPartOf":{"@id":"https:\/\/www.confagricoltura.org\/piacenza\/#website"},"primaryImageOfPage":{"@id":"https:\/\/www.confagricoltura.org\/piacenza\/dalla-regione-emilia-romagna-le-linee-guida-per-valorizzare-le-piccole-produzioni-locali\/#primaryimage"},"image":{"@id":"https:\/\/www.confagricoltura.org\/piacenza\/dalla-regione-emilia-romagna-le-linee-guida-per-valorizzare-le-piccole-produzioni-locali\/#primaryimage"},"thumbnailUrl":"https:\/\/www.confagricoltura.org\/piacenza\/wp-content\/uploads\/sites\/11\/2021\/10\/Lara-Sartori.jpg","datePublished":"2022-12-16T10:24:01+00:00","dateModified":"2022-12-16T10:26:55+00:00","author":{"@id":"https:\/\/www.confagricoltura.org\/piacenza\/#\/schema\/person\/be5da25a3117fea4b3bfec9dba09b5e8"},"breadcrumb":{"@id":"https:\/\/www.confagricoltura.org\/piacenza\/dalla-regione-emilia-romagna-le-linee-guida-per-valorizzare-le-piccole-produzioni-locali\/#breadcrumb"},"inLanguage":"it-IT","potentialAction":[{"@type":"ReadAction","target":["https:\/\/www.confagricoltura.org\/piacenza\/dalla-regione-emilia-romagna-le-linee-guida-per-valorizzare-le-piccole-produzioni-locali\/"]}]},{"@type":"ImageObject","inLanguage":"it-IT","@id":"https:\/\/www.confagricoltura.org\/piacenza\/dalla-regione-emilia-romagna-le-linee-guida-per-valorizzare-le-piccole-produzioni-locali\/#primaryimage","url":"https:\/\/www.confagricoltura.org\/piacenza\/wp-content\/uploads\/sites\/11\/2021\/10\/Lara-Sartori.jpg","contentUrl":"https:\/\/www.confagricoltura.org\/piacenza\/wp-content\/uploads\/sites\/11\/2021\/10\/Lara-Sartori.jpg","width":665,"height":887},{"@type":"BreadcrumbList","@id":"https:\/\/www.confagricoltura.org\/piacenza\/dalla-regione-emilia-romagna-le-linee-guida-per-valorizzare-le-piccole-produzioni-locali\/#breadcrumb","itemListElement":[{"@type":"ListItem","position":1,"name":"Home","item":"https:\/\/www.confagricoltura.org\/piacenza\/"},{"@type":"ListItem","position":2,"name":"Dalla Regione Emilia-Romagna le linee guida per valorizzare le piccole produzioni locali"}]},{"@type":"WebSite","@id":"https:\/\/www.confagricoltura.org\/piacenza\/#website","url":"https:\/\/www.confagricoltura.org\/piacenza\/","name":"Confagricoltura Piacenza","description":"Dalla parte degli Agricoltori","potentialAction":[{"@type":"SearchAction","target":{"@type":"EntryPoint","urlTemplate":"https:\/\/www.confagricoltura.org\/piacenza\/?s={search_term_string}"},"query-input":{"@type":"PropertyValueSpecification","valueRequired":true,"valueName":"search_term_string"}}],"inLanguage":"it-IT"},{"@type":"Person","@id":"https:\/\/www.confagricoltura.org\/piacenza\/#\/schema\/person\/be5da25a3117fea4b3bfec9dba09b5e8","name":"confagricolturapiacenza","image":{"@type":"ImageObject","inLanguage":"it-IT","@id":"https:\/\/www.confagricoltura.org\/piacenza\/#\/schema\/person\/image\/","url":"https:\/\/secure.gravatar.com\/avatar\/9c5f111e417171581853bd0a3ff892ca?s=96&d=mm&r=g","contentUrl":"https:\/\/secure.gravatar.com\/avatar\/9c5f111e417171581853bd0a3ff892ca?s=96&d=mm&r=g","caption":"confagricolturapiacenza"},"url":"https:\/\/www.confagricoltura.org\/piacenza\/author\/confagricolturapiacenza\/"}]}},"_links":{"self":[{"href":"https:\/\/www.confagricoltura.org\/piacenza\/wp-json\/wp\/v2\/posts\/4029","targetHints":{"allow":["GET"]}}],"collection":[{"href":"https:\/\/www.confagricoltura.org\/piacenza\/wp-json\/wp\/v2\/posts"}],"about":[{"href":"https:\/\/www.confagricoltura.org\/piacenza\/wp-json\/wp\/v2\/types\/post"}],"author":[{"embeddable":true,"href":"https:\/\/www.confagricoltura.org\/piacenza\/wp-json\/wp\/v2\/users\/6"}],"replies":[{"embeddable":true,"href":"https:\/\/www.confagricoltura.org\/piacenza\/wp-json\/wp\/v2\/comments?post=4029"}],"version-history":[{"count":2,"href":"https:\/\/www.confagricoltura.org\/piacenza\/wp-json\/wp\/v2\/posts\/4029\/revisions"}],"predecessor-version":[{"id":4031,"href":"https:\/\/www.confagricoltura.org\/piacenza\/wp-json\/wp\/v2\/posts\/4029\/revisions\/4031"}],"wp:featuredmedia":[{"embeddable":true,"href":"https:\/\/www.confagricoltura.org\/piacenza\/wp-json\/wp\/v2\/media\/3522"}],"wp:attachment":[{"href":"https:\/\/www.confagricoltura.org\/piacenza\/wp-json\/wp\/v2\/media?parent=4029"}],"wp:term":[{"taxonomy":"category","embeddable":true,"href":"https:\/\/www.confagricoltura.org\/piacenza\/wp-json\/wp\/v2\/categories?post=4029"},{"taxonomy":"post_tag","embeddable":true,"href":"https:\/\/www.confagricoltura.org\/piacenza\/wp-json\/wp\/v2\/tags?post=4029"}],"curies":[{"name":"wp","href":"https:\/\/api.w.org\/{rel}","templated":true}]}}