{"id":4023,"date":"2022-12-13T11:05:00","date_gmt":"2022-12-13T10:05:00","guid":{"rendered":"https:\/\/www.confagricoltura.org\/piacenza\/?p=4023"},"modified":"2022-12-14T11:10:41","modified_gmt":"2022-12-14T10:10:41","slug":"pac-adempimenti-e-temi-dattualita-sindacale-agli-incontri-sul-territorio-di-confagricoltura-piacenza","status":"publish","type":"post","link":"https:\/\/www.confagricoltura.org\/piacenza\/pac-adempimenti-e-temi-dattualita-sindacale-agli-incontri-sul-territorio-di-confagricoltura-piacenza\/","title":{"rendered":"PAC, adempimenti e temi d&#8217;attualit\u00e0 sindacale agli incontri sul territorio di Confagricoltura Piacenza"},"content":{"rendered":"\n<p>Iniziati l\u201911 novembre a Lugagnano, gli incontri sul territorio di Confagricoltura Piacenza hanno visto e un record di presenze che ha portato ad incontrare complessivamente circa 400 associati. Di particolare soddisfazione la calorosa accoglienza a Pianello, per la prima volta sede di riunione. \u201cDopo due anni di stop forzato c\u2019era la volont\u00e0 di incontrarsi direttamente e dialogare lasciando spazio alla condivisione diretta\u201d &#8211; commenta soddisfatto il direttore di Confagricoltura Piacenza, Marco Casagrande. Diverse le tematiche con focus sulle specifiche esigenze delle zone. \u201cLa nostra provincia \u00e8 estremamente ricca e variegata \u2013 sottolinea Casagrande \u2013 in collina si parlato di vino e di fauna selvatica, in pianura di colture industriali e di gestione della risorsa idrica, si \u00e8 poi dato spazio ai grandi temi che interessano tutte le aziende\u201d.<\/p>\n\n\n\n<p>La responsabile dei servizi tecnici Susanna Franzini ha illustrato la nuova Pac, con focus sui pagamenti diretti e le misure di agricoltura biologica e produzione integrata. \u201cIl piano strategico nazionale, che contiene, tra l\u2019altro, le misure di sviluppo rurale, \u00e8 stato approvato lo scorso 2 dicembre, anticipando cos\u00ec la preannunciata scadenza di met\u00e0 dicembre, e consentendo pertanto la pubblicazione, entro fine anno, dei due attesi e importanti Avvisi pubblici riguardanti l\u2019agricoltura biologica e la produzione integrata. Attenzione per il biologico perch\u00e9 la notifica va effettuata entro il 31 dicembre. Per l&#8217;agricoltura integrata l&#8217;impianto \u00e8 simile alle programmazioni precedenti per\u00f2 \u00e8 introdotta la certificazione SQNPI. Per la nuova Pac \u2013 ha sottolineato \u2013 ad oggi abbiamo le anticipazioni contenute nel piano strategico nazionale: sappiamo che i titoli saranno confermati ma ricalcolati considerando la convergenza, che dovremo rispettare la condizionalit\u00e0 rafforzata e la condizionalit\u00e0 sociale, che per accedere ai premi supplementari potremmo adottare gli ecoschemi, tra cui quello per la zootecnia legato al benessere animale, ma i contenuti di dettaglio sono in fase di definizione\u201d. Non sono infatti mancati aggiornamenti in progress anche da un appuntamento all\u2019altro. La consulente fiscale Michela Filippi ha passato in rassegna gli articoli di maggior interesse dei decreti aiuti Ter e quater dando indicazioni sulle tempistiche dei crediti d&#8217;imposta per le spese di carburante e ponendo l&#8217;attenzione sui tempi stretti di utilizzo. Ha passato in rassegna gli altri crediti energia utilizzabili entro il 30 giugno. E poi, saldo Imu, acconto Iva. \u201cCi aspetta un 2023 altrettanto ricco di adempimenti \u2013 ha sottolineato Filippi &#8211; perch\u00e9 l&#8217;emergenza ha aggiunto adempimenti nuovi. Ricordo che l&#8217;IRAP, stata abolita nel 2016 per le aziende agricole, nel 2021 \u00e8 stata definitivamente abolita anche per le ditte individuali che svolgono attivit\u00e0 connessa\u201d. Alcune anticipazioni della legge di bilancio: proroga esenzione irpef, proroga innalzamento percentuali di compensazione per gli allevamenti, riproposta della rivalutazione del valore dei terreni edificabili e delle partecipazioni, innalzamento quota contante e nuova flat tax per regime forfettario. \u201cIl credito d&#8217;imposta per gli investimenti ordinari, nella misura del 6% per il 2022 \u2013 ha precisato Filippi &#8211; non sar\u00e0 probabilmente rinnovato, mentre quello per investimenti 4.0 subir\u00e0 una riduzione dal 40 al 20%. Chi intende fare investimenti a breve pu\u00f2 valutare la prenotazione del bene con il pagamento di un acconto di almeno del 20%, per poter fissare la percentuale di credito in vigore sino a fine anno&#8221;. Degli aspetti giuslavoristici, delle modifiche introdotte nella gestione del rapporto con il lavoratore e degli adempimenti previsti in materia di informazioni obbligatorie al lavoratore introdotti dal decreto trasparenza ha parlato, invece, la responsabile del Servizio Paghe e Sindacale Ilaria Rosa che ha anche illustrato le attivit\u00e0 dell\u2019ente Bilaterale e puntualizzato alcuni aspetti fondamentali della sicurezza sul lavoro. Il vicedirettore Raffaello Rossi ha fatto il punto su informatizzazione e innovazione dei servizi, invitando gli associati a usufruire del portale, gratuito e di facile utilizzo, per avere una fotografia aggiornata dell&#8217;impresa, ha poi fatto un cenno ai programmi specifici per il settore vitivinicolo e alle nuove modalit\u00e0 di gestione interna dei contratti d\u2019affitto. Sempre presente anche la responsabile della comunicazione Elena Gherardi che si \u00e8 occupata della narrazione sui media e del resoconto informativo. Il direttore ha, in proposito, colto l\u2019occasione per invitare le aziende a condividere con l\u2019associazione le storie d\u2019impresa e a seguire Confagricoltura sui vari canali informativi sui social. I segretari di zona Alessandro Zanrei, Marco Piacentini, Enrica Cabrini e Paolo Messa si sono occupati, ciascuno per il proprio territorio, di condurre le mattinate.<\/p>\n\n\n\n<p>Le conclusioni di tutti gli appuntamenti sono state affidate al presidente Filippo Gasparini che ha messo in fila i nessi dell&#8217;azione sindacale con gli adempimenti amministrativi e le regolamentazioni del settore.&nbsp;<\/p>\n","protected":false},"excerpt":{"rendered":"<p>Casagrande: soddisfatti della grande partecipazione, ultimo appuntamento il 12 gennaio a Fiorenzuola<\/p>\n","protected":false},"author":6,"featured_media":4024,"comment_status":"closed","ping_status":"closed","sticky":false,"template":"","format":"standard","meta":{"wp_mapbox_gl_js_media":[],"footnotes":""},"categories":[11,4],"tags":[350],"class_list":["post-4023","post","type-post","status-publish","format-standard","has-post-thumbnail","hentry","category-finanziamenti-bandi","category-news","tag-pac"],"yoast_head":"<!-- This site is optimized with the Yoast SEO plugin v26.8 - https:\/\/yoast.com\/product\/yoast-seo-wordpress\/ -->\n<title>PAC, adempimenti e temi d&#039;attualit\u00e0 sindacale agli incontri sul territorio di Confagricoltura Piacenza - Confagricoltura Piacenza<\/title>\n<meta name=\"robots\" content=\"index, follow, max-snippet:-1, max-image-preview:large, max-video-preview:-1\" \/>\n<link rel=\"canonical\" href=\"https:\/\/www.confagricoltura.org\/piacenza\/pac-adempimenti-e-temi-dattualita-sindacale-agli-incontri-sul-territorio-di-confagricoltura-piacenza\/\" \/>\n<meta property=\"og:locale\" content=\"it_IT\" \/>\n<meta property=\"og:type\" content=\"article\" \/>\n<meta property=\"og:title\" content=\"PAC, adempimenti e temi d&#039;attualit\u00e0 sindacale agli incontri sul territorio di Confagricoltura Piacenza - Confagricoltura Piacenza\" \/>\n<meta property=\"og:description\" content=\"Casagrande: soddisfatti della grande partecipazione, ultimo appuntamento il 12 gennaio a Fiorenzuola\" \/>\n<meta property=\"og:url\" content=\"https:\/\/www.confagricoltura.org\/piacenza\/pac-adempimenti-e-temi-dattualita-sindacale-agli-incontri-sul-territorio-di-confagricoltura-piacenza\/\" \/>\n<meta property=\"og:site_name\" content=\"Confagricoltura Piacenza\" \/>\n<meta property=\"article:published_time\" content=\"2022-12-13T10:05:00+00:00\" \/>\n<meta property=\"article:modified_time\" content=\"2022-12-14T10:10:41+00:00\" \/>\n<meta property=\"og:image\" content=\"https:\/\/www.confagricoltura.org\/piacenza\/wp-content\/uploads\/sites\/11\/2022\/12\/Relatori.jpg\" \/>\n\t<meta property=\"og:image:width\" content=\"1389\" \/>\n\t<meta property=\"og:image:height\" content=\"938\" \/>\n\t<meta property=\"og:image:type\" content=\"image\/jpeg\" \/>\n<meta name=\"author\" content=\"confagricolturapiacenza\" \/>\n<meta name=\"twitter:card\" content=\"summary_large_image\" \/>\n<meta name=\"twitter:label1\" content=\"Scritto da\" \/>\n\t<meta name=\"twitter:data1\" content=\"confagricolturapiacenza\" \/>\n\t<meta name=\"twitter:label2\" content=\"Tempo di lettura stimato\" \/>\n\t<meta name=\"twitter:data2\" content=\"4 minuti\" \/>\n<script type=\"application\/ld+json\" class=\"yoast-schema-graph\">{\"@context\":\"https:\/\/schema.org\",\"@graph\":[{\"@type\":\"Article\",\"@id\":\"https:\/\/www.confagricoltura.org\/piacenza\/pac-adempimenti-e-temi-dattualita-sindacale-agli-incontri-sul-territorio-di-confagricoltura-piacenza\/#article\",\"isPartOf\":{\"@id\":\"https:\/\/www.confagricoltura.org\/piacenza\/pac-adempimenti-e-temi-dattualita-sindacale-agli-incontri-sul-territorio-di-confagricoltura-piacenza\/\"},\"author\":{\"name\":\"confagricolturapiacenza\",\"@id\":\"https:\/\/www.confagricoltura.org\/piacenza\/#\/schema\/person\/be5da25a3117fea4b3bfec9dba09b5e8\"},\"headline\":\"PAC, adempimenti e temi d&#8217;attualit\u00e0 sindacale agli incontri sul territorio di Confagricoltura Piacenza\",\"datePublished\":\"2022-12-13T10:05:00+00:00\",\"dateModified\":\"2022-12-14T10:10:41+00:00\",\"mainEntityOfPage\":{\"@id\":\"https:\/\/www.confagricoltura.org\/piacenza\/pac-adempimenti-e-temi-dattualita-sindacale-agli-incontri-sul-territorio-di-confagricoltura-piacenza\/\"},\"wordCount\":748,\"image\":{\"@id\":\"https:\/\/www.confagricoltura.org\/piacenza\/pac-adempimenti-e-temi-dattualita-sindacale-agli-incontri-sul-territorio-di-confagricoltura-piacenza\/#primaryimage\"},\"thumbnailUrl\":\"https:\/\/www.confagricoltura.org\/piacenza\/wp-content\/uploads\/sites\/11\/2022\/12\/Relatori.jpg\",\"keywords\":[\"pac\"],\"articleSection\":[\"Finanziamenti e bandi\",\"News\"],\"inLanguage\":\"it-IT\"},{\"@type\":\"WebPage\",\"@id\":\"https:\/\/www.confagricoltura.org\/piacenza\/pac-adempimenti-e-temi-dattualita-sindacale-agli-incontri-sul-territorio-di-confagricoltura-piacenza\/\",\"url\":\"https:\/\/www.confagricoltura.org\/piacenza\/pac-adempimenti-e-temi-dattualita-sindacale-agli-incontri-sul-territorio-di-confagricoltura-piacenza\/\",\"name\":\"PAC, adempimenti e temi d'attualit\u00e0 sindacale agli incontri sul territorio di Confagricoltura Piacenza - Confagricoltura Piacenza\",\"isPartOf\":{\"@id\":\"https:\/\/www.confagricoltura.org\/piacenza\/#website\"},\"primaryImageOfPage\":{\"@id\":\"https:\/\/www.confagricoltura.org\/piacenza\/pac-adempimenti-e-temi-dattualita-sindacale-agli-incontri-sul-territorio-di-confagricoltura-piacenza\/#primaryimage\"},\"image\":{\"@id\":\"https:\/\/www.confagricoltura.org\/piacenza\/pac-adempimenti-e-temi-dattualita-sindacale-agli-incontri-sul-territorio-di-confagricoltura-piacenza\/#primaryimage\"},\"thumbnailUrl\":\"https:\/\/www.confagricoltura.org\/piacenza\/wp-content\/uploads\/sites\/11\/2022\/12\/Relatori.jpg\",\"datePublished\":\"2022-12-13T10:05:00+00:00\",\"dateModified\":\"2022-12-14T10:10:41+00:00\",\"author\":{\"@id\":\"https:\/\/www.confagricoltura.org\/piacenza\/#\/schema\/person\/be5da25a3117fea4b3bfec9dba09b5e8\"},\"breadcrumb\":{\"@id\":\"https:\/\/www.confagricoltura.org\/piacenza\/pac-adempimenti-e-temi-dattualita-sindacale-agli-incontri-sul-territorio-di-confagricoltura-piacenza\/#breadcrumb\"},\"inLanguage\":\"it-IT\",\"potentialAction\":[{\"@type\":\"ReadAction\",\"target\":[\"https:\/\/www.confagricoltura.org\/piacenza\/pac-adempimenti-e-temi-dattualita-sindacale-agli-incontri-sul-territorio-di-confagricoltura-piacenza\/\"]}]},{\"@type\":\"ImageObject\",\"inLanguage\":\"it-IT\",\"@id\":\"https:\/\/www.confagricoltura.org\/piacenza\/pac-adempimenti-e-temi-dattualita-sindacale-agli-incontri-sul-territorio-di-confagricoltura-piacenza\/#primaryimage\",\"url\":\"https:\/\/www.confagricoltura.org\/piacenza\/wp-content\/uploads\/sites\/11\/2022\/12\/Relatori.jpg\",\"contentUrl\":\"https:\/\/www.confagricoltura.org\/piacenza\/wp-content\/uploads\/sites\/11\/2022\/12\/Relatori.jpg\",\"width\":1389,\"height\":938},{\"@type\":\"BreadcrumbList\",\"@id\":\"https:\/\/www.confagricoltura.org\/piacenza\/pac-adempimenti-e-temi-dattualita-sindacale-agli-incontri-sul-territorio-di-confagricoltura-piacenza\/#breadcrumb\",\"itemListElement\":[{\"@type\":\"ListItem\",\"position\":1,\"name\":\"Home\",\"item\":\"https:\/\/www.confagricoltura.org\/piacenza\/\"},{\"@type\":\"ListItem\",\"position\":2,\"name\":\"PAC, adempimenti e temi d&#8217;attualit\u00e0 sindacale agli incontri sul territorio di Confagricoltura Piacenza\"}]},{\"@type\":\"WebSite\",\"@id\":\"https:\/\/www.confagricoltura.org\/piacenza\/#website\",\"url\":\"https:\/\/www.confagricoltura.org\/piacenza\/\",\"name\":\"Confagricoltura Piacenza\",\"description\":\"Dalla parte degli Agricoltori\",\"potentialAction\":[{\"@type\":\"SearchAction\",\"target\":{\"@type\":\"EntryPoint\",\"urlTemplate\":\"https:\/\/www.confagricoltura.org\/piacenza\/?s={search_term_string}\"},\"query-input\":{\"@type\":\"PropertyValueSpecification\",\"valueRequired\":true,\"valueName\":\"search_term_string\"}}],\"inLanguage\":\"it-IT\"},{\"@type\":\"Person\",\"@id\":\"https:\/\/www.confagricoltura.org\/piacenza\/#\/schema\/person\/be5da25a3117fea4b3bfec9dba09b5e8\",\"name\":\"confagricolturapiacenza\",\"image\":{\"@type\":\"ImageObject\",\"inLanguage\":\"it-IT\",\"@id\":\"https:\/\/www.confagricoltura.org\/piacenza\/#\/schema\/person\/image\/\",\"url\":\"https:\/\/secure.gravatar.com\/avatar\/9c5f111e417171581853bd0a3ff892ca?s=96&d=mm&r=g\",\"contentUrl\":\"https:\/\/secure.gravatar.com\/avatar\/9c5f111e417171581853bd0a3ff892ca?s=96&d=mm&r=g\",\"caption\":\"confagricolturapiacenza\"},\"url\":\"https:\/\/www.confagricoltura.org\/piacenza\/author\/confagricolturapiacenza\/\"}]}<\/script>\n<!-- \/ Yoast SEO plugin. -->","yoast_head_json":{"title":"PAC, adempimenti e temi d'attualit\u00e0 sindacale agli incontri sul territorio di Confagricoltura Piacenza - Confagricoltura Piacenza","robots":{"index":"index","follow":"follow","max-snippet":"max-snippet:-1","max-image-preview":"max-image-preview:large","max-video-preview":"max-video-preview:-1"},"canonical":"https:\/\/www.confagricoltura.org\/piacenza\/pac-adempimenti-e-temi-dattualita-sindacale-agli-incontri-sul-territorio-di-confagricoltura-piacenza\/","og_locale":"it_IT","og_type":"article","og_title":"PAC, adempimenti e temi d'attualit\u00e0 sindacale agli incontri sul territorio di Confagricoltura Piacenza - Confagricoltura Piacenza","og_description":"Casagrande: soddisfatti della grande partecipazione, ultimo appuntamento il 12 gennaio a Fiorenzuola","og_url":"https:\/\/www.confagricoltura.org\/piacenza\/pac-adempimenti-e-temi-dattualita-sindacale-agli-incontri-sul-territorio-di-confagricoltura-piacenza\/","og_site_name":"Confagricoltura Piacenza","article_published_time":"2022-12-13T10:05:00+00:00","article_modified_time":"2022-12-14T10:10:41+00:00","og_image":[{"width":1389,"height":938,"url":"https:\/\/www.confagricoltura.org\/piacenza\/wp-content\/uploads\/sites\/11\/2022\/12\/Relatori.jpg","type":"image\/jpeg"}],"author":"confagricolturapiacenza","twitter_card":"summary_large_image","twitter_misc":{"Scritto da":"confagricolturapiacenza","Tempo di lettura stimato":"4 minuti"},"schema":{"@context":"https:\/\/schema.org","@graph":[{"@type":"Article","@id":"https:\/\/www.confagricoltura.org\/piacenza\/pac-adempimenti-e-temi-dattualita-sindacale-agli-incontri-sul-territorio-di-confagricoltura-piacenza\/#article","isPartOf":{"@id":"https:\/\/www.confagricoltura.org\/piacenza\/pac-adempimenti-e-temi-dattualita-sindacale-agli-incontri-sul-territorio-di-confagricoltura-piacenza\/"},"author":{"name":"confagricolturapiacenza","@id":"https:\/\/www.confagricoltura.org\/piacenza\/#\/schema\/person\/be5da25a3117fea4b3bfec9dba09b5e8"},"headline":"PAC, adempimenti e temi d&#8217;attualit\u00e0 sindacale agli incontri sul territorio di Confagricoltura Piacenza","datePublished":"2022-12-13T10:05:00+00:00","dateModified":"2022-12-14T10:10:41+00:00","mainEntityOfPage":{"@id":"https:\/\/www.confagricoltura.org\/piacenza\/pac-adempimenti-e-temi-dattualita-sindacale-agli-incontri-sul-territorio-di-confagricoltura-piacenza\/"},"wordCount":748,"image":{"@id":"https:\/\/www.confagricoltura.org\/piacenza\/pac-adempimenti-e-temi-dattualita-sindacale-agli-incontri-sul-territorio-di-confagricoltura-piacenza\/#primaryimage"},"thumbnailUrl":"https:\/\/www.confagricoltura.org\/piacenza\/wp-content\/uploads\/sites\/11\/2022\/12\/Relatori.jpg","keywords":["pac"],"articleSection":["Finanziamenti e bandi","News"],"inLanguage":"it-IT"},{"@type":"WebPage","@id":"https:\/\/www.confagricoltura.org\/piacenza\/pac-adempimenti-e-temi-dattualita-sindacale-agli-incontri-sul-territorio-di-confagricoltura-piacenza\/","url":"https:\/\/www.confagricoltura.org\/piacenza\/pac-adempimenti-e-temi-dattualita-sindacale-agli-incontri-sul-territorio-di-confagricoltura-piacenza\/","name":"PAC, adempimenti e temi d'attualit\u00e0 sindacale agli incontri sul territorio di Confagricoltura Piacenza - Confagricoltura Piacenza","isPartOf":{"@id":"https:\/\/www.confagricoltura.org\/piacenza\/#website"},"primaryImageOfPage":{"@id":"https:\/\/www.confagricoltura.org\/piacenza\/pac-adempimenti-e-temi-dattualita-sindacale-agli-incontri-sul-territorio-di-confagricoltura-piacenza\/#primaryimage"},"image":{"@id":"https:\/\/www.confagricoltura.org\/piacenza\/pac-adempimenti-e-temi-dattualita-sindacale-agli-incontri-sul-territorio-di-confagricoltura-piacenza\/#primaryimage"},"thumbnailUrl":"https:\/\/www.confagricoltura.org\/piacenza\/wp-content\/uploads\/sites\/11\/2022\/12\/Relatori.jpg","datePublished":"2022-12-13T10:05:00+00:00","dateModified":"2022-12-14T10:10:41+00:00","author":{"@id":"https:\/\/www.confagricoltura.org\/piacenza\/#\/schema\/person\/be5da25a3117fea4b3bfec9dba09b5e8"},"breadcrumb":{"@id":"https:\/\/www.confagricoltura.org\/piacenza\/pac-adempimenti-e-temi-dattualita-sindacale-agli-incontri-sul-territorio-di-confagricoltura-piacenza\/#breadcrumb"},"inLanguage":"it-IT","potentialAction":[{"@type":"ReadAction","target":["https:\/\/www.confagricoltura.org\/piacenza\/pac-adempimenti-e-temi-dattualita-sindacale-agli-incontri-sul-territorio-di-confagricoltura-piacenza\/"]}]},{"@type":"ImageObject","inLanguage":"it-IT","@id":"https:\/\/www.confagricoltura.org\/piacenza\/pac-adempimenti-e-temi-dattualita-sindacale-agli-incontri-sul-territorio-di-confagricoltura-piacenza\/#primaryimage","url":"https:\/\/www.confagricoltura.org\/piacenza\/wp-content\/uploads\/sites\/11\/2022\/12\/Relatori.jpg","contentUrl":"https:\/\/www.confagricoltura.org\/piacenza\/wp-content\/uploads\/sites\/11\/2022\/12\/Relatori.jpg","width":1389,"height":938},{"@type":"BreadcrumbList","@id":"https:\/\/www.confagricoltura.org\/piacenza\/pac-adempimenti-e-temi-dattualita-sindacale-agli-incontri-sul-territorio-di-confagricoltura-piacenza\/#breadcrumb","itemListElement":[{"@type":"ListItem","position":1,"name":"Home","item":"https:\/\/www.confagricoltura.org\/piacenza\/"},{"@type":"ListItem","position":2,"name":"PAC, adempimenti e temi d&#8217;attualit\u00e0 sindacale agli incontri sul territorio di Confagricoltura Piacenza"}]},{"@type":"WebSite","@id":"https:\/\/www.confagricoltura.org\/piacenza\/#website","url":"https:\/\/www.confagricoltura.org\/piacenza\/","name":"Confagricoltura Piacenza","description":"Dalla parte degli Agricoltori","potentialAction":[{"@type":"SearchAction","target":{"@type":"EntryPoint","urlTemplate":"https:\/\/www.confagricoltura.org\/piacenza\/?s={search_term_string}"},"query-input":{"@type":"PropertyValueSpecification","valueRequired":true,"valueName":"search_term_string"}}],"inLanguage":"it-IT"},{"@type":"Person","@id":"https:\/\/www.confagricoltura.org\/piacenza\/#\/schema\/person\/be5da25a3117fea4b3bfec9dba09b5e8","name":"confagricolturapiacenza","image":{"@type":"ImageObject","inLanguage":"it-IT","@id":"https:\/\/www.confagricoltura.org\/piacenza\/#\/schema\/person\/image\/","url":"https:\/\/secure.gravatar.com\/avatar\/9c5f111e417171581853bd0a3ff892ca?s=96&d=mm&r=g","contentUrl":"https:\/\/secure.gravatar.com\/avatar\/9c5f111e417171581853bd0a3ff892ca?s=96&d=mm&r=g","caption":"confagricolturapiacenza"},"url":"https:\/\/www.confagricoltura.org\/piacenza\/author\/confagricolturapiacenza\/"}]}},"_links":{"self":[{"href":"https:\/\/www.confagricoltura.org\/piacenza\/wp-json\/wp\/v2\/posts\/4023","targetHints":{"allow":["GET"]}}],"collection":[{"href":"https:\/\/www.confagricoltura.org\/piacenza\/wp-json\/wp\/v2\/posts"}],"about":[{"href":"https:\/\/www.confagricoltura.org\/piacenza\/wp-json\/wp\/v2\/types\/post"}],"author":[{"embeddable":true,"href":"https:\/\/www.confagricoltura.org\/piacenza\/wp-json\/wp\/v2\/users\/6"}],"replies":[{"embeddable":true,"href":"https:\/\/www.confagricoltura.org\/piacenza\/wp-json\/wp\/v2\/comments?post=4023"}],"version-history":[{"count":1,"href":"https:\/\/www.confagricoltura.org\/piacenza\/wp-json\/wp\/v2\/posts\/4023\/revisions"}],"predecessor-version":[{"id":4025,"href":"https:\/\/www.confagricoltura.org\/piacenza\/wp-json\/wp\/v2\/posts\/4023\/revisions\/4025"}],"wp:featuredmedia":[{"embeddable":true,"href":"https:\/\/www.confagricoltura.org\/piacenza\/wp-json\/wp\/v2\/media\/4024"}],"wp:attachment":[{"href":"https:\/\/www.confagricoltura.org\/piacenza\/wp-json\/wp\/v2\/media?parent=4023"}],"wp:term":[{"taxonomy":"category","embeddable":true,"href":"https:\/\/www.confagricoltura.org\/piacenza\/wp-json\/wp\/v2\/categories?post=4023"},{"taxonomy":"post_tag","embeddable":true,"href":"https:\/\/www.confagricoltura.org\/piacenza\/wp-json\/wp\/v2\/tags?post=4023"}],"curies":[{"name":"wp","href":"https:\/\/api.w.org\/{rel}","templated":true}]}}