{"id":4020,"date":"2022-12-13T11:02:00","date_gmt":"2022-12-13T10:02:00","guid":{"rendered":"https:\/\/www.confagricoltura.org\/piacenza\/?p=4020"},"modified":"2022-12-14T11:05:33","modified_gmt":"2022-12-14T10:05:33","slug":"confagricoltura-piacenza-il-presidente-gasparini-a-tu-per-tu-con-gli-associati","status":"publish","type":"post","link":"https:\/\/www.confagricoltura.org\/piacenza\/confagricoltura-piacenza-il-presidente-gasparini-a-tu-per-tu-con-gli-associati\/","title":{"rendered":"Confagricoltura Piacenza: il Presidente Gasparini a tu per tu con gli associati"},"content":{"rendered":"\n<p>Diverse le tematiche affrontate negli incontri sul territorio di Confagricoltura Piacenza, con focus sulle specifiche esigenze delle zone. Le mattinate, che sino ad ora hanno visto ben otto appuntamenti con record di presenze, si chiuderanno il 12 gennaio a Fiorenzuola. Di particolare soddisfazione la calorosa accoglienza a Pianello, per la prima volta sede di riunione.<\/p>\n\n\n\n<p>Gli incontri hanno visto le relazioni della responsabile dei servizi tecnici Susanna Franzini, della consulente fiscale Michela Filippi, della responsabile del Servizio Paghe e Sindacale Ilaria Rosa e del vicedirettore Raffaello Rossi. Sempre presenti anche il direttore Marco Casagrande e la responsabile della comunicazione Elena Gherardi. Ai segretari di zona Alessandro Zanrei, Marco Piacentini, Enrica Cabrini e Paolo Messa il compito, ciascuno per il proprio territorio, di condurre le mattinate. Le conclusioni di tutti gli appuntamenti sono state affidate al presidente Filippo Gasparini che ha messo in fila i nessi dell&#8217;azione sindacale con gli adempimenti amministrativi e le regolamentazioni del settore.&nbsp; &#8220;Grazie agli uffici perch\u00e9, come emerge, il carico degli adempimenti \u00e8 pesante e la gestione complessa. A livello sindacale abbiamo pi\u00f9 tavoli su cui stiamo lavorando. La lettura generale \u00e8 che l&#8217;agricoltura \u00e8 iperguidata da tempo: attraverso gli aiuti si guida la gestione delle aziende dimenticando di guidare i mercati. Non abbiamo pi\u00f9 libert\u00e0 di scelta nei processi. C&#8217;\u00e8 chi si cala in questo meccanismo con un&#8217;organizzazione verticistica che si incardina in certi meccanismi, con centralismo nelle decisioni. C&#8217;\u00e8 chi come noi cerca di affermare i valori dei territori, ma rivendicando la libert\u00e0 e l&#8217;interesse delle aziende agricole assume una posizione minoritaria, quantomeno rispetto alla politica generalista. Sarebbe ora che dalla nostra cultura emergessero le priorit\u00e0 vere, invece vengono posti vincoli alla produttivit\u00e0. Nella Pac non c&#8217;\u00e8 una norma di sviluppo e le aziende sono limitate nella loro possibilit\u00e0 di creare ricchezza. Questo deprime le nuove generazioni. Le aziende chiudono e prima o poi mancheranno i prodotti. \u00c8 un paese schizofrenico che asfalta la terra che invece \u00e8 un bene scarso. Non potete non vederci dietro un disegno. Perch\u00e9 demonizzare l&#8217;agricoltura e gli allevamenti, se non perch\u00e9 c&#8217;\u00e8 un disegno che ci vede succubi di lobby e grandi gruppi industriali che hanno come riferimento la cultura e l&#8217;economia del nord Europa? Oggi con il sistema di aiuti si distorce l&#8217;attivit\u00e0 delle imprese a favore dell&#8217;impostazione ambientalista e del pensiero dominante\u201d.<\/p>\n\n\n\n<p>Non poteva mancare un riferimento alla gestione della risorsa idrica. \u201cLa vostra attenzione oggi \u00e8 giustamente sul confezionamento della nuova Pac \u2013 ha detto Gasparini \u2013 sul costo del l&#8217;irrigazione. Sul tema \u201cacqua\u201d dobbiamo dire che il consorzio di bonifica \u00e8 comunque riuscito a garantire l&#8217;acqua, ma c&#8217;\u00e8 un costo bolletta che rincara. Il dibattito sull&#8217;uso della riserva idrica delle dighe che c&#8217;\u00e8 stato e il suo uso plurimo: riserva idropotabile, fonte di energia idroelettrica, risorsa ai fini irrigui, ne decreta il valore. Ma abbiamo un approccio ideologico di importazione europea per cui le dighe hanno importanza enorme, ma non se ne riconosce il valore e non si costruiscono. Non c&#8217;\u00e8 spazio per dighe e infrastrutture strategiche nel Pnrr che dovrebbe essere un super piano di sviluppo. Il Pnrr presenta misure che non portano sviluppo, come la piantumazione delle rive del Po. Inneggiando alla sostenibilit\u00e0 si \u00e8 perso equilibrio e anche ragionevolezza. Cos\u00ec \u00e8 anche nella Pac: misure che imbrigliano la produttivit\u00e0 delle aziende, un impianto che si \u00e8 totalmente dimenticato dei mercati&#8221;.<\/p>\n\n\n\n<p>Territorialit\u00e0 e mercati internazionali, un connubio riuscito per molte aziende vitivinicole e il presidente degli agricoltori non ha mancato di sottolinearlo in occasione degli appuntamenti a Lugagnano, Ponte dell\u2019olio e Pianello. \u201cSono qui per ascoltare le vostre richieste e le vostre opinioni. Siamo in collina, terra di vino. Voi raccontate una storia interessantissima fatta di variet\u00e0 e di ricchezze, avete la capacit\u00e0 di penetrare i mercati lontani parlando del legame unico del vostro prodotto con il nostro territorio. Di questo vi siamo grati. Abbiamo cantine meravigliose con la loro storia e i loro prodotti. Siamo orgogliosi e allo stesso tempo a disposizione per rafforzare ulteriormente il settore&#8221;.<\/p>\n\n\n\n<p>Ancora sui mercati, in occasione dell\u2019incontro a Piacenza Gasparini ha ribadito: &#8220;Dobbiamo rafforzare i sistemi per andare sul mercato a determinare i prezzi dei nostri prodotti&#8221;. A Monticelli ha sottolineato: &#8220;La Pac storicamente ha stabilizzato i prezzi e migliorato l&#8217;accesso al cibo, poi la svolta ambientalista ha determinato il legame degli aiuti a tante condizioni che oggi si tramuta in uno slalom per poter produrre, al punto che l&#8217;imprenditore non ha pi\u00f9 l&#8217;egida sulla sua azienda&#8221;.<\/p>\n\n\n\n<p>A Cortemaggiore Gasparini ha concluso: \u201cSaremo sempre al fianco delle aziende agricole ma sappiamo che stiamo combattendo una visione del mondo che demolisce la nostra cultura, distorta e deformata per essere piegata a interessi che non riguardano il bene del Paese&#8221;.<\/p>\n","protected":false},"excerpt":{"rendered":"<p>Soddisfazione per la grande partecipazione agli incontri sul territorio<\/p>\n","protected":false},"author":6,"featured_media":4021,"comment_status":"closed","ping_status":"closed","sticky":false,"template":"","format":"standard","meta":{"wp_mapbox_gl_js_media":[],"footnotes":""},"categories":[21,4],"tags":[499],"class_list":["post-4020","post","type-post","status-publish","format-standard","has-post-thumbnail","hentry","category-eventi","category-news","tag-gasparini"],"yoast_head":"<!-- This site is optimized with the Yoast SEO plugin v26.8 - https:\/\/yoast.com\/product\/yoast-seo-wordpress\/ -->\n<title>Confagricoltura Piacenza: il Presidente Gasparini a tu per tu con gli associati - Confagricoltura Piacenza<\/title>\n<meta name=\"robots\" content=\"index, follow, max-snippet:-1, max-image-preview:large, max-video-preview:-1\" \/>\n<link rel=\"canonical\" href=\"https:\/\/www.confagricoltura.org\/piacenza\/confagricoltura-piacenza-il-presidente-gasparini-a-tu-per-tu-con-gli-associati\/\" \/>\n<meta property=\"og:locale\" content=\"it_IT\" \/>\n<meta property=\"og:type\" content=\"article\" \/>\n<meta property=\"og:title\" content=\"Confagricoltura Piacenza: il Presidente Gasparini a tu per tu con gli associati - Confagricoltura Piacenza\" \/>\n<meta property=\"og:description\" content=\"Soddisfazione per la grande partecipazione agli incontri sul territorio\" \/>\n<meta property=\"og:url\" content=\"https:\/\/www.confagricoltura.org\/piacenza\/confagricoltura-piacenza-il-presidente-gasparini-a-tu-per-tu-con-gli-associati\/\" \/>\n<meta property=\"og:site_name\" content=\"Confagricoltura Piacenza\" \/>\n<meta property=\"article:published_time\" content=\"2022-12-13T10:02:00+00:00\" \/>\n<meta property=\"article:modified_time\" content=\"2022-12-14T10:05:33+00:00\" \/>\n<meta property=\"og:image\" content=\"https:\/\/www.confagricoltura.org\/piacenza\/wp-content\/uploads\/sites\/11\/2022\/12\/Pianello.jpg\" \/>\n\t<meta property=\"og:image:width\" content=\"1440\" \/>\n\t<meta property=\"og:image:height\" content=\"1440\" \/>\n\t<meta property=\"og:image:type\" content=\"image\/jpeg\" \/>\n<meta name=\"author\" content=\"confagricolturapiacenza\" \/>\n<meta name=\"twitter:card\" content=\"summary_large_image\" \/>\n<meta name=\"twitter:label1\" content=\"Scritto da\" \/>\n\t<meta name=\"twitter:data1\" content=\"confagricolturapiacenza\" \/>\n\t<meta name=\"twitter:label2\" content=\"Tempo di lettura stimato\" \/>\n\t<meta name=\"twitter:data2\" content=\"4 minuti\" \/>\n<script type=\"application\/ld+json\" class=\"yoast-schema-graph\">{\"@context\":\"https:\/\/schema.org\",\"@graph\":[{\"@type\":\"Article\",\"@id\":\"https:\/\/www.confagricoltura.org\/piacenza\/confagricoltura-piacenza-il-presidente-gasparini-a-tu-per-tu-con-gli-associati\/#article\",\"isPartOf\":{\"@id\":\"https:\/\/www.confagricoltura.org\/piacenza\/confagricoltura-piacenza-il-presidente-gasparini-a-tu-per-tu-con-gli-associati\/\"},\"author\":{\"name\":\"confagricolturapiacenza\",\"@id\":\"https:\/\/www.confagricoltura.org\/piacenza\/#\/schema\/person\/be5da25a3117fea4b3bfec9dba09b5e8\"},\"headline\":\"Confagricoltura Piacenza: il Presidente Gasparini a tu per tu con gli associati\",\"datePublished\":\"2022-12-13T10:02:00+00:00\",\"dateModified\":\"2022-12-14T10:05:33+00:00\",\"mainEntityOfPage\":{\"@id\":\"https:\/\/www.confagricoltura.org\/piacenza\/confagricoltura-piacenza-il-presidente-gasparini-a-tu-per-tu-con-gli-associati\/\"},\"wordCount\":799,\"image\":{\"@id\":\"https:\/\/www.confagricoltura.org\/piacenza\/confagricoltura-piacenza-il-presidente-gasparini-a-tu-per-tu-con-gli-associati\/#primaryimage\"},\"thumbnailUrl\":\"https:\/\/www.confagricoltura.org\/piacenza\/wp-content\/uploads\/sites\/11\/2022\/12\/Pianello.jpg\",\"keywords\":[\"Gasparini\"],\"articleSection\":[\"Eventi\",\"News\"],\"inLanguage\":\"it-IT\"},{\"@type\":\"WebPage\",\"@id\":\"https:\/\/www.confagricoltura.org\/piacenza\/confagricoltura-piacenza-il-presidente-gasparini-a-tu-per-tu-con-gli-associati\/\",\"url\":\"https:\/\/www.confagricoltura.org\/piacenza\/confagricoltura-piacenza-il-presidente-gasparini-a-tu-per-tu-con-gli-associati\/\",\"name\":\"Confagricoltura Piacenza: il Presidente Gasparini a tu per tu con gli associati - Confagricoltura Piacenza\",\"isPartOf\":{\"@id\":\"https:\/\/www.confagricoltura.org\/piacenza\/#website\"},\"primaryImageOfPage\":{\"@id\":\"https:\/\/www.confagricoltura.org\/piacenza\/confagricoltura-piacenza-il-presidente-gasparini-a-tu-per-tu-con-gli-associati\/#primaryimage\"},\"image\":{\"@id\":\"https:\/\/www.confagricoltura.org\/piacenza\/confagricoltura-piacenza-il-presidente-gasparini-a-tu-per-tu-con-gli-associati\/#primaryimage\"},\"thumbnailUrl\":\"https:\/\/www.confagricoltura.org\/piacenza\/wp-content\/uploads\/sites\/11\/2022\/12\/Pianello.jpg\",\"datePublished\":\"2022-12-13T10:02:00+00:00\",\"dateModified\":\"2022-12-14T10:05:33+00:00\",\"author\":{\"@id\":\"https:\/\/www.confagricoltura.org\/piacenza\/#\/schema\/person\/be5da25a3117fea4b3bfec9dba09b5e8\"},\"breadcrumb\":{\"@id\":\"https:\/\/www.confagricoltura.org\/piacenza\/confagricoltura-piacenza-il-presidente-gasparini-a-tu-per-tu-con-gli-associati\/#breadcrumb\"},\"inLanguage\":\"it-IT\",\"potentialAction\":[{\"@type\":\"ReadAction\",\"target\":[\"https:\/\/www.confagricoltura.org\/piacenza\/confagricoltura-piacenza-il-presidente-gasparini-a-tu-per-tu-con-gli-associati\/\"]}]},{\"@type\":\"ImageObject\",\"inLanguage\":\"it-IT\",\"@id\":\"https:\/\/www.confagricoltura.org\/piacenza\/confagricoltura-piacenza-il-presidente-gasparini-a-tu-per-tu-con-gli-associati\/#primaryimage\",\"url\":\"https:\/\/www.confagricoltura.org\/piacenza\/wp-content\/uploads\/sites\/11\/2022\/12\/Pianello.jpg\",\"contentUrl\":\"https:\/\/www.confagricoltura.org\/piacenza\/wp-content\/uploads\/sites\/11\/2022\/12\/Pianello.jpg\",\"width\":1440,\"height\":1440},{\"@type\":\"BreadcrumbList\",\"@id\":\"https:\/\/www.confagricoltura.org\/piacenza\/confagricoltura-piacenza-il-presidente-gasparini-a-tu-per-tu-con-gli-associati\/#breadcrumb\",\"itemListElement\":[{\"@type\":\"ListItem\",\"position\":1,\"name\":\"Home\",\"item\":\"https:\/\/www.confagricoltura.org\/piacenza\/\"},{\"@type\":\"ListItem\",\"position\":2,\"name\":\"Confagricoltura Piacenza: il Presidente Gasparini a tu per tu con gli associati\"}]},{\"@type\":\"WebSite\",\"@id\":\"https:\/\/www.confagricoltura.org\/piacenza\/#website\",\"url\":\"https:\/\/www.confagricoltura.org\/piacenza\/\",\"name\":\"Confagricoltura Piacenza\",\"description\":\"Dalla parte degli Agricoltori\",\"potentialAction\":[{\"@type\":\"SearchAction\",\"target\":{\"@type\":\"EntryPoint\",\"urlTemplate\":\"https:\/\/www.confagricoltura.org\/piacenza\/?s={search_term_string}\"},\"query-input\":{\"@type\":\"PropertyValueSpecification\",\"valueRequired\":true,\"valueName\":\"search_term_string\"}}],\"inLanguage\":\"it-IT\"},{\"@type\":\"Person\",\"@id\":\"https:\/\/www.confagricoltura.org\/piacenza\/#\/schema\/person\/be5da25a3117fea4b3bfec9dba09b5e8\",\"name\":\"confagricolturapiacenza\",\"image\":{\"@type\":\"ImageObject\",\"inLanguage\":\"it-IT\",\"@id\":\"https:\/\/www.confagricoltura.org\/piacenza\/#\/schema\/person\/image\/\",\"url\":\"https:\/\/secure.gravatar.com\/avatar\/9c5f111e417171581853bd0a3ff892ca?s=96&d=mm&r=g\",\"contentUrl\":\"https:\/\/secure.gravatar.com\/avatar\/9c5f111e417171581853bd0a3ff892ca?s=96&d=mm&r=g\",\"caption\":\"confagricolturapiacenza\"},\"url\":\"https:\/\/www.confagricoltura.org\/piacenza\/author\/confagricolturapiacenza\/\"}]}<\/script>\n<!-- \/ Yoast SEO plugin. -->","yoast_head_json":{"title":"Confagricoltura Piacenza: il Presidente Gasparini a tu per tu con gli associati - Confagricoltura Piacenza","robots":{"index":"index","follow":"follow","max-snippet":"max-snippet:-1","max-image-preview":"max-image-preview:large","max-video-preview":"max-video-preview:-1"},"canonical":"https:\/\/www.confagricoltura.org\/piacenza\/confagricoltura-piacenza-il-presidente-gasparini-a-tu-per-tu-con-gli-associati\/","og_locale":"it_IT","og_type":"article","og_title":"Confagricoltura Piacenza: il Presidente Gasparini a tu per tu con gli associati - Confagricoltura Piacenza","og_description":"Soddisfazione per la grande partecipazione agli incontri sul territorio","og_url":"https:\/\/www.confagricoltura.org\/piacenza\/confagricoltura-piacenza-il-presidente-gasparini-a-tu-per-tu-con-gli-associati\/","og_site_name":"Confagricoltura Piacenza","article_published_time":"2022-12-13T10:02:00+00:00","article_modified_time":"2022-12-14T10:05:33+00:00","og_image":[{"width":1440,"height":1440,"url":"https:\/\/www.confagricoltura.org\/piacenza\/wp-content\/uploads\/sites\/11\/2022\/12\/Pianello.jpg","type":"image\/jpeg"}],"author":"confagricolturapiacenza","twitter_card":"summary_large_image","twitter_misc":{"Scritto da":"confagricolturapiacenza","Tempo di lettura stimato":"4 minuti"},"schema":{"@context":"https:\/\/schema.org","@graph":[{"@type":"Article","@id":"https:\/\/www.confagricoltura.org\/piacenza\/confagricoltura-piacenza-il-presidente-gasparini-a-tu-per-tu-con-gli-associati\/#article","isPartOf":{"@id":"https:\/\/www.confagricoltura.org\/piacenza\/confagricoltura-piacenza-il-presidente-gasparini-a-tu-per-tu-con-gli-associati\/"},"author":{"name":"confagricolturapiacenza","@id":"https:\/\/www.confagricoltura.org\/piacenza\/#\/schema\/person\/be5da25a3117fea4b3bfec9dba09b5e8"},"headline":"Confagricoltura Piacenza: il Presidente Gasparini a tu per tu con gli associati","datePublished":"2022-12-13T10:02:00+00:00","dateModified":"2022-12-14T10:05:33+00:00","mainEntityOfPage":{"@id":"https:\/\/www.confagricoltura.org\/piacenza\/confagricoltura-piacenza-il-presidente-gasparini-a-tu-per-tu-con-gli-associati\/"},"wordCount":799,"image":{"@id":"https:\/\/www.confagricoltura.org\/piacenza\/confagricoltura-piacenza-il-presidente-gasparini-a-tu-per-tu-con-gli-associati\/#primaryimage"},"thumbnailUrl":"https:\/\/www.confagricoltura.org\/piacenza\/wp-content\/uploads\/sites\/11\/2022\/12\/Pianello.jpg","keywords":["Gasparini"],"articleSection":["Eventi","News"],"inLanguage":"it-IT"},{"@type":"WebPage","@id":"https:\/\/www.confagricoltura.org\/piacenza\/confagricoltura-piacenza-il-presidente-gasparini-a-tu-per-tu-con-gli-associati\/","url":"https:\/\/www.confagricoltura.org\/piacenza\/confagricoltura-piacenza-il-presidente-gasparini-a-tu-per-tu-con-gli-associati\/","name":"Confagricoltura Piacenza: il Presidente Gasparini a tu per tu con gli associati - Confagricoltura Piacenza","isPartOf":{"@id":"https:\/\/www.confagricoltura.org\/piacenza\/#website"},"primaryImageOfPage":{"@id":"https:\/\/www.confagricoltura.org\/piacenza\/confagricoltura-piacenza-il-presidente-gasparini-a-tu-per-tu-con-gli-associati\/#primaryimage"},"image":{"@id":"https:\/\/www.confagricoltura.org\/piacenza\/confagricoltura-piacenza-il-presidente-gasparini-a-tu-per-tu-con-gli-associati\/#primaryimage"},"thumbnailUrl":"https:\/\/www.confagricoltura.org\/piacenza\/wp-content\/uploads\/sites\/11\/2022\/12\/Pianello.jpg","datePublished":"2022-12-13T10:02:00+00:00","dateModified":"2022-12-14T10:05:33+00:00","author":{"@id":"https:\/\/www.confagricoltura.org\/piacenza\/#\/schema\/person\/be5da25a3117fea4b3bfec9dba09b5e8"},"breadcrumb":{"@id":"https:\/\/www.confagricoltura.org\/piacenza\/confagricoltura-piacenza-il-presidente-gasparini-a-tu-per-tu-con-gli-associati\/#breadcrumb"},"inLanguage":"it-IT","potentialAction":[{"@type":"ReadAction","target":["https:\/\/www.confagricoltura.org\/piacenza\/confagricoltura-piacenza-il-presidente-gasparini-a-tu-per-tu-con-gli-associati\/"]}]},{"@type":"ImageObject","inLanguage":"it-IT","@id":"https:\/\/www.confagricoltura.org\/piacenza\/confagricoltura-piacenza-il-presidente-gasparini-a-tu-per-tu-con-gli-associati\/#primaryimage","url":"https:\/\/www.confagricoltura.org\/piacenza\/wp-content\/uploads\/sites\/11\/2022\/12\/Pianello.jpg","contentUrl":"https:\/\/www.confagricoltura.org\/piacenza\/wp-content\/uploads\/sites\/11\/2022\/12\/Pianello.jpg","width":1440,"height":1440},{"@type":"BreadcrumbList","@id":"https:\/\/www.confagricoltura.org\/piacenza\/confagricoltura-piacenza-il-presidente-gasparini-a-tu-per-tu-con-gli-associati\/#breadcrumb","itemListElement":[{"@type":"ListItem","position":1,"name":"Home","item":"https:\/\/www.confagricoltura.org\/piacenza\/"},{"@type":"ListItem","position":2,"name":"Confagricoltura Piacenza: il Presidente Gasparini a tu per tu con gli associati"}]},{"@type":"WebSite","@id":"https:\/\/www.confagricoltura.org\/piacenza\/#website","url":"https:\/\/www.confagricoltura.org\/piacenza\/","name":"Confagricoltura Piacenza","description":"Dalla parte degli Agricoltori","potentialAction":[{"@type":"SearchAction","target":{"@type":"EntryPoint","urlTemplate":"https:\/\/www.confagricoltura.org\/piacenza\/?s={search_term_string}"},"query-input":{"@type":"PropertyValueSpecification","valueRequired":true,"valueName":"search_term_string"}}],"inLanguage":"it-IT"},{"@type":"Person","@id":"https:\/\/www.confagricoltura.org\/piacenza\/#\/schema\/person\/be5da25a3117fea4b3bfec9dba09b5e8","name":"confagricolturapiacenza","image":{"@type":"ImageObject","inLanguage":"it-IT","@id":"https:\/\/www.confagricoltura.org\/piacenza\/#\/schema\/person\/image\/","url":"https:\/\/secure.gravatar.com\/avatar\/9c5f111e417171581853bd0a3ff892ca?s=96&d=mm&r=g","contentUrl":"https:\/\/secure.gravatar.com\/avatar\/9c5f111e417171581853bd0a3ff892ca?s=96&d=mm&r=g","caption":"confagricolturapiacenza"},"url":"https:\/\/www.confagricoltura.org\/piacenza\/author\/confagricolturapiacenza\/"}]}},"_links":{"self":[{"href":"https:\/\/www.confagricoltura.org\/piacenza\/wp-json\/wp\/v2\/posts\/4020","targetHints":{"allow":["GET"]}}],"collection":[{"href":"https:\/\/www.confagricoltura.org\/piacenza\/wp-json\/wp\/v2\/posts"}],"about":[{"href":"https:\/\/www.confagricoltura.org\/piacenza\/wp-json\/wp\/v2\/types\/post"}],"author":[{"embeddable":true,"href":"https:\/\/www.confagricoltura.org\/piacenza\/wp-json\/wp\/v2\/users\/6"}],"replies":[{"embeddable":true,"href":"https:\/\/www.confagricoltura.org\/piacenza\/wp-json\/wp\/v2\/comments?post=4020"}],"version-history":[{"count":1,"href":"https:\/\/www.confagricoltura.org\/piacenza\/wp-json\/wp\/v2\/posts\/4020\/revisions"}],"predecessor-version":[{"id":4022,"href":"https:\/\/www.confagricoltura.org\/piacenza\/wp-json\/wp\/v2\/posts\/4020\/revisions\/4022"}],"wp:featuredmedia":[{"embeddable":true,"href":"https:\/\/www.confagricoltura.org\/piacenza\/wp-json\/wp\/v2\/media\/4021"}],"wp:attachment":[{"href":"https:\/\/www.confagricoltura.org\/piacenza\/wp-json\/wp\/v2\/media?parent=4020"}],"wp:term":[{"taxonomy":"category","embeddable":true,"href":"https:\/\/www.confagricoltura.org\/piacenza\/wp-json\/wp\/v2\/categories?post=4020"},{"taxonomy":"post_tag","embeddable":true,"href":"https:\/\/www.confagricoltura.org\/piacenza\/wp-json\/wp\/v2\/tags?post=4020"}],"curies":[{"name":"wp","href":"https:\/\/api.w.org\/{rel}","templated":true}]}}