{"id":399,"date":"2016-06-21T15:24:56","date_gmt":"2016-06-21T13:24:56","guid":{"rendered":"http:\/\/www.confagricoltura.org\/piacenza\/?p=399"},"modified":"2021-03-11T13:14:59","modified_gmt":"2021-03-11T12:14:59","slug":"a-cena-con-la-scienza-appuntamento-al-prossimo-anno","status":"publish","type":"post","link":"https:\/\/www.confagricoltura.org\/piacenza\/a-cena-con-la-scienza-appuntamento-al-prossimo-anno\/","title":{"rendered":"A CENA CON LA SCIENZA: APPUNTAMENTO AL PROSSIMO ANNO"},"content":{"rendered":"<h4><em><strong>A Battibue si chiude il ciclo con la meraviglia della natura come fonte di innovazione<\/strong><\/em><\/h4>\n<p>&nbsp;<\/p>\n<p>Si \u00e8 chiusa all\u2019Agriturismo Battibue di Fiorenzuola la settima edizione degli incontri scientifici in agriturismo A Cena Con La Scienza organizzati da Confagricoltura Piacenza e Agriturist. Il coordinatore dell\u2019iniziativa, Michele Lodigiani, dando l\u2019appuntamento alla prossima edizione, ha ricordato: \u201cIl tema di quest\u2019anno era \u201cil futuro non \u00e8 pi\u00f9 come una volta\u201d, malgrado le premesse dovute agli eventi storici e al momento che stiamo vivendo, vi avevo promesso che avremmo avuto occasione di guardare con fiducia alle vie che Scienza e Innovazione ci indicano. Con quest\u2019ultimo appuntamento abbiamo trovato spazio anche per la meraviglia, rivolta alla natura per come \u00e8 stata in grado attraverso l\u2019evoluzione di trovare soluzioni a problemi anche complessi\u201d. Di questo ha infatti parlato Renato Bruni, docente di Botanica e Biologia farmaceutica all\u2019Universit\u00e0 di Parma, che ha dedicato la sua relazione alla \u201cbiomimetica\u201d: lo studio consapevole dei processi biologici, biochimici e chimici della natura come fonte di ispirazione per il miglioramento delle attivit\u00e0 e tecnologie umane. In biomimetica la natura viene vista come modello e guida nella progettazione di artefatti, strategie e l&#8217;evoluzione viene usata come un laboratorio di ricerca e sviluppo. \u201cNei prati e nei boschi le idee ci sono gi\u00e0 \u2013 ha spiegato Bruni &#8211;\u00a0 la biomimetica \u00e8 la grande riserva delle buone idee.\u00a0 Prendiamo ad esempio il velcro. La Velcro \u00e8 oggi una multinazionale che impiega pi\u00f9 di duemila persone. L\u2019idea di questo tessuto venne negli anni sessanta all\u2019ingegnere svizzero Demestral che osserv\u00f2, andando a passeggio col cane, come le infiorescenze di cardo si attaccavano al vello del cane. Negli ultimi 15 anni il numero di brevetti concepiti dall\u2019osservazione della natura \u00e8 cresciuto dell&#8217;ottanta per cento, mente il numero di brevetti in generale del 5 perch\u00e9 oggi abbiamo strumenti di osservazione pi\u00f9 accurati, anche a livello nanoscopico, e conoscendo meglio i meccanismi impiegati dalla natura possiamo mutuarli, resta per\u00f2 molto difficile passare dalle idee, attraverso brevetti e start up, e arrivare a qualcosa di largo impiego. In biomimetica non si usa ci\u00f2 che \u00e8 in natura ma l&#8217;idea che soggiace. Ci sono poche cose in natura che possono essere usate tali quali. Perch\u00e9 l&#8217;idea in natura \u00e8 il risultato di una serie di compromessi tra diverse esigenze. Se vogliamo tradurre l&#8217;ispirazione della natura in un oggetto pratico \u2013 ha spiegato Bruni &#8211; dobbiamo renderlo pi\u00f9 adatto alle nostre esigenze produttive. L\u2019 edera sfrutta le forze deboli: produce nanosfere, miliardi per ogni radichetta aerea, e valorizza la capacit\u00e0 di ciascuna di attrarre la materia, cos\u00ec prima aderiscono le nanosfere e poi, con una sostanza collante mista di proteine e zuccheri, la pianta si attacca alla superficie. Anche noi possiamo produrre nanosfere, perch\u00e9 questo comportamento non \u00e8 dovuto al materiale ma alla dimensione. Questo concetto si \u00e8 rivelato utile in ambito chirurgico, dove sono stati realizzati materiali adesivi per suture utilizzando materiale biocompatibile\u201d.\u00a0 Numerosi e tutti interessanti gli esempi citati da Bruni che sono riportati anche nel suo recente libro \u201cErba volant\u201d.\u00a0 Cos\u00ec sappiamo che osservando la Salvinia molesta, un\u2019alga che galleggia e non si sporca mai, si stanno studiando sistemi per far galleggiare meglio le navi; che alcune piante carnivore hanno foglie idro e lipo-repellenti che sono alla base degli studi di vernici antismog per gli edifici; che la rosa del deserto vetrifica grazie allo zucchero trealosio che \u00e8 idrosolubile e ci\u00f2 ha permesso di trasportare e conservare vaccini in zone in cui \u00e8 molto facile mantenere la catena del secco, ma altrettanto difficile quella del freddo.\u00a0 \u201cDalla natura \u2013 ha concluso Bruni \u2013 dovremmo mutuare non solo idee singole, ma anche la dinamica ciclica. Nelle realt\u00e0 naturali non ci sono soluzioni definitive e neppure uniche, sono sempre soluzioni integrate. Se usiamo la biomimetica per trovare soluzioni ai nostri problemi senza modificare il modello di sviluppo, il cambiamento non \u00e8 sostanziale e introduciamo idee nuove in un sistema che ci ha comunque portato ai problemi che abbiamo\u201d.\u00a0 \u201cGrazie a Michele Lodigiani \u2013 ha sottolineato il presidente di Confagricoltura Piacenza, Enrico Chiesa \u2013 perch\u00e9 questi eventi, oltre che piacevoli, sono un\u2019occasione preziosa per apprendere e riflettere su temi interessanti. Confidiamo nel suo impegno anche per la prossima edizione\u201d.<\/p>\n<p><a href=\"http:\/\/www.confagricoltura.org\/piacenza\/wp-content\/uploads\/sites\/3\/2016\/06\/Bruni-Biomimetica.pdf\" rel=\"\">SLIDES ULTIMO INCONTRO -Bruni-Biomimetica<\/a><\/p>\n<p><img loading=\"lazy\" decoding=\"async\" class=\"alignnone size-full wp-image-401 img-responsive\" src=\"http:\/\/www.confagricoltura.org\/piacenza\/wp-content\/uploads\/sites\/3\/2016\/06\/Lodigiani-Bruni.jpg\" alt=\"Lodigiani Bruni\" width=\"1157\" height=\"868\" \/><\/p>\n","protected":false},"excerpt":{"rendered":"<p>A Battibue si chiude il ciclo con la meraviglia della natura come fonte di innovazione &nbsp; Si \u00e8 chiusa all\u2019Agriturismo Battibue di Fiorenzuola la settima edizione degli incontri scientifici in agriturismo A Cena Con La Scienza organizzati da Confagricoltura Piacenza e Agriturist. Il coordinatore dell\u2019iniziativa, Michele Lodigiani, dando l\u2019appuntamento alla prossima edizione, ha ricordato: \u201cIl<\/p>\n","protected":false},"author":6,"featured_media":0,"comment_status":"open","ping_status":"open","sticky":true,"template":"","format":"standard","meta":{"wp_mapbox_gl_js_media":[],"footnotes":""},"categories":[335],"tags":[46],"class_list":["post-399","post","type-post","status-publish","format-standard","hentry","category-archivio","tag-biomimetica"],"yoast_head":"<!-- This site is optimized with the Yoast SEO plugin v26.8 - https:\/\/yoast.com\/product\/yoast-seo-wordpress\/ -->\n<title>A CENA CON LA SCIENZA: APPUNTAMENTO AL PROSSIMO ANNO - Confagricoltura Piacenza<\/title>\n<meta name=\"robots\" content=\"index, follow, max-snippet:-1, max-image-preview:large, max-video-preview:-1\" \/>\n<link rel=\"canonical\" href=\"https:\/\/www.confagricoltura.org\/piacenza\/a-cena-con-la-scienza-appuntamento-al-prossimo-anno\/\" \/>\n<meta property=\"og:locale\" content=\"it_IT\" \/>\n<meta property=\"og:type\" content=\"article\" \/>\n<meta property=\"og:title\" content=\"A CENA CON LA SCIENZA: APPUNTAMENTO AL PROSSIMO ANNO - Confagricoltura Piacenza\" \/>\n<meta property=\"og:description\" content=\"A Battibue si chiude il ciclo con la meraviglia della natura come fonte di innovazione &nbsp; Si \u00e8 chiusa all\u2019Agriturismo Battibue di Fiorenzuola la settima edizione degli incontri scientifici in agriturismo A Cena Con La Scienza organizzati da Confagricoltura Piacenza e Agriturist. Il coordinatore dell\u2019iniziativa, Michele Lodigiani, dando l\u2019appuntamento alla prossima edizione, ha ricordato: \u201cIl\" \/>\n<meta property=\"og:url\" content=\"https:\/\/www.confagricoltura.org\/piacenza\/a-cena-con-la-scienza-appuntamento-al-prossimo-anno\/\" \/>\n<meta property=\"og:site_name\" content=\"Confagricoltura Piacenza\" \/>\n<meta property=\"article:published_time\" content=\"2016-06-21T13:24:56+00:00\" \/>\n<meta property=\"article:modified_time\" content=\"2021-03-11T12:14:59+00:00\" \/>\n<meta property=\"og:image\" content=\"http:\/\/www.confagricoltura.org\/piacenza\/wp-content\/uploads\/sites\/3\/2016\/06\/Lodigiani-Bruni.jpg\" \/>\n<meta name=\"author\" content=\"confagricolturapiacenza\" \/>\n<meta name=\"twitter:card\" content=\"summary_large_image\" \/>\n<meta name=\"twitter:label1\" content=\"Scritto da\" \/>\n\t<meta name=\"twitter:data1\" content=\"confagricolturapiacenza\" \/>\n\t<meta name=\"twitter:label2\" content=\"Tempo di lettura stimato\" \/>\n\t<meta name=\"twitter:data2\" content=\"3 minuti\" \/>\n<script type=\"application\/ld+json\" class=\"yoast-schema-graph\">{\"@context\":\"https:\/\/schema.org\",\"@graph\":[{\"@type\":\"Article\",\"@id\":\"https:\/\/www.confagricoltura.org\/piacenza\/a-cena-con-la-scienza-appuntamento-al-prossimo-anno\/#article\",\"isPartOf\":{\"@id\":\"https:\/\/www.confagricoltura.org\/piacenza\/a-cena-con-la-scienza-appuntamento-al-prossimo-anno\/\"},\"author\":{\"name\":\"confagricolturapiacenza\",\"@id\":\"https:\/\/www.confagricoltura.org\/piacenza\/#\/schema\/person\/be5da25a3117fea4b3bfec9dba09b5e8\"},\"headline\":\"A CENA CON LA SCIENZA: APPUNTAMENTO AL PROSSIMO ANNO\",\"datePublished\":\"2016-06-21T13:24:56+00:00\",\"dateModified\":\"2021-03-11T12:14:59+00:00\",\"mainEntityOfPage\":{\"@id\":\"https:\/\/www.confagricoltura.org\/piacenza\/a-cena-con-la-scienza-appuntamento-al-prossimo-anno\/\"},\"wordCount\":706,\"commentCount\":0,\"image\":{\"@id\":\"https:\/\/www.confagricoltura.org\/piacenza\/a-cena-con-la-scienza-appuntamento-al-prossimo-anno\/#primaryimage\"},\"thumbnailUrl\":\"http:\/\/www.confagricoltura.org\/piacenza\/wp-content\/uploads\/sites\/3\/2016\/06\/Lodigiani-Bruni.jpg\",\"keywords\":[\"BIOMIMETICA\"],\"articleSection\":[\"Archivio\"],\"inLanguage\":\"it-IT\"},{\"@type\":\"WebPage\",\"@id\":\"https:\/\/www.confagricoltura.org\/piacenza\/a-cena-con-la-scienza-appuntamento-al-prossimo-anno\/\",\"url\":\"https:\/\/www.confagricoltura.org\/piacenza\/a-cena-con-la-scienza-appuntamento-al-prossimo-anno\/\",\"name\":\"A CENA CON LA SCIENZA: APPUNTAMENTO AL PROSSIMO ANNO - Confagricoltura Piacenza\",\"isPartOf\":{\"@id\":\"https:\/\/www.confagricoltura.org\/piacenza\/#website\"},\"primaryImageOfPage\":{\"@id\":\"https:\/\/www.confagricoltura.org\/piacenza\/a-cena-con-la-scienza-appuntamento-al-prossimo-anno\/#primaryimage\"},\"image\":{\"@id\":\"https:\/\/www.confagricoltura.org\/piacenza\/a-cena-con-la-scienza-appuntamento-al-prossimo-anno\/#primaryimage\"},\"thumbnailUrl\":\"http:\/\/www.confagricoltura.org\/piacenza\/wp-content\/uploads\/sites\/3\/2016\/06\/Lodigiani-Bruni.jpg\",\"datePublished\":\"2016-06-21T13:24:56+00:00\",\"dateModified\":\"2021-03-11T12:14:59+00:00\",\"author\":{\"@id\":\"https:\/\/www.confagricoltura.org\/piacenza\/#\/schema\/person\/be5da25a3117fea4b3bfec9dba09b5e8\"},\"breadcrumb\":{\"@id\":\"https:\/\/www.confagricoltura.org\/piacenza\/a-cena-con-la-scienza-appuntamento-al-prossimo-anno\/#breadcrumb\"},\"inLanguage\":\"it-IT\",\"potentialAction\":[{\"@type\":\"ReadAction\",\"target\":[\"https:\/\/www.confagricoltura.org\/piacenza\/a-cena-con-la-scienza-appuntamento-al-prossimo-anno\/\"]}]},{\"@type\":\"ImageObject\",\"inLanguage\":\"it-IT\",\"@id\":\"https:\/\/www.confagricoltura.org\/piacenza\/a-cena-con-la-scienza-appuntamento-al-prossimo-anno\/#primaryimage\",\"url\":\"http:\/\/www.confagricoltura.org\/piacenza\/wp-content\/uploads\/sites\/3\/2016\/06\/Lodigiani-Bruni.jpg\",\"contentUrl\":\"http:\/\/www.confagricoltura.org\/piacenza\/wp-content\/uploads\/sites\/3\/2016\/06\/Lodigiani-Bruni.jpg\"},{\"@type\":\"BreadcrumbList\",\"@id\":\"https:\/\/www.confagricoltura.org\/piacenza\/a-cena-con-la-scienza-appuntamento-al-prossimo-anno\/#breadcrumb\",\"itemListElement\":[{\"@type\":\"ListItem\",\"position\":1,\"name\":\"Home\",\"item\":\"https:\/\/www.confagricoltura.org\/piacenza\/\"},{\"@type\":\"ListItem\",\"position\":2,\"name\":\"A CENA CON LA SCIENZA: APPUNTAMENTO AL PROSSIMO ANNO\"}]},{\"@type\":\"WebSite\",\"@id\":\"https:\/\/www.confagricoltura.org\/piacenza\/#website\",\"url\":\"https:\/\/www.confagricoltura.org\/piacenza\/\",\"name\":\"Confagricoltura Piacenza\",\"description\":\"Dalla parte degli Agricoltori\",\"potentialAction\":[{\"@type\":\"SearchAction\",\"target\":{\"@type\":\"EntryPoint\",\"urlTemplate\":\"https:\/\/www.confagricoltura.org\/piacenza\/?s={search_term_string}\"},\"query-input\":{\"@type\":\"PropertyValueSpecification\",\"valueRequired\":true,\"valueName\":\"search_term_string\"}}],\"inLanguage\":\"it-IT\"},{\"@type\":\"Person\",\"@id\":\"https:\/\/www.confagricoltura.org\/piacenza\/#\/schema\/person\/be5da25a3117fea4b3bfec9dba09b5e8\",\"name\":\"confagricolturapiacenza\",\"image\":{\"@type\":\"ImageObject\",\"inLanguage\":\"it-IT\",\"@id\":\"https:\/\/www.confagricoltura.org\/piacenza\/#\/schema\/person\/image\/\",\"url\":\"https:\/\/secure.gravatar.com\/avatar\/9c5f111e417171581853bd0a3ff892ca?s=96&d=mm&r=g\",\"contentUrl\":\"https:\/\/secure.gravatar.com\/avatar\/9c5f111e417171581853bd0a3ff892ca?s=96&d=mm&r=g\",\"caption\":\"confagricolturapiacenza\"},\"url\":\"https:\/\/www.confagricoltura.org\/piacenza\/author\/confagricolturapiacenza\/\"}]}<\/script>\n<!-- \/ Yoast SEO plugin. -->","yoast_head_json":{"title":"A CENA CON LA SCIENZA: APPUNTAMENTO AL PROSSIMO ANNO - Confagricoltura Piacenza","robots":{"index":"index","follow":"follow","max-snippet":"max-snippet:-1","max-image-preview":"max-image-preview:large","max-video-preview":"max-video-preview:-1"},"canonical":"https:\/\/www.confagricoltura.org\/piacenza\/a-cena-con-la-scienza-appuntamento-al-prossimo-anno\/","og_locale":"it_IT","og_type":"article","og_title":"A CENA CON LA SCIENZA: APPUNTAMENTO AL PROSSIMO ANNO - Confagricoltura Piacenza","og_description":"A Battibue si chiude il ciclo con la meraviglia della natura come fonte di innovazione &nbsp; Si \u00e8 chiusa all\u2019Agriturismo Battibue di Fiorenzuola la settima edizione degli incontri scientifici in agriturismo A Cena Con La Scienza organizzati da Confagricoltura Piacenza e Agriturist. Il coordinatore dell\u2019iniziativa, Michele Lodigiani, dando l\u2019appuntamento alla prossima edizione, ha ricordato: \u201cIl","og_url":"https:\/\/www.confagricoltura.org\/piacenza\/a-cena-con-la-scienza-appuntamento-al-prossimo-anno\/","og_site_name":"Confagricoltura Piacenza","article_published_time":"2016-06-21T13:24:56+00:00","article_modified_time":"2021-03-11T12:14:59+00:00","og_image":[{"url":"http:\/\/www.confagricoltura.org\/piacenza\/wp-content\/uploads\/sites\/3\/2016\/06\/Lodigiani-Bruni.jpg","type":"","width":"","height":""}],"author":"confagricolturapiacenza","twitter_card":"summary_large_image","twitter_misc":{"Scritto da":"confagricolturapiacenza","Tempo di lettura stimato":"3 minuti"},"schema":{"@context":"https:\/\/schema.org","@graph":[{"@type":"Article","@id":"https:\/\/www.confagricoltura.org\/piacenza\/a-cena-con-la-scienza-appuntamento-al-prossimo-anno\/#article","isPartOf":{"@id":"https:\/\/www.confagricoltura.org\/piacenza\/a-cena-con-la-scienza-appuntamento-al-prossimo-anno\/"},"author":{"name":"confagricolturapiacenza","@id":"https:\/\/www.confagricoltura.org\/piacenza\/#\/schema\/person\/be5da25a3117fea4b3bfec9dba09b5e8"},"headline":"A CENA CON LA SCIENZA: APPUNTAMENTO AL PROSSIMO ANNO","datePublished":"2016-06-21T13:24:56+00:00","dateModified":"2021-03-11T12:14:59+00:00","mainEntityOfPage":{"@id":"https:\/\/www.confagricoltura.org\/piacenza\/a-cena-con-la-scienza-appuntamento-al-prossimo-anno\/"},"wordCount":706,"commentCount":0,"image":{"@id":"https:\/\/www.confagricoltura.org\/piacenza\/a-cena-con-la-scienza-appuntamento-al-prossimo-anno\/#primaryimage"},"thumbnailUrl":"http:\/\/www.confagricoltura.org\/piacenza\/wp-content\/uploads\/sites\/3\/2016\/06\/Lodigiani-Bruni.jpg","keywords":["BIOMIMETICA"],"articleSection":["Archivio"],"inLanguage":"it-IT"},{"@type":"WebPage","@id":"https:\/\/www.confagricoltura.org\/piacenza\/a-cena-con-la-scienza-appuntamento-al-prossimo-anno\/","url":"https:\/\/www.confagricoltura.org\/piacenza\/a-cena-con-la-scienza-appuntamento-al-prossimo-anno\/","name":"A CENA CON LA SCIENZA: APPUNTAMENTO AL PROSSIMO ANNO - Confagricoltura Piacenza","isPartOf":{"@id":"https:\/\/www.confagricoltura.org\/piacenza\/#website"},"primaryImageOfPage":{"@id":"https:\/\/www.confagricoltura.org\/piacenza\/a-cena-con-la-scienza-appuntamento-al-prossimo-anno\/#primaryimage"},"image":{"@id":"https:\/\/www.confagricoltura.org\/piacenza\/a-cena-con-la-scienza-appuntamento-al-prossimo-anno\/#primaryimage"},"thumbnailUrl":"http:\/\/www.confagricoltura.org\/piacenza\/wp-content\/uploads\/sites\/3\/2016\/06\/Lodigiani-Bruni.jpg","datePublished":"2016-06-21T13:24:56+00:00","dateModified":"2021-03-11T12:14:59+00:00","author":{"@id":"https:\/\/www.confagricoltura.org\/piacenza\/#\/schema\/person\/be5da25a3117fea4b3bfec9dba09b5e8"},"breadcrumb":{"@id":"https:\/\/www.confagricoltura.org\/piacenza\/a-cena-con-la-scienza-appuntamento-al-prossimo-anno\/#breadcrumb"},"inLanguage":"it-IT","potentialAction":[{"@type":"ReadAction","target":["https:\/\/www.confagricoltura.org\/piacenza\/a-cena-con-la-scienza-appuntamento-al-prossimo-anno\/"]}]},{"@type":"ImageObject","inLanguage":"it-IT","@id":"https:\/\/www.confagricoltura.org\/piacenza\/a-cena-con-la-scienza-appuntamento-al-prossimo-anno\/#primaryimage","url":"http:\/\/www.confagricoltura.org\/piacenza\/wp-content\/uploads\/sites\/3\/2016\/06\/Lodigiani-Bruni.jpg","contentUrl":"http:\/\/www.confagricoltura.org\/piacenza\/wp-content\/uploads\/sites\/3\/2016\/06\/Lodigiani-Bruni.jpg"},{"@type":"BreadcrumbList","@id":"https:\/\/www.confagricoltura.org\/piacenza\/a-cena-con-la-scienza-appuntamento-al-prossimo-anno\/#breadcrumb","itemListElement":[{"@type":"ListItem","position":1,"name":"Home","item":"https:\/\/www.confagricoltura.org\/piacenza\/"},{"@type":"ListItem","position":2,"name":"A CENA CON LA SCIENZA: APPUNTAMENTO AL PROSSIMO ANNO"}]},{"@type":"WebSite","@id":"https:\/\/www.confagricoltura.org\/piacenza\/#website","url":"https:\/\/www.confagricoltura.org\/piacenza\/","name":"Confagricoltura Piacenza","description":"Dalla parte degli Agricoltori","potentialAction":[{"@type":"SearchAction","target":{"@type":"EntryPoint","urlTemplate":"https:\/\/www.confagricoltura.org\/piacenza\/?s={search_term_string}"},"query-input":{"@type":"PropertyValueSpecification","valueRequired":true,"valueName":"search_term_string"}}],"inLanguage":"it-IT"},{"@type":"Person","@id":"https:\/\/www.confagricoltura.org\/piacenza\/#\/schema\/person\/be5da25a3117fea4b3bfec9dba09b5e8","name":"confagricolturapiacenza","image":{"@type":"ImageObject","inLanguage":"it-IT","@id":"https:\/\/www.confagricoltura.org\/piacenza\/#\/schema\/person\/image\/","url":"https:\/\/secure.gravatar.com\/avatar\/9c5f111e417171581853bd0a3ff892ca?s=96&d=mm&r=g","contentUrl":"https:\/\/secure.gravatar.com\/avatar\/9c5f111e417171581853bd0a3ff892ca?s=96&d=mm&r=g","caption":"confagricolturapiacenza"},"url":"https:\/\/www.confagricoltura.org\/piacenza\/author\/confagricolturapiacenza\/"}]}},"_links":{"self":[{"href":"https:\/\/www.confagricoltura.org\/piacenza\/wp-json\/wp\/v2\/posts\/399","targetHints":{"allow":["GET"]}}],"collection":[{"href":"https:\/\/www.confagricoltura.org\/piacenza\/wp-json\/wp\/v2\/posts"}],"about":[{"href":"https:\/\/www.confagricoltura.org\/piacenza\/wp-json\/wp\/v2\/types\/post"}],"author":[{"embeddable":true,"href":"https:\/\/www.confagricoltura.org\/piacenza\/wp-json\/wp\/v2\/users\/6"}],"replies":[{"embeddable":true,"href":"https:\/\/www.confagricoltura.org\/piacenza\/wp-json\/wp\/v2\/comments?post=399"}],"version-history":[{"count":1,"href":"https:\/\/www.confagricoltura.org\/piacenza\/wp-json\/wp\/v2\/posts\/399\/revisions"}],"predecessor-version":[{"id":2976,"href":"https:\/\/www.confagricoltura.org\/piacenza\/wp-json\/wp\/v2\/posts\/399\/revisions\/2976"}],"wp:attachment":[{"href":"https:\/\/www.confagricoltura.org\/piacenza\/wp-json\/wp\/v2\/media?parent=399"}],"wp:term":[{"taxonomy":"category","embeddable":true,"href":"https:\/\/www.confagricoltura.org\/piacenza\/wp-json\/wp\/v2\/categories?post=399"},{"taxonomy":"post_tag","embeddable":true,"href":"https:\/\/www.confagricoltura.org\/piacenza\/wp-json\/wp\/v2\/tags?post=399"}],"curies":[{"name":"wp","href":"https:\/\/api.w.org\/{rel}","templated":true}]}}