{"id":3975,"date":"2022-10-28T08:55:49","date_gmt":"2022-10-28T06:55:49","guid":{"rendered":"https:\/\/www.confagricoltura.org\/piacenza\/?p=3975"},"modified":"2022-10-28T08:55:50","modified_gmt":"2022-10-28T06:55:50","slug":"valorizzare-la-gestione-forestale-bandi-aggiornamenti-normativi-e-opportunita","status":"publish","type":"post","link":"https:\/\/www.confagricoltura.org\/piacenza\/valorizzare-la-gestione-forestale-bandi-aggiornamenti-normativi-e-opportunita\/","title":{"rendered":"Valorizzare la gestione forestale: bandi, aggiornamenti normativi e opportunit\u00e0"},"content":{"rendered":"\n<p>Si parla da tempo di certificazione della filiera del legno e della necessit\u00e0 di valorizzare le produzioni legnose nazionali. Ancor pi\u00f9 che il nostro Paese, pur avendo a disposizioni buone superfici boscate, \u00e8 un grande importatore netto di legno e derivati.<\/p>\n\n\n\n<p>La legislazione europea prevede specifiche normative in tema di certificazione ma, oltre ad essere un obbligo, certificare tutto il processo produttivo pu\u00f2 essere anche un asset commerciale. \u201cIl Gal del Ducato mette a disposizione risorse, attraverso un bando di recente pubblicazione, per la creazione di filiere verticali certificate che riguardino l\u2019intero processo dai prodotti del bosco sino al consumatore. La certificazione riguarda anche prodotti non legnosi, ma \u00e8 chiaro che potrebbe essere un\u2019opportunit\u00e0 proprio per le aziende agricole agro-silvo forestali che avrebbero cos\u00ec risorse per la certificazione delle filiere locali del legno \u2013 spiega la responsabile dei servizi tecnici Susanna Franzini &#8211; come Confagricoltura Piacenza abbiamo dunque avviato la consulenza tecnico-agronomica alle aziende e deciso di dedicare al tema il seminario \u201cValorizzazione della gestione forestale: certificazione, aggiornamenti normativi e bandi di sviluppo del settore\u201d che si terr\u00e0 presso la Sala Visconti nella&nbsp; sede dell\u2019Associazione, in via Colombo, 35 a Piacenza, luned\u00ec 7 novembre alle ore 16.30\u201d.<\/p>\n\n\n\n<p>I lavori, coordinati per l\u2019appunto da Susanna Franzini, vedranno l\u2019intervento di Claudio Cervellati &#8211; Responsabile settore forestazione di Confagricoltura nazionale che illustrer\u00e0 adempimenti e prescrizioni per gli operatori forestali; tracciabilit\u00e0 del legname &#8211; timber regulation; opportunit\u00e0 offerte dal bando Gal: \u201csuperare la parcellizzazione del bosco: strumenti innovativi di gestione forestale\u201d. Nello specifico del bando passer\u00e0 in rassegna possibili investimenti, gestione sostenibile del patrimonio forestale appenninico; associazionismo forestale e diffusione di forme collaborative di gestione forestale; processi di aggregazione dei proprietari dei boschi; filiere verticali bosco-consumatore certificate.<\/p>\n\n\n\n<p>\u201cL\u2019incontro \u00e8 aperto e gratuito\u2013 conclude Franzini &#8211; invitiamo tutti i potenziali interessati a partecipare\u201d.<\/p>\n","protected":false},"excerpt":{"rendered":"<p>Il 7 novembre Confagricoltura Piacenza organizza un seminario <\/p>\n","protected":false},"author":6,"featured_media":3976,"comment_status":"closed","ping_status":"closed","sticky":false,"template":"","format":"standard","meta":{"wp_mapbox_gl_js_media":[],"footnotes":""},"categories":[11,4],"tags":[488],"class_list":["post-3975","post","type-post","status-publish","format-standard","has-post-thumbnail","hentry","category-finanziamenti-bandi","category-news","tag-forestale"],"yoast_head":"<!-- This site is optimized with the Yoast SEO plugin v26.8 - https:\/\/yoast.com\/product\/yoast-seo-wordpress\/ -->\n<title>Valorizzare la gestione forestale: bandi, aggiornamenti normativi e opportunit\u00e0 - Confagricoltura Piacenza<\/title>\n<meta name=\"robots\" content=\"index, follow, max-snippet:-1, max-image-preview:large, max-video-preview:-1\" \/>\n<link rel=\"canonical\" href=\"https:\/\/www.confagricoltura.org\/piacenza\/valorizzare-la-gestione-forestale-bandi-aggiornamenti-normativi-e-opportunita\/\" \/>\n<meta property=\"og:locale\" content=\"it_IT\" \/>\n<meta property=\"og:type\" content=\"article\" \/>\n<meta property=\"og:title\" content=\"Valorizzare la gestione forestale: bandi, aggiornamenti normativi e opportunit\u00e0 - Confagricoltura Piacenza\" \/>\n<meta property=\"og:description\" content=\"Il 7 novembre Confagricoltura Piacenza organizza un seminario\" \/>\n<meta property=\"og:url\" content=\"https:\/\/www.confagricoltura.org\/piacenza\/valorizzare-la-gestione-forestale-bandi-aggiornamenti-normativi-e-opportunita\/\" \/>\n<meta property=\"og:site_name\" content=\"Confagricoltura Piacenza\" \/>\n<meta property=\"article:published_time\" content=\"2022-10-28T06:55:49+00:00\" \/>\n<meta property=\"article:modified_time\" content=\"2022-10-28T06:55:50+00:00\" \/>\n<meta property=\"og:image\" content=\"https:\/\/www.confagricoltura.org\/piacenza\/wp-content\/uploads\/sites\/11\/2022\/10\/Bosco.jpeg\" \/>\n\t<meta property=\"og:image:width\" content=\"1157\" \/>\n\t<meta property=\"og:image:height\" content=\"868\" \/>\n\t<meta property=\"og:image:type\" content=\"image\/jpeg\" \/>\n<meta name=\"author\" content=\"confagricolturapiacenza\" \/>\n<meta name=\"twitter:card\" content=\"summary_large_image\" \/>\n<meta name=\"twitter:label1\" content=\"Scritto da\" \/>\n\t<meta name=\"twitter:data1\" content=\"confagricolturapiacenza\" \/>\n\t<meta name=\"twitter:label2\" content=\"Tempo di lettura stimato\" \/>\n\t<meta name=\"twitter:data2\" content=\"2 minuti\" \/>\n<script type=\"application\/ld+json\" class=\"yoast-schema-graph\">{\"@context\":\"https:\/\/schema.org\",\"@graph\":[{\"@type\":\"Article\",\"@id\":\"https:\/\/www.confagricoltura.org\/piacenza\/valorizzare-la-gestione-forestale-bandi-aggiornamenti-normativi-e-opportunita\/#article\",\"isPartOf\":{\"@id\":\"https:\/\/www.confagricoltura.org\/piacenza\/valorizzare-la-gestione-forestale-bandi-aggiornamenti-normativi-e-opportunita\/\"},\"author\":{\"name\":\"confagricolturapiacenza\",\"@id\":\"https:\/\/www.confagricoltura.org\/piacenza\/#\/schema\/person\/be5da25a3117fea4b3bfec9dba09b5e8\"},\"headline\":\"Valorizzare la gestione forestale: bandi, aggiornamenti normativi e opportunit\u00e0\",\"datePublished\":\"2022-10-28T06:55:49+00:00\",\"dateModified\":\"2022-10-28T06:55:50+00:00\",\"mainEntityOfPage\":{\"@id\":\"https:\/\/www.confagricoltura.org\/piacenza\/valorizzare-la-gestione-forestale-bandi-aggiornamenti-normativi-e-opportunita\/\"},\"wordCount\":307,\"image\":{\"@id\":\"https:\/\/www.confagricoltura.org\/piacenza\/valorizzare-la-gestione-forestale-bandi-aggiornamenti-normativi-e-opportunita\/#primaryimage\"},\"thumbnailUrl\":\"https:\/\/www.confagricoltura.org\/piacenza\/wp-content\/uploads\/sites\/11\/2022\/10\/Bosco.jpeg\",\"keywords\":[\"forestale\"],\"articleSection\":[\"Finanziamenti e bandi\",\"News\"],\"inLanguage\":\"it-IT\"},{\"@type\":\"WebPage\",\"@id\":\"https:\/\/www.confagricoltura.org\/piacenza\/valorizzare-la-gestione-forestale-bandi-aggiornamenti-normativi-e-opportunita\/\",\"url\":\"https:\/\/www.confagricoltura.org\/piacenza\/valorizzare-la-gestione-forestale-bandi-aggiornamenti-normativi-e-opportunita\/\",\"name\":\"Valorizzare la gestione forestale: bandi, aggiornamenti normativi e opportunit\u00e0 - Confagricoltura Piacenza\",\"isPartOf\":{\"@id\":\"https:\/\/www.confagricoltura.org\/piacenza\/#website\"},\"primaryImageOfPage\":{\"@id\":\"https:\/\/www.confagricoltura.org\/piacenza\/valorizzare-la-gestione-forestale-bandi-aggiornamenti-normativi-e-opportunita\/#primaryimage\"},\"image\":{\"@id\":\"https:\/\/www.confagricoltura.org\/piacenza\/valorizzare-la-gestione-forestale-bandi-aggiornamenti-normativi-e-opportunita\/#primaryimage\"},\"thumbnailUrl\":\"https:\/\/www.confagricoltura.org\/piacenza\/wp-content\/uploads\/sites\/11\/2022\/10\/Bosco.jpeg\",\"datePublished\":\"2022-10-28T06:55:49+00:00\",\"dateModified\":\"2022-10-28T06:55:50+00:00\",\"author\":{\"@id\":\"https:\/\/www.confagricoltura.org\/piacenza\/#\/schema\/person\/be5da25a3117fea4b3bfec9dba09b5e8\"},\"breadcrumb\":{\"@id\":\"https:\/\/www.confagricoltura.org\/piacenza\/valorizzare-la-gestione-forestale-bandi-aggiornamenti-normativi-e-opportunita\/#breadcrumb\"},\"inLanguage\":\"it-IT\",\"potentialAction\":[{\"@type\":\"ReadAction\",\"target\":[\"https:\/\/www.confagricoltura.org\/piacenza\/valorizzare-la-gestione-forestale-bandi-aggiornamenti-normativi-e-opportunita\/\"]}]},{\"@type\":\"ImageObject\",\"inLanguage\":\"it-IT\",\"@id\":\"https:\/\/www.confagricoltura.org\/piacenza\/valorizzare-la-gestione-forestale-bandi-aggiornamenti-normativi-e-opportunita\/#primaryimage\",\"url\":\"https:\/\/www.confagricoltura.org\/piacenza\/wp-content\/uploads\/sites\/11\/2022\/10\/Bosco.jpeg\",\"contentUrl\":\"https:\/\/www.confagricoltura.org\/piacenza\/wp-content\/uploads\/sites\/11\/2022\/10\/Bosco.jpeg\",\"width\":1157,\"height\":868},{\"@type\":\"BreadcrumbList\",\"@id\":\"https:\/\/www.confagricoltura.org\/piacenza\/valorizzare-la-gestione-forestale-bandi-aggiornamenti-normativi-e-opportunita\/#breadcrumb\",\"itemListElement\":[{\"@type\":\"ListItem\",\"position\":1,\"name\":\"Home\",\"item\":\"https:\/\/www.confagricoltura.org\/piacenza\/\"},{\"@type\":\"ListItem\",\"position\":2,\"name\":\"Valorizzare la gestione forestale: bandi, aggiornamenti normativi e opportunit\u00e0\"}]},{\"@type\":\"WebSite\",\"@id\":\"https:\/\/www.confagricoltura.org\/piacenza\/#website\",\"url\":\"https:\/\/www.confagricoltura.org\/piacenza\/\",\"name\":\"Confagricoltura Piacenza\",\"description\":\"Dalla parte degli Agricoltori\",\"potentialAction\":[{\"@type\":\"SearchAction\",\"target\":{\"@type\":\"EntryPoint\",\"urlTemplate\":\"https:\/\/www.confagricoltura.org\/piacenza\/?s={search_term_string}\"},\"query-input\":{\"@type\":\"PropertyValueSpecification\",\"valueRequired\":true,\"valueName\":\"search_term_string\"}}],\"inLanguage\":\"it-IT\"},{\"@type\":\"Person\",\"@id\":\"https:\/\/www.confagricoltura.org\/piacenza\/#\/schema\/person\/be5da25a3117fea4b3bfec9dba09b5e8\",\"name\":\"confagricolturapiacenza\",\"image\":{\"@type\":\"ImageObject\",\"inLanguage\":\"it-IT\",\"@id\":\"https:\/\/www.confagricoltura.org\/piacenza\/#\/schema\/person\/image\/\",\"url\":\"https:\/\/secure.gravatar.com\/avatar\/9c5f111e417171581853bd0a3ff892ca?s=96&d=mm&r=g\",\"contentUrl\":\"https:\/\/secure.gravatar.com\/avatar\/9c5f111e417171581853bd0a3ff892ca?s=96&d=mm&r=g\",\"caption\":\"confagricolturapiacenza\"},\"url\":\"https:\/\/www.confagricoltura.org\/piacenza\/author\/confagricolturapiacenza\/\"}]}<\/script>\n<!-- \/ Yoast SEO plugin. -->","yoast_head_json":{"title":"Valorizzare la gestione forestale: bandi, aggiornamenti normativi e opportunit\u00e0 - Confagricoltura Piacenza","robots":{"index":"index","follow":"follow","max-snippet":"max-snippet:-1","max-image-preview":"max-image-preview:large","max-video-preview":"max-video-preview:-1"},"canonical":"https:\/\/www.confagricoltura.org\/piacenza\/valorizzare-la-gestione-forestale-bandi-aggiornamenti-normativi-e-opportunita\/","og_locale":"it_IT","og_type":"article","og_title":"Valorizzare la gestione forestale: bandi, aggiornamenti normativi e opportunit\u00e0 - Confagricoltura Piacenza","og_description":"Il 7 novembre Confagricoltura Piacenza organizza un seminario","og_url":"https:\/\/www.confagricoltura.org\/piacenza\/valorizzare-la-gestione-forestale-bandi-aggiornamenti-normativi-e-opportunita\/","og_site_name":"Confagricoltura Piacenza","article_published_time":"2022-10-28T06:55:49+00:00","article_modified_time":"2022-10-28T06:55:50+00:00","og_image":[{"width":1157,"height":868,"url":"https:\/\/www.confagricoltura.org\/piacenza\/wp-content\/uploads\/sites\/11\/2022\/10\/Bosco.jpeg","type":"image\/jpeg"}],"author":"confagricolturapiacenza","twitter_card":"summary_large_image","twitter_misc":{"Scritto da":"confagricolturapiacenza","Tempo di lettura stimato":"2 minuti"},"schema":{"@context":"https:\/\/schema.org","@graph":[{"@type":"Article","@id":"https:\/\/www.confagricoltura.org\/piacenza\/valorizzare-la-gestione-forestale-bandi-aggiornamenti-normativi-e-opportunita\/#article","isPartOf":{"@id":"https:\/\/www.confagricoltura.org\/piacenza\/valorizzare-la-gestione-forestale-bandi-aggiornamenti-normativi-e-opportunita\/"},"author":{"name":"confagricolturapiacenza","@id":"https:\/\/www.confagricoltura.org\/piacenza\/#\/schema\/person\/be5da25a3117fea4b3bfec9dba09b5e8"},"headline":"Valorizzare la gestione forestale: bandi, aggiornamenti normativi e opportunit\u00e0","datePublished":"2022-10-28T06:55:49+00:00","dateModified":"2022-10-28T06:55:50+00:00","mainEntityOfPage":{"@id":"https:\/\/www.confagricoltura.org\/piacenza\/valorizzare-la-gestione-forestale-bandi-aggiornamenti-normativi-e-opportunita\/"},"wordCount":307,"image":{"@id":"https:\/\/www.confagricoltura.org\/piacenza\/valorizzare-la-gestione-forestale-bandi-aggiornamenti-normativi-e-opportunita\/#primaryimage"},"thumbnailUrl":"https:\/\/www.confagricoltura.org\/piacenza\/wp-content\/uploads\/sites\/11\/2022\/10\/Bosco.jpeg","keywords":["forestale"],"articleSection":["Finanziamenti e bandi","News"],"inLanguage":"it-IT"},{"@type":"WebPage","@id":"https:\/\/www.confagricoltura.org\/piacenza\/valorizzare-la-gestione-forestale-bandi-aggiornamenti-normativi-e-opportunita\/","url":"https:\/\/www.confagricoltura.org\/piacenza\/valorizzare-la-gestione-forestale-bandi-aggiornamenti-normativi-e-opportunita\/","name":"Valorizzare la gestione forestale: bandi, aggiornamenti normativi e opportunit\u00e0 - Confagricoltura Piacenza","isPartOf":{"@id":"https:\/\/www.confagricoltura.org\/piacenza\/#website"},"primaryImageOfPage":{"@id":"https:\/\/www.confagricoltura.org\/piacenza\/valorizzare-la-gestione-forestale-bandi-aggiornamenti-normativi-e-opportunita\/#primaryimage"},"image":{"@id":"https:\/\/www.confagricoltura.org\/piacenza\/valorizzare-la-gestione-forestale-bandi-aggiornamenti-normativi-e-opportunita\/#primaryimage"},"thumbnailUrl":"https:\/\/www.confagricoltura.org\/piacenza\/wp-content\/uploads\/sites\/11\/2022\/10\/Bosco.jpeg","datePublished":"2022-10-28T06:55:49+00:00","dateModified":"2022-10-28T06:55:50+00:00","author":{"@id":"https:\/\/www.confagricoltura.org\/piacenza\/#\/schema\/person\/be5da25a3117fea4b3bfec9dba09b5e8"},"breadcrumb":{"@id":"https:\/\/www.confagricoltura.org\/piacenza\/valorizzare-la-gestione-forestale-bandi-aggiornamenti-normativi-e-opportunita\/#breadcrumb"},"inLanguage":"it-IT","potentialAction":[{"@type":"ReadAction","target":["https:\/\/www.confagricoltura.org\/piacenza\/valorizzare-la-gestione-forestale-bandi-aggiornamenti-normativi-e-opportunita\/"]}]},{"@type":"ImageObject","inLanguage":"it-IT","@id":"https:\/\/www.confagricoltura.org\/piacenza\/valorizzare-la-gestione-forestale-bandi-aggiornamenti-normativi-e-opportunita\/#primaryimage","url":"https:\/\/www.confagricoltura.org\/piacenza\/wp-content\/uploads\/sites\/11\/2022\/10\/Bosco.jpeg","contentUrl":"https:\/\/www.confagricoltura.org\/piacenza\/wp-content\/uploads\/sites\/11\/2022\/10\/Bosco.jpeg","width":1157,"height":868},{"@type":"BreadcrumbList","@id":"https:\/\/www.confagricoltura.org\/piacenza\/valorizzare-la-gestione-forestale-bandi-aggiornamenti-normativi-e-opportunita\/#breadcrumb","itemListElement":[{"@type":"ListItem","position":1,"name":"Home","item":"https:\/\/www.confagricoltura.org\/piacenza\/"},{"@type":"ListItem","position":2,"name":"Valorizzare la gestione forestale: bandi, aggiornamenti normativi e opportunit\u00e0"}]},{"@type":"WebSite","@id":"https:\/\/www.confagricoltura.org\/piacenza\/#website","url":"https:\/\/www.confagricoltura.org\/piacenza\/","name":"Confagricoltura Piacenza","description":"Dalla parte degli Agricoltori","potentialAction":[{"@type":"SearchAction","target":{"@type":"EntryPoint","urlTemplate":"https:\/\/www.confagricoltura.org\/piacenza\/?s={search_term_string}"},"query-input":{"@type":"PropertyValueSpecification","valueRequired":true,"valueName":"search_term_string"}}],"inLanguage":"it-IT"},{"@type":"Person","@id":"https:\/\/www.confagricoltura.org\/piacenza\/#\/schema\/person\/be5da25a3117fea4b3bfec9dba09b5e8","name":"confagricolturapiacenza","image":{"@type":"ImageObject","inLanguage":"it-IT","@id":"https:\/\/www.confagricoltura.org\/piacenza\/#\/schema\/person\/image\/","url":"https:\/\/secure.gravatar.com\/avatar\/9c5f111e417171581853bd0a3ff892ca?s=96&d=mm&r=g","contentUrl":"https:\/\/secure.gravatar.com\/avatar\/9c5f111e417171581853bd0a3ff892ca?s=96&d=mm&r=g","caption":"confagricolturapiacenza"},"url":"https:\/\/www.confagricoltura.org\/piacenza\/author\/confagricolturapiacenza\/"}]}},"_links":{"self":[{"href":"https:\/\/www.confagricoltura.org\/piacenza\/wp-json\/wp\/v2\/posts\/3975","targetHints":{"allow":["GET"]}}],"collection":[{"href":"https:\/\/www.confagricoltura.org\/piacenza\/wp-json\/wp\/v2\/posts"}],"about":[{"href":"https:\/\/www.confagricoltura.org\/piacenza\/wp-json\/wp\/v2\/types\/post"}],"author":[{"embeddable":true,"href":"https:\/\/www.confagricoltura.org\/piacenza\/wp-json\/wp\/v2\/users\/6"}],"replies":[{"embeddable":true,"href":"https:\/\/www.confagricoltura.org\/piacenza\/wp-json\/wp\/v2\/comments?post=3975"}],"version-history":[{"count":1,"href":"https:\/\/www.confagricoltura.org\/piacenza\/wp-json\/wp\/v2\/posts\/3975\/revisions"}],"predecessor-version":[{"id":3977,"href":"https:\/\/www.confagricoltura.org\/piacenza\/wp-json\/wp\/v2\/posts\/3975\/revisions\/3977"}],"wp:featuredmedia":[{"embeddable":true,"href":"https:\/\/www.confagricoltura.org\/piacenza\/wp-json\/wp\/v2\/media\/3976"}],"wp:attachment":[{"href":"https:\/\/www.confagricoltura.org\/piacenza\/wp-json\/wp\/v2\/media?parent=3975"}],"wp:term":[{"taxonomy":"category","embeddable":true,"href":"https:\/\/www.confagricoltura.org\/piacenza\/wp-json\/wp\/v2\/categories?post=3975"},{"taxonomy":"post_tag","embeddable":true,"href":"https:\/\/www.confagricoltura.org\/piacenza\/wp-json\/wp\/v2\/tags?post=3975"}],"curies":[{"name":"wp","href":"https:\/\/api.w.org\/{rel}","templated":true}]}}