{"id":3972,"date":"2022-10-19T12:46:51","date_gmt":"2022-10-19T10:46:51","guid":{"rendered":"https:\/\/www.confagricoltura.org\/piacenza\/?p=3972"},"modified":"2022-10-19T12:46:52","modified_gmt":"2022-10-19T10:46:52","slug":"a-la-finestra-sul-po-scende-il-sipario-sulla-13-edizione-di-a-cena-con-la-scienza","status":"publish","type":"post","link":"https:\/\/www.confagricoltura.org\/piacenza\/a-la-finestra-sul-po-scende-il-sipario-sulla-13-edizione-di-a-cena-con-la-scienza\/","title":{"rendered":"A La Finestra sul Po scende il sipario sulla 13\u00b0 edizione di A Cena Con La Scienza"},"content":{"rendered":"\n<p>Si \u00e8 conclusa, l\u2019ultimo giorno di settembre, all\u2019agriturismo La Finestra sul Po di San Nazzaro a Monticelli d\u2019Ongina, la tredicesima edizione del ciclo di appuntamenti A Cena Con la Scienza organizzati da Confagricoltura Piacenza e Agriturist. Ospite dell\u2019ultima serata, Filippo de Braud &#8211; Ordinario di Oncologia Medica dell\u2019Universit\u00e0 degli Studi di Milano e Direttore del Dipartimento di Oncologia e Ematologia dell\u2019Istituto Nazionale dei Tumori che nella sua relazione \u201cpi\u00f9 che il tumore pot\u00e8 l\u2019digiuno\u201d ha illustrato gli importanti risultati dell\u2019attivit\u00e0 di ricerca che sta conducendo con il suo team sulle risposte di diversi tipi di tumore a protocolli che applicano sinergicamente cure, farmaci e restrizioni alimentari. Non senza qualche difficolt\u00e0, il pubblico \u00e8 riuscito a comprendere, grazie alla capacit\u00e0 divulgativa del professore, come sia possibile misurare scientificamente l\u2019azione positiva di un\u2019importante e mirata restrizione calorica su determinati tumori. \u201cAbbiamo visto \u2013 ha spiegato de Braud semplificando \u2013 che la cellula tumorale affamata muore, mentre quella sana va in riposo, abbiamo dunque potuto riscontrare una correlazione positiva tra la mancata progressione della malattia con la restrizione calorica. In particolare si \u00e8 registrata un\u2019azione sinergica tra restrizione calorica e chemioterapia\u201d. De Braud ha mostrato dati sperimentali sottolineando che \u201cil rigore \u00e8 fondamentale per documentare tutto scientificamente e poi pubblicare i risultati che vengono cos\u00ec messi a disposizione della comunit\u00e0 scientifica che li utilizza poter progredire con studi paralleli\u201d. La ricerca del suo gruppo sugli effetti della dieta \u201cmima digiuno\u201d \u00e8 stato riconosciuto come una tra le 10 pi\u00f9 importanti pubblicazioni del 2021relative alla ricerca sul cancro.\u00a0 \u201c\u00c8 un protocollo che vede una restrizione calorica molto severa, applicata a cicli: il primo giorno sono 600 calorie e solo 300 dal secondo al quinto \u2013 ha spiegato il professore \u2013 prima di avviare le sperimentazioni abbiamo testato la restrizione su noi stessi, poi su un centinaio di pazienti disponibili. Ogni tre settimane si sottoponevano a questa dieta senza alterare la terapia. \u00c8 un modello partito da un\u2019idea, creato nella pratica clinica e ora si cercher\u00e0 di sviluppare la tecnologia. Crediamo che l\u2019efficacia non sia tanto legata a una questione di calorie, ma al metabolismo. Questo tipo di restrizione calorica agisce attraverso uno shock metabolico, va operata sotto stretto controllo medico e per un tempo limitato, va considerata come un farmaco e deve essere trattata come tale\u201d. Il professore ha riportato casistiche differenziate per tipologie di tumore, ha poi evidenziato come sia pi\u00f9 problematico il quadro di chi sviluppa il diabete durante la malattia rispetto a chi, gi\u00e0 diabetico, si ammala di tumore. Davvero difficile poter riassumere senza banalizzare quelli che sono i risultati delle ricerche e che non vanno confusi con le indicazioni per una vita sana, comunque validi.\u00a0 In merito, de Braud ha ripercorso il nesso tra infiammazione e assunzione di zuccheri per allargare il campo poi alla necessit\u00e0 di condurre una vita attiva e di avere un\u2019alimentazione corretta per ridurre, a priori, l\u2019infiammazione cronica correlata al rischio di insorgenza di tumori. Al netto di queste considerazioni, il corredo genetico di ciascuno non pu\u00f2 comunque essere ignorato e anche su questo fronte si sono aperti negli ultimi anni ulteriori ambiti di ricerca, cos\u00ec come \u2013 ha ricordato sollecitato da una domanda del pubblico \u2013 sugli anticorpi monoclonali. \u201cQuesta serata \u2013 ha concluso Michele Lodigiani, coordinatore di A Cena Con La Scienza \u2013 rincuora la nostra fiducia nella scienza. Ringrazio Filippo de Braud per la disponibilit\u00e0 di cui ho approfittato in nome di una lunga amicizia e attraverso di lui colgo l\u2019occasione per esprimere la mia gratitudine a tutti i ricercatori che con fatica e grandi sacrifici dedicano la loro vita all\u2019obiettivo di migliorare la nostra. Auspico, visto che stiamo attraversando un periodo in cui vanno ridefinite le priorit\u00e0 del Paese, che si tenga in doveroso conto la ricerca, alla quale spesso non vengono destinati fondi adeguati non riconoscendone l\u2019importanza e non valorizzando il potenziale dei nostri ricercatori che frequentemente si vedono costretti a sviluppare i loro studi all\u2019estero. Per quanto riguarda la serata \u2013 ha concluso sorridendo \u2013 proseguiamo a tavola e con l\u2019ottima cucina dell\u2019agriturismo. Sar\u00e0 difficile parlare di restrizioni caloriche, ci concentreremo invece sulla buona alimentazione. Si chiude il sipario su questa edizione, speriamo di ridarci appuntamento all\u2019anno prossimo, l\u2019intenzione \u00e8 questa, ora abbiamo quasi un anno per pensarci\u201d.<\/p>\n","protected":false},"excerpt":{"rendered":"<p>Il professor Filippo de Braud illustra i risultati della \u201cdieta mima digiuno\u201d sui tumori<\/p>\n","protected":false},"author":6,"featured_media":3973,"comment_status":"closed","ping_status":"closed","sticky":false,"template":"","format":"standard","meta":{"wp_mapbox_gl_js_media":[],"footnotes":""},"categories":[21,4],"tags":[97],"class_list":["post-3972","post","type-post","status-publish","format-standard","has-post-thumbnail","hentry","category-eventi","category-news","tag-a-cena-con-la-scienza"],"yoast_head":"<!-- This site is optimized with the Yoast SEO plugin v26.8 - https:\/\/yoast.com\/product\/yoast-seo-wordpress\/ -->\n<title>A La Finestra sul Po scende il sipario sulla 13\u00b0 edizione di A Cena Con La Scienza - Confagricoltura Piacenza<\/title>\n<meta name=\"robots\" content=\"index, follow, max-snippet:-1, max-image-preview:large, max-video-preview:-1\" \/>\n<link rel=\"canonical\" href=\"https:\/\/www.confagricoltura.org\/piacenza\/a-la-finestra-sul-po-scende-il-sipario-sulla-13-edizione-di-a-cena-con-la-scienza\/\" \/>\n<meta property=\"og:locale\" content=\"it_IT\" \/>\n<meta property=\"og:type\" content=\"article\" \/>\n<meta property=\"og:title\" content=\"A La Finestra sul Po scende il sipario sulla 13\u00b0 edizione di A Cena Con La Scienza - Confagricoltura Piacenza\" \/>\n<meta property=\"og:description\" content=\"Il professor Filippo de Braud illustra i risultati della \u201cdieta mima digiuno\u201d sui tumori\" \/>\n<meta property=\"og:url\" content=\"https:\/\/www.confagricoltura.org\/piacenza\/a-la-finestra-sul-po-scende-il-sipario-sulla-13-edizione-di-a-cena-con-la-scienza\/\" \/>\n<meta property=\"og:site_name\" content=\"Confagricoltura Piacenza\" \/>\n<meta property=\"article:published_time\" content=\"2022-10-19T10:46:51+00:00\" \/>\n<meta property=\"article:modified_time\" content=\"2022-10-19T10:46:52+00:00\" \/>\n<meta property=\"og:image\" content=\"https:\/\/www.confagricoltura.org\/piacenza\/wp-content\/uploads\/sites\/11\/2022\/10\/Filippo-de-Braud.jpg\" \/>\n\t<meta property=\"og:image:width\" content=\"1929\" \/>\n\t<meta property=\"og:image:height\" content=\"1447\" \/>\n\t<meta property=\"og:image:type\" content=\"image\/jpeg\" \/>\n<meta name=\"author\" content=\"confagricolturapiacenza\" \/>\n<meta name=\"twitter:card\" content=\"summary_large_image\" \/>\n<meta name=\"twitter:label1\" content=\"Scritto da\" \/>\n\t<meta name=\"twitter:data1\" content=\"confagricolturapiacenza\" \/>\n\t<meta name=\"twitter:label2\" content=\"Tempo di lettura stimato\" \/>\n\t<meta name=\"twitter:data2\" content=\"4 minuti\" \/>\n<script type=\"application\/ld+json\" class=\"yoast-schema-graph\">{\"@context\":\"https:\/\/schema.org\",\"@graph\":[{\"@type\":\"Article\",\"@id\":\"https:\/\/www.confagricoltura.org\/piacenza\/a-la-finestra-sul-po-scende-il-sipario-sulla-13-edizione-di-a-cena-con-la-scienza\/#article\",\"isPartOf\":{\"@id\":\"https:\/\/www.confagricoltura.org\/piacenza\/a-la-finestra-sul-po-scende-il-sipario-sulla-13-edizione-di-a-cena-con-la-scienza\/\"},\"author\":{\"name\":\"confagricolturapiacenza\",\"@id\":\"https:\/\/www.confagricoltura.org\/piacenza\/#\/schema\/person\/be5da25a3117fea4b3bfec9dba09b5e8\"},\"headline\":\"A La Finestra sul Po scende il sipario sulla 13\u00b0 edizione di A Cena Con La Scienza\",\"datePublished\":\"2022-10-19T10:46:51+00:00\",\"dateModified\":\"2022-10-19T10:46:52+00:00\",\"mainEntityOfPage\":{\"@id\":\"https:\/\/www.confagricoltura.org\/piacenza\/a-la-finestra-sul-po-scende-il-sipario-sulla-13-edizione-di-a-cena-con-la-scienza\/\"},\"wordCount\":726,\"image\":{\"@id\":\"https:\/\/www.confagricoltura.org\/piacenza\/a-la-finestra-sul-po-scende-il-sipario-sulla-13-edizione-di-a-cena-con-la-scienza\/#primaryimage\"},\"thumbnailUrl\":\"https:\/\/www.confagricoltura.org\/piacenza\/wp-content\/uploads\/sites\/11\/2022\/10\/Filippo-de-Braud.jpg\",\"keywords\":[\"A CENA CON LA SCIENZA\"],\"articleSection\":[\"Eventi\",\"News\"],\"inLanguage\":\"it-IT\"},{\"@type\":\"WebPage\",\"@id\":\"https:\/\/www.confagricoltura.org\/piacenza\/a-la-finestra-sul-po-scende-il-sipario-sulla-13-edizione-di-a-cena-con-la-scienza\/\",\"url\":\"https:\/\/www.confagricoltura.org\/piacenza\/a-la-finestra-sul-po-scende-il-sipario-sulla-13-edizione-di-a-cena-con-la-scienza\/\",\"name\":\"A La Finestra sul Po scende il sipario sulla 13\u00b0 edizione di A Cena Con La Scienza - Confagricoltura Piacenza\",\"isPartOf\":{\"@id\":\"https:\/\/www.confagricoltura.org\/piacenza\/#website\"},\"primaryImageOfPage\":{\"@id\":\"https:\/\/www.confagricoltura.org\/piacenza\/a-la-finestra-sul-po-scende-il-sipario-sulla-13-edizione-di-a-cena-con-la-scienza\/#primaryimage\"},\"image\":{\"@id\":\"https:\/\/www.confagricoltura.org\/piacenza\/a-la-finestra-sul-po-scende-il-sipario-sulla-13-edizione-di-a-cena-con-la-scienza\/#primaryimage\"},\"thumbnailUrl\":\"https:\/\/www.confagricoltura.org\/piacenza\/wp-content\/uploads\/sites\/11\/2022\/10\/Filippo-de-Braud.jpg\",\"datePublished\":\"2022-10-19T10:46:51+00:00\",\"dateModified\":\"2022-10-19T10:46:52+00:00\",\"author\":{\"@id\":\"https:\/\/www.confagricoltura.org\/piacenza\/#\/schema\/person\/be5da25a3117fea4b3bfec9dba09b5e8\"},\"breadcrumb\":{\"@id\":\"https:\/\/www.confagricoltura.org\/piacenza\/a-la-finestra-sul-po-scende-il-sipario-sulla-13-edizione-di-a-cena-con-la-scienza\/#breadcrumb\"},\"inLanguage\":\"it-IT\",\"potentialAction\":[{\"@type\":\"ReadAction\",\"target\":[\"https:\/\/www.confagricoltura.org\/piacenza\/a-la-finestra-sul-po-scende-il-sipario-sulla-13-edizione-di-a-cena-con-la-scienza\/\"]}]},{\"@type\":\"ImageObject\",\"inLanguage\":\"it-IT\",\"@id\":\"https:\/\/www.confagricoltura.org\/piacenza\/a-la-finestra-sul-po-scende-il-sipario-sulla-13-edizione-di-a-cena-con-la-scienza\/#primaryimage\",\"url\":\"https:\/\/www.confagricoltura.org\/piacenza\/wp-content\/uploads\/sites\/11\/2022\/10\/Filippo-de-Braud.jpg\",\"contentUrl\":\"https:\/\/www.confagricoltura.org\/piacenza\/wp-content\/uploads\/sites\/11\/2022\/10\/Filippo-de-Braud.jpg\",\"width\":1929,\"height\":1447},{\"@type\":\"BreadcrumbList\",\"@id\":\"https:\/\/www.confagricoltura.org\/piacenza\/a-la-finestra-sul-po-scende-il-sipario-sulla-13-edizione-di-a-cena-con-la-scienza\/#breadcrumb\",\"itemListElement\":[{\"@type\":\"ListItem\",\"position\":1,\"name\":\"Home\",\"item\":\"https:\/\/www.confagricoltura.org\/piacenza\/\"},{\"@type\":\"ListItem\",\"position\":2,\"name\":\"A La Finestra sul Po scende il sipario sulla 13\u00b0 edizione di A Cena Con La Scienza\"}]},{\"@type\":\"WebSite\",\"@id\":\"https:\/\/www.confagricoltura.org\/piacenza\/#website\",\"url\":\"https:\/\/www.confagricoltura.org\/piacenza\/\",\"name\":\"Confagricoltura Piacenza\",\"description\":\"Dalla parte degli Agricoltori\",\"potentialAction\":[{\"@type\":\"SearchAction\",\"target\":{\"@type\":\"EntryPoint\",\"urlTemplate\":\"https:\/\/www.confagricoltura.org\/piacenza\/?s={search_term_string}\"},\"query-input\":{\"@type\":\"PropertyValueSpecification\",\"valueRequired\":true,\"valueName\":\"search_term_string\"}}],\"inLanguage\":\"it-IT\"},{\"@type\":\"Person\",\"@id\":\"https:\/\/www.confagricoltura.org\/piacenza\/#\/schema\/person\/be5da25a3117fea4b3bfec9dba09b5e8\",\"name\":\"confagricolturapiacenza\",\"image\":{\"@type\":\"ImageObject\",\"inLanguage\":\"it-IT\",\"@id\":\"https:\/\/www.confagricoltura.org\/piacenza\/#\/schema\/person\/image\/\",\"url\":\"https:\/\/secure.gravatar.com\/avatar\/9c5f111e417171581853bd0a3ff892ca?s=96&d=mm&r=g\",\"contentUrl\":\"https:\/\/secure.gravatar.com\/avatar\/9c5f111e417171581853bd0a3ff892ca?s=96&d=mm&r=g\",\"caption\":\"confagricolturapiacenza\"},\"url\":\"https:\/\/www.confagricoltura.org\/piacenza\/author\/confagricolturapiacenza\/\"}]}<\/script>\n<!-- \/ Yoast SEO plugin. -->","yoast_head_json":{"title":"A La Finestra sul Po scende il sipario sulla 13\u00b0 edizione di A Cena Con La Scienza - Confagricoltura Piacenza","robots":{"index":"index","follow":"follow","max-snippet":"max-snippet:-1","max-image-preview":"max-image-preview:large","max-video-preview":"max-video-preview:-1"},"canonical":"https:\/\/www.confagricoltura.org\/piacenza\/a-la-finestra-sul-po-scende-il-sipario-sulla-13-edizione-di-a-cena-con-la-scienza\/","og_locale":"it_IT","og_type":"article","og_title":"A La Finestra sul Po scende il sipario sulla 13\u00b0 edizione di A Cena Con La Scienza - Confagricoltura Piacenza","og_description":"Il professor Filippo de Braud illustra i risultati della \u201cdieta mima digiuno\u201d sui tumori","og_url":"https:\/\/www.confagricoltura.org\/piacenza\/a-la-finestra-sul-po-scende-il-sipario-sulla-13-edizione-di-a-cena-con-la-scienza\/","og_site_name":"Confagricoltura Piacenza","article_published_time":"2022-10-19T10:46:51+00:00","article_modified_time":"2022-10-19T10:46:52+00:00","og_image":[{"width":1929,"height":1447,"url":"https:\/\/www.confagricoltura.org\/piacenza\/wp-content\/uploads\/sites\/11\/2022\/10\/Filippo-de-Braud.jpg","type":"image\/jpeg"}],"author":"confagricolturapiacenza","twitter_card":"summary_large_image","twitter_misc":{"Scritto da":"confagricolturapiacenza","Tempo di lettura stimato":"4 minuti"},"schema":{"@context":"https:\/\/schema.org","@graph":[{"@type":"Article","@id":"https:\/\/www.confagricoltura.org\/piacenza\/a-la-finestra-sul-po-scende-il-sipario-sulla-13-edizione-di-a-cena-con-la-scienza\/#article","isPartOf":{"@id":"https:\/\/www.confagricoltura.org\/piacenza\/a-la-finestra-sul-po-scende-il-sipario-sulla-13-edizione-di-a-cena-con-la-scienza\/"},"author":{"name":"confagricolturapiacenza","@id":"https:\/\/www.confagricoltura.org\/piacenza\/#\/schema\/person\/be5da25a3117fea4b3bfec9dba09b5e8"},"headline":"A La Finestra sul Po scende il sipario sulla 13\u00b0 edizione di A Cena Con La Scienza","datePublished":"2022-10-19T10:46:51+00:00","dateModified":"2022-10-19T10:46:52+00:00","mainEntityOfPage":{"@id":"https:\/\/www.confagricoltura.org\/piacenza\/a-la-finestra-sul-po-scende-il-sipario-sulla-13-edizione-di-a-cena-con-la-scienza\/"},"wordCount":726,"image":{"@id":"https:\/\/www.confagricoltura.org\/piacenza\/a-la-finestra-sul-po-scende-il-sipario-sulla-13-edizione-di-a-cena-con-la-scienza\/#primaryimage"},"thumbnailUrl":"https:\/\/www.confagricoltura.org\/piacenza\/wp-content\/uploads\/sites\/11\/2022\/10\/Filippo-de-Braud.jpg","keywords":["A CENA CON LA SCIENZA"],"articleSection":["Eventi","News"],"inLanguage":"it-IT"},{"@type":"WebPage","@id":"https:\/\/www.confagricoltura.org\/piacenza\/a-la-finestra-sul-po-scende-il-sipario-sulla-13-edizione-di-a-cena-con-la-scienza\/","url":"https:\/\/www.confagricoltura.org\/piacenza\/a-la-finestra-sul-po-scende-il-sipario-sulla-13-edizione-di-a-cena-con-la-scienza\/","name":"A La Finestra sul Po scende il sipario sulla 13\u00b0 edizione di A Cena Con La Scienza - Confagricoltura Piacenza","isPartOf":{"@id":"https:\/\/www.confagricoltura.org\/piacenza\/#website"},"primaryImageOfPage":{"@id":"https:\/\/www.confagricoltura.org\/piacenza\/a-la-finestra-sul-po-scende-il-sipario-sulla-13-edizione-di-a-cena-con-la-scienza\/#primaryimage"},"image":{"@id":"https:\/\/www.confagricoltura.org\/piacenza\/a-la-finestra-sul-po-scende-il-sipario-sulla-13-edizione-di-a-cena-con-la-scienza\/#primaryimage"},"thumbnailUrl":"https:\/\/www.confagricoltura.org\/piacenza\/wp-content\/uploads\/sites\/11\/2022\/10\/Filippo-de-Braud.jpg","datePublished":"2022-10-19T10:46:51+00:00","dateModified":"2022-10-19T10:46:52+00:00","author":{"@id":"https:\/\/www.confagricoltura.org\/piacenza\/#\/schema\/person\/be5da25a3117fea4b3bfec9dba09b5e8"},"breadcrumb":{"@id":"https:\/\/www.confagricoltura.org\/piacenza\/a-la-finestra-sul-po-scende-il-sipario-sulla-13-edizione-di-a-cena-con-la-scienza\/#breadcrumb"},"inLanguage":"it-IT","potentialAction":[{"@type":"ReadAction","target":["https:\/\/www.confagricoltura.org\/piacenza\/a-la-finestra-sul-po-scende-il-sipario-sulla-13-edizione-di-a-cena-con-la-scienza\/"]}]},{"@type":"ImageObject","inLanguage":"it-IT","@id":"https:\/\/www.confagricoltura.org\/piacenza\/a-la-finestra-sul-po-scende-il-sipario-sulla-13-edizione-di-a-cena-con-la-scienza\/#primaryimage","url":"https:\/\/www.confagricoltura.org\/piacenza\/wp-content\/uploads\/sites\/11\/2022\/10\/Filippo-de-Braud.jpg","contentUrl":"https:\/\/www.confagricoltura.org\/piacenza\/wp-content\/uploads\/sites\/11\/2022\/10\/Filippo-de-Braud.jpg","width":1929,"height":1447},{"@type":"BreadcrumbList","@id":"https:\/\/www.confagricoltura.org\/piacenza\/a-la-finestra-sul-po-scende-il-sipario-sulla-13-edizione-di-a-cena-con-la-scienza\/#breadcrumb","itemListElement":[{"@type":"ListItem","position":1,"name":"Home","item":"https:\/\/www.confagricoltura.org\/piacenza\/"},{"@type":"ListItem","position":2,"name":"A La Finestra sul Po scende il sipario sulla 13\u00b0 edizione di A Cena Con La Scienza"}]},{"@type":"WebSite","@id":"https:\/\/www.confagricoltura.org\/piacenza\/#website","url":"https:\/\/www.confagricoltura.org\/piacenza\/","name":"Confagricoltura Piacenza","description":"Dalla parte degli Agricoltori","potentialAction":[{"@type":"SearchAction","target":{"@type":"EntryPoint","urlTemplate":"https:\/\/www.confagricoltura.org\/piacenza\/?s={search_term_string}"},"query-input":{"@type":"PropertyValueSpecification","valueRequired":true,"valueName":"search_term_string"}}],"inLanguage":"it-IT"},{"@type":"Person","@id":"https:\/\/www.confagricoltura.org\/piacenza\/#\/schema\/person\/be5da25a3117fea4b3bfec9dba09b5e8","name":"confagricolturapiacenza","image":{"@type":"ImageObject","inLanguage":"it-IT","@id":"https:\/\/www.confagricoltura.org\/piacenza\/#\/schema\/person\/image\/","url":"https:\/\/secure.gravatar.com\/avatar\/9c5f111e417171581853bd0a3ff892ca?s=96&d=mm&r=g","contentUrl":"https:\/\/secure.gravatar.com\/avatar\/9c5f111e417171581853bd0a3ff892ca?s=96&d=mm&r=g","caption":"confagricolturapiacenza"},"url":"https:\/\/www.confagricoltura.org\/piacenza\/author\/confagricolturapiacenza\/"}]}},"_links":{"self":[{"href":"https:\/\/www.confagricoltura.org\/piacenza\/wp-json\/wp\/v2\/posts\/3972","targetHints":{"allow":["GET"]}}],"collection":[{"href":"https:\/\/www.confagricoltura.org\/piacenza\/wp-json\/wp\/v2\/posts"}],"about":[{"href":"https:\/\/www.confagricoltura.org\/piacenza\/wp-json\/wp\/v2\/types\/post"}],"author":[{"embeddable":true,"href":"https:\/\/www.confagricoltura.org\/piacenza\/wp-json\/wp\/v2\/users\/6"}],"replies":[{"embeddable":true,"href":"https:\/\/www.confagricoltura.org\/piacenza\/wp-json\/wp\/v2\/comments?post=3972"}],"version-history":[{"count":1,"href":"https:\/\/www.confagricoltura.org\/piacenza\/wp-json\/wp\/v2\/posts\/3972\/revisions"}],"predecessor-version":[{"id":3974,"href":"https:\/\/www.confagricoltura.org\/piacenza\/wp-json\/wp\/v2\/posts\/3972\/revisions\/3974"}],"wp:featuredmedia":[{"embeddable":true,"href":"https:\/\/www.confagricoltura.org\/piacenza\/wp-json\/wp\/v2\/media\/3973"}],"wp:attachment":[{"href":"https:\/\/www.confagricoltura.org\/piacenza\/wp-json\/wp\/v2\/media?parent=3972"}],"wp:term":[{"taxonomy":"category","embeddable":true,"href":"https:\/\/www.confagricoltura.org\/piacenza\/wp-json\/wp\/v2\/categories?post=3972"},{"taxonomy":"post_tag","embeddable":true,"href":"https:\/\/www.confagricoltura.org\/piacenza\/wp-json\/wp\/v2\/tags?post=3972"}],"curies":[{"name":"wp","href":"https:\/\/api.w.org\/{rel}","templated":true}]}}