{"id":3969,"date":"2022-10-13T17:27:58","date_gmt":"2022-10-13T15:27:58","guid":{"rendered":"https:\/\/www.confagricoltura.org\/piacenza\/?p=3969"},"modified":"2022-10-13T17:27:59","modified_gmt":"2022-10-13T15:27:59","slug":"gruppo-di-confagricoltura-donna-in-visita-al-parco-agrovoltaico-di-zangrandi","status":"publish","type":"post","link":"https:\/\/www.confagricoltura.org\/piacenza\/gruppo-di-confagricoltura-donna-in-visita-al-parco-agrovoltaico-di-zangrandi\/","title":{"rendered":"Gruppo di Confagricoltura Donna in visita al parco agrovoltaico di Zangrandi"},"content":{"rendered":"\n<p>\u201cSi afferma il ruolo delle donne in agricoltura. Impegnate a pieno titolo nel primario, sono cresciute, seppur in modo contenuto, come conduttrici d\u2019azienda e pi\u00f9 che raddoppiate, soprattutto grazie all\u2019impegno delle pi\u00f9 giovani, nelle societ\u00e0 di capitali e di persone\u201d. Lo ha detto Alessandra Oddi Baglioni, presidente di Confagricoltura Donna, in occasione della Giornata internazionale delle donne rurali che si celebra il 15 ottobre, istituita dall\u2019Assemblea Generale delle Nazioni Unite il 18 dicembre del 2007.<\/p>\n\n\n\n<p>\u201cIn campagna e nelle aziende agricole le donne ci sono sempre state e in silenzio, con le loro intuizioni, portavano innovazioni. Oggi \u2013 ha continuato Oddi Baglioni &#8211; comunicano, si confrontano, fanno rete ed \u00e8 cresciuto il loro impegno nelle imprese e per la valorizzazione dei territori e delle colture. Parallelamente, negli ultimi anni, si va consolidando la tendenza in aumento delle iscritte alla facolt\u00e0 di Scienze agrarie, a dimostrazione della fondamentale funzione che riveste l\u2019agricoltura per lo sviluppo di un corretto futuro sostenibile delle comunit\u00e0\u201d.<\/p>\n\n\n\n<p>E proprio un gruppo di imprenditrici agricole di Confagricoltura Donna, provenienti da Emilia-Romagna, Lombardia e Piemonte, nei giorni scorsi si \u00e8 dato appuntamento prima per il convegno \u201cDonne in agricoltura: da sempre protagoniste del cambiamento\u201d presso l\u2019agriturismo Battibue a Fiorenzuola d\u2019Arda e poi nel pomeriggio si \u00e8 recato a San Nazzaro di Monticelli d\u2019Ongina per una visita in campo. Oggetto dell\u2019approfondimento il parco fotovoltaico che Giovanni Zangrandi ha installato sui suoi terreni ormai da un decennio. L\u2019imprenditore piacentino, anch\u2019egli associato a Confagricoltura Piacenza, di cui \u00e8 stato lungamente vicepresidente ed ancora componente del Consiglio direttivo, \u00e8 stato infatti tra i primi al mondo a sperimentare questo tipo di tecnologia che prevede s\u00ec l\u2019installazione di pannelli fotovoltaici su suolo, ma a 4.5 metri dalla terra e sotto consente la coltivazione, con una perdita minima di sau. Le imprenditrici hanno voluto intervistare Zangrandi ponendo quesiti pratici di approfondimento e verificare con lui sul campo la bont\u00e0 del progetto che lo vede, a distanza di tempo, ancora soddisfatto. L\u2019agrovoltaico si pone anche oggi come una frontiera d\u2019avanguardia per l\u2019implementazione delle rinnovabili e pu\u00f2 costituire una valida soluzione contro il consumo di suolo che i pannelli fotovoltaici in pieno campo invece costituiscono. A guidare il gruppo delle imprenditrici la presidente nazionale Alessandra Oddi Baglioni e le presidenti di Confagricoltura Donna delle tre regioni coinvolte: Diana Bortoli per l\u2019Emilia-Romagna; Caterina Brazzola per la Lombardia e Paola Sacco per il Piemonte. Con i fondi a disposizione per lo sviluppo delle energie rinnovabili grazie al Pnrr &#8211; hanno rilevato le imprenditrici presenti &#8211; \u00e8 opportuno e necessario valutare tutte le forme d\u2019investimento, tenendo presente le necessit\u00e0 di produzione di energia e il grande contributo che l\u2019agricoltura pu\u00f2 fornire in tal senso, senza tralasciare l\u2019attivit\u00e0 principale che resta quella di produrre cibo. \u201cQuest\u2019anno &#8211; ha spiegato Zangrandi abbiamo fatto delle prove sperimentali, con l\u2019Universit\u00e0 Cattolica, coltivando lino e tasso sotto ai pannelli.&nbsp; Dei 20 ettari del parco agrovoltaico di San Nazzaro, 12 li abbiamo seminati a mais ed ha reso 120 quintali ettaro. Sono soddisfatto. I primi anni non avevamo la sub-irrigazione, ma da quando abbiamo implementato anche l\u2019irrigazione, se posso, semino colture irrigue. L\u2019impianto \u00e8 da 3.5 MW e i pannelli sono a 4.5 metri di altezza. A Castelvetro abbiamo un altro campo agrovoltaico di ulteriori 8 ettari. Si tratta di un\u2019integrazione interessante. Discriminanti sono gli accordi commerciali con la ditta che gestisce l\u2019impianto. Questi aspetti vanno valutati caso per caso. Per quanto mi riguarda e per come erano le condizioni ai tempi, \u00e8 stato un buon investimento\u201d.<\/p>\n\n\n\n<p>Soddisfazione per le partecipanti che hanno chiuso la giornata con un caff\u00e8 e tramonto sul fiume al vicino agriturismo, sempre della famiglia Zangrandi, La Finestra sul Po.<\/p>\n","protected":false},"excerpt":{"rendered":"<p>Confagricoltura sottolinea l\u2019importanza del ruolo delle imprenditrici. Il 15 ottobre \u00e8 la giornata internazionale delle donne rurali<\/p>\n","protected":false},"author":6,"featured_media":3970,"comment_status":"closed","ping_status":"closed","sticky":false,"template":"","format":"standard","meta":{"wp_mapbox_gl_js_media":[],"footnotes":""},"categories":[21,4],"tags":[333],"class_list":["post-3969","post","type-post","status-publish","format-standard","has-post-thumbnail","hentry","category-eventi","category-news","tag-confagricoltura-donna"],"yoast_head":"<!-- This site is optimized with the Yoast SEO plugin v26.8 - https:\/\/yoast.com\/product\/yoast-seo-wordpress\/ -->\n<title>Gruppo di Confagricoltura Donna in visita al parco agrovoltaico di Zangrandi - Confagricoltura Piacenza<\/title>\n<meta name=\"robots\" content=\"index, follow, max-snippet:-1, max-image-preview:large, max-video-preview:-1\" \/>\n<link rel=\"canonical\" href=\"https:\/\/www.confagricoltura.org\/piacenza\/gruppo-di-confagricoltura-donna-in-visita-al-parco-agrovoltaico-di-zangrandi\/\" \/>\n<meta property=\"og:locale\" content=\"it_IT\" \/>\n<meta property=\"og:type\" content=\"article\" \/>\n<meta property=\"og:title\" content=\"Gruppo di Confagricoltura Donna in visita al parco agrovoltaico di Zangrandi - Confagricoltura Piacenza\" \/>\n<meta property=\"og:description\" content=\"Confagricoltura sottolinea l\u2019importanza del ruolo delle imprenditrici. Il 15 ottobre \u00e8 la giornata internazionale delle donne rurali\" \/>\n<meta property=\"og:url\" content=\"https:\/\/www.confagricoltura.org\/piacenza\/gruppo-di-confagricoltura-donna-in-visita-al-parco-agrovoltaico-di-zangrandi\/\" \/>\n<meta property=\"og:site_name\" content=\"Confagricoltura Piacenza\" \/>\n<meta property=\"article:published_time\" content=\"2022-10-13T15:27:58+00:00\" \/>\n<meta property=\"article:modified_time\" content=\"2022-10-13T15:27:59+00:00\" \/>\n<meta property=\"og:image\" content=\"https:\/\/www.confagricoltura.org\/piacenza\/wp-content\/uploads\/sites\/11\/2022\/10\/Confagricoltura-Donna-da-Zangrandi.jpg\" \/>\n\t<meta property=\"og:image:width\" content=\"1929\" \/>\n\t<meta property=\"og:image:height\" content=\"1518\" \/>\n\t<meta property=\"og:image:type\" content=\"image\/jpeg\" \/>\n<meta name=\"author\" content=\"confagricolturapiacenza\" \/>\n<meta name=\"twitter:card\" content=\"summary_large_image\" \/>\n<meta name=\"twitter:label1\" content=\"Scritto da\" \/>\n\t<meta name=\"twitter:data1\" content=\"confagricolturapiacenza\" \/>\n\t<meta name=\"twitter:label2\" content=\"Tempo di lettura stimato\" \/>\n\t<meta name=\"twitter:data2\" content=\"3 minuti\" \/>\n<script type=\"application\/ld+json\" class=\"yoast-schema-graph\">{\"@context\":\"https:\/\/schema.org\",\"@graph\":[{\"@type\":\"Article\",\"@id\":\"https:\/\/www.confagricoltura.org\/piacenza\/gruppo-di-confagricoltura-donna-in-visita-al-parco-agrovoltaico-di-zangrandi\/#article\",\"isPartOf\":{\"@id\":\"https:\/\/www.confagricoltura.org\/piacenza\/gruppo-di-confagricoltura-donna-in-visita-al-parco-agrovoltaico-di-zangrandi\/\"},\"author\":{\"name\":\"confagricolturapiacenza\",\"@id\":\"https:\/\/www.confagricoltura.org\/piacenza\/#\/schema\/person\/be5da25a3117fea4b3bfec9dba09b5e8\"},\"headline\":\"Gruppo di Confagricoltura Donna in visita al parco agrovoltaico di Zangrandi\",\"datePublished\":\"2022-10-13T15:27:58+00:00\",\"dateModified\":\"2022-10-13T15:27:59+00:00\",\"mainEntityOfPage\":{\"@id\":\"https:\/\/www.confagricoltura.org\/piacenza\/gruppo-di-confagricoltura-donna-in-visita-al-parco-agrovoltaico-di-zangrandi\/\"},\"wordCount\":626,\"image\":{\"@id\":\"https:\/\/www.confagricoltura.org\/piacenza\/gruppo-di-confagricoltura-donna-in-visita-al-parco-agrovoltaico-di-zangrandi\/#primaryimage\"},\"thumbnailUrl\":\"https:\/\/www.confagricoltura.org\/piacenza\/wp-content\/uploads\/sites\/11\/2022\/10\/Confagricoltura-Donna-da-Zangrandi.jpg\",\"keywords\":[\"confagricoltura donna\"],\"articleSection\":[\"Eventi\",\"News\"],\"inLanguage\":\"it-IT\"},{\"@type\":\"WebPage\",\"@id\":\"https:\/\/www.confagricoltura.org\/piacenza\/gruppo-di-confagricoltura-donna-in-visita-al-parco-agrovoltaico-di-zangrandi\/\",\"url\":\"https:\/\/www.confagricoltura.org\/piacenza\/gruppo-di-confagricoltura-donna-in-visita-al-parco-agrovoltaico-di-zangrandi\/\",\"name\":\"Gruppo di Confagricoltura Donna in visita al parco agrovoltaico di Zangrandi - Confagricoltura Piacenza\",\"isPartOf\":{\"@id\":\"https:\/\/www.confagricoltura.org\/piacenza\/#website\"},\"primaryImageOfPage\":{\"@id\":\"https:\/\/www.confagricoltura.org\/piacenza\/gruppo-di-confagricoltura-donna-in-visita-al-parco-agrovoltaico-di-zangrandi\/#primaryimage\"},\"image\":{\"@id\":\"https:\/\/www.confagricoltura.org\/piacenza\/gruppo-di-confagricoltura-donna-in-visita-al-parco-agrovoltaico-di-zangrandi\/#primaryimage\"},\"thumbnailUrl\":\"https:\/\/www.confagricoltura.org\/piacenza\/wp-content\/uploads\/sites\/11\/2022\/10\/Confagricoltura-Donna-da-Zangrandi.jpg\",\"datePublished\":\"2022-10-13T15:27:58+00:00\",\"dateModified\":\"2022-10-13T15:27:59+00:00\",\"author\":{\"@id\":\"https:\/\/www.confagricoltura.org\/piacenza\/#\/schema\/person\/be5da25a3117fea4b3bfec9dba09b5e8\"},\"breadcrumb\":{\"@id\":\"https:\/\/www.confagricoltura.org\/piacenza\/gruppo-di-confagricoltura-donna-in-visita-al-parco-agrovoltaico-di-zangrandi\/#breadcrumb\"},\"inLanguage\":\"it-IT\",\"potentialAction\":[{\"@type\":\"ReadAction\",\"target\":[\"https:\/\/www.confagricoltura.org\/piacenza\/gruppo-di-confagricoltura-donna-in-visita-al-parco-agrovoltaico-di-zangrandi\/\"]}]},{\"@type\":\"ImageObject\",\"inLanguage\":\"it-IT\",\"@id\":\"https:\/\/www.confagricoltura.org\/piacenza\/gruppo-di-confagricoltura-donna-in-visita-al-parco-agrovoltaico-di-zangrandi\/#primaryimage\",\"url\":\"https:\/\/www.confagricoltura.org\/piacenza\/wp-content\/uploads\/sites\/11\/2022\/10\/Confagricoltura-Donna-da-Zangrandi.jpg\",\"contentUrl\":\"https:\/\/www.confagricoltura.org\/piacenza\/wp-content\/uploads\/sites\/11\/2022\/10\/Confagricoltura-Donna-da-Zangrandi.jpg\",\"width\":1929,\"height\":1518},{\"@type\":\"BreadcrumbList\",\"@id\":\"https:\/\/www.confagricoltura.org\/piacenza\/gruppo-di-confagricoltura-donna-in-visita-al-parco-agrovoltaico-di-zangrandi\/#breadcrumb\",\"itemListElement\":[{\"@type\":\"ListItem\",\"position\":1,\"name\":\"Home\",\"item\":\"https:\/\/www.confagricoltura.org\/piacenza\/\"},{\"@type\":\"ListItem\",\"position\":2,\"name\":\"Gruppo di Confagricoltura Donna in visita al parco agrovoltaico di Zangrandi\"}]},{\"@type\":\"WebSite\",\"@id\":\"https:\/\/www.confagricoltura.org\/piacenza\/#website\",\"url\":\"https:\/\/www.confagricoltura.org\/piacenza\/\",\"name\":\"Confagricoltura Piacenza\",\"description\":\"Dalla parte degli Agricoltori\",\"potentialAction\":[{\"@type\":\"SearchAction\",\"target\":{\"@type\":\"EntryPoint\",\"urlTemplate\":\"https:\/\/www.confagricoltura.org\/piacenza\/?s={search_term_string}\"},\"query-input\":{\"@type\":\"PropertyValueSpecification\",\"valueRequired\":true,\"valueName\":\"search_term_string\"}}],\"inLanguage\":\"it-IT\"},{\"@type\":\"Person\",\"@id\":\"https:\/\/www.confagricoltura.org\/piacenza\/#\/schema\/person\/be5da25a3117fea4b3bfec9dba09b5e8\",\"name\":\"confagricolturapiacenza\",\"image\":{\"@type\":\"ImageObject\",\"inLanguage\":\"it-IT\",\"@id\":\"https:\/\/www.confagricoltura.org\/piacenza\/#\/schema\/person\/image\/\",\"url\":\"https:\/\/secure.gravatar.com\/avatar\/9c5f111e417171581853bd0a3ff892ca?s=96&d=mm&r=g\",\"contentUrl\":\"https:\/\/secure.gravatar.com\/avatar\/9c5f111e417171581853bd0a3ff892ca?s=96&d=mm&r=g\",\"caption\":\"confagricolturapiacenza\"},\"url\":\"https:\/\/www.confagricoltura.org\/piacenza\/author\/confagricolturapiacenza\/\"}]}<\/script>\n<!-- \/ Yoast SEO plugin. -->","yoast_head_json":{"title":"Gruppo di Confagricoltura Donna in visita al parco agrovoltaico di Zangrandi - Confagricoltura Piacenza","robots":{"index":"index","follow":"follow","max-snippet":"max-snippet:-1","max-image-preview":"max-image-preview:large","max-video-preview":"max-video-preview:-1"},"canonical":"https:\/\/www.confagricoltura.org\/piacenza\/gruppo-di-confagricoltura-donna-in-visita-al-parco-agrovoltaico-di-zangrandi\/","og_locale":"it_IT","og_type":"article","og_title":"Gruppo di Confagricoltura Donna in visita al parco agrovoltaico di Zangrandi - Confagricoltura Piacenza","og_description":"Confagricoltura sottolinea l\u2019importanza del ruolo delle imprenditrici. Il 15 ottobre \u00e8 la giornata internazionale delle donne rurali","og_url":"https:\/\/www.confagricoltura.org\/piacenza\/gruppo-di-confagricoltura-donna-in-visita-al-parco-agrovoltaico-di-zangrandi\/","og_site_name":"Confagricoltura Piacenza","article_published_time":"2022-10-13T15:27:58+00:00","article_modified_time":"2022-10-13T15:27:59+00:00","og_image":[{"width":1929,"height":1518,"url":"https:\/\/www.confagricoltura.org\/piacenza\/wp-content\/uploads\/sites\/11\/2022\/10\/Confagricoltura-Donna-da-Zangrandi.jpg","type":"image\/jpeg"}],"author":"confagricolturapiacenza","twitter_card":"summary_large_image","twitter_misc":{"Scritto da":"confagricolturapiacenza","Tempo di lettura stimato":"3 minuti"},"schema":{"@context":"https:\/\/schema.org","@graph":[{"@type":"Article","@id":"https:\/\/www.confagricoltura.org\/piacenza\/gruppo-di-confagricoltura-donna-in-visita-al-parco-agrovoltaico-di-zangrandi\/#article","isPartOf":{"@id":"https:\/\/www.confagricoltura.org\/piacenza\/gruppo-di-confagricoltura-donna-in-visita-al-parco-agrovoltaico-di-zangrandi\/"},"author":{"name":"confagricolturapiacenza","@id":"https:\/\/www.confagricoltura.org\/piacenza\/#\/schema\/person\/be5da25a3117fea4b3bfec9dba09b5e8"},"headline":"Gruppo di Confagricoltura Donna in visita al parco agrovoltaico di Zangrandi","datePublished":"2022-10-13T15:27:58+00:00","dateModified":"2022-10-13T15:27:59+00:00","mainEntityOfPage":{"@id":"https:\/\/www.confagricoltura.org\/piacenza\/gruppo-di-confagricoltura-donna-in-visita-al-parco-agrovoltaico-di-zangrandi\/"},"wordCount":626,"image":{"@id":"https:\/\/www.confagricoltura.org\/piacenza\/gruppo-di-confagricoltura-donna-in-visita-al-parco-agrovoltaico-di-zangrandi\/#primaryimage"},"thumbnailUrl":"https:\/\/www.confagricoltura.org\/piacenza\/wp-content\/uploads\/sites\/11\/2022\/10\/Confagricoltura-Donna-da-Zangrandi.jpg","keywords":["confagricoltura donna"],"articleSection":["Eventi","News"],"inLanguage":"it-IT"},{"@type":"WebPage","@id":"https:\/\/www.confagricoltura.org\/piacenza\/gruppo-di-confagricoltura-donna-in-visita-al-parco-agrovoltaico-di-zangrandi\/","url":"https:\/\/www.confagricoltura.org\/piacenza\/gruppo-di-confagricoltura-donna-in-visita-al-parco-agrovoltaico-di-zangrandi\/","name":"Gruppo di Confagricoltura Donna in visita al parco agrovoltaico di Zangrandi - Confagricoltura Piacenza","isPartOf":{"@id":"https:\/\/www.confagricoltura.org\/piacenza\/#website"},"primaryImageOfPage":{"@id":"https:\/\/www.confagricoltura.org\/piacenza\/gruppo-di-confagricoltura-donna-in-visita-al-parco-agrovoltaico-di-zangrandi\/#primaryimage"},"image":{"@id":"https:\/\/www.confagricoltura.org\/piacenza\/gruppo-di-confagricoltura-donna-in-visita-al-parco-agrovoltaico-di-zangrandi\/#primaryimage"},"thumbnailUrl":"https:\/\/www.confagricoltura.org\/piacenza\/wp-content\/uploads\/sites\/11\/2022\/10\/Confagricoltura-Donna-da-Zangrandi.jpg","datePublished":"2022-10-13T15:27:58+00:00","dateModified":"2022-10-13T15:27:59+00:00","author":{"@id":"https:\/\/www.confagricoltura.org\/piacenza\/#\/schema\/person\/be5da25a3117fea4b3bfec9dba09b5e8"},"breadcrumb":{"@id":"https:\/\/www.confagricoltura.org\/piacenza\/gruppo-di-confagricoltura-donna-in-visita-al-parco-agrovoltaico-di-zangrandi\/#breadcrumb"},"inLanguage":"it-IT","potentialAction":[{"@type":"ReadAction","target":["https:\/\/www.confagricoltura.org\/piacenza\/gruppo-di-confagricoltura-donna-in-visita-al-parco-agrovoltaico-di-zangrandi\/"]}]},{"@type":"ImageObject","inLanguage":"it-IT","@id":"https:\/\/www.confagricoltura.org\/piacenza\/gruppo-di-confagricoltura-donna-in-visita-al-parco-agrovoltaico-di-zangrandi\/#primaryimage","url":"https:\/\/www.confagricoltura.org\/piacenza\/wp-content\/uploads\/sites\/11\/2022\/10\/Confagricoltura-Donna-da-Zangrandi.jpg","contentUrl":"https:\/\/www.confagricoltura.org\/piacenza\/wp-content\/uploads\/sites\/11\/2022\/10\/Confagricoltura-Donna-da-Zangrandi.jpg","width":1929,"height":1518},{"@type":"BreadcrumbList","@id":"https:\/\/www.confagricoltura.org\/piacenza\/gruppo-di-confagricoltura-donna-in-visita-al-parco-agrovoltaico-di-zangrandi\/#breadcrumb","itemListElement":[{"@type":"ListItem","position":1,"name":"Home","item":"https:\/\/www.confagricoltura.org\/piacenza\/"},{"@type":"ListItem","position":2,"name":"Gruppo di Confagricoltura Donna in visita al parco agrovoltaico di Zangrandi"}]},{"@type":"WebSite","@id":"https:\/\/www.confagricoltura.org\/piacenza\/#website","url":"https:\/\/www.confagricoltura.org\/piacenza\/","name":"Confagricoltura Piacenza","description":"Dalla parte degli Agricoltori","potentialAction":[{"@type":"SearchAction","target":{"@type":"EntryPoint","urlTemplate":"https:\/\/www.confagricoltura.org\/piacenza\/?s={search_term_string}"},"query-input":{"@type":"PropertyValueSpecification","valueRequired":true,"valueName":"search_term_string"}}],"inLanguage":"it-IT"},{"@type":"Person","@id":"https:\/\/www.confagricoltura.org\/piacenza\/#\/schema\/person\/be5da25a3117fea4b3bfec9dba09b5e8","name":"confagricolturapiacenza","image":{"@type":"ImageObject","inLanguage":"it-IT","@id":"https:\/\/www.confagricoltura.org\/piacenza\/#\/schema\/person\/image\/","url":"https:\/\/secure.gravatar.com\/avatar\/9c5f111e417171581853bd0a3ff892ca?s=96&d=mm&r=g","contentUrl":"https:\/\/secure.gravatar.com\/avatar\/9c5f111e417171581853bd0a3ff892ca?s=96&d=mm&r=g","caption":"confagricolturapiacenza"},"url":"https:\/\/www.confagricoltura.org\/piacenza\/author\/confagricolturapiacenza\/"}]}},"_links":{"self":[{"href":"https:\/\/www.confagricoltura.org\/piacenza\/wp-json\/wp\/v2\/posts\/3969","targetHints":{"allow":["GET"]}}],"collection":[{"href":"https:\/\/www.confagricoltura.org\/piacenza\/wp-json\/wp\/v2\/posts"}],"about":[{"href":"https:\/\/www.confagricoltura.org\/piacenza\/wp-json\/wp\/v2\/types\/post"}],"author":[{"embeddable":true,"href":"https:\/\/www.confagricoltura.org\/piacenza\/wp-json\/wp\/v2\/users\/6"}],"replies":[{"embeddable":true,"href":"https:\/\/www.confagricoltura.org\/piacenza\/wp-json\/wp\/v2\/comments?post=3969"}],"version-history":[{"count":1,"href":"https:\/\/www.confagricoltura.org\/piacenza\/wp-json\/wp\/v2\/posts\/3969\/revisions"}],"predecessor-version":[{"id":3971,"href":"https:\/\/www.confagricoltura.org\/piacenza\/wp-json\/wp\/v2\/posts\/3969\/revisions\/3971"}],"wp:featuredmedia":[{"embeddable":true,"href":"https:\/\/www.confagricoltura.org\/piacenza\/wp-json\/wp\/v2\/media\/3970"}],"wp:attachment":[{"href":"https:\/\/www.confagricoltura.org\/piacenza\/wp-json\/wp\/v2\/media?parent=3969"}],"wp:term":[{"taxonomy":"category","embeddable":true,"href":"https:\/\/www.confagricoltura.org\/piacenza\/wp-json\/wp\/v2\/categories?post=3969"},{"taxonomy":"post_tag","embeddable":true,"href":"https:\/\/www.confagricoltura.org\/piacenza\/wp-json\/wp\/v2\/tags?post=3969"}],"curies":[{"name":"wp","href":"https:\/\/api.w.org\/{rel}","templated":true}]}}