{"id":3926,"date":"2022-08-30T08:28:00","date_gmt":"2022-08-30T06:28:00","guid":{"rendered":"https:\/\/www.confagricoltura.org\/piacenza\/?p=3926"},"modified":"2022-08-31T08:31:01","modified_gmt":"2022-08-31T06:31:01","slug":"confagricoltura-piacenza-vendemmia-difficile-ma-luva-e-buona","status":"publish","type":"post","link":"https:\/\/www.confagricoltura.org\/piacenza\/confagricoltura-piacenza-vendemmia-difficile-ma-luva-e-buona\/","title":{"rendered":"Confagricoltura Piacenza: vendemmia difficile, ma l\u2019uva \u00e8 buona"},"content":{"rendered":"\n<p>Lo stacco dei primi grappoli di uve precoci per le basi spumante \u00e8 avvenuto intorno al 10 agosto, ma le stime attestavano gi\u00e0 a fine luglio un calo del raccolto dovuto alla siccit\u00e0, grandinate e alte temperature hanno poi reso pi\u00f9 invasive alcune fitopatie.<\/p>\n\n\n\n<p>\u201cA fine agosto, per la provincia di Piacenza &#8211; spiega Chiara Azzali, presidente della Sezione di Prodotto Vitivinicola di Confagricoltura Piacenza &#8211; sulla base dei dati elaborati in collaborazione con il Consorzio di Tutela Vini Doc Colli Piacentini, possiamo affermare che la vendemmia si presenta quantitativamente scarsa con una variazione in percentuale, rispetto all\u2019annata precedente, del 15% e con un calo del 7% rispetto alle ultime cinque annate vendemmiali. Al momento non sono per\u00f2 previste variazioni sulla destinazione del vino a Doc, Igt o generico, per cui si ritiene che circa l\u201980% del vino sar\u00e0 rivendicato Doc, con un calo dei volumi in termini assoluti, ma non in percentuale\u201d.<\/p>\n\n\n\n<p>In Emilia Romagna in generale la vendemmia sconta nel 2022 gli effetti delle elevate temperature nella fase di fioritura (in maggio), che hanno via via accelerato la proliferazione di fitopatie del grappolo difficilmente riscontrate in passato sulle uve da vino, alle quali si sono aggiunti gli attacchi di peronospora soprattutto nelle aree colpite dalle grandinate di fine giugno e inizio luglio. Lo stress idrico ha fatto esplodere patologie latenti ma letali per la pianta quali il mal dell\u2019esca (colpo apoplettico) e la flavescenza dorata: quest\u2019ultima in particolare non si era mai manifestata nel territorio con tale virulenza. La moria di viti induce i produttori a espiantare e ripiantare, il che significa un notevole aggravio di costi oltre alla perdita di produzione. \u201cAnche sul nostro territorio \u2013 prosegue Azzali &#8211; abbiamo registrato il problema della scarsit\u00e0 d\u2019acqua ma la vera sfida \u00e8 la recrudescenza della flavescenza dorata e del mal dell\u2019esca. Stiamo collaborando con il consorzio fitosanitario, che ringraziamo per il supporto, per monitorare e intervenire prontamente perch\u00e9 i la morte di alcune piante di vite \u00e8 pi\u00f9 sovente attribuibile alle patologie che non alla siccit\u00e0 anche se questa \u00e8 e resta un grosso problema\u201d.<\/p>\n\n\n\n<p>Il presidente dei viticoltori di Confagricoltura Emilia Romagna, Mirco Gianaroli, di fronte alle prime stime non aveva mancato di ribadire la necessit\u00e0 di \u201ccostruire bacini irrigui e investire in ricerca per arrivare a soluzioni alternative che possano offrire un sistema efficace di difesa delle produzioni vitivinicole da parassiti e malattie\u201d.&nbsp; Il presidente di Confagricoltura Emilia Romagna, Marcello Bonvicini si era rivolto a chi diverr\u00e0 parlamentare con le prossime elezioni: \u201cNon si coltiva pi\u00f9 senza adeguate reti idriche e senza invasi di stoccaggio nelle aree pi\u00f9 fragili; \u00e8 praticamente impossibile produrre se di fronte al proliferare di nuovi e sempre pi\u00f9 aggressivi patogeni, l\u2019Ue continua a chiedere agli agricoltori di ridurre l\u2019utilizzo delle (poche) molecole a disposizione per contrastare tali minacce\u201d.&nbsp; Anche le tendenze previsionali elaborate a fine agosto dal Crea evidenziano come alte temperature e in particolare siccit\u00e0 abbiano caratterizzato in generale la primavera e l\u2019estate italiana con condizioni metereologiche che mai come quest\u2019anno sono state cos\u00ec avverse ed ostiche. Da anni la ricerca, in sinergia col mondo produttivo, ha sviluppato strategie di mitigazione e adattamento ai cambiamenti climatici permettendo al settore di fare fronte anche a estati come questa.&nbsp; \u201cMolto lavoro \u00e8 stato fatto e sicuramente abbiamo ancora margini importanti&nbsp; di miglioramento \u2013 ha affermato Riccardo Velasco, direttore Crea Viticoltura ed Enologia \u2013 basti pensare alle nuove variet\u00e0 resistenti agli stress che il CREA ha gi\u00e0 selezionato, grazie alle Tecniche di Evoluzione Assistita, e che aspettano di essere sperimentate, ma se ad oggi possiamo considerare salva la vendemmia 2022 molto lo dobbiamo al lavoro straordinario dei nostri viticoltori che hanno saputo gestire sapientemente le bizzarrie di questo clima inconsueto, sfruttando le innovazioni della ricerca e adeguando di conseguenza concimazioni, irrigazioni e trattamenti\u201d. A livello nazionale l\u2019annata si presenta buona. Il 2022 non sar\u00e0 ricordato come un\u2019annata abbondante, per la qualit\u00e0 invece, le uve hanno un contenuto di zuccheri e sostanze coloranti superiori alla norma, mentre viene costantemente monitorata l\u2019acidit\u00e0 per cogliere l\u2019ideale momento di raccolta. L\u2019anticipo rispetto al 2021 \u00e8 importante e variabile da circa 7 giorni a 20, a seconda delle diverse aree viticole.&nbsp; Nelle aree collinari il protrarsi dell\u2019assenza di piogge ha provocato l\u2019arresto della maturazione bloccando lo sviluppo della bacca. Nelle vigne di pianura, per via della scarsa allegagione, gli acini si sono presentati radi.<\/p>\n\n\n\n<p>\u201dIn conclusione \u2013 ha commentato Stefano Vaccari, direttore generale CREA &#8211; annata complessa, meno produttiva del 2021, ma sicuramente non drammatica e per molti versi di grande interesse enologico\u201d. \u201cA livello provinciale &#8211; precisa Azzali &#8211; le grandinate e il maltempo di fine luglio hanno ulteriormente peggiorato lo scenario. Sino ad allora non si registravano particolari patologie, mentre un po\u2019 ovunque la siccit\u00e0 aveva creato qualche problema. Purtroppo alcuni vigneti hanno visto la produttivit\u00e0 compromessa dalle grandinate, ad essere colpita \u00e8 stata soprattutto la Val Tidone. I danni sono stati enormi, al punto che in alcuni vigneti non si \u00e8 neppure vendemmiato. In generale i vitivinicoltori sono stati in grado gestire i problemi emergenti grazie al know-how e all\u2019esperienza, garantendo cos\u00ec un prodotto di ottima qualit\u00e0, anche se, come si diceva, si stima in quantitativi inferiori\u201d. &nbsp;&nbsp;&nbsp;&nbsp;&nbsp;&nbsp;&nbsp;&nbsp;<\/p>\n","protected":false},"excerpt":{"rendered":"<p>Azzali: determinante la grande professionalit\u00e0 degli operatori<\/p>\n","protected":false},"author":6,"featured_media":3927,"comment_status":"closed","ping_status":"closed","sticky":false,"template":"","format":"standard","meta":{"wp_mapbox_gl_js_media":[],"footnotes":""},"categories":[4,16],"tags":[233],"class_list":["post-3926","post","type-post","status-publish","format-standard","has-post-thumbnail","hentry","category-news","category-settore-vitivinicolo","tag-vendemmia"],"yoast_head":"<!-- This site is optimized with the Yoast SEO plugin v26.8 - https:\/\/yoast.com\/product\/yoast-seo-wordpress\/ -->\n<title>Confagricoltura Piacenza: vendemmia difficile, ma l\u2019uva \u00e8 buona - Confagricoltura Piacenza<\/title>\n<meta name=\"robots\" content=\"index, follow, max-snippet:-1, max-image-preview:large, max-video-preview:-1\" \/>\n<link rel=\"canonical\" href=\"https:\/\/www.confagricoltura.org\/piacenza\/confagricoltura-piacenza-vendemmia-difficile-ma-luva-e-buona\/\" \/>\n<meta property=\"og:locale\" content=\"it_IT\" \/>\n<meta property=\"og:type\" content=\"article\" \/>\n<meta property=\"og:title\" content=\"Confagricoltura Piacenza: vendemmia difficile, ma l\u2019uva \u00e8 buona - Confagricoltura Piacenza\" \/>\n<meta property=\"og:description\" content=\"Azzali: determinante la grande professionalit\u00e0 degli operatori\" \/>\n<meta property=\"og:url\" content=\"https:\/\/www.confagricoltura.org\/piacenza\/confagricoltura-piacenza-vendemmia-difficile-ma-luva-e-buona\/\" \/>\n<meta property=\"og:site_name\" content=\"Confagricoltura Piacenza\" \/>\n<meta property=\"article:published_time\" content=\"2022-08-30T06:28:00+00:00\" \/>\n<meta property=\"article:modified_time\" content=\"2022-08-31T06:31:01+00:00\" \/>\n<meta property=\"og:image\" content=\"https:\/\/www.confagricoltura.org\/piacenza\/wp-content\/uploads\/sites\/11\/2022\/08\/1-Chiara-Azzali-scaled.jpg\" \/>\n\t<meta property=\"og:image:width\" content=\"2560\" \/>\n\t<meta property=\"og:image:height\" content=\"2017\" \/>\n\t<meta property=\"og:image:type\" content=\"image\/jpeg\" \/>\n<meta name=\"author\" content=\"confagricolturapiacenza\" \/>\n<meta name=\"twitter:card\" content=\"summary_large_image\" \/>\n<meta name=\"twitter:label1\" content=\"Scritto da\" \/>\n\t<meta name=\"twitter:data1\" content=\"confagricolturapiacenza\" \/>\n\t<meta name=\"twitter:label2\" content=\"Tempo di lettura stimato\" \/>\n\t<meta name=\"twitter:data2\" content=\"4 minuti\" \/>\n<script type=\"application\/ld+json\" class=\"yoast-schema-graph\">{\"@context\":\"https:\/\/schema.org\",\"@graph\":[{\"@type\":\"Article\",\"@id\":\"https:\/\/www.confagricoltura.org\/piacenza\/confagricoltura-piacenza-vendemmia-difficile-ma-luva-e-buona\/#article\",\"isPartOf\":{\"@id\":\"https:\/\/www.confagricoltura.org\/piacenza\/confagricoltura-piacenza-vendemmia-difficile-ma-luva-e-buona\/\"},\"author\":{\"name\":\"confagricolturapiacenza\",\"@id\":\"https:\/\/www.confagricoltura.org\/piacenza\/#\/schema\/person\/be5da25a3117fea4b3bfec9dba09b5e8\"},\"headline\":\"Confagricoltura Piacenza: vendemmia difficile, ma l\u2019uva \u00e8 buona\",\"datePublished\":\"2022-08-30T06:28:00+00:00\",\"dateModified\":\"2022-08-31T06:31:01+00:00\",\"mainEntityOfPage\":{\"@id\":\"https:\/\/www.confagricoltura.org\/piacenza\/confagricoltura-piacenza-vendemmia-difficile-ma-luva-e-buona\/\"},\"wordCount\":877,\"image\":{\"@id\":\"https:\/\/www.confagricoltura.org\/piacenza\/confagricoltura-piacenza-vendemmia-difficile-ma-luva-e-buona\/#primaryimage\"},\"thumbnailUrl\":\"https:\/\/www.confagricoltura.org\/piacenza\/wp-content\/uploads\/sites\/11\/2022\/08\/1-Chiara-Azzali-scaled.jpg\",\"keywords\":[\"vendemmia\"],\"articleSection\":[\"News\",\"Settore vitivinicolo\"],\"inLanguage\":\"it-IT\"},{\"@type\":\"WebPage\",\"@id\":\"https:\/\/www.confagricoltura.org\/piacenza\/confagricoltura-piacenza-vendemmia-difficile-ma-luva-e-buona\/\",\"url\":\"https:\/\/www.confagricoltura.org\/piacenza\/confagricoltura-piacenza-vendemmia-difficile-ma-luva-e-buona\/\",\"name\":\"Confagricoltura Piacenza: vendemmia difficile, ma l\u2019uva \u00e8 buona - Confagricoltura Piacenza\",\"isPartOf\":{\"@id\":\"https:\/\/www.confagricoltura.org\/piacenza\/#website\"},\"primaryImageOfPage\":{\"@id\":\"https:\/\/www.confagricoltura.org\/piacenza\/confagricoltura-piacenza-vendemmia-difficile-ma-luva-e-buona\/#primaryimage\"},\"image\":{\"@id\":\"https:\/\/www.confagricoltura.org\/piacenza\/confagricoltura-piacenza-vendemmia-difficile-ma-luva-e-buona\/#primaryimage\"},\"thumbnailUrl\":\"https:\/\/www.confagricoltura.org\/piacenza\/wp-content\/uploads\/sites\/11\/2022\/08\/1-Chiara-Azzali-scaled.jpg\",\"datePublished\":\"2022-08-30T06:28:00+00:00\",\"dateModified\":\"2022-08-31T06:31:01+00:00\",\"author\":{\"@id\":\"https:\/\/www.confagricoltura.org\/piacenza\/#\/schema\/person\/be5da25a3117fea4b3bfec9dba09b5e8\"},\"breadcrumb\":{\"@id\":\"https:\/\/www.confagricoltura.org\/piacenza\/confagricoltura-piacenza-vendemmia-difficile-ma-luva-e-buona\/#breadcrumb\"},\"inLanguage\":\"it-IT\",\"potentialAction\":[{\"@type\":\"ReadAction\",\"target\":[\"https:\/\/www.confagricoltura.org\/piacenza\/confagricoltura-piacenza-vendemmia-difficile-ma-luva-e-buona\/\"]}]},{\"@type\":\"ImageObject\",\"inLanguage\":\"it-IT\",\"@id\":\"https:\/\/www.confagricoltura.org\/piacenza\/confagricoltura-piacenza-vendemmia-difficile-ma-luva-e-buona\/#primaryimage\",\"url\":\"https:\/\/www.confagricoltura.org\/piacenza\/wp-content\/uploads\/sites\/11\/2022\/08\/1-Chiara-Azzali-scaled.jpg\",\"contentUrl\":\"https:\/\/www.confagricoltura.org\/piacenza\/wp-content\/uploads\/sites\/11\/2022\/08\/1-Chiara-Azzali-scaled.jpg\",\"width\":2560,\"height\":2017},{\"@type\":\"BreadcrumbList\",\"@id\":\"https:\/\/www.confagricoltura.org\/piacenza\/confagricoltura-piacenza-vendemmia-difficile-ma-luva-e-buona\/#breadcrumb\",\"itemListElement\":[{\"@type\":\"ListItem\",\"position\":1,\"name\":\"Home\",\"item\":\"https:\/\/www.confagricoltura.org\/piacenza\/\"},{\"@type\":\"ListItem\",\"position\":2,\"name\":\"Confagricoltura Piacenza: vendemmia difficile, ma l\u2019uva \u00e8 buona\"}]},{\"@type\":\"WebSite\",\"@id\":\"https:\/\/www.confagricoltura.org\/piacenza\/#website\",\"url\":\"https:\/\/www.confagricoltura.org\/piacenza\/\",\"name\":\"Confagricoltura Piacenza\",\"description\":\"Dalla parte degli Agricoltori\",\"potentialAction\":[{\"@type\":\"SearchAction\",\"target\":{\"@type\":\"EntryPoint\",\"urlTemplate\":\"https:\/\/www.confagricoltura.org\/piacenza\/?s={search_term_string}\"},\"query-input\":{\"@type\":\"PropertyValueSpecification\",\"valueRequired\":true,\"valueName\":\"search_term_string\"}}],\"inLanguage\":\"it-IT\"},{\"@type\":\"Person\",\"@id\":\"https:\/\/www.confagricoltura.org\/piacenza\/#\/schema\/person\/be5da25a3117fea4b3bfec9dba09b5e8\",\"name\":\"confagricolturapiacenza\",\"image\":{\"@type\":\"ImageObject\",\"inLanguage\":\"it-IT\",\"@id\":\"https:\/\/www.confagricoltura.org\/piacenza\/#\/schema\/person\/image\/\",\"url\":\"https:\/\/secure.gravatar.com\/avatar\/9c5f111e417171581853bd0a3ff892ca?s=96&d=mm&r=g\",\"contentUrl\":\"https:\/\/secure.gravatar.com\/avatar\/9c5f111e417171581853bd0a3ff892ca?s=96&d=mm&r=g\",\"caption\":\"confagricolturapiacenza\"},\"url\":\"https:\/\/www.confagricoltura.org\/piacenza\/author\/confagricolturapiacenza\/\"}]}<\/script>\n<!-- \/ Yoast SEO plugin. -->","yoast_head_json":{"title":"Confagricoltura Piacenza: vendemmia difficile, ma l\u2019uva \u00e8 buona - Confagricoltura Piacenza","robots":{"index":"index","follow":"follow","max-snippet":"max-snippet:-1","max-image-preview":"max-image-preview:large","max-video-preview":"max-video-preview:-1"},"canonical":"https:\/\/www.confagricoltura.org\/piacenza\/confagricoltura-piacenza-vendemmia-difficile-ma-luva-e-buona\/","og_locale":"it_IT","og_type":"article","og_title":"Confagricoltura Piacenza: vendemmia difficile, ma l\u2019uva \u00e8 buona - Confagricoltura Piacenza","og_description":"Azzali: determinante la grande professionalit\u00e0 degli operatori","og_url":"https:\/\/www.confagricoltura.org\/piacenza\/confagricoltura-piacenza-vendemmia-difficile-ma-luva-e-buona\/","og_site_name":"Confagricoltura Piacenza","article_published_time":"2022-08-30T06:28:00+00:00","article_modified_time":"2022-08-31T06:31:01+00:00","og_image":[{"width":2560,"height":2017,"url":"https:\/\/www.confagricoltura.org\/piacenza\/wp-content\/uploads\/sites\/11\/2022\/08\/1-Chiara-Azzali-scaled.jpg","type":"image\/jpeg"}],"author":"confagricolturapiacenza","twitter_card":"summary_large_image","twitter_misc":{"Scritto da":"confagricolturapiacenza","Tempo di lettura stimato":"4 minuti"},"schema":{"@context":"https:\/\/schema.org","@graph":[{"@type":"Article","@id":"https:\/\/www.confagricoltura.org\/piacenza\/confagricoltura-piacenza-vendemmia-difficile-ma-luva-e-buona\/#article","isPartOf":{"@id":"https:\/\/www.confagricoltura.org\/piacenza\/confagricoltura-piacenza-vendemmia-difficile-ma-luva-e-buona\/"},"author":{"name":"confagricolturapiacenza","@id":"https:\/\/www.confagricoltura.org\/piacenza\/#\/schema\/person\/be5da25a3117fea4b3bfec9dba09b5e8"},"headline":"Confagricoltura Piacenza: vendemmia difficile, ma l\u2019uva \u00e8 buona","datePublished":"2022-08-30T06:28:00+00:00","dateModified":"2022-08-31T06:31:01+00:00","mainEntityOfPage":{"@id":"https:\/\/www.confagricoltura.org\/piacenza\/confagricoltura-piacenza-vendemmia-difficile-ma-luva-e-buona\/"},"wordCount":877,"image":{"@id":"https:\/\/www.confagricoltura.org\/piacenza\/confagricoltura-piacenza-vendemmia-difficile-ma-luva-e-buona\/#primaryimage"},"thumbnailUrl":"https:\/\/www.confagricoltura.org\/piacenza\/wp-content\/uploads\/sites\/11\/2022\/08\/1-Chiara-Azzali-scaled.jpg","keywords":["vendemmia"],"articleSection":["News","Settore vitivinicolo"],"inLanguage":"it-IT"},{"@type":"WebPage","@id":"https:\/\/www.confagricoltura.org\/piacenza\/confagricoltura-piacenza-vendemmia-difficile-ma-luva-e-buona\/","url":"https:\/\/www.confagricoltura.org\/piacenza\/confagricoltura-piacenza-vendemmia-difficile-ma-luva-e-buona\/","name":"Confagricoltura Piacenza: vendemmia difficile, ma l\u2019uva \u00e8 buona - Confagricoltura Piacenza","isPartOf":{"@id":"https:\/\/www.confagricoltura.org\/piacenza\/#website"},"primaryImageOfPage":{"@id":"https:\/\/www.confagricoltura.org\/piacenza\/confagricoltura-piacenza-vendemmia-difficile-ma-luva-e-buona\/#primaryimage"},"image":{"@id":"https:\/\/www.confagricoltura.org\/piacenza\/confagricoltura-piacenza-vendemmia-difficile-ma-luva-e-buona\/#primaryimage"},"thumbnailUrl":"https:\/\/www.confagricoltura.org\/piacenza\/wp-content\/uploads\/sites\/11\/2022\/08\/1-Chiara-Azzali-scaled.jpg","datePublished":"2022-08-30T06:28:00+00:00","dateModified":"2022-08-31T06:31:01+00:00","author":{"@id":"https:\/\/www.confagricoltura.org\/piacenza\/#\/schema\/person\/be5da25a3117fea4b3bfec9dba09b5e8"},"breadcrumb":{"@id":"https:\/\/www.confagricoltura.org\/piacenza\/confagricoltura-piacenza-vendemmia-difficile-ma-luva-e-buona\/#breadcrumb"},"inLanguage":"it-IT","potentialAction":[{"@type":"ReadAction","target":["https:\/\/www.confagricoltura.org\/piacenza\/confagricoltura-piacenza-vendemmia-difficile-ma-luva-e-buona\/"]}]},{"@type":"ImageObject","inLanguage":"it-IT","@id":"https:\/\/www.confagricoltura.org\/piacenza\/confagricoltura-piacenza-vendemmia-difficile-ma-luva-e-buona\/#primaryimage","url":"https:\/\/www.confagricoltura.org\/piacenza\/wp-content\/uploads\/sites\/11\/2022\/08\/1-Chiara-Azzali-scaled.jpg","contentUrl":"https:\/\/www.confagricoltura.org\/piacenza\/wp-content\/uploads\/sites\/11\/2022\/08\/1-Chiara-Azzali-scaled.jpg","width":2560,"height":2017},{"@type":"BreadcrumbList","@id":"https:\/\/www.confagricoltura.org\/piacenza\/confagricoltura-piacenza-vendemmia-difficile-ma-luva-e-buona\/#breadcrumb","itemListElement":[{"@type":"ListItem","position":1,"name":"Home","item":"https:\/\/www.confagricoltura.org\/piacenza\/"},{"@type":"ListItem","position":2,"name":"Confagricoltura Piacenza: vendemmia difficile, ma l\u2019uva \u00e8 buona"}]},{"@type":"WebSite","@id":"https:\/\/www.confagricoltura.org\/piacenza\/#website","url":"https:\/\/www.confagricoltura.org\/piacenza\/","name":"Confagricoltura Piacenza","description":"Dalla parte degli Agricoltori","potentialAction":[{"@type":"SearchAction","target":{"@type":"EntryPoint","urlTemplate":"https:\/\/www.confagricoltura.org\/piacenza\/?s={search_term_string}"},"query-input":{"@type":"PropertyValueSpecification","valueRequired":true,"valueName":"search_term_string"}}],"inLanguage":"it-IT"},{"@type":"Person","@id":"https:\/\/www.confagricoltura.org\/piacenza\/#\/schema\/person\/be5da25a3117fea4b3bfec9dba09b5e8","name":"confagricolturapiacenza","image":{"@type":"ImageObject","inLanguage":"it-IT","@id":"https:\/\/www.confagricoltura.org\/piacenza\/#\/schema\/person\/image\/","url":"https:\/\/secure.gravatar.com\/avatar\/9c5f111e417171581853bd0a3ff892ca?s=96&d=mm&r=g","contentUrl":"https:\/\/secure.gravatar.com\/avatar\/9c5f111e417171581853bd0a3ff892ca?s=96&d=mm&r=g","caption":"confagricolturapiacenza"},"url":"https:\/\/www.confagricoltura.org\/piacenza\/author\/confagricolturapiacenza\/"}]}},"_links":{"self":[{"href":"https:\/\/www.confagricoltura.org\/piacenza\/wp-json\/wp\/v2\/posts\/3926","targetHints":{"allow":["GET"]}}],"collection":[{"href":"https:\/\/www.confagricoltura.org\/piacenza\/wp-json\/wp\/v2\/posts"}],"about":[{"href":"https:\/\/www.confagricoltura.org\/piacenza\/wp-json\/wp\/v2\/types\/post"}],"author":[{"embeddable":true,"href":"https:\/\/www.confagricoltura.org\/piacenza\/wp-json\/wp\/v2\/users\/6"}],"replies":[{"embeddable":true,"href":"https:\/\/www.confagricoltura.org\/piacenza\/wp-json\/wp\/v2\/comments?post=3926"}],"version-history":[{"count":1,"href":"https:\/\/www.confagricoltura.org\/piacenza\/wp-json\/wp\/v2\/posts\/3926\/revisions"}],"predecessor-version":[{"id":3928,"href":"https:\/\/www.confagricoltura.org\/piacenza\/wp-json\/wp\/v2\/posts\/3926\/revisions\/3928"}],"wp:featuredmedia":[{"embeddable":true,"href":"https:\/\/www.confagricoltura.org\/piacenza\/wp-json\/wp\/v2\/media\/3927"}],"wp:attachment":[{"href":"https:\/\/www.confagricoltura.org\/piacenza\/wp-json\/wp\/v2\/media?parent=3926"}],"wp:term":[{"taxonomy":"category","embeddable":true,"href":"https:\/\/www.confagricoltura.org\/piacenza\/wp-json\/wp\/v2\/categories?post=3926"},{"taxonomy":"post_tag","embeddable":true,"href":"https:\/\/www.confagricoltura.org\/piacenza\/wp-json\/wp\/v2\/tags?post=3926"}],"curies":[{"name":"wp","href":"https:\/\/api.w.org\/{rel}","templated":true}]}}