{"id":3910,"date":"2022-08-05T09:24:00","date_gmt":"2022-08-05T07:24:00","guid":{"rendered":"https:\/\/www.confagricoltura.org\/piacenza\/?p=3910"},"modified":"2022-08-24T09:29:30","modified_gmt":"2022-08-24T07:29:30","slug":"enoturismo-sempre-piu-imprese-interessate","status":"publish","type":"post","link":"https:\/\/www.confagricoltura.org\/piacenza\/enoturismo-sempre-piu-imprese-interessate\/","title":{"rendered":"Enoturismo: sempre pi\u00f9 imprese interessate"},"content":{"rendered":"\n<p>Simone Civardi dell\u2019azienda Civardi Oreste e Daniele di Ziano associata a Confagricoltura Piacenza nelle scorse settimane ha terminato il percorso formativo previsto per poter esercitare l\u2019attivit\u00e0 enoturistica in linea con tutti i crismi della normativa regionale che prevedono una serie di requisiti, sia per le strutture dell\u2019azienda dedicate all\u2019attivit\u00e0, sia per le competenze necessarie in capo agli operatori.<\/p>\n\n\n\n<p>C\u2019\u00e8 interesse da parte delle aziende vitivinicole di Confagricoltura Piacenza nei confronti delle attivit\u00e0 enoturistiche che consentono l\u2019ampliamento della clientela attraverso l\u2019offerta di percorsi di degustazione dei vini, di condivisione della conoscenza dei procedimenti produttivi e anche della storia dell\u2019azienda. Le imprese possono organizzare una serie di iniziative che prevedono in abbinamento ai vini dell\u2019azienda anche alcuni cibi che devono per\u00f2 rispettare tutta una serie di paletti. Le attivit\u00e0 promozionali e di degustazione nelle aziende vitivinicole sono da tempo una realt\u00e0, ma c\u2019era l\u2019esigenza di riconoscere, normare e potenziare tutta una serie di attivit\u00e0. Ora l\u2019azienda riconosciuta come \u201cenoturistica\u201d pu\u00f2 operare anche con un certo ritorno di visibilit\u00e0. La normativa regionale prevede cartellonistica e sito aziendale con dicitura. In associazione diverse aziende si stanno muovendo in questa direzione e l\u2019azienda Civardi \u00e8 tra le prime ad aver completato il percorso, anche formalmente. L\u2019enoturismo \u00e8 stato introdotto nel nostro ordinamento con la Legge di Bilancio per il 2018, Legge n. 205 del 29\/12\/2017, commi dal 502 al 505, che istituendolo ne ha introdotto l\u2019attivit\u00e0. \u00c8 poi seguito \u2013 spiega Confagricoltura Piacenza &#8211; un decreto del Ministero delle Politiche agricole alimentari forestali e del turismo del 12 marzo 2019&nbsp; che ha dettato le linee guida e gli indirizzi in merito ai requisiti e agli standard minimi di qualit\u00e0 per l&#8217;esercizio dell&#8217;attivit\u00e0 enoturistica; a novembre dello stesso anno una delibera di giunta della Regione Emilia Romagna&nbsp; ha recepito le linee guida, poi rese attuative con la Determina n. 1229 del 24 gennaio 2020&nbsp; in cui sono definiti anche i&nbsp; contenuti, i dettagli tecnici informativi e il modello di segnalazione certificata di inizio attivit\u00e0 per l&#8217;attivit\u00e0 enoturistica. L\u2019enoturismo \u2013 chiarisce l\u2019associazione degli imprenditori agricoli &#8211; \u00e8 comunque un\u2019attivit\u00e0 collaterale nell\u2019ambito della multifunzionalit\u00e0 dell\u2019azienda agricola, ma non va confuso con l\u2019agriturismo o con la somministrazione di cibi. Chi esercita attivit\u00e0 enoturistica deve possedere almeno uno dei seguenti requisiti: un titolo di studio attintene l\u2019attivit\u00e0, aver gi\u00e0 svolto il corso di operatore agrituristico, essere sommelier, avere esperienza pregressa almeno triennale in azienda vitivinicola oppure, e veniamo al caso del giovane Simone, aver completato il percorso per operatore enoturistico.<\/p>\n\n\n\n<p>\u201c\u00c8 stato tanto impegnativo quanto soddisfacente \u2013 commenta Simone che ha un diploma di perito industriale e che quindi necessitava del percorso formativo specifico.&nbsp; Nell\u2019impresa Simone lavora con il fratello Edoardo e il pap\u00e0 Daniele, subentrato a suo volta al padre Oreste &#8211; ne seguir\u00f2 certamente altri, magari pi\u00f9 settoriali per poter ampliare le competenze relative a specifiche attivit\u00e0 da proporre cos\u00ec da differenziare le iniziative\u201d.<\/p>\n\n\n\n<p>\u201cLa nostra \u00e8 un\u2019azienda di tradizioni antiche che ha saputo tramandare nel corso degli anni la passione per la vite e i suoi frutti \u2013 spiega Edoardo Civardi, che in azienda segue la cantina ed \u00e8 enologo &#8211; le generazioni che si sono succedute hanno fatto tesoro del lavoro e dei metodi di un tempo per produrre pregiati vini DOC Colli Piacentini. I nostri vigneti sono principalmente di uve Barbera, Bonarda (Croatina), Cabernet, Chardonnay, Malvasia, Ortrugo e Syrah. La loro vicinanza con la nostra cantina fa s\u00ec che il viaggio per trasportare l\u2019uva appena raccolta sia molto breve. La lavorazione sul prodotto fresco garantisce un risultato di maggiore qualit\u00e0. L\u2019uva viene ancora raccolta a mano come una volta, ma in cantina tutta la lavorazione dell\u2019uva viene svolta mediante apparecchiature specializzate. L\u2019impiego dell\u2019ormai indispensabile moderna tecnologia garantisce sicurezza, igiene e praticit\u00e0. Quindi tradizione s\u00ec, ma anche innovazione e competenza e, come appena accennato, anche formazione\u201d. \u201cLa nostra azienda si trova sulle colline di Semin\u00f2, a meno di un\u2019ora di strada da Milano e dalle principali citt\u00e0 lombarde (Brescia, Pavia, Lodi, Cremona e Voghera) \u2013 gli fa eco Simone \u2013 puntare sull\u2019attivit\u00e0 enoturistica ci \u00e8 sembrato naturale per valorizzare ulteriormente i nostri vini\u201d.<\/p>\n","protected":false},"excerpt":{"rendered":"<p>L\u2019azienda Civardi Oreste e Daniele, associata a Confagricoltura, tra le prime a terminare il percorso formale.<\/p>\n","protected":false},"author":6,"featured_media":3911,"comment_status":"closed","ping_status":"closed","sticky":false,"template":"","format":"standard","meta":{"wp_mapbox_gl_js_media":[],"footnotes":""},"categories":[4,16],"tags":[396],"class_list":["post-3910","post","type-post","status-publish","format-standard","has-post-thumbnail","hentry","category-news","category-settore-vitivinicolo","tag-enoturismo"],"yoast_head":"<!-- This site is optimized with the Yoast SEO plugin v26.8 - https:\/\/yoast.com\/product\/yoast-seo-wordpress\/ -->\n<title>Enoturismo: sempre pi\u00f9 imprese interessate - Confagricoltura Piacenza<\/title>\n<meta name=\"robots\" content=\"index, follow, max-snippet:-1, max-image-preview:large, max-video-preview:-1\" \/>\n<link rel=\"canonical\" href=\"https:\/\/www.confagricoltura.org\/piacenza\/enoturismo-sempre-piu-imprese-interessate\/\" \/>\n<meta property=\"og:locale\" content=\"it_IT\" \/>\n<meta property=\"og:type\" content=\"article\" \/>\n<meta property=\"og:title\" content=\"Enoturismo: sempre pi\u00f9 imprese interessate - Confagricoltura Piacenza\" \/>\n<meta property=\"og:description\" content=\"L\u2019azienda Civardi Oreste e Daniele, associata a Confagricoltura, tra le prime a terminare il percorso formale.\" \/>\n<meta property=\"og:url\" content=\"https:\/\/www.confagricoltura.org\/piacenza\/enoturismo-sempre-piu-imprese-interessate\/\" \/>\n<meta property=\"og:site_name\" content=\"Confagricoltura Piacenza\" \/>\n<meta property=\"article:published_time\" content=\"2022-08-05T07:24:00+00:00\" \/>\n<meta property=\"article:modified_time\" content=\"2022-08-24T07:29:30+00:00\" \/>\n<meta property=\"og:image\" content=\"https:\/\/www.confagricoltura.org\/piacenza\/wp-content\/uploads\/sites\/11\/2022\/08\/Edoardo-Simone-e-Daniele.jpg\" \/>\n\t<meta property=\"og:image:width\" content=\"1641\" \/>\n\t<meta property=\"og:image:height\" content=\"900\" \/>\n\t<meta property=\"og:image:type\" content=\"image\/jpeg\" \/>\n<meta name=\"author\" content=\"confagricolturapiacenza\" \/>\n<meta name=\"twitter:card\" content=\"summary_large_image\" \/>\n<meta name=\"twitter:label1\" content=\"Scritto da\" \/>\n\t<meta name=\"twitter:data1\" content=\"confagricolturapiacenza\" \/>\n\t<meta name=\"twitter:label2\" content=\"Tempo di lettura stimato\" \/>\n\t<meta name=\"twitter:data2\" content=\"3 minuti\" \/>\n<script type=\"application\/ld+json\" class=\"yoast-schema-graph\">{\"@context\":\"https:\/\/schema.org\",\"@graph\":[{\"@type\":\"Article\",\"@id\":\"https:\/\/www.confagricoltura.org\/piacenza\/enoturismo-sempre-piu-imprese-interessate\/#article\",\"isPartOf\":{\"@id\":\"https:\/\/www.confagricoltura.org\/piacenza\/enoturismo-sempre-piu-imprese-interessate\/\"},\"author\":{\"name\":\"confagricolturapiacenza\",\"@id\":\"https:\/\/www.confagricoltura.org\/piacenza\/#\/schema\/person\/be5da25a3117fea4b3bfec9dba09b5e8\"},\"headline\":\"Enoturismo: sempre pi\u00f9 imprese interessate\",\"datePublished\":\"2022-08-05T07:24:00+00:00\",\"dateModified\":\"2022-08-24T07:29:30+00:00\",\"mainEntityOfPage\":{\"@id\":\"https:\/\/www.confagricoltura.org\/piacenza\/enoturismo-sempre-piu-imprese-interessate\/\"},\"wordCount\":696,\"image\":{\"@id\":\"https:\/\/www.confagricoltura.org\/piacenza\/enoturismo-sempre-piu-imprese-interessate\/#primaryimage\"},\"thumbnailUrl\":\"https:\/\/www.confagricoltura.org\/piacenza\/wp-content\/uploads\/sites\/11\/2022\/08\/Edoardo-Simone-e-Daniele.jpg\",\"keywords\":[\"enoturismo\"],\"articleSection\":[\"News\",\"Settore vitivinicolo\"],\"inLanguage\":\"it-IT\"},{\"@type\":\"WebPage\",\"@id\":\"https:\/\/www.confagricoltura.org\/piacenza\/enoturismo-sempre-piu-imprese-interessate\/\",\"url\":\"https:\/\/www.confagricoltura.org\/piacenza\/enoturismo-sempre-piu-imprese-interessate\/\",\"name\":\"Enoturismo: sempre pi\u00f9 imprese interessate - Confagricoltura Piacenza\",\"isPartOf\":{\"@id\":\"https:\/\/www.confagricoltura.org\/piacenza\/#website\"},\"primaryImageOfPage\":{\"@id\":\"https:\/\/www.confagricoltura.org\/piacenza\/enoturismo-sempre-piu-imprese-interessate\/#primaryimage\"},\"image\":{\"@id\":\"https:\/\/www.confagricoltura.org\/piacenza\/enoturismo-sempre-piu-imprese-interessate\/#primaryimage\"},\"thumbnailUrl\":\"https:\/\/www.confagricoltura.org\/piacenza\/wp-content\/uploads\/sites\/11\/2022\/08\/Edoardo-Simone-e-Daniele.jpg\",\"datePublished\":\"2022-08-05T07:24:00+00:00\",\"dateModified\":\"2022-08-24T07:29:30+00:00\",\"author\":{\"@id\":\"https:\/\/www.confagricoltura.org\/piacenza\/#\/schema\/person\/be5da25a3117fea4b3bfec9dba09b5e8\"},\"breadcrumb\":{\"@id\":\"https:\/\/www.confagricoltura.org\/piacenza\/enoturismo-sempre-piu-imprese-interessate\/#breadcrumb\"},\"inLanguage\":\"it-IT\",\"potentialAction\":[{\"@type\":\"ReadAction\",\"target\":[\"https:\/\/www.confagricoltura.org\/piacenza\/enoturismo-sempre-piu-imprese-interessate\/\"]}]},{\"@type\":\"ImageObject\",\"inLanguage\":\"it-IT\",\"@id\":\"https:\/\/www.confagricoltura.org\/piacenza\/enoturismo-sempre-piu-imprese-interessate\/#primaryimage\",\"url\":\"https:\/\/www.confagricoltura.org\/piacenza\/wp-content\/uploads\/sites\/11\/2022\/08\/Edoardo-Simone-e-Daniele.jpg\",\"contentUrl\":\"https:\/\/www.confagricoltura.org\/piacenza\/wp-content\/uploads\/sites\/11\/2022\/08\/Edoardo-Simone-e-Daniele.jpg\",\"width\":1641,\"height\":900},{\"@type\":\"BreadcrumbList\",\"@id\":\"https:\/\/www.confagricoltura.org\/piacenza\/enoturismo-sempre-piu-imprese-interessate\/#breadcrumb\",\"itemListElement\":[{\"@type\":\"ListItem\",\"position\":1,\"name\":\"Home\",\"item\":\"https:\/\/www.confagricoltura.org\/piacenza\/\"},{\"@type\":\"ListItem\",\"position\":2,\"name\":\"Enoturismo: sempre pi\u00f9 imprese interessate\"}]},{\"@type\":\"WebSite\",\"@id\":\"https:\/\/www.confagricoltura.org\/piacenza\/#website\",\"url\":\"https:\/\/www.confagricoltura.org\/piacenza\/\",\"name\":\"Confagricoltura Piacenza\",\"description\":\"Dalla parte degli Agricoltori\",\"potentialAction\":[{\"@type\":\"SearchAction\",\"target\":{\"@type\":\"EntryPoint\",\"urlTemplate\":\"https:\/\/www.confagricoltura.org\/piacenza\/?s={search_term_string}\"},\"query-input\":{\"@type\":\"PropertyValueSpecification\",\"valueRequired\":true,\"valueName\":\"search_term_string\"}}],\"inLanguage\":\"it-IT\"},{\"@type\":\"Person\",\"@id\":\"https:\/\/www.confagricoltura.org\/piacenza\/#\/schema\/person\/be5da25a3117fea4b3bfec9dba09b5e8\",\"name\":\"confagricolturapiacenza\",\"image\":{\"@type\":\"ImageObject\",\"inLanguage\":\"it-IT\",\"@id\":\"https:\/\/www.confagricoltura.org\/piacenza\/#\/schema\/person\/image\/\",\"url\":\"https:\/\/secure.gravatar.com\/avatar\/9c5f111e417171581853bd0a3ff892ca?s=96&d=mm&r=g\",\"contentUrl\":\"https:\/\/secure.gravatar.com\/avatar\/9c5f111e417171581853bd0a3ff892ca?s=96&d=mm&r=g\",\"caption\":\"confagricolturapiacenza\"},\"url\":\"https:\/\/www.confagricoltura.org\/piacenza\/author\/confagricolturapiacenza\/\"}]}<\/script>\n<!-- \/ Yoast SEO plugin. -->","yoast_head_json":{"title":"Enoturismo: sempre pi\u00f9 imprese interessate - Confagricoltura Piacenza","robots":{"index":"index","follow":"follow","max-snippet":"max-snippet:-1","max-image-preview":"max-image-preview:large","max-video-preview":"max-video-preview:-1"},"canonical":"https:\/\/www.confagricoltura.org\/piacenza\/enoturismo-sempre-piu-imprese-interessate\/","og_locale":"it_IT","og_type":"article","og_title":"Enoturismo: sempre pi\u00f9 imprese interessate - Confagricoltura Piacenza","og_description":"L\u2019azienda Civardi Oreste e Daniele, associata a Confagricoltura, tra le prime a terminare il percorso formale.","og_url":"https:\/\/www.confagricoltura.org\/piacenza\/enoturismo-sempre-piu-imprese-interessate\/","og_site_name":"Confagricoltura Piacenza","article_published_time":"2022-08-05T07:24:00+00:00","article_modified_time":"2022-08-24T07:29:30+00:00","og_image":[{"width":1641,"height":900,"url":"https:\/\/www.confagricoltura.org\/piacenza\/wp-content\/uploads\/sites\/11\/2022\/08\/Edoardo-Simone-e-Daniele.jpg","type":"image\/jpeg"}],"author":"confagricolturapiacenza","twitter_card":"summary_large_image","twitter_misc":{"Scritto da":"confagricolturapiacenza","Tempo di lettura stimato":"3 minuti"},"schema":{"@context":"https:\/\/schema.org","@graph":[{"@type":"Article","@id":"https:\/\/www.confagricoltura.org\/piacenza\/enoturismo-sempre-piu-imprese-interessate\/#article","isPartOf":{"@id":"https:\/\/www.confagricoltura.org\/piacenza\/enoturismo-sempre-piu-imprese-interessate\/"},"author":{"name":"confagricolturapiacenza","@id":"https:\/\/www.confagricoltura.org\/piacenza\/#\/schema\/person\/be5da25a3117fea4b3bfec9dba09b5e8"},"headline":"Enoturismo: sempre pi\u00f9 imprese interessate","datePublished":"2022-08-05T07:24:00+00:00","dateModified":"2022-08-24T07:29:30+00:00","mainEntityOfPage":{"@id":"https:\/\/www.confagricoltura.org\/piacenza\/enoturismo-sempre-piu-imprese-interessate\/"},"wordCount":696,"image":{"@id":"https:\/\/www.confagricoltura.org\/piacenza\/enoturismo-sempre-piu-imprese-interessate\/#primaryimage"},"thumbnailUrl":"https:\/\/www.confagricoltura.org\/piacenza\/wp-content\/uploads\/sites\/11\/2022\/08\/Edoardo-Simone-e-Daniele.jpg","keywords":["enoturismo"],"articleSection":["News","Settore vitivinicolo"],"inLanguage":"it-IT"},{"@type":"WebPage","@id":"https:\/\/www.confagricoltura.org\/piacenza\/enoturismo-sempre-piu-imprese-interessate\/","url":"https:\/\/www.confagricoltura.org\/piacenza\/enoturismo-sempre-piu-imprese-interessate\/","name":"Enoturismo: sempre pi\u00f9 imprese interessate - Confagricoltura Piacenza","isPartOf":{"@id":"https:\/\/www.confagricoltura.org\/piacenza\/#website"},"primaryImageOfPage":{"@id":"https:\/\/www.confagricoltura.org\/piacenza\/enoturismo-sempre-piu-imprese-interessate\/#primaryimage"},"image":{"@id":"https:\/\/www.confagricoltura.org\/piacenza\/enoturismo-sempre-piu-imprese-interessate\/#primaryimage"},"thumbnailUrl":"https:\/\/www.confagricoltura.org\/piacenza\/wp-content\/uploads\/sites\/11\/2022\/08\/Edoardo-Simone-e-Daniele.jpg","datePublished":"2022-08-05T07:24:00+00:00","dateModified":"2022-08-24T07:29:30+00:00","author":{"@id":"https:\/\/www.confagricoltura.org\/piacenza\/#\/schema\/person\/be5da25a3117fea4b3bfec9dba09b5e8"},"breadcrumb":{"@id":"https:\/\/www.confagricoltura.org\/piacenza\/enoturismo-sempre-piu-imprese-interessate\/#breadcrumb"},"inLanguage":"it-IT","potentialAction":[{"@type":"ReadAction","target":["https:\/\/www.confagricoltura.org\/piacenza\/enoturismo-sempre-piu-imprese-interessate\/"]}]},{"@type":"ImageObject","inLanguage":"it-IT","@id":"https:\/\/www.confagricoltura.org\/piacenza\/enoturismo-sempre-piu-imprese-interessate\/#primaryimage","url":"https:\/\/www.confagricoltura.org\/piacenza\/wp-content\/uploads\/sites\/11\/2022\/08\/Edoardo-Simone-e-Daniele.jpg","contentUrl":"https:\/\/www.confagricoltura.org\/piacenza\/wp-content\/uploads\/sites\/11\/2022\/08\/Edoardo-Simone-e-Daniele.jpg","width":1641,"height":900},{"@type":"BreadcrumbList","@id":"https:\/\/www.confagricoltura.org\/piacenza\/enoturismo-sempre-piu-imprese-interessate\/#breadcrumb","itemListElement":[{"@type":"ListItem","position":1,"name":"Home","item":"https:\/\/www.confagricoltura.org\/piacenza\/"},{"@type":"ListItem","position":2,"name":"Enoturismo: sempre pi\u00f9 imprese interessate"}]},{"@type":"WebSite","@id":"https:\/\/www.confagricoltura.org\/piacenza\/#website","url":"https:\/\/www.confagricoltura.org\/piacenza\/","name":"Confagricoltura Piacenza","description":"Dalla parte degli Agricoltori","potentialAction":[{"@type":"SearchAction","target":{"@type":"EntryPoint","urlTemplate":"https:\/\/www.confagricoltura.org\/piacenza\/?s={search_term_string}"},"query-input":{"@type":"PropertyValueSpecification","valueRequired":true,"valueName":"search_term_string"}}],"inLanguage":"it-IT"},{"@type":"Person","@id":"https:\/\/www.confagricoltura.org\/piacenza\/#\/schema\/person\/be5da25a3117fea4b3bfec9dba09b5e8","name":"confagricolturapiacenza","image":{"@type":"ImageObject","inLanguage":"it-IT","@id":"https:\/\/www.confagricoltura.org\/piacenza\/#\/schema\/person\/image\/","url":"https:\/\/secure.gravatar.com\/avatar\/9c5f111e417171581853bd0a3ff892ca?s=96&d=mm&r=g","contentUrl":"https:\/\/secure.gravatar.com\/avatar\/9c5f111e417171581853bd0a3ff892ca?s=96&d=mm&r=g","caption":"confagricolturapiacenza"},"url":"https:\/\/www.confagricoltura.org\/piacenza\/author\/confagricolturapiacenza\/"}]}},"_links":{"self":[{"href":"https:\/\/www.confagricoltura.org\/piacenza\/wp-json\/wp\/v2\/posts\/3910","targetHints":{"allow":["GET"]}}],"collection":[{"href":"https:\/\/www.confagricoltura.org\/piacenza\/wp-json\/wp\/v2\/posts"}],"about":[{"href":"https:\/\/www.confagricoltura.org\/piacenza\/wp-json\/wp\/v2\/types\/post"}],"author":[{"embeddable":true,"href":"https:\/\/www.confagricoltura.org\/piacenza\/wp-json\/wp\/v2\/users\/6"}],"replies":[{"embeddable":true,"href":"https:\/\/www.confagricoltura.org\/piacenza\/wp-json\/wp\/v2\/comments?post=3910"}],"version-history":[{"count":1,"href":"https:\/\/www.confagricoltura.org\/piacenza\/wp-json\/wp\/v2\/posts\/3910\/revisions"}],"predecessor-version":[{"id":3912,"href":"https:\/\/www.confagricoltura.org\/piacenza\/wp-json\/wp\/v2\/posts\/3910\/revisions\/3912"}],"wp:featuredmedia":[{"embeddable":true,"href":"https:\/\/www.confagricoltura.org\/piacenza\/wp-json\/wp\/v2\/media\/3911"}],"wp:attachment":[{"href":"https:\/\/www.confagricoltura.org\/piacenza\/wp-json\/wp\/v2\/media?parent=3910"}],"wp:term":[{"taxonomy":"category","embeddable":true,"href":"https:\/\/www.confagricoltura.org\/piacenza\/wp-json\/wp\/v2\/categories?post=3910"},{"taxonomy":"post_tag","embeddable":true,"href":"https:\/\/www.confagricoltura.org\/piacenza\/wp-json\/wp\/v2\/tags?post=3910"}],"curies":[{"name":"wp","href":"https:\/\/api.w.org\/{rel}","templated":true}]}}