{"id":3885,"date":"2022-07-15T13:23:10","date_gmt":"2022-07-15T11:23:10","guid":{"rendered":"https:\/\/www.confagricoltura.org\/piacenza\/?p=3885"},"modified":"2022-07-15T13:23:12","modified_gmt":"2022-07-15T11:23:12","slug":"confagricoltura-piacenza-i-dati-di-giacenza-dei-vini-doc-confermano-la-stabilita","status":"publish","type":"post","link":"https:\/\/www.confagricoltura.org\/piacenza\/confagricoltura-piacenza-i-dati-di-giacenza-dei-vini-doc-confermano-la-stabilita\/","title":{"rendered":"Confagricoltura Piacenza: i dati di giacenza dei vini doc confermano la stabilit\u00e0"},"content":{"rendered":"\n<p>La fotografia che emerge dai dati delle giacenze di vino sfuso ancora atto ad essere rivendicato Doc ci parla di una viticoltura di qualit\u00e0, di rese contenute con costi alti, di un mercato stabile che ha sopportato il periodo di crisi e assorbito una produzione leggermente superiore alla media del 2020\u201d. Queste le prime considerazioni di Chiara Azzali, presidente della sezione di prodotto vitivinicola di Confagricoltura Piacenza che commenta i dati richiesti dall\u2019associazione al Consorzio di Tutela Vini Doc Colli Piacentini, elaborati dal tecnico del consorzio stesso, Mia Pighi, rapportandosi con gli uffici preposti della Regione Emilia Romagna e con l\u2019organo di controllo Valoritalia. \u201cRingraziamo il consorzio per questi dati \u2013 prosegue Azzali \u2013 non siamo certo in condizione di trarre conclusioni, con una vendemmia che \u00e8 ai blocchi di partenza, ma diciamo che ci rendono chiaro il punto da cui iniziamo\u201d. I dati riguardano le tre vendemmie precedenti a questa e prendono in considerazione Gutturnio, Ortrugo e le denominazioni principali dei vini dei Colli Piacentini. Riguardano il carico di uve rivendicate a doc messo in relazione con il conseguente carico di vino sfuso atto a essere rivendicato doc e con il dato a fine campagna della giacenza (sempre di vino sfuso atto a essere rivendicato doc).<\/p>\n\n\n\n<p>\u201cSi nota che la resa per ettaro \u00e8 tipicamente quella di una viticoltura di collina \u2013 commenta Azzali \u2013 ben al di sotto delle rese consentite anche dagli stessi disciplinari doc che per il gutturnio superiore riserva prevedono 100 quintali\/ettaro e per la bonarda 130. Le nostre rese massime non superano mediamente i 90 quintali\/ettaro: stiamo parlando di viticoltura che punta alla qualit\u00e0 del prodotto uva con una bassa resa e quindi con elevati costi di produzione conseguenti\u201d.<\/p>\n\n\n\n<p>\u00c8 un\u2019ovviet\u00e0 ma la conversione in ettolitri di vino dei quintali di uva prodotti \u00e8 anche corrispondete al parametro del 70% previsto dai disciplinari.<\/p>\n\n\n\n<p>Guardando i dati pi\u00f9 nel dettaglio:\u201d il 2020 \u00e8 stata un\u2019annata pi\u00f9 abbondante (circa 30.000 ettolitri in pi\u00f9) mentre sono anni del tutto analoghi e comparabili in termini quantitativi il 2019 e il 2021. Venendo alle giacenze divise per anni solari, oggi possiamo dire che complessivamente nelle cantine di Piacenza restano 3.232 ettolitri dell\u2019annata 2019, 12.654 della vendemmia 2020 e 77.296 della vendemmia 2021. Significativo \u2013 sottolinea la presidente dei viticoltori di Confagricoltura Piacenza &#8211; \u00e8 per\u00f2 raffrontare i dati della vendemmia di ciascun anno e delle rispettive giacenze al 30 giugno dell\u2019anno successivo: \u00e8 evidente che i dati 2019 e quelli 2021 mostrano una sostanziale stabilit\u00e0 dei quantitativi: 77.679,19 ettolitri per il 2019 e 77.295,67 per il 2022. Questo dato cos\u00ec stabile ci racconta di un comparto che tiene anche nei quantitativi e che ha sopportato il momento di crisi, assorbendo persino la produzione dell\u2019annata leggermente pi\u00f9 abbondante del 2020\u201d.<\/p>\n\n\n\n<p>Uno spaccato dunque su un comparto con produzioni stabili, tendenti allo scarso, con costi produttivi alti tipici della viticoltura collinare di pregio.<\/p>\n\n\n\n<p>\u201cL\u2019obiettivo &#8211; conclude Azzali &#8211; deve essere quello della strada comune, peraltro gi\u00e0 intrapresa anche grazie all\u2019operato del Consorzio Vini che si sta impegnando molto, di valorizzare questi prodotti che sono e restano delle eccellenze locali.&nbsp; I nostri vini vanno promossi, pur rispettando le specificit\u00e0 di ciascuno, con azioni coordinate e sinergie a livello di territorio. Voglio condividere alcune considerazioni del professor Michele Antonio Fino dell\u2019Universit\u00e0 degli Studi di Scienze Gastronomiche di Pollenzo quando ricorda che le nostre colline, da un punto di vista orografico, sono terre che appartengono alla zona delle langhe e ci\u00f2 determina qualitativamente e quantitativamente i nostri vini collocandoli in un quadrante diverso rispetto alle altre produzioni viticole regionali, soprattutto di pianura. Certo, \u00e8 ancora lungo il percorso per una remunerazione adeguata alla qualit\u00e0 dei nostri vini, che per\u00f2 hanno le caratteristiche e le potenzialit\u00e0 perch\u00e9 possiamo riuscirci\u201d.<\/p>\n","protected":false},"excerpt":{"rendered":"<p>Azzali: basse rese e costi alti tipici della viticoltura di collina, i nostri vini caratterizzati da qualit\u00e0 che va remunerata <\/p>\n","protected":false},"author":6,"featured_media":3886,"comment_status":"closed","ping_status":"closed","sticky":false,"template":"","format":"standard","meta":{"wp_mapbox_gl_js_media":[],"footnotes":""},"categories":[4,16],"tags":[467],"class_list":["post-3885","post","type-post","status-publish","format-standard","has-post-thumbnail","hentry","category-news","category-settore-vitivinicolo","tag-giacenza-dei-vini"],"yoast_head":"<!-- This site is optimized with the Yoast SEO plugin v26.8 - https:\/\/yoast.com\/product\/yoast-seo-wordpress\/ -->\n<title>Confagricoltura Piacenza: i dati di giacenza dei vini doc confermano la stabilit\u00e0 - Confagricoltura Piacenza<\/title>\n<meta name=\"robots\" content=\"index, follow, max-snippet:-1, max-image-preview:large, max-video-preview:-1\" \/>\n<link rel=\"canonical\" href=\"https:\/\/www.confagricoltura.org\/piacenza\/confagricoltura-piacenza-i-dati-di-giacenza-dei-vini-doc-confermano-la-stabilita\/\" \/>\n<meta property=\"og:locale\" content=\"it_IT\" \/>\n<meta property=\"og:type\" content=\"article\" \/>\n<meta property=\"og:title\" content=\"Confagricoltura Piacenza: i dati di giacenza dei vini doc confermano la stabilit\u00e0 - Confagricoltura Piacenza\" \/>\n<meta property=\"og:description\" content=\"Azzali: basse rese e costi alti tipici della viticoltura di collina, i nostri vini caratterizzati da qualit\u00e0 che va remunerata\" \/>\n<meta property=\"og:url\" content=\"https:\/\/www.confagricoltura.org\/piacenza\/confagricoltura-piacenza-i-dati-di-giacenza-dei-vini-doc-confermano-la-stabilita\/\" \/>\n<meta property=\"og:site_name\" content=\"Confagricoltura Piacenza\" \/>\n<meta property=\"article:published_time\" content=\"2022-07-15T11:23:10+00:00\" \/>\n<meta property=\"article:modified_time\" content=\"2022-07-15T11:23:12+00:00\" \/>\n<meta property=\"og:image\" content=\"https:\/\/www.confagricoltura.org\/piacenza\/wp-content\/uploads\/sites\/11\/2022\/07\/Chiara-Azzali-scaled.jpg\" \/>\n\t<meta property=\"og:image:width\" content=\"2560\" \/>\n\t<meta property=\"og:image:height\" content=\"2017\" \/>\n\t<meta property=\"og:image:type\" content=\"image\/jpeg\" \/>\n<meta name=\"author\" content=\"confagricolturapiacenza\" \/>\n<meta name=\"twitter:card\" content=\"summary_large_image\" \/>\n<meta name=\"twitter:label1\" content=\"Scritto da\" \/>\n\t<meta name=\"twitter:data1\" content=\"confagricolturapiacenza\" \/>\n\t<meta name=\"twitter:label2\" content=\"Tempo di lettura stimato\" \/>\n\t<meta name=\"twitter:data2\" content=\"3 minuti\" \/>\n<script type=\"application\/ld+json\" class=\"yoast-schema-graph\">{\"@context\":\"https:\/\/schema.org\",\"@graph\":[{\"@type\":\"Article\",\"@id\":\"https:\/\/www.confagricoltura.org\/piacenza\/confagricoltura-piacenza-i-dati-di-giacenza-dei-vini-doc-confermano-la-stabilita\/#article\",\"isPartOf\":{\"@id\":\"https:\/\/www.confagricoltura.org\/piacenza\/confagricoltura-piacenza-i-dati-di-giacenza-dei-vini-doc-confermano-la-stabilita\/\"},\"author\":{\"name\":\"confagricolturapiacenza\",\"@id\":\"https:\/\/www.confagricoltura.org\/piacenza\/#\/schema\/person\/be5da25a3117fea4b3bfec9dba09b5e8\"},\"headline\":\"Confagricoltura Piacenza: i dati di giacenza dei vini doc confermano la stabilit\u00e0\",\"datePublished\":\"2022-07-15T11:23:10+00:00\",\"dateModified\":\"2022-07-15T11:23:12+00:00\",\"mainEntityOfPage\":{\"@id\":\"https:\/\/www.confagricoltura.org\/piacenza\/confagricoltura-piacenza-i-dati-di-giacenza-dei-vini-doc-confermano-la-stabilita\/\"},\"wordCount\":613,\"image\":{\"@id\":\"https:\/\/www.confagricoltura.org\/piacenza\/confagricoltura-piacenza-i-dati-di-giacenza-dei-vini-doc-confermano-la-stabilita\/#primaryimage\"},\"thumbnailUrl\":\"https:\/\/www.confagricoltura.org\/piacenza\/wp-content\/uploads\/sites\/11\/2022\/07\/Chiara-Azzali-scaled.jpg\",\"keywords\":[\"giacenza dei vini\"],\"articleSection\":[\"News\",\"Settore vitivinicolo\"],\"inLanguage\":\"it-IT\"},{\"@type\":\"WebPage\",\"@id\":\"https:\/\/www.confagricoltura.org\/piacenza\/confagricoltura-piacenza-i-dati-di-giacenza-dei-vini-doc-confermano-la-stabilita\/\",\"url\":\"https:\/\/www.confagricoltura.org\/piacenza\/confagricoltura-piacenza-i-dati-di-giacenza-dei-vini-doc-confermano-la-stabilita\/\",\"name\":\"Confagricoltura Piacenza: i dati di giacenza dei vini doc confermano la stabilit\u00e0 - Confagricoltura Piacenza\",\"isPartOf\":{\"@id\":\"https:\/\/www.confagricoltura.org\/piacenza\/#website\"},\"primaryImageOfPage\":{\"@id\":\"https:\/\/www.confagricoltura.org\/piacenza\/confagricoltura-piacenza-i-dati-di-giacenza-dei-vini-doc-confermano-la-stabilita\/#primaryimage\"},\"image\":{\"@id\":\"https:\/\/www.confagricoltura.org\/piacenza\/confagricoltura-piacenza-i-dati-di-giacenza-dei-vini-doc-confermano-la-stabilita\/#primaryimage\"},\"thumbnailUrl\":\"https:\/\/www.confagricoltura.org\/piacenza\/wp-content\/uploads\/sites\/11\/2022\/07\/Chiara-Azzali-scaled.jpg\",\"datePublished\":\"2022-07-15T11:23:10+00:00\",\"dateModified\":\"2022-07-15T11:23:12+00:00\",\"author\":{\"@id\":\"https:\/\/www.confagricoltura.org\/piacenza\/#\/schema\/person\/be5da25a3117fea4b3bfec9dba09b5e8\"},\"breadcrumb\":{\"@id\":\"https:\/\/www.confagricoltura.org\/piacenza\/confagricoltura-piacenza-i-dati-di-giacenza-dei-vini-doc-confermano-la-stabilita\/#breadcrumb\"},\"inLanguage\":\"it-IT\",\"potentialAction\":[{\"@type\":\"ReadAction\",\"target\":[\"https:\/\/www.confagricoltura.org\/piacenza\/confagricoltura-piacenza-i-dati-di-giacenza-dei-vini-doc-confermano-la-stabilita\/\"]}]},{\"@type\":\"ImageObject\",\"inLanguage\":\"it-IT\",\"@id\":\"https:\/\/www.confagricoltura.org\/piacenza\/confagricoltura-piacenza-i-dati-di-giacenza-dei-vini-doc-confermano-la-stabilita\/#primaryimage\",\"url\":\"https:\/\/www.confagricoltura.org\/piacenza\/wp-content\/uploads\/sites\/11\/2022\/07\/Chiara-Azzali-scaled.jpg\",\"contentUrl\":\"https:\/\/www.confagricoltura.org\/piacenza\/wp-content\/uploads\/sites\/11\/2022\/07\/Chiara-Azzali-scaled.jpg\",\"width\":2560,\"height\":2017},{\"@type\":\"BreadcrumbList\",\"@id\":\"https:\/\/www.confagricoltura.org\/piacenza\/confagricoltura-piacenza-i-dati-di-giacenza-dei-vini-doc-confermano-la-stabilita\/#breadcrumb\",\"itemListElement\":[{\"@type\":\"ListItem\",\"position\":1,\"name\":\"Home\",\"item\":\"https:\/\/www.confagricoltura.org\/piacenza\/\"},{\"@type\":\"ListItem\",\"position\":2,\"name\":\"Confagricoltura Piacenza: i dati di giacenza dei vini doc confermano la stabilit\u00e0\"}]},{\"@type\":\"WebSite\",\"@id\":\"https:\/\/www.confagricoltura.org\/piacenza\/#website\",\"url\":\"https:\/\/www.confagricoltura.org\/piacenza\/\",\"name\":\"Confagricoltura Piacenza\",\"description\":\"Dalla parte degli Agricoltori\",\"potentialAction\":[{\"@type\":\"SearchAction\",\"target\":{\"@type\":\"EntryPoint\",\"urlTemplate\":\"https:\/\/www.confagricoltura.org\/piacenza\/?s={search_term_string}\"},\"query-input\":{\"@type\":\"PropertyValueSpecification\",\"valueRequired\":true,\"valueName\":\"search_term_string\"}}],\"inLanguage\":\"it-IT\"},{\"@type\":\"Person\",\"@id\":\"https:\/\/www.confagricoltura.org\/piacenza\/#\/schema\/person\/be5da25a3117fea4b3bfec9dba09b5e8\",\"name\":\"confagricolturapiacenza\",\"image\":{\"@type\":\"ImageObject\",\"inLanguage\":\"it-IT\",\"@id\":\"https:\/\/www.confagricoltura.org\/piacenza\/#\/schema\/person\/image\/\",\"url\":\"https:\/\/secure.gravatar.com\/avatar\/9c5f111e417171581853bd0a3ff892ca?s=96&d=mm&r=g\",\"contentUrl\":\"https:\/\/secure.gravatar.com\/avatar\/9c5f111e417171581853bd0a3ff892ca?s=96&d=mm&r=g\",\"caption\":\"confagricolturapiacenza\"},\"url\":\"https:\/\/www.confagricoltura.org\/piacenza\/author\/confagricolturapiacenza\/\"}]}<\/script>\n<!-- \/ Yoast SEO plugin. -->","yoast_head_json":{"title":"Confagricoltura Piacenza: i dati di giacenza dei vini doc confermano la stabilit\u00e0 - Confagricoltura Piacenza","robots":{"index":"index","follow":"follow","max-snippet":"max-snippet:-1","max-image-preview":"max-image-preview:large","max-video-preview":"max-video-preview:-1"},"canonical":"https:\/\/www.confagricoltura.org\/piacenza\/confagricoltura-piacenza-i-dati-di-giacenza-dei-vini-doc-confermano-la-stabilita\/","og_locale":"it_IT","og_type":"article","og_title":"Confagricoltura Piacenza: i dati di giacenza dei vini doc confermano la stabilit\u00e0 - Confagricoltura Piacenza","og_description":"Azzali: basse rese e costi alti tipici della viticoltura di collina, i nostri vini caratterizzati da qualit\u00e0 che va remunerata","og_url":"https:\/\/www.confagricoltura.org\/piacenza\/confagricoltura-piacenza-i-dati-di-giacenza-dei-vini-doc-confermano-la-stabilita\/","og_site_name":"Confagricoltura Piacenza","article_published_time":"2022-07-15T11:23:10+00:00","article_modified_time":"2022-07-15T11:23:12+00:00","og_image":[{"width":2560,"height":2017,"url":"https:\/\/www.confagricoltura.org\/piacenza\/wp-content\/uploads\/sites\/11\/2022\/07\/Chiara-Azzali-scaled.jpg","type":"image\/jpeg"}],"author":"confagricolturapiacenza","twitter_card":"summary_large_image","twitter_misc":{"Scritto da":"confagricolturapiacenza","Tempo di lettura stimato":"3 minuti"},"schema":{"@context":"https:\/\/schema.org","@graph":[{"@type":"Article","@id":"https:\/\/www.confagricoltura.org\/piacenza\/confagricoltura-piacenza-i-dati-di-giacenza-dei-vini-doc-confermano-la-stabilita\/#article","isPartOf":{"@id":"https:\/\/www.confagricoltura.org\/piacenza\/confagricoltura-piacenza-i-dati-di-giacenza-dei-vini-doc-confermano-la-stabilita\/"},"author":{"name":"confagricolturapiacenza","@id":"https:\/\/www.confagricoltura.org\/piacenza\/#\/schema\/person\/be5da25a3117fea4b3bfec9dba09b5e8"},"headline":"Confagricoltura Piacenza: i dati di giacenza dei vini doc confermano la stabilit\u00e0","datePublished":"2022-07-15T11:23:10+00:00","dateModified":"2022-07-15T11:23:12+00:00","mainEntityOfPage":{"@id":"https:\/\/www.confagricoltura.org\/piacenza\/confagricoltura-piacenza-i-dati-di-giacenza-dei-vini-doc-confermano-la-stabilita\/"},"wordCount":613,"image":{"@id":"https:\/\/www.confagricoltura.org\/piacenza\/confagricoltura-piacenza-i-dati-di-giacenza-dei-vini-doc-confermano-la-stabilita\/#primaryimage"},"thumbnailUrl":"https:\/\/www.confagricoltura.org\/piacenza\/wp-content\/uploads\/sites\/11\/2022\/07\/Chiara-Azzali-scaled.jpg","keywords":["giacenza dei vini"],"articleSection":["News","Settore vitivinicolo"],"inLanguage":"it-IT"},{"@type":"WebPage","@id":"https:\/\/www.confagricoltura.org\/piacenza\/confagricoltura-piacenza-i-dati-di-giacenza-dei-vini-doc-confermano-la-stabilita\/","url":"https:\/\/www.confagricoltura.org\/piacenza\/confagricoltura-piacenza-i-dati-di-giacenza-dei-vini-doc-confermano-la-stabilita\/","name":"Confagricoltura Piacenza: i dati di giacenza dei vini doc confermano la stabilit\u00e0 - Confagricoltura Piacenza","isPartOf":{"@id":"https:\/\/www.confagricoltura.org\/piacenza\/#website"},"primaryImageOfPage":{"@id":"https:\/\/www.confagricoltura.org\/piacenza\/confagricoltura-piacenza-i-dati-di-giacenza-dei-vini-doc-confermano-la-stabilita\/#primaryimage"},"image":{"@id":"https:\/\/www.confagricoltura.org\/piacenza\/confagricoltura-piacenza-i-dati-di-giacenza-dei-vini-doc-confermano-la-stabilita\/#primaryimage"},"thumbnailUrl":"https:\/\/www.confagricoltura.org\/piacenza\/wp-content\/uploads\/sites\/11\/2022\/07\/Chiara-Azzali-scaled.jpg","datePublished":"2022-07-15T11:23:10+00:00","dateModified":"2022-07-15T11:23:12+00:00","author":{"@id":"https:\/\/www.confagricoltura.org\/piacenza\/#\/schema\/person\/be5da25a3117fea4b3bfec9dba09b5e8"},"breadcrumb":{"@id":"https:\/\/www.confagricoltura.org\/piacenza\/confagricoltura-piacenza-i-dati-di-giacenza-dei-vini-doc-confermano-la-stabilita\/#breadcrumb"},"inLanguage":"it-IT","potentialAction":[{"@type":"ReadAction","target":["https:\/\/www.confagricoltura.org\/piacenza\/confagricoltura-piacenza-i-dati-di-giacenza-dei-vini-doc-confermano-la-stabilita\/"]}]},{"@type":"ImageObject","inLanguage":"it-IT","@id":"https:\/\/www.confagricoltura.org\/piacenza\/confagricoltura-piacenza-i-dati-di-giacenza-dei-vini-doc-confermano-la-stabilita\/#primaryimage","url":"https:\/\/www.confagricoltura.org\/piacenza\/wp-content\/uploads\/sites\/11\/2022\/07\/Chiara-Azzali-scaled.jpg","contentUrl":"https:\/\/www.confagricoltura.org\/piacenza\/wp-content\/uploads\/sites\/11\/2022\/07\/Chiara-Azzali-scaled.jpg","width":2560,"height":2017},{"@type":"BreadcrumbList","@id":"https:\/\/www.confagricoltura.org\/piacenza\/confagricoltura-piacenza-i-dati-di-giacenza-dei-vini-doc-confermano-la-stabilita\/#breadcrumb","itemListElement":[{"@type":"ListItem","position":1,"name":"Home","item":"https:\/\/www.confagricoltura.org\/piacenza\/"},{"@type":"ListItem","position":2,"name":"Confagricoltura Piacenza: i dati di giacenza dei vini doc confermano la stabilit\u00e0"}]},{"@type":"WebSite","@id":"https:\/\/www.confagricoltura.org\/piacenza\/#website","url":"https:\/\/www.confagricoltura.org\/piacenza\/","name":"Confagricoltura Piacenza","description":"Dalla parte degli Agricoltori","potentialAction":[{"@type":"SearchAction","target":{"@type":"EntryPoint","urlTemplate":"https:\/\/www.confagricoltura.org\/piacenza\/?s={search_term_string}"},"query-input":{"@type":"PropertyValueSpecification","valueRequired":true,"valueName":"search_term_string"}}],"inLanguage":"it-IT"},{"@type":"Person","@id":"https:\/\/www.confagricoltura.org\/piacenza\/#\/schema\/person\/be5da25a3117fea4b3bfec9dba09b5e8","name":"confagricolturapiacenza","image":{"@type":"ImageObject","inLanguage":"it-IT","@id":"https:\/\/www.confagricoltura.org\/piacenza\/#\/schema\/person\/image\/","url":"https:\/\/secure.gravatar.com\/avatar\/9c5f111e417171581853bd0a3ff892ca?s=96&d=mm&r=g","contentUrl":"https:\/\/secure.gravatar.com\/avatar\/9c5f111e417171581853bd0a3ff892ca?s=96&d=mm&r=g","caption":"confagricolturapiacenza"},"url":"https:\/\/www.confagricoltura.org\/piacenza\/author\/confagricolturapiacenza\/"}]}},"_links":{"self":[{"href":"https:\/\/www.confagricoltura.org\/piacenza\/wp-json\/wp\/v2\/posts\/3885","targetHints":{"allow":["GET"]}}],"collection":[{"href":"https:\/\/www.confagricoltura.org\/piacenza\/wp-json\/wp\/v2\/posts"}],"about":[{"href":"https:\/\/www.confagricoltura.org\/piacenza\/wp-json\/wp\/v2\/types\/post"}],"author":[{"embeddable":true,"href":"https:\/\/www.confagricoltura.org\/piacenza\/wp-json\/wp\/v2\/users\/6"}],"replies":[{"embeddable":true,"href":"https:\/\/www.confagricoltura.org\/piacenza\/wp-json\/wp\/v2\/comments?post=3885"}],"version-history":[{"count":1,"href":"https:\/\/www.confagricoltura.org\/piacenza\/wp-json\/wp\/v2\/posts\/3885\/revisions"}],"predecessor-version":[{"id":3887,"href":"https:\/\/www.confagricoltura.org\/piacenza\/wp-json\/wp\/v2\/posts\/3885\/revisions\/3887"}],"wp:featuredmedia":[{"embeddable":true,"href":"https:\/\/www.confagricoltura.org\/piacenza\/wp-json\/wp\/v2\/media\/3886"}],"wp:attachment":[{"href":"https:\/\/www.confagricoltura.org\/piacenza\/wp-json\/wp\/v2\/media?parent=3885"}],"wp:term":[{"taxonomy":"category","embeddable":true,"href":"https:\/\/www.confagricoltura.org\/piacenza\/wp-json\/wp\/v2\/categories?post=3885"},{"taxonomy":"post_tag","embeddable":true,"href":"https:\/\/www.confagricoltura.org\/piacenza\/wp-json\/wp\/v2\/tags?post=3885"}],"curies":[{"name":"wp","href":"https:\/\/api.w.org\/{rel}","templated":true}]}}