{"id":3882,"date":"2022-07-14T13:15:00","date_gmt":"2022-07-14T11:15:00","guid":{"rendered":"https:\/\/www.confagricoltura.org\/piacenza\/?p=3882"},"modified":"2022-07-15T13:17:35","modified_gmt":"2022-07-15T11:17:35","slug":"da-piacenza-a-roma-per-lassemblea-generale-di-confagricoltura","status":"publish","type":"post","link":"https:\/\/www.confagricoltura.org\/piacenza\/da-piacenza-a-roma-per-lassemblea-generale-di-confagricoltura\/","title":{"rendered":"Da Piacenza a Roma per l&#8217;Assemblea Generale di Confagricoltura"},"content":{"rendered":"\n<p>Non potevano mancare i vertici piacentini di Confagricoltura che chiusa l\u2019assemblea provinciale sono immediatamente partiti per Roma dove era in programma la mattina seguente, il 12 luglio, l\u2019assemblea nazionale. Nella bella cornice di villa Miani a Rom, vi hanno preso parte la componente di giunta nazionale, la piacentina Giovanna Parmigiani, il presidente di Confagricoltura Piacenza, Filippo Gasparini e il direttore, Marco Casagrande. \u201cColtiviamo certezze\u201d questo il nome dell\u2019articolato evento che si \u00e8 aperto con la relazione del presidente Massimiliano Giansanti. \u00c8 seguita la tavola rotonda moderata dal giornalista Nicola Porro a cui sono intervenuti il vicedirettore generale della Fao, Maurizio Martina, il presidente dell\u2019Istituto Affari Internazionali, Ferdinando Nelli Feroci, e Francesco Zollino, direttore senior del Dipartimento di Economia e Statistica di Banca d\u2019Italia. Martina si \u00e8 concentrato sull\u2019importanza dello Stato e sul ruolo dell\u2019Italia nella Ue: \u201cPer rendere la transizione tecnologica e ambientale accessibile a tutti sono indispensabili le politiche pubbliche. Bisogna dare atto al governo di aver saputo avviare e guidare, all\u2019indomani dell\u2019inizio della guerra in Ucraina, il dibattito sul necessario rafforzamento delle iniziative a favore dei Paesi ella sponda Sud del Mediterraneo\u201d. Per Zollino \u201cle basi che consentono ad un Paese di superare una fase difficile come questa sono due: credibilit\u00e0 e stabilit\u00e0 di bilancio. Istituzioni nazionali ed europee oggi sono impegnate nella gestione dell\u2019inflazione e degli effetti che ha sulla capacit\u00e0 di spesa e sul reddito dei cittadini\u201d. \u201cL\u2019Ue ha dimostrato compattezza in diverse fasi critiche: dalla crisi finanziaria del 2008, alla gestione della Brexit, fino alla pandemia da Covid-19 e oggi all\u2019aggressione russa in Ucraina. Questa compattezza deve essere mantenuta\u201d &#8211; ha detto l\u2019ambasciatore Nelli Feroci.&nbsp; \u201cPartiamo da qui \u2013 ha detto Giansanti \u2013 \u00e8 arrivato il momento di scelte coraggiose: l\u2019agricoltura vuole coltivare certezze, come il titolo di questa assemblea, attraverso alti principi etici e uno sguardo rivolto al futuro delle imprese\u201d. Il dialogo con il presidente della Commissione Affari Costituzionali del Parlamento europeo, Antonio Tajani, ha visto il confronto sulle questioni pi\u00f9 urgenti che hanno posto l\u2019agricoltura al centro dell\u2019attenzione mediatica internazionale. \u201cA livello europeo \u2013 ha detto Giansanti \u2013 siamo ancora lontani dalla definizione di un\u2019agenda politica capace di essere al passo con i tempi\u201d. Quindi \u00e8 stata la volta della politica nazionale e dei risvolti concreti sulle imprese agricole, nel faccia a faccia tra Giansanti, il ministro delle Politiche agricole, Stefano Patuanelli. Le vicende attuali confermano come sia necessario dare vita a una politica alimentare coordinata e condivisa a livello globale, per garantire gli approvvigionamenti. Ma la strada \u00e8 in salita: il forte aumento dell\u2019inflazione e dei costi di produzione, oltre all\u2019inevitabile rialzo dei tassi di interesse, rischiano di innescare una fase recessiva, bloccando cos\u00ec la ripresa economica avviata lo scorso anno. L\u2019assemblea \u00e8 stata un momento importante per discutere sulle previsioni disponibili relative all\u2019andamento dell\u2019inflazione, a partire dai prezzi di gas naturale, petrolio e prodotti di base destinati all\u2019alimentare. Quindi la PAC: le ultime riforme rischiano di limitare la capacit\u00e0 competitiva delle imprese che producono per il mercato e, di conseguenza, il potenziale produttivo della UE, primo esportatore mondiale di prodotti agroalimentari.&nbsp; Infine i cambiamenti climatici, con una siccit\u00e0 che sta colpendo in modo pesante l\u2019agricoltura, gi\u00e0 alle prese con nuove ondate di epizoozie e fitopatie. \u201cSiamo al centro della tempesta perfetta \u2013 ha detto Giansanti &#8211; la guerra ha acuito i problemi della sicurezza alimentare e dell\u2019emergenza climatica. Non possiamo pi\u00f9 aspettare: l\u2019agricoltura continua a fare la sua parte, ma senza politiche e strategie lungimiranti, le imprese non reggeranno ancora a lungo\u201d. Dal palco di Villa Miani il presidente Massimiliano Giansanti ha lanciato un appello al governo: definire al pi\u00f9 presto un modello agroalimentare insieme a tutta la filiera e valorizzare nei consessi internazionali la posizione italiana. \u201cE\u2019 tempo di una politica globale per l\u2019alimentazione\u201d \u2013 ha detto Giansanti &#8211; \u201cGli ultimi 40 anni di politica agricola europea hanno modificato la Pac da politica economica a politica sociale. Eppure l\u2019agricoltura \u00e8 un settore performante, nonostante i dati Istat riportino un calo del numero di aziende del 50% negli ultimi anni. Ma le imprese che rimangono sul mercato sono quelle pi\u00f9 strutturate, anche perch\u00e9 aumenta la dimensione media. Il nostro appello \u00e8 a non stare fermi, a non sprecare ulteriore tempo, perch\u00e9 la strada \u00e8 in salita\u201d.&nbsp;<\/p>\n\n\n\n<p>Al dibattito conclusivo \u00e8 intervenuto anche il presidente di Confagricoltura Piacenza. \u201cColtiviamo certezze in un cammino incerto \u2013 ha detto Filippo Gasparini \u2013 da tempo denunciamo una politica distante dai bisogni delle imprese, addirittura ravvisiamo un disegno ostile alle imprese: politiche partecipative che non sono rappresentative dei bisogni della gente e un sistema di formazione delle norme oscuro nelle sue articolazioni ma efficacissimo negli esiti nefasti che sono quelli di ingessare le aziende e ridurre la produttivit\u00e0.&nbsp; Perci\u00f2 riportiamo su questo palco il nostro appello, che vedo essere condiviso da Confagricoltura nazionale di cui ci sentiamo parte integrante.: auspichiamo la nascita di una costituente agricola in grado di raccogliere le necessit\u00e0 del territorio, di armonizzarle in un disegno nazionale che faccia ordine sulle priorit\u00e0 e i valori, che faccia tesoro delle esperienze e del saper fare concreto per rappresenti una nuova fase di rinascita dove sar\u00e0 premiato lo sforzo di chi non vuole i sindacati in mano ai centri di potere o ai commissari, ma legati ai bisogni del Paese con la concretezza, la coerenza e la produttivit\u00e0 di chi vive la realt\u00e0 delle imprese\u201d.<\/p>\n","protected":false},"excerpt":{"rendered":"<p>Gasparini: coltiviamo certezze in un cammino incerto, il nostro appello per una costituente agricola <\/p>\n","protected":false},"author":6,"featured_media":3883,"comment_status":"closed","ping_status":"closed","sticky":false,"template":"","format":"standard","meta":{"wp_mapbox_gl_js_media":[],"footnotes":""},"categories":[21,4],"tags":[406],"class_list":["post-3882","post","type-post","status-publish","format-standard","has-post-thumbnail","hentry","category-eventi","category-news","tag-assemblea-nazionale"],"yoast_head":"<!-- This site is optimized with the Yoast SEO plugin v26.8 - https:\/\/yoast.com\/product\/yoast-seo-wordpress\/ -->\n<title>Da Piacenza a Roma per l&#039;Assemblea Generale di Confagricoltura - Confagricoltura Piacenza<\/title>\n<meta name=\"robots\" content=\"index, follow, max-snippet:-1, max-image-preview:large, max-video-preview:-1\" \/>\n<link rel=\"canonical\" href=\"https:\/\/www.confagricoltura.org\/piacenza\/da-piacenza-a-roma-per-lassemblea-generale-di-confagricoltura\/\" \/>\n<meta property=\"og:locale\" content=\"it_IT\" \/>\n<meta property=\"og:type\" content=\"article\" \/>\n<meta property=\"og:title\" content=\"Da Piacenza a Roma per l&#039;Assemblea Generale di Confagricoltura - Confagricoltura Piacenza\" \/>\n<meta property=\"og:description\" content=\"Gasparini: coltiviamo certezze in un cammino incerto, il nostro appello per una costituente agricola\" \/>\n<meta property=\"og:url\" content=\"https:\/\/www.confagricoltura.org\/piacenza\/da-piacenza-a-roma-per-lassemblea-generale-di-confagricoltura\/\" \/>\n<meta property=\"og:site_name\" content=\"Confagricoltura Piacenza\" \/>\n<meta property=\"article:published_time\" content=\"2022-07-14T11:15:00+00:00\" \/>\n<meta property=\"article:modified_time\" content=\"2022-07-15T11:17:35+00:00\" \/>\n<meta property=\"og:image\" content=\"https:\/\/www.confagricoltura.org\/piacenza\/wp-content\/uploads\/sites\/11\/2022\/07\/Gasparini-Parmigiani-Barrile-Casagrande.jpg\" \/>\n\t<meta property=\"og:image:width\" content=\"1024\" \/>\n\t<meta property=\"og:image:height\" content=\"768\" \/>\n\t<meta property=\"og:image:type\" content=\"image\/jpeg\" \/>\n<meta name=\"author\" content=\"confagricolturapiacenza\" \/>\n<meta name=\"twitter:card\" content=\"summary_large_image\" \/>\n<meta name=\"twitter:label1\" content=\"Scritto da\" \/>\n\t<meta name=\"twitter:data1\" content=\"confagricolturapiacenza\" \/>\n\t<meta name=\"twitter:label2\" content=\"Tempo di lettura stimato\" \/>\n\t<meta name=\"twitter:data2\" content=\"4 minuti\" \/>\n<script type=\"application\/ld+json\" class=\"yoast-schema-graph\">{\"@context\":\"https:\/\/schema.org\",\"@graph\":[{\"@type\":\"Article\",\"@id\":\"https:\/\/www.confagricoltura.org\/piacenza\/da-piacenza-a-roma-per-lassemblea-generale-di-confagricoltura\/#article\",\"isPartOf\":{\"@id\":\"https:\/\/www.confagricoltura.org\/piacenza\/da-piacenza-a-roma-per-lassemblea-generale-di-confagricoltura\/\"},\"author\":{\"name\":\"confagricolturapiacenza\",\"@id\":\"https:\/\/www.confagricoltura.org\/piacenza\/#\/schema\/person\/be5da25a3117fea4b3bfec9dba09b5e8\"},\"headline\":\"Da Piacenza a Roma per l&#8217;Assemblea Generale di Confagricoltura\",\"datePublished\":\"2022-07-14T11:15:00+00:00\",\"dateModified\":\"2022-07-15T11:17:35+00:00\",\"mainEntityOfPage\":{\"@id\":\"https:\/\/www.confagricoltura.org\/piacenza\/da-piacenza-a-roma-per-lassemblea-generale-di-confagricoltura\/\"},\"wordCount\":910,\"image\":{\"@id\":\"https:\/\/www.confagricoltura.org\/piacenza\/da-piacenza-a-roma-per-lassemblea-generale-di-confagricoltura\/#primaryimage\"},\"thumbnailUrl\":\"https:\/\/www.confagricoltura.org\/piacenza\/wp-content\/uploads\/sites\/11\/2022\/07\/Gasparini-Parmigiani-Barrile-Casagrande.jpg\",\"keywords\":[\"Assemblea nazionale\"],\"articleSection\":[\"Eventi\",\"News\"],\"inLanguage\":\"it-IT\"},{\"@type\":\"WebPage\",\"@id\":\"https:\/\/www.confagricoltura.org\/piacenza\/da-piacenza-a-roma-per-lassemblea-generale-di-confagricoltura\/\",\"url\":\"https:\/\/www.confagricoltura.org\/piacenza\/da-piacenza-a-roma-per-lassemblea-generale-di-confagricoltura\/\",\"name\":\"Da Piacenza a Roma per l'Assemblea Generale di Confagricoltura - Confagricoltura Piacenza\",\"isPartOf\":{\"@id\":\"https:\/\/www.confagricoltura.org\/piacenza\/#website\"},\"primaryImageOfPage\":{\"@id\":\"https:\/\/www.confagricoltura.org\/piacenza\/da-piacenza-a-roma-per-lassemblea-generale-di-confagricoltura\/#primaryimage\"},\"image\":{\"@id\":\"https:\/\/www.confagricoltura.org\/piacenza\/da-piacenza-a-roma-per-lassemblea-generale-di-confagricoltura\/#primaryimage\"},\"thumbnailUrl\":\"https:\/\/www.confagricoltura.org\/piacenza\/wp-content\/uploads\/sites\/11\/2022\/07\/Gasparini-Parmigiani-Barrile-Casagrande.jpg\",\"datePublished\":\"2022-07-14T11:15:00+00:00\",\"dateModified\":\"2022-07-15T11:17:35+00:00\",\"author\":{\"@id\":\"https:\/\/www.confagricoltura.org\/piacenza\/#\/schema\/person\/be5da25a3117fea4b3bfec9dba09b5e8\"},\"breadcrumb\":{\"@id\":\"https:\/\/www.confagricoltura.org\/piacenza\/da-piacenza-a-roma-per-lassemblea-generale-di-confagricoltura\/#breadcrumb\"},\"inLanguage\":\"it-IT\",\"potentialAction\":[{\"@type\":\"ReadAction\",\"target\":[\"https:\/\/www.confagricoltura.org\/piacenza\/da-piacenza-a-roma-per-lassemblea-generale-di-confagricoltura\/\"]}]},{\"@type\":\"ImageObject\",\"inLanguage\":\"it-IT\",\"@id\":\"https:\/\/www.confagricoltura.org\/piacenza\/da-piacenza-a-roma-per-lassemblea-generale-di-confagricoltura\/#primaryimage\",\"url\":\"https:\/\/www.confagricoltura.org\/piacenza\/wp-content\/uploads\/sites\/11\/2022\/07\/Gasparini-Parmigiani-Barrile-Casagrande.jpg\",\"contentUrl\":\"https:\/\/www.confagricoltura.org\/piacenza\/wp-content\/uploads\/sites\/11\/2022\/07\/Gasparini-Parmigiani-Barrile-Casagrande.jpg\",\"width\":1024,\"height\":768},{\"@type\":\"BreadcrumbList\",\"@id\":\"https:\/\/www.confagricoltura.org\/piacenza\/da-piacenza-a-roma-per-lassemblea-generale-di-confagricoltura\/#breadcrumb\",\"itemListElement\":[{\"@type\":\"ListItem\",\"position\":1,\"name\":\"Home\",\"item\":\"https:\/\/www.confagricoltura.org\/piacenza\/\"},{\"@type\":\"ListItem\",\"position\":2,\"name\":\"Da Piacenza a Roma per l&#8217;Assemblea Generale di Confagricoltura\"}]},{\"@type\":\"WebSite\",\"@id\":\"https:\/\/www.confagricoltura.org\/piacenza\/#website\",\"url\":\"https:\/\/www.confagricoltura.org\/piacenza\/\",\"name\":\"Confagricoltura Piacenza\",\"description\":\"Dalla parte degli Agricoltori\",\"potentialAction\":[{\"@type\":\"SearchAction\",\"target\":{\"@type\":\"EntryPoint\",\"urlTemplate\":\"https:\/\/www.confagricoltura.org\/piacenza\/?s={search_term_string}\"},\"query-input\":{\"@type\":\"PropertyValueSpecification\",\"valueRequired\":true,\"valueName\":\"search_term_string\"}}],\"inLanguage\":\"it-IT\"},{\"@type\":\"Person\",\"@id\":\"https:\/\/www.confagricoltura.org\/piacenza\/#\/schema\/person\/be5da25a3117fea4b3bfec9dba09b5e8\",\"name\":\"confagricolturapiacenza\",\"image\":{\"@type\":\"ImageObject\",\"inLanguage\":\"it-IT\",\"@id\":\"https:\/\/www.confagricoltura.org\/piacenza\/#\/schema\/person\/image\/\",\"url\":\"https:\/\/secure.gravatar.com\/avatar\/9c5f111e417171581853bd0a3ff892ca?s=96&d=mm&r=g\",\"contentUrl\":\"https:\/\/secure.gravatar.com\/avatar\/9c5f111e417171581853bd0a3ff892ca?s=96&d=mm&r=g\",\"caption\":\"confagricolturapiacenza\"},\"url\":\"https:\/\/www.confagricoltura.org\/piacenza\/author\/confagricolturapiacenza\/\"}]}<\/script>\n<!-- \/ Yoast SEO plugin. -->","yoast_head_json":{"title":"Da Piacenza a Roma per l'Assemblea Generale di Confagricoltura - Confagricoltura Piacenza","robots":{"index":"index","follow":"follow","max-snippet":"max-snippet:-1","max-image-preview":"max-image-preview:large","max-video-preview":"max-video-preview:-1"},"canonical":"https:\/\/www.confagricoltura.org\/piacenza\/da-piacenza-a-roma-per-lassemblea-generale-di-confagricoltura\/","og_locale":"it_IT","og_type":"article","og_title":"Da Piacenza a Roma per l'Assemblea Generale di Confagricoltura - Confagricoltura Piacenza","og_description":"Gasparini: coltiviamo certezze in un cammino incerto, il nostro appello per una costituente agricola","og_url":"https:\/\/www.confagricoltura.org\/piacenza\/da-piacenza-a-roma-per-lassemblea-generale-di-confagricoltura\/","og_site_name":"Confagricoltura Piacenza","article_published_time":"2022-07-14T11:15:00+00:00","article_modified_time":"2022-07-15T11:17:35+00:00","og_image":[{"width":1024,"height":768,"url":"https:\/\/www.confagricoltura.org\/piacenza\/wp-content\/uploads\/sites\/11\/2022\/07\/Gasparini-Parmigiani-Barrile-Casagrande.jpg","type":"image\/jpeg"}],"author":"confagricolturapiacenza","twitter_card":"summary_large_image","twitter_misc":{"Scritto da":"confagricolturapiacenza","Tempo di lettura stimato":"4 minuti"},"schema":{"@context":"https:\/\/schema.org","@graph":[{"@type":"Article","@id":"https:\/\/www.confagricoltura.org\/piacenza\/da-piacenza-a-roma-per-lassemblea-generale-di-confagricoltura\/#article","isPartOf":{"@id":"https:\/\/www.confagricoltura.org\/piacenza\/da-piacenza-a-roma-per-lassemblea-generale-di-confagricoltura\/"},"author":{"name":"confagricolturapiacenza","@id":"https:\/\/www.confagricoltura.org\/piacenza\/#\/schema\/person\/be5da25a3117fea4b3bfec9dba09b5e8"},"headline":"Da Piacenza a Roma per l&#8217;Assemblea Generale di Confagricoltura","datePublished":"2022-07-14T11:15:00+00:00","dateModified":"2022-07-15T11:17:35+00:00","mainEntityOfPage":{"@id":"https:\/\/www.confagricoltura.org\/piacenza\/da-piacenza-a-roma-per-lassemblea-generale-di-confagricoltura\/"},"wordCount":910,"image":{"@id":"https:\/\/www.confagricoltura.org\/piacenza\/da-piacenza-a-roma-per-lassemblea-generale-di-confagricoltura\/#primaryimage"},"thumbnailUrl":"https:\/\/www.confagricoltura.org\/piacenza\/wp-content\/uploads\/sites\/11\/2022\/07\/Gasparini-Parmigiani-Barrile-Casagrande.jpg","keywords":["Assemblea nazionale"],"articleSection":["Eventi","News"],"inLanguage":"it-IT"},{"@type":"WebPage","@id":"https:\/\/www.confagricoltura.org\/piacenza\/da-piacenza-a-roma-per-lassemblea-generale-di-confagricoltura\/","url":"https:\/\/www.confagricoltura.org\/piacenza\/da-piacenza-a-roma-per-lassemblea-generale-di-confagricoltura\/","name":"Da Piacenza a Roma per l'Assemblea Generale di Confagricoltura - Confagricoltura Piacenza","isPartOf":{"@id":"https:\/\/www.confagricoltura.org\/piacenza\/#website"},"primaryImageOfPage":{"@id":"https:\/\/www.confagricoltura.org\/piacenza\/da-piacenza-a-roma-per-lassemblea-generale-di-confagricoltura\/#primaryimage"},"image":{"@id":"https:\/\/www.confagricoltura.org\/piacenza\/da-piacenza-a-roma-per-lassemblea-generale-di-confagricoltura\/#primaryimage"},"thumbnailUrl":"https:\/\/www.confagricoltura.org\/piacenza\/wp-content\/uploads\/sites\/11\/2022\/07\/Gasparini-Parmigiani-Barrile-Casagrande.jpg","datePublished":"2022-07-14T11:15:00+00:00","dateModified":"2022-07-15T11:17:35+00:00","author":{"@id":"https:\/\/www.confagricoltura.org\/piacenza\/#\/schema\/person\/be5da25a3117fea4b3bfec9dba09b5e8"},"breadcrumb":{"@id":"https:\/\/www.confagricoltura.org\/piacenza\/da-piacenza-a-roma-per-lassemblea-generale-di-confagricoltura\/#breadcrumb"},"inLanguage":"it-IT","potentialAction":[{"@type":"ReadAction","target":["https:\/\/www.confagricoltura.org\/piacenza\/da-piacenza-a-roma-per-lassemblea-generale-di-confagricoltura\/"]}]},{"@type":"ImageObject","inLanguage":"it-IT","@id":"https:\/\/www.confagricoltura.org\/piacenza\/da-piacenza-a-roma-per-lassemblea-generale-di-confagricoltura\/#primaryimage","url":"https:\/\/www.confagricoltura.org\/piacenza\/wp-content\/uploads\/sites\/11\/2022\/07\/Gasparini-Parmigiani-Barrile-Casagrande.jpg","contentUrl":"https:\/\/www.confagricoltura.org\/piacenza\/wp-content\/uploads\/sites\/11\/2022\/07\/Gasparini-Parmigiani-Barrile-Casagrande.jpg","width":1024,"height":768},{"@type":"BreadcrumbList","@id":"https:\/\/www.confagricoltura.org\/piacenza\/da-piacenza-a-roma-per-lassemblea-generale-di-confagricoltura\/#breadcrumb","itemListElement":[{"@type":"ListItem","position":1,"name":"Home","item":"https:\/\/www.confagricoltura.org\/piacenza\/"},{"@type":"ListItem","position":2,"name":"Da Piacenza a Roma per l&#8217;Assemblea Generale di Confagricoltura"}]},{"@type":"WebSite","@id":"https:\/\/www.confagricoltura.org\/piacenza\/#website","url":"https:\/\/www.confagricoltura.org\/piacenza\/","name":"Confagricoltura Piacenza","description":"Dalla parte degli Agricoltori","potentialAction":[{"@type":"SearchAction","target":{"@type":"EntryPoint","urlTemplate":"https:\/\/www.confagricoltura.org\/piacenza\/?s={search_term_string}"},"query-input":{"@type":"PropertyValueSpecification","valueRequired":true,"valueName":"search_term_string"}}],"inLanguage":"it-IT"},{"@type":"Person","@id":"https:\/\/www.confagricoltura.org\/piacenza\/#\/schema\/person\/be5da25a3117fea4b3bfec9dba09b5e8","name":"confagricolturapiacenza","image":{"@type":"ImageObject","inLanguage":"it-IT","@id":"https:\/\/www.confagricoltura.org\/piacenza\/#\/schema\/person\/image\/","url":"https:\/\/secure.gravatar.com\/avatar\/9c5f111e417171581853bd0a3ff892ca?s=96&d=mm&r=g","contentUrl":"https:\/\/secure.gravatar.com\/avatar\/9c5f111e417171581853bd0a3ff892ca?s=96&d=mm&r=g","caption":"confagricolturapiacenza"},"url":"https:\/\/www.confagricoltura.org\/piacenza\/author\/confagricolturapiacenza\/"}]}},"_links":{"self":[{"href":"https:\/\/www.confagricoltura.org\/piacenza\/wp-json\/wp\/v2\/posts\/3882","targetHints":{"allow":["GET"]}}],"collection":[{"href":"https:\/\/www.confagricoltura.org\/piacenza\/wp-json\/wp\/v2\/posts"}],"about":[{"href":"https:\/\/www.confagricoltura.org\/piacenza\/wp-json\/wp\/v2\/types\/post"}],"author":[{"embeddable":true,"href":"https:\/\/www.confagricoltura.org\/piacenza\/wp-json\/wp\/v2\/users\/6"}],"replies":[{"embeddable":true,"href":"https:\/\/www.confagricoltura.org\/piacenza\/wp-json\/wp\/v2\/comments?post=3882"}],"version-history":[{"count":1,"href":"https:\/\/www.confagricoltura.org\/piacenza\/wp-json\/wp\/v2\/posts\/3882\/revisions"}],"predecessor-version":[{"id":3884,"href":"https:\/\/www.confagricoltura.org\/piacenza\/wp-json\/wp\/v2\/posts\/3882\/revisions\/3884"}],"wp:featuredmedia":[{"embeddable":true,"href":"https:\/\/www.confagricoltura.org\/piacenza\/wp-json\/wp\/v2\/media\/3883"}],"wp:attachment":[{"href":"https:\/\/www.confagricoltura.org\/piacenza\/wp-json\/wp\/v2\/media?parent=3882"}],"wp:term":[{"taxonomy":"category","embeddable":true,"href":"https:\/\/www.confagricoltura.org\/piacenza\/wp-json\/wp\/v2\/categories?post=3882"},{"taxonomy":"post_tag","embeddable":true,"href":"https:\/\/www.confagricoltura.org\/piacenza\/wp-json\/wp\/v2\/tags?post=3882"}],"curies":[{"name":"wp","href":"https:\/\/api.w.org\/{rel}","templated":true}]}}