{"id":3879,"date":"2022-07-13T13:12:00","date_gmt":"2022-07-13T11:12:00","guid":{"rendered":"https:\/\/www.confagricoltura.org\/piacenza\/?p=3879"},"modified":"2022-07-15T13:15:06","modified_gmt":"2022-07-15T11:15:06","slug":"assemblea-generale-di-confagricoltura-piacenza","status":"publish","type":"post","link":"https:\/\/www.confagricoltura.org\/piacenza\/assemblea-generale-di-confagricoltura-piacenza\/","title":{"rendered":"Assemblea Generale di Confagricoltura Piacenza"},"content":{"rendered":"\n<p>Ha parlato a una platea ristretta \u201ccome se fosse una riunione di famiglia\u201d Filippo Gasparini \u2013 presidente di Confagricoltura Piacenza durante l\u2019Assemblea generale dell\u2019associazione che si \u00e8 tenuta a porte chiuse l\u201911 luglio alla Volta del Vescovo. \u201cPerch\u00e9, nei momenti di difficolt\u00e0, ci si ritrova in famiglia e si decide insieme\u201d. \u201cQuesto \u00e8 un momento di fatica al punto che viene in mente la parola \u201cesodo\u201d \u2013 ha sottolineato il presidente degli agricoltori \u2013 ma l\u2019associazione \u00e8 vicina ai soci e insieme si lavora per rappresentare le istanze di un mondo agricolo che si trova a confrontarsi con un sistema che rema contro la piccola impresa e contro l\u2019agricoltura produttiva. Lo scollamento tra ci\u00f2 che ci serve per fare impresa, per coltivare e per produrre rispetto a quello che viene imposto con norme assurde alle nostre imprese \u00e8 ancora enorme. Abbiamo detto e scritto di un Paese schizofrenico che giochicchia con le nostre vite: ci dicono di seminare perch\u00e9 serve cibo, poi non abbiamo acqua e i cinghiali devastano i raccolti\u201d.&nbsp; Il presidente lo dice dopo la proiezione di un filmato in cui vengono rimandati in onda alcuni spezzoni di servizi televisivi che riportano la posizione sindacale dell\u2019associazione sulle tematiche d\u2019attualit\u00e0.&nbsp; Prosegue: \u201cla nostra voce \u00e8 sempre pi\u00f9 ascoltata e compresa, ma credetemi, piccoli come siamo, riuscire a fare breccia in quello che \u00e8 il muro di gomma del pensiero dominante \u00e8 uno sforzo immane, cos\u00ec come sono nascoste le sofferenze di ciascuno di noi in azienda per far quadrare i bilanci e per non arrendersi. Il 2021 si \u00e8 chiuso affermando risultati sindacali importanti: il Consorzio Terre Padane \u00e8 rimasto al territorio, il comparto del pomodoro ha saputo muoversi unito in modo determinante nella gestione della trattativa, in questo Confagricoltura Piacenza, le persone che fanno Confagricoltura Piacenza, hanno giocato ruoli fondamentali. Abbiamo partecipato a tutti i tavoli, anche territoriali, per la progettualit\u00e0 legata al Pnrr e, in generale, siamo molto presenti in un dialogo quotidiano con gli altri attori del territorio sui temi che impattano anche sulle nostre imprese. Questa nostra proattivit\u00e0 ci \u00e8 stata riconosciuta anche con un incremento della base associativa. L\u2019Associazione e gli uffici sono di valido supporto. Desidero ringraziare il dottor Casagrande e tutta la squadra dei collaboratori. Acqua, consumo di suolo, gestione del territorio, fauna selvatica, infrastrutture, tecnologia, costi delle materie prime, programmazione: su tutti questi temi la nostra voce \u00e8 autorevole e considerata.&nbsp; Noi siamo tradizione e insieme innovazione, ambiente e insieme produttivit\u00e0, siamo allevamenti intensivi e insieme benessere animale, siamo cibo per tutti e futuro per le nostre imprese. Ecco dunque che da questo esodo, in cui siamo storditi dalla fatica, vorrei uscirne con la nascita di una costituente agricola in grado di raccogliere il valore e il know how del territorio, di recepirne le necessit\u00e0 e di armonizzarle in un disegno nazionale che faccia ordine sulle priorit\u00e0 e i valori, che non sia, come ora,&nbsp; un accrocchio di norme e progetti calati dall\u2019alto, ma una nuova fase di rinascita dove venga premiato lo sforzo di chi non vuole i sindacati in mano ai centri di potere o ai commissari, ma legati ai bisogni del Paese con la concretezza, la coerenza e la produttivit\u00e0 di chi vive nei campi. Questa \u00e8 la mia speranza, so che un tale rinnovamento, va molto oltre gli orizzonti di una presidenza, ma \u00e8 questo il nostro obiettivo\u201d.<\/p>\n\n\n\n<p>Al termine dell\u2019Assemblea il presidente ha poi voluto ringraziare alcuni collaboratori che hanno raggiunto l\u2019et\u00e0 pensionabile nell\u2019ultimo anno: Giulio Bracchi, Miriam Cavalli, Stefania Cretti, Carlo Crisci, Giovanni Marchesi, Carme Prati e Giuseppina Pedroni. \u201cChiamo ciascuno di voi per nome \u2013 ha detto Gasparini \u2013 per noi siete il volto dell\u2019associazione e a nome di tutti i soci e degli organi direttivi a voi va il nostro grazie per i tanti anni di solerte, corretta e dedita collaborazione. Grazie!\u201d<\/p>\n\n\n\n<p>I riflettori dell\u2019assemblea non sono ancora spenti che gi\u00e0 presidente e direttore sono in viaggio per Roma dove \u00e8 in programma oggi stesso, 13 luglio, l\u2019assemblea Nazionale di Confagricoltura. La memoria non pu\u00f2 che tornare a oltre cent\u2019anni fa quando dopo aver fondato l\u2019associazione i rappresentanti piacentini parteciparono al convegno nazionale che diede di fatto origine alla nascita di Confagricoltura.<\/p>\n","protected":false},"excerpt":{"rendered":"<p>Gasparini: sogno una costituente agricola che parte dai bisogni del territorio<\/p>\n","protected":false},"author":6,"featured_media":3880,"comment_status":"closed","ping_status":"closed","sticky":false,"template":"","format":"standard","meta":{"wp_mapbox_gl_js_media":[],"footnotes":""},"categories":[21,4],"tags":[466],"class_list":["post-3879","post","type-post","status-publish","format-standard","has-post-thumbnail","hentry","category-eventi","category-news","tag-assemblea-confagricoltura-piacenzza"],"yoast_head":"<!-- This site is optimized with the Yoast SEO plugin v26.8 - https:\/\/yoast.com\/product\/yoast-seo-wordpress\/ -->\n<title>Assemblea Generale di Confagricoltura Piacenza - Confagricoltura Piacenza<\/title>\n<meta name=\"robots\" content=\"index, follow, max-snippet:-1, max-image-preview:large, max-video-preview:-1\" \/>\n<link rel=\"canonical\" href=\"https:\/\/www.confagricoltura.org\/piacenza\/assemblea-generale-di-confagricoltura-piacenza\/\" \/>\n<meta property=\"og:locale\" content=\"it_IT\" \/>\n<meta property=\"og:type\" content=\"article\" \/>\n<meta property=\"og:title\" content=\"Assemblea Generale di Confagricoltura Piacenza - Confagricoltura Piacenza\" \/>\n<meta property=\"og:description\" content=\"Gasparini: sogno una costituente agricola che parte dai bisogni del territorio\" \/>\n<meta property=\"og:url\" content=\"https:\/\/www.confagricoltura.org\/piacenza\/assemblea-generale-di-confagricoltura-piacenza\/\" \/>\n<meta property=\"og:site_name\" content=\"Confagricoltura Piacenza\" \/>\n<meta property=\"article:published_time\" content=\"2022-07-13T11:12:00+00:00\" \/>\n<meta property=\"article:modified_time\" content=\"2022-07-15T11:15:06+00:00\" \/>\n<meta property=\"og:image\" content=\"https:\/\/www.confagricoltura.org\/piacenza\/wp-content\/uploads\/sites\/11\/2022\/07\/11-07-22-sala.jpg\" \/>\n\t<meta property=\"og:image:width\" content=\"2315\" \/>\n\t<meta property=\"og:image:height\" content=\"1596\" \/>\n\t<meta property=\"og:image:type\" content=\"image\/jpeg\" \/>\n<meta name=\"author\" content=\"confagricolturapiacenza\" \/>\n<meta name=\"twitter:card\" content=\"summary_large_image\" \/>\n<meta name=\"twitter:label1\" content=\"Scritto da\" \/>\n\t<meta name=\"twitter:data1\" content=\"confagricolturapiacenza\" \/>\n\t<meta name=\"twitter:label2\" content=\"Tempo di lettura stimato\" \/>\n\t<meta name=\"twitter:data2\" content=\"4 minuti\" \/>\n<script type=\"application\/ld+json\" class=\"yoast-schema-graph\">{\"@context\":\"https:\/\/schema.org\",\"@graph\":[{\"@type\":\"Article\",\"@id\":\"https:\/\/www.confagricoltura.org\/piacenza\/assemblea-generale-di-confagricoltura-piacenza\/#article\",\"isPartOf\":{\"@id\":\"https:\/\/www.confagricoltura.org\/piacenza\/assemblea-generale-di-confagricoltura-piacenza\/\"},\"author\":{\"name\":\"confagricolturapiacenza\",\"@id\":\"https:\/\/www.confagricoltura.org\/piacenza\/#\/schema\/person\/be5da25a3117fea4b3bfec9dba09b5e8\"},\"headline\":\"Assemblea Generale di Confagricoltura Piacenza\",\"datePublished\":\"2022-07-13T11:12:00+00:00\",\"dateModified\":\"2022-07-15T11:15:06+00:00\",\"mainEntityOfPage\":{\"@id\":\"https:\/\/www.confagricoltura.org\/piacenza\/assemblea-generale-di-confagricoltura-piacenza\/\"},\"wordCount\":703,\"image\":{\"@id\":\"https:\/\/www.confagricoltura.org\/piacenza\/assemblea-generale-di-confagricoltura-piacenza\/#primaryimage\"},\"thumbnailUrl\":\"https:\/\/www.confagricoltura.org\/piacenza\/wp-content\/uploads\/sites\/11\/2022\/07\/11-07-22-sala.jpg\",\"keywords\":[\"assemblea confagricoltura piacenzza\"],\"articleSection\":[\"Eventi\",\"News\"],\"inLanguage\":\"it-IT\"},{\"@type\":\"WebPage\",\"@id\":\"https:\/\/www.confagricoltura.org\/piacenza\/assemblea-generale-di-confagricoltura-piacenza\/\",\"url\":\"https:\/\/www.confagricoltura.org\/piacenza\/assemblea-generale-di-confagricoltura-piacenza\/\",\"name\":\"Assemblea Generale di Confagricoltura Piacenza - Confagricoltura Piacenza\",\"isPartOf\":{\"@id\":\"https:\/\/www.confagricoltura.org\/piacenza\/#website\"},\"primaryImageOfPage\":{\"@id\":\"https:\/\/www.confagricoltura.org\/piacenza\/assemblea-generale-di-confagricoltura-piacenza\/#primaryimage\"},\"image\":{\"@id\":\"https:\/\/www.confagricoltura.org\/piacenza\/assemblea-generale-di-confagricoltura-piacenza\/#primaryimage\"},\"thumbnailUrl\":\"https:\/\/www.confagricoltura.org\/piacenza\/wp-content\/uploads\/sites\/11\/2022\/07\/11-07-22-sala.jpg\",\"datePublished\":\"2022-07-13T11:12:00+00:00\",\"dateModified\":\"2022-07-15T11:15:06+00:00\",\"author\":{\"@id\":\"https:\/\/www.confagricoltura.org\/piacenza\/#\/schema\/person\/be5da25a3117fea4b3bfec9dba09b5e8\"},\"breadcrumb\":{\"@id\":\"https:\/\/www.confagricoltura.org\/piacenza\/assemblea-generale-di-confagricoltura-piacenza\/#breadcrumb\"},\"inLanguage\":\"it-IT\",\"potentialAction\":[{\"@type\":\"ReadAction\",\"target\":[\"https:\/\/www.confagricoltura.org\/piacenza\/assemblea-generale-di-confagricoltura-piacenza\/\"]}]},{\"@type\":\"ImageObject\",\"inLanguage\":\"it-IT\",\"@id\":\"https:\/\/www.confagricoltura.org\/piacenza\/assemblea-generale-di-confagricoltura-piacenza\/#primaryimage\",\"url\":\"https:\/\/www.confagricoltura.org\/piacenza\/wp-content\/uploads\/sites\/11\/2022\/07\/11-07-22-sala.jpg\",\"contentUrl\":\"https:\/\/www.confagricoltura.org\/piacenza\/wp-content\/uploads\/sites\/11\/2022\/07\/11-07-22-sala.jpg\",\"width\":2315,\"height\":1596},{\"@type\":\"BreadcrumbList\",\"@id\":\"https:\/\/www.confagricoltura.org\/piacenza\/assemblea-generale-di-confagricoltura-piacenza\/#breadcrumb\",\"itemListElement\":[{\"@type\":\"ListItem\",\"position\":1,\"name\":\"Home\",\"item\":\"https:\/\/www.confagricoltura.org\/piacenza\/\"},{\"@type\":\"ListItem\",\"position\":2,\"name\":\"Assemblea Generale di Confagricoltura Piacenza\"}]},{\"@type\":\"WebSite\",\"@id\":\"https:\/\/www.confagricoltura.org\/piacenza\/#website\",\"url\":\"https:\/\/www.confagricoltura.org\/piacenza\/\",\"name\":\"Confagricoltura Piacenza\",\"description\":\"Dalla parte degli Agricoltori\",\"potentialAction\":[{\"@type\":\"SearchAction\",\"target\":{\"@type\":\"EntryPoint\",\"urlTemplate\":\"https:\/\/www.confagricoltura.org\/piacenza\/?s={search_term_string}\"},\"query-input\":{\"@type\":\"PropertyValueSpecification\",\"valueRequired\":true,\"valueName\":\"search_term_string\"}}],\"inLanguage\":\"it-IT\"},{\"@type\":\"Person\",\"@id\":\"https:\/\/www.confagricoltura.org\/piacenza\/#\/schema\/person\/be5da25a3117fea4b3bfec9dba09b5e8\",\"name\":\"confagricolturapiacenza\",\"image\":{\"@type\":\"ImageObject\",\"inLanguage\":\"it-IT\",\"@id\":\"https:\/\/www.confagricoltura.org\/piacenza\/#\/schema\/person\/image\/\",\"url\":\"https:\/\/secure.gravatar.com\/avatar\/9c5f111e417171581853bd0a3ff892ca?s=96&d=mm&r=g\",\"contentUrl\":\"https:\/\/secure.gravatar.com\/avatar\/9c5f111e417171581853bd0a3ff892ca?s=96&d=mm&r=g\",\"caption\":\"confagricolturapiacenza\"},\"url\":\"https:\/\/www.confagricoltura.org\/piacenza\/author\/confagricolturapiacenza\/\"}]}<\/script>\n<!-- \/ Yoast SEO plugin. -->","yoast_head_json":{"title":"Assemblea Generale di Confagricoltura Piacenza - Confagricoltura Piacenza","robots":{"index":"index","follow":"follow","max-snippet":"max-snippet:-1","max-image-preview":"max-image-preview:large","max-video-preview":"max-video-preview:-1"},"canonical":"https:\/\/www.confagricoltura.org\/piacenza\/assemblea-generale-di-confagricoltura-piacenza\/","og_locale":"it_IT","og_type":"article","og_title":"Assemblea Generale di Confagricoltura Piacenza - Confagricoltura Piacenza","og_description":"Gasparini: sogno una costituente agricola che parte dai bisogni del territorio","og_url":"https:\/\/www.confagricoltura.org\/piacenza\/assemblea-generale-di-confagricoltura-piacenza\/","og_site_name":"Confagricoltura Piacenza","article_published_time":"2022-07-13T11:12:00+00:00","article_modified_time":"2022-07-15T11:15:06+00:00","og_image":[{"width":2315,"height":1596,"url":"https:\/\/www.confagricoltura.org\/piacenza\/wp-content\/uploads\/sites\/11\/2022\/07\/11-07-22-sala.jpg","type":"image\/jpeg"}],"author":"confagricolturapiacenza","twitter_card":"summary_large_image","twitter_misc":{"Scritto da":"confagricolturapiacenza","Tempo di lettura stimato":"4 minuti"},"schema":{"@context":"https:\/\/schema.org","@graph":[{"@type":"Article","@id":"https:\/\/www.confagricoltura.org\/piacenza\/assemblea-generale-di-confagricoltura-piacenza\/#article","isPartOf":{"@id":"https:\/\/www.confagricoltura.org\/piacenza\/assemblea-generale-di-confagricoltura-piacenza\/"},"author":{"name":"confagricolturapiacenza","@id":"https:\/\/www.confagricoltura.org\/piacenza\/#\/schema\/person\/be5da25a3117fea4b3bfec9dba09b5e8"},"headline":"Assemblea Generale di Confagricoltura Piacenza","datePublished":"2022-07-13T11:12:00+00:00","dateModified":"2022-07-15T11:15:06+00:00","mainEntityOfPage":{"@id":"https:\/\/www.confagricoltura.org\/piacenza\/assemblea-generale-di-confagricoltura-piacenza\/"},"wordCount":703,"image":{"@id":"https:\/\/www.confagricoltura.org\/piacenza\/assemblea-generale-di-confagricoltura-piacenza\/#primaryimage"},"thumbnailUrl":"https:\/\/www.confagricoltura.org\/piacenza\/wp-content\/uploads\/sites\/11\/2022\/07\/11-07-22-sala.jpg","keywords":["assemblea confagricoltura piacenzza"],"articleSection":["Eventi","News"],"inLanguage":"it-IT"},{"@type":"WebPage","@id":"https:\/\/www.confagricoltura.org\/piacenza\/assemblea-generale-di-confagricoltura-piacenza\/","url":"https:\/\/www.confagricoltura.org\/piacenza\/assemblea-generale-di-confagricoltura-piacenza\/","name":"Assemblea Generale di Confagricoltura Piacenza - Confagricoltura Piacenza","isPartOf":{"@id":"https:\/\/www.confagricoltura.org\/piacenza\/#website"},"primaryImageOfPage":{"@id":"https:\/\/www.confagricoltura.org\/piacenza\/assemblea-generale-di-confagricoltura-piacenza\/#primaryimage"},"image":{"@id":"https:\/\/www.confagricoltura.org\/piacenza\/assemblea-generale-di-confagricoltura-piacenza\/#primaryimage"},"thumbnailUrl":"https:\/\/www.confagricoltura.org\/piacenza\/wp-content\/uploads\/sites\/11\/2022\/07\/11-07-22-sala.jpg","datePublished":"2022-07-13T11:12:00+00:00","dateModified":"2022-07-15T11:15:06+00:00","author":{"@id":"https:\/\/www.confagricoltura.org\/piacenza\/#\/schema\/person\/be5da25a3117fea4b3bfec9dba09b5e8"},"breadcrumb":{"@id":"https:\/\/www.confagricoltura.org\/piacenza\/assemblea-generale-di-confagricoltura-piacenza\/#breadcrumb"},"inLanguage":"it-IT","potentialAction":[{"@type":"ReadAction","target":["https:\/\/www.confagricoltura.org\/piacenza\/assemblea-generale-di-confagricoltura-piacenza\/"]}]},{"@type":"ImageObject","inLanguage":"it-IT","@id":"https:\/\/www.confagricoltura.org\/piacenza\/assemblea-generale-di-confagricoltura-piacenza\/#primaryimage","url":"https:\/\/www.confagricoltura.org\/piacenza\/wp-content\/uploads\/sites\/11\/2022\/07\/11-07-22-sala.jpg","contentUrl":"https:\/\/www.confagricoltura.org\/piacenza\/wp-content\/uploads\/sites\/11\/2022\/07\/11-07-22-sala.jpg","width":2315,"height":1596},{"@type":"BreadcrumbList","@id":"https:\/\/www.confagricoltura.org\/piacenza\/assemblea-generale-di-confagricoltura-piacenza\/#breadcrumb","itemListElement":[{"@type":"ListItem","position":1,"name":"Home","item":"https:\/\/www.confagricoltura.org\/piacenza\/"},{"@type":"ListItem","position":2,"name":"Assemblea Generale di Confagricoltura Piacenza"}]},{"@type":"WebSite","@id":"https:\/\/www.confagricoltura.org\/piacenza\/#website","url":"https:\/\/www.confagricoltura.org\/piacenza\/","name":"Confagricoltura Piacenza","description":"Dalla parte degli Agricoltori","potentialAction":[{"@type":"SearchAction","target":{"@type":"EntryPoint","urlTemplate":"https:\/\/www.confagricoltura.org\/piacenza\/?s={search_term_string}"},"query-input":{"@type":"PropertyValueSpecification","valueRequired":true,"valueName":"search_term_string"}}],"inLanguage":"it-IT"},{"@type":"Person","@id":"https:\/\/www.confagricoltura.org\/piacenza\/#\/schema\/person\/be5da25a3117fea4b3bfec9dba09b5e8","name":"confagricolturapiacenza","image":{"@type":"ImageObject","inLanguage":"it-IT","@id":"https:\/\/www.confagricoltura.org\/piacenza\/#\/schema\/person\/image\/","url":"https:\/\/secure.gravatar.com\/avatar\/9c5f111e417171581853bd0a3ff892ca?s=96&d=mm&r=g","contentUrl":"https:\/\/secure.gravatar.com\/avatar\/9c5f111e417171581853bd0a3ff892ca?s=96&d=mm&r=g","caption":"confagricolturapiacenza"},"url":"https:\/\/www.confagricoltura.org\/piacenza\/author\/confagricolturapiacenza\/"}]}},"_links":{"self":[{"href":"https:\/\/www.confagricoltura.org\/piacenza\/wp-json\/wp\/v2\/posts\/3879","targetHints":{"allow":["GET"]}}],"collection":[{"href":"https:\/\/www.confagricoltura.org\/piacenza\/wp-json\/wp\/v2\/posts"}],"about":[{"href":"https:\/\/www.confagricoltura.org\/piacenza\/wp-json\/wp\/v2\/types\/post"}],"author":[{"embeddable":true,"href":"https:\/\/www.confagricoltura.org\/piacenza\/wp-json\/wp\/v2\/users\/6"}],"replies":[{"embeddable":true,"href":"https:\/\/www.confagricoltura.org\/piacenza\/wp-json\/wp\/v2\/comments?post=3879"}],"version-history":[{"count":1,"href":"https:\/\/www.confagricoltura.org\/piacenza\/wp-json\/wp\/v2\/posts\/3879\/revisions"}],"predecessor-version":[{"id":3881,"href":"https:\/\/www.confagricoltura.org\/piacenza\/wp-json\/wp\/v2\/posts\/3879\/revisions\/3881"}],"wp:featuredmedia":[{"embeddable":true,"href":"https:\/\/www.confagricoltura.org\/piacenza\/wp-json\/wp\/v2\/media\/3880"}],"wp:attachment":[{"href":"https:\/\/www.confagricoltura.org\/piacenza\/wp-json\/wp\/v2\/media?parent=3879"}],"wp:term":[{"taxonomy":"category","embeddable":true,"href":"https:\/\/www.confagricoltura.org\/piacenza\/wp-json\/wp\/v2\/categories?post=3879"},{"taxonomy":"post_tag","embeddable":true,"href":"https:\/\/www.confagricoltura.org\/piacenza\/wp-json\/wp\/v2\/tags?post=3879"}],"curies":[{"name":"wp","href":"https:\/\/api.w.org\/{rel}","templated":true}]}}