{"id":3863,"date":"2022-06-30T12:35:00","date_gmt":"2022-06-30T10:35:00","guid":{"rendered":"https:\/\/www.confagricoltura.org\/piacenza\/?p=3863"},"modified":"2022-07-15T12:42:44","modified_gmt":"2022-07-15T10:42:44","slug":"incendi-boschivi-da-sabato-2-luglio-lo-stato-di-grave-pericolosita-si-estende-allintero-territorio-regionale","status":"publish","type":"post","link":"https:\/\/www.confagricoltura.org\/piacenza\/incendi-boschivi-da-sabato-2-luglio-lo-stato-di-grave-pericolosita-si-estende-allintero-territorio-regionale\/","title":{"rendered":"Incendi boschivi: da sabato 2 luglio lo stato di grave pericolosit\u00e0 si estende all&#8217;intero territorio regionale"},"content":{"rendered":"\n<p>Confagricoltura Piacenza rende noto che la Regione Emilia-Romagna ha comunicato che a causa del perdurare delle condizioni di siccit\u00e0 severa, aggravate da ondate di calore e dall&#8217;arrivo di venti da moderati a forti, ormai estese a tutto il territorio della regione e purtroppo destinate a peggiorare, \u00e8 <strong>stato dichiarato da sabato 2 luglio fino alla mezzanotte di domenica 28 agosto 2022 sull&#8217;intero territorio regionale \u201clo stato di grave pericolosit\u00e0\u201d per il rischio di incendi boschivi.<\/strong> Il provvedimento \u00e8 stato emanato dal Direttore dell\u2019Agenzia regionale per la sicurezza territoriale e la protezione civile, Rita Nicolini.<\/p>\n\n\n\n<p>Susanna Franzini, responsabile dei Servizi Tecnici di Confagricoltura Piacenza spiega: \u201cScatta il divieto di accendere fuochi o utilizzare strumenti che producano fiamme, faville o braci a meno di 200 metri di distanza dai boschi e dai terreni saldi, fumare e ogni altra operazione che comporti pericolo di incendio. <strong>Sono inoltre vietati gli abbruciamenti di residui vegetali agricoli su tutto il territorio regionale<\/strong>. All\u2019aumento dei divieti corrisponde un diverso regime sanzionatorio. A questo proposito si ricorda che la nuova Legge per il contrasto agli incendi boschivi n.155\/2021 prevede pesanti sanzioni per chi viola le prescrizioni o adotta comportamenti pericolosi. In particolare, il pagamento in misura ridotta della sanzione pecuniaria \u00e8 stato elevato a 10.000 euro, precedentemente 2.064 euro. Va ricordato infine che, in caso di incendio, sui boschi percorsi dal fuoco scatta per 10 anni il divieto di caccia e di pascolo\u201d.<\/p>\n\n\n\n<p>lo stato di grave pericolosit\u00e0, come detto, comincia il 2 luglio in tutte le province della regione e proseguir\u00e0 fino al 28 agosto, ma la situazione viene costantemente monitorata ed \u00e8 possibile che lo stato di preallarme venga in futuro riportato alla soglia di attenzione.<\/p>\n\n\n\n<p>\u201cPer ora &#8211; conclude Franzini &#8211; gli indici di suscettivit\u00e0 e di propagazione, lo stato della vegetazione e i dati sugli incendi effettivamente verificati si mantengono tutti sfavorevoli. In questo gravissimo e prolungato periodo di marcata siccit\u00e0 ed alte temperature, invitiamo tutti gli associati a porre massima attenzione e a non procedere, in nessun caso, con abburciamenti\u201d<\/p>\n\n\n\n<p>Sul sito web dell\u2019Agenzia per la sicurezza territoriale e la Protezione civile (<a href=\"https:\/\/protezionecivile.regione.emilia-romagna.it\">https:\/\/protezionecivile.regione.emilia-romagna.it<\/a>) viene pubblicato un Bollettino di informazione ai cittadini.<\/p>\n\n\n\n<p>I numeri da chiamare (la telefonata \u00e8 gratuita) in caso di avvistamento di un incendio boschivo sono:<\/p>\n\n\n\n<p>&#8211; 115 da chiamare in caso d\u2019incendio (numero di soccorso del Corpo Nazionale dei Vigili del Fuoco);<\/p>\n\n\n\n<p>&#8211; 1515 per la segnalazione di illeciti e di comportamenti a rischio di incendio boschivo (numero di emergenza ambientale dei Carabinieri &#8211; Organizzazione Forestale dell\u2019Arma).<\/p>\n","protected":false},"excerpt":{"rendered":"<p>Confagricoltura Piacenza rende noto che la Regione Emilia-Romagna ha comunicato che a causa del perdurare delle condizioni di siccit\u00e0 severa, <\/p>\n","protected":false},"author":6,"featured_media":3864,"comment_status":"closed","ping_status":"closed","sticky":false,"template":"","format":"standard","meta":{"wp_mapbox_gl_js_media":[],"footnotes":""},"categories":[4,9],"tags":[463],"class_list":["post-3863","post","type-post","status-publish","format-standard","has-post-thumbnail","hentry","category-news","category-territorio-ambiente","tag-incendi"],"yoast_head":"<!-- This site is optimized with the Yoast SEO plugin v26.8 - https:\/\/yoast.com\/product\/yoast-seo-wordpress\/ -->\n<title>Incendi boschivi: da sabato 2 luglio lo stato di grave pericolosit\u00e0 si estende all&#039;intero territorio regionale - Confagricoltura Piacenza<\/title>\n<meta name=\"robots\" content=\"index, follow, max-snippet:-1, max-image-preview:large, max-video-preview:-1\" \/>\n<link rel=\"canonical\" href=\"https:\/\/www.confagricoltura.org\/piacenza\/incendi-boschivi-da-sabato-2-luglio-lo-stato-di-grave-pericolosita-si-estende-allintero-territorio-regionale\/\" \/>\n<meta property=\"og:locale\" content=\"it_IT\" \/>\n<meta property=\"og:type\" content=\"article\" \/>\n<meta property=\"og:title\" content=\"Incendi boschivi: da sabato 2 luglio lo stato di grave pericolosit\u00e0 si estende all&#039;intero territorio regionale - Confagricoltura Piacenza\" \/>\n<meta property=\"og:description\" content=\"Confagricoltura Piacenza rende noto che la Regione Emilia-Romagna ha comunicato che a causa del perdurare delle condizioni di siccit\u00e0 severa,\" \/>\n<meta property=\"og:url\" content=\"https:\/\/www.confagricoltura.org\/piacenza\/incendi-boschivi-da-sabato-2-luglio-lo-stato-di-grave-pericolosita-si-estende-allintero-territorio-regionale\/\" \/>\n<meta property=\"og:site_name\" content=\"Confagricoltura Piacenza\" \/>\n<meta property=\"article:published_time\" content=\"2022-06-30T10:35:00+00:00\" \/>\n<meta property=\"article:modified_time\" content=\"2022-07-15T10:42:44+00:00\" \/>\n<meta property=\"og:image\" content=\"https:\/\/www.confagricoltura.org\/piacenza\/wp-content\/uploads\/sites\/11\/2022\/07\/generica_incendio.jpg\" \/>\n\t<meta property=\"og:image:width\" content=\"893\" \/>\n\t<meta property=\"og:image:height\" content=\"501\" \/>\n\t<meta property=\"og:image:type\" content=\"image\/jpeg\" \/>\n<meta name=\"author\" content=\"confagricolturapiacenza\" \/>\n<meta name=\"twitter:card\" content=\"summary_large_image\" \/>\n<meta name=\"twitter:label1\" content=\"Scritto da\" \/>\n\t<meta name=\"twitter:data1\" content=\"confagricolturapiacenza\" \/>\n\t<meta name=\"twitter:label2\" content=\"Tempo di lettura stimato\" \/>\n\t<meta name=\"twitter:data2\" content=\"2 minuti\" \/>\n<script type=\"application\/ld+json\" class=\"yoast-schema-graph\">{\"@context\":\"https:\/\/schema.org\",\"@graph\":[{\"@type\":\"Article\",\"@id\":\"https:\/\/www.confagricoltura.org\/piacenza\/incendi-boschivi-da-sabato-2-luglio-lo-stato-di-grave-pericolosita-si-estende-allintero-territorio-regionale\/#article\",\"isPartOf\":{\"@id\":\"https:\/\/www.confagricoltura.org\/piacenza\/incendi-boschivi-da-sabato-2-luglio-lo-stato-di-grave-pericolosita-si-estende-allintero-territorio-regionale\/\"},\"author\":{\"name\":\"confagricolturapiacenza\",\"@id\":\"https:\/\/www.confagricoltura.org\/piacenza\/#\/schema\/person\/be5da25a3117fea4b3bfec9dba09b5e8\"},\"headline\":\"Incendi boschivi: da sabato 2 luglio lo stato di grave pericolosit\u00e0 si estende all&#8217;intero territorio regionale\",\"datePublished\":\"2022-06-30T10:35:00+00:00\",\"dateModified\":\"2022-07-15T10:42:44+00:00\",\"mainEntityOfPage\":{\"@id\":\"https:\/\/www.confagricoltura.org\/piacenza\/incendi-boschivi-da-sabato-2-luglio-lo-stato-di-grave-pericolosita-si-estende-allintero-territorio-regionale\/\"},\"wordCount\":428,\"image\":{\"@id\":\"https:\/\/www.confagricoltura.org\/piacenza\/incendi-boschivi-da-sabato-2-luglio-lo-stato-di-grave-pericolosita-si-estende-allintero-territorio-regionale\/#primaryimage\"},\"thumbnailUrl\":\"https:\/\/www.confagricoltura.org\/piacenza\/wp-content\/uploads\/sites\/11\/2022\/07\/generica_incendio.jpg\",\"keywords\":[\"INCENDI\"],\"articleSection\":[\"News\",\"Territorio e Ambiente\"],\"inLanguage\":\"it-IT\"},{\"@type\":\"WebPage\",\"@id\":\"https:\/\/www.confagricoltura.org\/piacenza\/incendi-boschivi-da-sabato-2-luglio-lo-stato-di-grave-pericolosita-si-estende-allintero-territorio-regionale\/\",\"url\":\"https:\/\/www.confagricoltura.org\/piacenza\/incendi-boschivi-da-sabato-2-luglio-lo-stato-di-grave-pericolosita-si-estende-allintero-territorio-regionale\/\",\"name\":\"Incendi boschivi: da sabato 2 luglio lo stato di grave pericolosit\u00e0 si estende all'intero territorio regionale - Confagricoltura Piacenza\",\"isPartOf\":{\"@id\":\"https:\/\/www.confagricoltura.org\/piacenza\/#website\"},\"primaryImageOfPage\":{\"@id\":\"https:\/\/www.confagricoltura.org\/piacenza\/incendi-boschivi-da-sabato-2-luglio-lo-stato-di-grave-pericolosita-si-estende-allintero-territorio-regionale\/#primaryimage\"},\"image\":{\"@id\":\"https:\/\/www.confagricoltura.org\/piacenza\/incendi-boschivi-da-sabato-2-luglio-lo-stato-di-grave-pericolosita-si-estende-allintero-territorio-regionale\/#primaryimage\"},\"thumbnailUrl\":\"https:\/\/www.confagricoltura.org\/piacenza\/wp-content\/uploads\/sites\/11\/2022\/07\/generica_incendio.jpg\",\"datePublished\":\"2022-06-30T10:35:00+00:00\",\"dateModified\":\"2022-07-15T10:42:44+00:00\",\"author\":{\"@id\":\"https:\/\/www.confagricoltura.org\/piacenza\/#\/schema\/person\/be5da25a3117fea4b3bfec9dba09b5e8\"},\"breadcrumb\":{\"@id\":\"https:\/\/www.confagricoltura.org\/piacenza\/incendi-boschivi-da-sabato-2-luglio-lo-stato-di-grave-pericolosita-si-estende-allintero-territorio-regionale\/#breadcrumb\"},\"inLanguage\":\"it-IT\",\"potentialAction\":[{\"@type\":\"ReadAction\",\"target\":[\"https:\/\/www.confagricoltura.org\/piacenza\/incendi-boschivi-da-sabato-2-luglio-lo-stato-di-grave-pericolosita-si-estende-allintero-territorio-regionale\/\"]}]},{\"@type\":\"ImageObject\",\"inLanguage\":\"it-IT\",\"@id\":\"https:\/\/www.confagricoltura.org\/piacenza\/incendi-boschivi-da-sabato-2-luglio-lo-stato-di-grave-pericolosita-si-estende-allintero-territorio-regionale\/#primaryimage\",\"url\":\"https:\/\/www.confagricoltura.org\/piacenza\/wp-content\/uploads\/sites\/11\/2022\/07\/generica_incendio.jpg\",\"contentUrl\":\"https:\/\/www.confagricoltura.org\/piacenza\/wp-content\/uploads\/sites\/11\/2022\/07\/generica_incendio.jpg\",\"width\":893,\"height\":501},{\"@type\":\"BreadcrumbList\",\"@id\":\"https:\/\/www.confagricoltura.org\/piacenza\/incendi-boschivi-da-sabato-2-luglio-lo-stato-di-grave-pericolosita-si-estende-allintero-territorio-regionale\/#breadcrumb\",\"itemListElement\":[{\"@type\":\"ListItem\",\"position\":1,\"name\":\"Home\",\"item\":\"https:\/\/www.confagricoltura.org\/piacenza\/\"},{\"@type\":\"ListItem\",\"position\":2,\"name\":\"Incendi boschivi: da sabato 2 luglio lo stato di grave pericolosit\u00e0 si estende all&#8217;intero territorio regionale\"}]},{\"@type\":\"WebSite\",\"@id\":\"https:\/\/www.confagricoltura.org\/piacenza\/#website\",\"url\":\"https:\/\/www.confagricoltura.org\/piacenza\/\",\"name\":\"Confagricoltura Piacenza\",\"description\":\"Dalla parte degli Agricoltori\",\"potentialAction\":[{\"@type\":\"SearchAction\",\"target\":{\"@type\":\"EntryPoint\",\"urlTemplate\":\"https:\/\/www.confagricoltura.org\/piacenza\/?s={search_term_string}\"},\"query-input\":{\"@type\":\"PropertyValueSpecification\",\"valueRequired\":true,\"valueName\":\"search_term_string\"}}],\"inLanguage\":\"it-IT\"},{\"@type\":\"Person\",\"@id\":\"https:\/\/www.confagricoltura.org\/piacenza\/#\/schema\/person\/be5da25a3117fea4b3bfec9dba09b5e8\",\"name\":\"confagricolturapiacenza\",\"image\":{\"@type\":\"ImageObject\",\"inLanguage\":\"it-IT\",\"@id\":\"https:\/\/www.confagricoltura.org\/piacenza\/#\/schema\/person\/image\/\",\"url\":\"https:\/\/secure.gravatar.com\/avatar\/9c5f111e417171581853bd0a3ff892ca?s=96&d=mm&r=g\",\"contentUrl\":\"https:\/\/secure.gravatar.com\/avatar\/9c5f111e417171581853bd0a3ff892ca?s=96&d=mm&r=g\",\"caption\":\"confagricolturapiacenza\"},\"url\":\"https:\/\/www.confagricoltura.org\/piacenza\/author\/confagricolturapiacenza\/\"}]}<\/script>\n<!-- \/ Yoast SEO plugin. -->","yoast_head_json":{"title":"Incendi boschivi: da sabato 2 luglio lo stato di grave pericolosit\u00e0 si estende all'intero territorio regionale - Confagricoltura Piacenza","robots":{"index":"index","follow":"follow","max-snippet":"max-snippet:-1","max-image-preview":"max-image-preview:large","max-video-preview":"max-video-preview:-1"},"canonical":"https:\/\/www.confagricoltura.org\/piacenza\/incendi-boschivi-da-sabato-2-luglio-lo-stato-di-grave-pericolosita-si-estende-allintero-territorio-regionale\/","og_locale":"it_IT","og_type":"article","og_title":"Incendi boschivi: da sabato 2 luglio lo stato di grave pericolosit\u00e0 si estende all'intero territorio regionale - Confagricoltura Piacenza","og_description":"Confagricoltura Piacenza rende noto che la Regione Emilia-Romagna ha comunicato che a causa del perdurare delle condizioni di siccit\u00e0 severa,","og_url":"https:\/\/www.confagricoltura.org\/piacenza\/incendi-boschivi-da-sabato-2-luglio-lo-stato-di-grave-pericolosita-si-estende-allintero-territorio-regionale\/","og_site_name":"Confagricoltura Piacenza","article_published_time":"2022-06-30T10:35:00+00:00","article_modified_time":"2022-07-15T10:42:44+00:00","og_image":[{"width":893,"height":501,"url":"https:\/\/www.confagricoltura.org\/piacenza\/wp-content\/uploads\/sites\/11\/2022\/07\/generica_incendio.jpg","type":"image\/jpeg"}],"author":"confagricolturapiacenza","twitter_card":"summary_large_image","twitter_misc":{"Scritto da":"confagricolturapiacenza","Tempo di lettura stimato":"2 minuti"},"schema":{"@context":"https:\/\/schema.org","@graph":[{"@type":"Article","@id":"https:\/\/www.confagricoltura.org\/piacenza\/incendi-boschivi-da-sabato-2-luglio-lo-stato-di-grave-pericolosita-si-estende-allintero-territorio-regionale\/#article","isPartOf":{"@id":"https:\/\/www.confagricoltura.org\/piacenza\/incendi-boschivi-da-sabato-2-luglio-lo-stato-di-grave-pericolosita-si-estende-allintero-territorio-regionale\/"},"author":{"name":"confagricolturapiacenza","@id":"https:\/\/www.confagricoltura.org\/piacenza\/#\/schema\/person\/be5da25a3117fea4b3bfec9dba09b5e8"},"headline":"Incendi boschivi: da sabato 2 luglio lo stato di grave pericolosit\u00e0 si estende all&#8217;intero territorio regionale","datePublished":"2022-06-30T10:35:00+00:00","dateModified":"2022-07-15T10:42:44+00:00","mainEntityOfPage":{"@id":"https:\/\/www.confagricoltura.org\/piacenza\/incendi-boschivi-da-sabato-2-luglio-lo-stato-di-grave-pericolosita-si-estende-allintero-territorio-regionale\/"},"wordCount":428,"image":{"@id":"https:\/\/www.confagricoltura.org\/piacenza\/incendi-boschivi-da-sabato-2-luglio-lo-stato-di-grave-pericolosita-si-estende-allintero-territorio-regionale\/#primaryimage"},"thumbnailUrl":"https:\/\/www.confagricoltura.org\/piacenza\/wp-content\/uploads\/sites\/11\/2022\/07\/generica_incendio.jpg","keywords":["INCENDI"],"articleSection":["News","Territorio e Ambiente"],"inLanguage":"it-IT"},{"@type":"WebPage","@id":"https:\/\/www.confagricoltura.org\/piacenza\/incendi-boschivi-da-sabato-2-luglio-lo-stato-di-grave-pericolosita-si-estende-allintero-territorio-regionale\/","url":"https:\/\/www.confagricoltura.org\/piacenza\/incendi-boschivi-da-sabato-2-luglio-lo-stato-di-grave-pericolosita-si-estende-allintero-territorio-regionale\/","name":"Incendi boschivi: da sabato 2 luglio lo stato di grave pericolosit\u00e0 si estende all'intero territorio regionale - Confagricoltura Piacenza","isPartOf":{"@id":"https:\/\/www.confagricoltura.org\/piacenza\/#website"},"primaryImageOfPage":{"@id":"https:\/\/www.confagricoltura.org\/piacenza\/incendi-boschivi-da-sabato-2-luglio-lo-stato-di-grave-pericolosita-si-estende-allintero-territorio-regionale\/#primaryimage"},"image":{"@id":"https:\/\/www.confagricoltura.org\/piacenza\/incendi-boschivi-da-sabato-2-luglio-lo-stato-di-grave-pericolosita-si-estende-allintero-territorio-regionale\/#primaryimage"},"thumbnailUrl":"https:\/\/www.confagricoltura.org\/piacenza\/wp-content\/uploads\/sites\/11\/2022\/07\/generica_incendio.jpg","datePublished":"2022-06-30T10:35:00+00:00","dateModified":"2022-07-15T10:42:44+00:00","author":{"@id":"https:\/\/www.confagricoltura.org\/piacenza\/#\/schema\/person\/be5da25a3117fea4b3bfec9dba09b5e8"},"breadcrumb":{"@id":"https:\/\/www.confagricoltura.org\/piacenza\/incendi-boschivi-da-sabato-2-luglio-lo-stato-di-grave-pericolosita-si-estende-allintero-territorio-regionale\/#breadcrumb"},"inLanguage":"it-IT","potentialAction":[{"@type":"ReadAction","target":["https:\/\/www.confagricoltura.org\/piacenza\/incendi-boschivi-da-sabato-2-luglio-lo-stato-di-grave-pericolosita-si-estende-allintero-territorio-regionale\/"]}]},{"@type":"ImageObject","inLanguage":"it-IT","@id":"https:\/\/www.confagricoltura.org\/piacenza\/incendi-boschivi-da-sabato-2-luglio-lo-stato-di-grave-pericolosita-si-estende-allintero-territorio-regionale\/#primaryimage","url":"https:\/\/www.confagricoltura.org\/piacenza\/wp-content\/uploads\/sites\/11\/2022\/07\/generica_incendio.jpg","contentUrl":"https:\/\/www.confagricoltura.org\/piacenza\/wp-content\/uploads\/sites\/11\/2022\/07\/generica_incendio.jpg","width":893,"height":501},{"@type":"BreadcrumbList","@id":"https:\/\/www.confagricoltura.org\/piacenza\/incendi-boschivi-da-sabato-2-luglio-lo-stato-di-grave-pericolosita-si-estende-allintero-territorio-regionale\/#breadcrumb","itemListElement":[{"@type":"ListItem","position":1,"name":"Home","item":"https:\/\/www.confagricoltura.org\/piacenza\/"},{"@type":"ListItem","position":2,"name":"Incendi boschivi: da sabato 2 luglio lo stato di grave pericolosit\u00e0 si estende all&#8217;intero territorio regionale"}]},{"@type":"WebSite","@id":"https:\/\/www.confagricoltura.org\/piacenza\/#website","url":"https:\/\/www.confagricoltura.org\/piacenza\/","name":"Confagricoltura Piacenza","description":"Dalla parte degli Agricoltori","potentialAction":[{"@type":"SearchAction","target":{"@type":"EntryPoint","urlTemplate":"https:\/\/www.confagricoltura.org\/piacenza\/?s={search_term_string}"},"query-input":{"@type":"PropertyValueSpecification","valueRequired":true,"valueName":"search_term_string"}}],"inLanguage":"it-IT"},{"@type":"Person","@id":"https:\/\/www.confagricoltura.org\/piacenza\/#\/schema\/person\/be5da25a3117fea4b3bfec9dba09b5e8","name":"confagricolturapiacenza","image":{"@type":"ImageObject","inLanguage":"it-IT","@id":"https:\/\/www.confagricoltura.org\/piacenza\/#\/schema\/person\/image\/","url":"https:\/\/secure.gravatar.com\/avatar\/9c5f111e417171581853bd0a3ff892ca?s=96&d=mm&r=g","contentUrl":"https:\/\/secure.gravatar.com\/avatar\/9c5f111e417171581853bd0a3ff892ca?s=96&d=mm&r=g","caption":"confagricolturapiacenza"},"url":"https:\/\/www.confagricoltura.org\/piacenza\/author\/confagricolturapiacenza\/"}]}},"_links":{"self":[{"href":"https:\/\/www.confagricoltura.org\/piacenza\/wp-json\/wp\/v2\/posts\/3863","targetHints":{"allow":["GET"]}}],"collection":[{"href":"https:\/\/www.confagricoltura.org\/piacenza\/wp-json\/wp\/v2\/posts"}],"about":[{"href":"https:\/\/www.confagricoltura.org\/piacenza\/wp-json\/wp\/v2\/types\/post"}],"author":[{"embeddable":true,"href":"https:\/\/www.confagricoltura.org\/piacenza\/wp-json\/wp\/v2\/users\/6"}],"replies":[{"embeddable":true,"href":"https:\/\/www.confagricoltura.org\/piacenza\/wp-json\/wp\/v2\/comments?post=3863"}],"version-history":[{"count":1,"href":"https:\/\/www.confagricoltura.org\/piacenza\/wp-json\/wp\/v2\/posts\/3863\/revisions"}],"predecessor-version":[{"id":3865,"href":"https:\/\/www.confagricoltura.org\/piacenza\/wp-json\/wp\/v2\/posts\/3863\/revisions\/3865"}],"wp:featuredmedia":[{"embeddable":true,"href":"https:\/\/www.confagricoltura.org\/piacenza\/wp-json\/wp\/v2\/media\/3864"}],"wp:attachment":[{"href":"https:\/\/www.confagricoltura.org\/piacenza\/wp-json\/wp\/v2\/media?parent=3863"}],"wp:term":[{"taxonomy":"category","embeddable":true,"href":"https:\/\/www.confagricoltura.org\/piacenza\/wp-json\/wp\/v2\/categories?post=3863"},{"taxonomy":"post_tag","embeddable":true,"href":"https:\/\/www.confagricoltura.org\/piacenza\/wp-json\/wp\/v2\/tags?post=3863"}],"curies":[{"name":"wp","href":"https:\/\/api.w.org\/{rel}","templated":true}]}}