{"id":3860,"date":"2022-06-30T12:13:46","date_gmt":"2022-06-30T10:13:46","guid":{"rendered":"https:\/\/www.confagricoltura.org\/piacenza\/?p=3860"},"modified":"2022-06-30T12:13:47","modified_gmt":"2022-06-30T10:13:47","slug":"siccita-lambertini-confagricoltura-porta-il-tg3-nei-campi-di-pomodoro-piacentini","status":"publish","type":"post","link":"https:\/\/www.confagricoltura.org\/piacenza\/siccita-lambertini-confagricoltura-porta-il-tg3-nei-campi-di-pomodoro-piacentini\/","title":{"rendered":"Siccit\u00e0: Lambertini (Confagricoltura) porta il TG3 nei campi di pomodoro piacentini"},"content":{"rendered":"\n<p>Il Po in secca e i campi di pomodoro sotto scacco sono stati protagonisti del servizio della televisione nazionale che \u00e8 andato in onda il 29 giugno alle 19.00 su Tg3. A portare la testimonianza del dramma della nostra agricoltura Giovanni Lambertini, vicepresidente di Confagricoltura Piacenza e presidente della sezione di prodotto Pomodoro da industria di Confagricoltura sia provinciale che regionale.&nbsp; La sua intervista \u00e8 stata preceduta da quella al presidente del Consorzio di Bonifica di Piacenza, Luigi Bisi, che ha fatto il punto sulla situazione e sulle riserve, purtroppo scarse. \u201cNei campi di pomodoro usiamo l\u2019irrigazione a goccia ed attuiamo tutte le strategie per una gestione razionale, mirata, dell\u2019acqua \u2013 ha spiegato Lambertini&nbsp; &#8211; purtroppo siamo sempre pi\u00f9 esposti a fenomeni estremi per cui l\u2019acqua va trattenuta quando c\u2019\u00e8 per poterla poi gestire al meglio. Ora dobbiamo gestire l\u2019emergenza, ma poi dobbiamo attrezzarci con le infrastrutture adeguate. Anche in un\u2019annata con poche precipitazioni come questa dove ci sono gli invasi c\u2019\u00e8 comunque la possibilit\u00e0 di razionare e gestire. Ma se l\u2019acqua non si \u00e8 trattenuta, si \u00e8 a zero e non si pu\u00f2 fare nulla. Mettiamo in campo anche le variet\u00e0 meno idroesigenti, ma senz\u2019acqua non si produce. Servono Dighe, dighe e dighe!\u201d \u2013 ha concluso.<\/p>\n\n\n\n<p>Confagricoltura Piacenza coglie l\u2019occasione per rispondere ad alcune critiche circa la validit\u00e0 di questa proposta ribadendo che la realizzazione di piccoli invasi, da non escludere come possibilit\u00e0 aziendale, non equivale, quanto funzionalit\u00e0, alla realizzazione di grandi opere per una serie di motivi.<\/p>\n\n\n\n<p>\u201cUna diga \u2013 ricorda il presidente di Confagricoltura Piacenza, Filippo Gasparini &#8211; soddisfa almeno altri cinque bisogni fondamentali del territorio. La funzione pi\u00f9 impellente \u00e8 quella di laminazione delle acque del torrente: \u00e8 un\u2019opera di protezione dalle alluvioni; \u00e8 una risorsa idropotabile: il che sar\u00e0 sempre pi\u00f9 importante non solo per la scarsit\u00e0 delle acque, ma per la qualit\u00e0 delle acque, dato che quelle di superficie sono migliori rispetto a quelle di falda. Consente lo sviluppo di energia idroelettrica, fonte inesauribile e verde per eccellenza perch\u00e9 passiva. Le dighe sono un asset per lo sviluppo turistico delle vallate. Non ultimo, con la diga si risolve la questione ambientale: c\u2019\u00e8 acqua per tutti, senza dover scegliere tra un uso idrico e l\u2019altro, tra un corpo idrico e l\u2019altro: acqua sia per il torrente che per il reticolo, che \u00e8 un ecosistema a sua volta e altrettanto dignitoso. Avremmo un valore immenso stoccato\u201d.<\/p>\n\n\n\n<p>E a chi chiede di cambiare colture, l\u2019associazione ricorda come il territorio sia vocato a determinate coltivazioni in quanto alla base di alcune produzioni del Made in Italy agroalimentare: formaggi, salumi, trasformati di pomodoro.<\/p>\n\n\n\n<p>Per quanto un campo di lavanda possa essere una legittima scelta imprenditoriale, cos\u00ec come le coltivazioni biologiche a bassa produttivit\u00e0, si tratta indirizzi che restano di nicchia rispetto ad un\u2019economica agroalimentare nazionale, fiore all\u2019occhiello e corrispondente a 12 punti di Pil.<\/p>\n\n\n\n<p>Alle frange ambientaliste che chiedono non destinare mais, coltura idroesigente, ai biodigestori si ricorda che la maggior parte dei biodigestori utilizzano prevalentemente reflui zootecnici e scarti dell\u2019industria agroalimentare contribuendo, alla tanto invocata economia circolare e sono esempio virtuoso di energia verde. Non ultimo, il mais comunque conferito \u00e8 in buona misura frutto di secondi prodotti, oppure con caratteristiche non idonee al consumo, come purtroppo potr\u00e0 accadere al termine di un\u2019estate rovente come questa. Un\u2019altra ricetta ciclicamente riproposta per risparmiare acqua \u00e8 proprio quella di ridurre le superfici a mais. A chi lo propone, si chiede di calcolare se davvero sia inferiore l\u2019impronta di carbonio di quello che gli allevatori sono costretti ad importare, spesse volte Bt, da altre parti del globo. La nostra Pianura \u00e8 una delle poche aree del nostro Paese che si prestano all\u2019agricoltura intensiva, possiamo anche decidere di farne un giardino terrestre, ma a nutrire il pianeta qualcuno dovr\u00e0 pur pensare e anche a dissetarlo, viene da aggiungere.<\/p>\n\n\n\n<p><strong><a href=\"http:\/\/bancadati.datavideo.it\/media\/20220629\/20220629-RAI_3-TG3_1900-193833862m.mp4\">Qui il video del servizio al Tg3<\/a>:<\/strong><\/p>\n","protected":false},"excerpt":{"rendered":"<p>Il vicepresidente di Confagricoltura Piacenza: irrighiamo a goccia e gestiamo l\u2019acqua nel migliore dei modi, ma servono invasi e dighe per non finire sempre in emergenza<\/p>\n","protected":false},"author":6,"featured_media":3861,"comment_status":"closed","ping_status":"closed","sticky":false,"template":"","format":"standard","meta":{"wp_mapbox_gl_js_media":[],"footnotes":""},"categories":[4,9],"tags":[88],"class_list":["post-3860","post","type-post","status-publish","format-standard","has-post-thumbnail","hentry","category-news","category-territorio-ambiente","tag-siccita"],"yoast_head":"<!-- This site is optimized with the Yoast SEO plugin v26.8 - https:\/\/yoast.com\/product\/yoast-seo-wordpress\/ -->\n<title>Siccit\u00e0: Lambertini (Confagricoltura) porta il TG3 nei campi di pomodoro piacentini - Confagricoltura Piacenza<\/title>\n<meta name=\"robots\" content=\"index, follow, max-snippet:-1, max-image-preview:large, max-video-preview:-1\" \/>\n<link rel=\"canonical\" href=\"https:\/\/www.confagricoltura.org\/piacenza\/siccita-lambertini-confagricoltura-porta-il-tg3-nei-campi-di-pomodoro-piacentini\/\" \/>\n<meta property=\"og:locale\" content=\"it_IT\" \/>\n<meta property=\"og:type\" content=\"article\" \/>\n<meta property=\"og:title\" content=\"Siccit\u00e0: Lambertini (Confagricoltura) porta il TG3 nei campi di pomodoro piacentini - Confagricoltura Piacenza\" \/>\n<meta property=\"og:description\" content=\"Il vicepresidente di Confagricoltura Piacenza: irrighiamo a goccia e gestiamo l\u2019acqua nel migliore dei modi, ma servono invasi e dighe per non finire sempre in emergenza\" \/>\n<meta property=\"og:url\" content=\"https:\/\/www.confagricoltura.org\/piacenza\/siccita-lambertini-confagricoltura-porta-il-tg3-nei-campi-di-pomodoro-piacentini\/\" \/>\n<meta property=\"og:site_name\" content=\"Confagricoltura Piacenza\" \/>\n<meta property=\"article:published_time\" content=\"2022-06-30T10:13:46+00:00\" \/>\n<meta property=\"article:modified_time\" content=\"2022-06-30T10:13:47+00:00\" \/>\n<meta property=\"og:image\" content=\"https:\/\/www.confagricoltura.org\/piacenza\/wp-content\/uploads\/sites\/11\/2022\/06\/Lambertini-Tg3-scaled.jpg\" \/>\n\t<meta property=\"og:image:width\" content=\"2560\" \/>\n\t<meta property=\"og:image:height\" content=\"1321\" \/>\n\t<meta property=\"og:image:type\" content=\"image\/jpeg\" \/>\n<meta name=\"author\" content=\"confagricolturapiacenza\" \/>\n<meta name=\"twitter:card\" content=\"summary_large_image\" \/>\n<meta name=\"twitter:label1\" content=\"Scritto da\" \/>\n\t<meta name=\"twitter:data1\" content=\"confagricolturapiacenza\" \/>\n\t<meta name=\"twitter:label2\" content=\"Tempo di lettura stimato\" \/>\n\t<meta name=\"twitter:data2\" content=\"3 minuti\" \/>\n<script type=\"application\/ld+json\" class=\"yoast-schema-graph\">{\"@context\":\"https:\/\/schema.org\",\"@graph\":[{\"@type\":\"Article\",\"@id\":\"https:\/\/www.confagricoltura.org\/piacenza\/siccita-lambertini-confagricoltura-porta-il-tg3-nei-campi-di-pomodoro-piacentini\/#article\",\"isPartOf\":{\"@id\":\"https:\/\/www.confagricoltura.org\/piacenza\/siccita-lambertini-confagricoltura-porta-il-tg3-nei-campi-di-pomodoro-piacentini\/\"},\"author\":{\"name\":\"confagricolturapiacenza\",\"@id\":\"https:\/\/www.confagricoltura.org\/piacenza\/#\/schema\/person\/be5da25a3117fea4b3bfec9dba09b5e8\"},\"headline\":\"Siccit\u00e0: Lambertini (Confagricoltura) porta il TG3 nei campi di pomodoro piacentini\",\"datePublished\":\"2022-06-30T10:13:46+00:00\",\"dateModified\":\"2022-06-30T10:13:47+00:00\",\"mainEntityOfPage\":{\"@id\":\"https:\/\/www.confagricoltura.org\/piacenza\/siccita-lambertini-confagricoltura-porta-il-tg3-nei-campi-di-pomodoro-piacentini\/\"},\"wordCount\":658,\"image\":{\"@id\":\"https:\/\/www.confagricoltura.org\/piacenza\/siccita-lambertini-confagricoltura-porta-il-tg3-nei-campi-di-pomodoro-piacentini\/#primaryimage\"},\"thumbnailUrl\":\"https:\/\/www.confagricoltura.org\/piacenza\/wp-content\/uploads\/sites\/11\/2022\/06\/Lambertini-Tg3-scaled.jpg\",\"keywords\":[\"siccit\u00e0\"],\"articleSection\":[\"News\",\"Territorio e Ambiente\"],\"inLanguage\":\"it-IT\"},{\"@type\":\"WebPage\",\"@id\":\"https:\/\/www.confagricoltura.org\/piacenza\/siccita-lambertini-confagricoltura-porta-il-tg3-nei-campi-di-pomodoro-piacentini\/\",\"url\":\"https:\/\/www.confagricoltura.org\/piacenza\/siccita-lambertini-confagricoltura-porta-il-tg3-nei-campi-di-pomodoro-piacentini\/\",\"name\":\"Siccit\u00e0: Lambertini (Confagricoltura) porta il TG3 nei campi di pomodoro piacentini - Confagricoltura Piacenza\",\"isPartOf\":{\"@id\":\"https:\/\/www.confagricoltura.org\/piacenza\/#website\"},\"primaryImageOfPage\":{\"@id\":\"https:\/\/www.confagricoltura.org\/piacenza\/siccita-lambertini-confagricoltura-porta-il-tg3-nei-campi-di-pomodoro-piacentini\/#primaryimage\"},\"image\":{\"@id\":\"https:\/\/www.confagricoltura.org\/piacenza\/siccita-lambertini-confagricoltura-porta-il-tg3-nei-campi-di-pomodoro-piacentini\/#primaryimage\"},\"thumbnailUrl\":\"https:\/\/www.confagricoltura.org\/piacenza\/wp-content\/uploads\/sites\/11\/2022\/06\/Lambertini-Tg3-scaled.jpg\",\"datePublished\":\"2022-06-30T10:13:46+00:00\",\"dateModified\":\"2022-06-30T10:13:47+00:00\",\"author\":{\"@id\":\"https:\/\/www.confagricoltura.org\/piacenza\/#\/schema\/person\/be5da25a3117fea4b3bfec9dba09b5e8\"},\"breadcrumb\":{\"@id\":\"https:\/\/www.confagricoltura.org\/piacenza\/siccita-lambertini-confagricoltura-porta-il-tg3-nei-campi-di-pomodoro-piacentini\/#breadcrumb\"},\"inLanguage\":\"it-IT\",\"potentialAction\":[{\"@type\":\"ReadAction\",\"target\":[\"https:\/\/www.confagricoltura.org\/piacenza\/siccita-lambertini-confagricoltura-porta-il-tg3-nei-campi-di-pomodoro-piacentini\/\"]}]},{\"@type\":\"ImageObject\",\"inLanguage\":\"it-IT\",\"@id\":\"https:\/\/www.confagricoltura.org\/piacenza\/siccita-lambertini-confagricoltura-porta-il-tg3-nei-campi-di-pomodoro-piacentini\/#primaryimage\",\"url\":\"https:\/\/www.confagricoltura.org\/piacenza\/wp-content\/uploads\/sites\/11\/2022\/06\/Lambertini-Tg3-scaled.jpg\",\"contentUrl\":\"https:\/\/www.confagricoltura.org\/piacenza\/wp-content\/uploads\/sites\/11\/2022\/06\/Lambertini-Tg3-scaled.jpg\",\"width\":2560,\"height\":1321},{\"@type\":\"BreadcrumbList\",\"@id\":\"https:\/\/www.confagricoltura.org\/piacenza\/siccita-lambertini-confagricoltura-porta-il-tg3-nei-campi-di-pomodoro-piacentini\/#breadcrumb\",\"itemListElement\":[{\"@type\":\"ListItem\",\"position\":1,\"name\":\"Home\",\"item\":\"https:\/\/www.confagricoltura.org\/piacenza\/\"},{\"@type\":\"ListItem\",\"position\":2,\"name\":\"Siccit\u00e0: Lambertini (Confagricoltura) porta il TG3 nei campi di pomodoro piacentini\"}]},{\"@type\":\"WebSite\",\"@id\":\"https:\/\/www.confagricoltura.org\/piacenza\/#website\",\"url\":\"https:\/\/www.confagricoltura.org\/piacenza\/\",\"name\":\"Confagricoltura Piacenza\",\"description\":\"Dalla parte degli Agricoltori\",\"potentialAction\":[{\"@type\":\"SearchAction\",\"target\":{\"@type\":\"EntryPoint\",\"urlTemplate\":\"https:\/\/www.confagricoltura.org\/piacenza\/?s={search_term_string}\"},\"query-input\":{\"@type\":\"PropertyValueSpecification\",\"valueRequired\":true,\"valueName\":\"search_term_string\"}}],\"inLanguage\":\"it-IT\"},{\"@type\":\"Person\",\"@id\":\"https:\/\/www.confagricoltura.org\/piacenza\/#\/schema\/person\/be5da25a3117fea4b3bfec9dba09b5e8\",\"name\":\"confagricolturapiacenza\",\"image\":{\"@type\":\"ImageObject\",\"inLanguage\":\"it-IT\",\"@id\":\"https:\/\/www.confagricoltura.org\/piacenza\/#\/schema\/person\/image\/\",\"url\":\"https:\/\/secure.gravatar.com\/avatar\/9c5f111e417171581853bd0a3ff892ca?s=96&d=mm&r=g\",\"contentUrl\":\"https:\/\/secure.gravatar.com\/avatar\/9c5f111e417171581853bd0a3ff892ca?s=96&d=mm&r=g\",\"caption\":\"confagricolturapiacenza\"},\"url\":\"https:\/\/www.confagricoltura.org\/piacenza\/author\/confagricolturapiacenza\/\"}]}<\/script>\n<!-- \/ Yoast SEO plugin. -->","yoast_head_json":{"title":"Siccit\u00e0: Lambertini (Confagricoltura) porta il TG3 nei campi di pomodoro piacentini - Confagricoltura Piacenza","robots":{"index":"index","follow":"follow","max-snippet":"max-snippet:-1","max-image-preview":"max-image-preview:large","max-video-preview":"max-video-preview:-1"},"canonical":"https:\/\/www.confagricoltura.org\/piacenza\/siccita-lambertini-confagricoltura-porta-il-tg3-nei-campi-di-pomodoro-piacentini\/","og_locale":"it_IT","og_type":"article","og_title":"Siccit\u00e0: Lambertini (Confagricoltura) porta il TG3 nei campi di pomodoro piacentini - Confagricoltura Piacenza","og_description":"Il vicepresidente di Confagricoltura Piacenza: irrighiamo a goccia e gestiamo l\u2019acqua nel migliore dei modi, ma servono invasi e dighe per non finire sempre in emergenza","og_url":"https:\/\/www.confagricoltura.org\/piacenza\/siccita-lambertini-confagricoltura-porta-il-tg3-nei-campi-di-pomodoro-piacentini\/","og_site_name":"Confagricoltura Piacenza","article_published_time":"2022-06-30T10:13:46+00:00","article_modified_time":"2022-06-30T10:13:47+00:00","og_image":[{"width":2560,"height":1321,"url":"https:\/\/www.confagricoltura.org\/piacenza\/wp-content\/uploads\/sites\/11\/2022\/06\/Lambertini-Tg3-scaled.jpg","type":"image\/jpeg"}],"author":"confagricolturapiacenza","twitter_card":"summary_large_image","twitter_misc":{"Scritto da":"confagricolturapiacenza","Tempo di lettura stimato":"3 minuti"},"schema":{"@context":"https:\/\/schema.org","@graph":[{"@type":"Article","@id":"https:\/\/www.confagricoltura.org\/piacenza\/siccita-lambertini-confagricoltura-porta-il-tg3-nei-campi-di-pomodoro-piacentini\/#article","isPartOf":{"@id":"https:\/\/www.confagricoltura.org\/piacenza\/siccita-lambertini-confagricoltura-porta-il-tg3-nei-campi-di-pomodoro-piacentini\/"},"author":{"name":"confagricolturapiacenza","@id":"https:\/\/www.confagricoltura.org\/piacenza\/#\/schema\/person\/be5da25a3117fea4b3bfec9dba09b5e8"},"headline":"Siccit\u00e0: Lambertini (Confagricoltura) porta il TG3 nei campi di pomodoro piacentini","datePublished":"2022-06-30T10:13:46+00:00","dateModified":"2022-06-30T10:13:47+00:00","mainEntityOfPage":{"@id":"https:\/\/www.confagricoltura.org\/piacenza\/siccita-lambertini-confagricoltura-porta-il-tg3-nei-campi-di-pomodoro-piacentini\/"},"wordCount":658,"image":{"@id":"https:\/\/www.confagricoltura.org\/piacenza\/siccita-lambertini-confagricoltura-porta-il-tg3-nei-campi-di-pomodoro-piacentini\/#primaryimage"},"thumbnailUrl":"https:\/\/www.confagricoltura.org\/piacenza\/wp-content\/uploads\/sites\/11\/2022\/06\/Lambertini-Tg3-scaled.jpg","keywords":["siccit\u00e0"],"articleSection":["News","Territorio e Ambiente"],"inLanguage":"it-IT"},{"@type":"WebPage","@id":"https:\/\/www.confagricoltura.org\/piacenza\/siccita-lambertini-confagricoltura-porta-il-tg3-nei-campi-di-pomodoro-piacentini\/","url":"https:\/\/www.confagricoltura.org\/piacenza\/siccita-lambertini-confagricoltura-porta-il-tg3-nei-campi-di-pomodoro-piacentini\/","name":"Siccit\u00e0: Lambertini (Confagricoltura) porta il TG3 nei campi di pomodoro piacentini - Confagricoltura Piacenza","isPartOf":{"@id":"https:\/\/www.confagricoltura.org\/piacenza\/#website"},"primaryImageOfPage":{"@id":"https:\/\/www.confagricoltura.org\/piacenza\/siccita-lambertini-confagricoltura-porta-il-tg3-nei-campi-di-pomodoro-piacentini\/#primaryimage"},"image":{"@id":"https:\/\/www.confagricoltura.org\/piacenza\/siccita-lambertini-confagricoltura-porta-il-tg3-nei-campi-di-pomodoro-piacentini\/#primaryimage"},"thumbnailUrl":"https:\/\/www.confagricoltura.org\/piacenza\/wp-content\/uploads\/sites\/11\/2022\/06\/Lambertini-Tg3-scaled.jpg","datePublished":"2022-06-30T10:13:46+00:00","dateModified":"2022-06-30T10:13:47+00:00","author":{"@id":"https:\/\/www.confagricoltura.org\/piacenza\/#\/schema\/person\/be5da25a3117fea4b3bfec9dba09b5e8"},"breadcrumb":{"@id":"https:\/\/www.confagricoltura.org\/piacenza\/siccita-lambertini-confagricoltura-porta-il-tg3-nei-campi-di-pomodoro-piacentini\/#breadcrumb"},"inLanguage":"it-IT","potentialAction":[{"@type":"ReadAction","target":["https:\/\/www.confagricoltura.org\/piacenza\/siccita-lambertini-confagricoltura-porta-il-tg3-nei-campi-di-pomodoro-piacentini\/"]}]},{"@type":"ImageObject","inLanguage":"it-IT","@id":"https:\/\/www.confagricoltura.org\/piacenza\/siccita-lambertini-confagricoltura-porta-il-tg3-nei-campi-di-pomodoro-piacentini\/#primaryimage","url":"https:\/\/www.confagricoltura.org\/piacenza\/wp-content\/uploads\/sites\/11\/2022\/06\/Lambertini-Tg3-scaled.jpg","contentUrl":"https:\/\/www.confagricoltura.org\/piacenza\/wp-content\/uploads\/sites\/11\/2022\/06\/Lambertini-Tg3-scaled.jpg","width":2560,"height":1321},{"@type":"BreadcrumbList","@id":"https:\/\/www.confagricoltura.org\/piacenza\/siccita-lambertini-confagricoltura-porta-il-tg3-nei-campi-di-pomodoro-piacentini\/#breadcrumb","itemListElement":[{"@type":"ListItem","position":1,"name":"Home","item":"https:\/\/www.confagricoltura.org\/piacenza\/"},{"@type":"ListItem","position":2,"name":"Siccit\u00e0: Lambertini (Confagricoltura) porta il TG3 nei campi di pomodoro piacentini"}]},{"@type":"WebSite","@id":"https:\/\/www.confagricoltura.org\/piacenza\/#website","url":"https:\/\/www.confagricoltura.org\/piacenza\/","name":"Confagricoltura Piacenza","description":"Dalla parte degli Agricoltori","potentialAction":[{"@type":"SearchAction","target":{"@type":"EntryPoint","urlTemplate":"https:\/\/www.confagricoltura.org\/piacenza\/?s={search_term_string}"},"query-input":{"@type":"PropertyValueSpecification","valueRequired":true,"valueName":"search_term_string"}}],"inLanguage":"it-IT"},{"@type":"Person","@id":"https:\/\/www.confagricoltura.org\/piacenza\/#\/schema\/person\/be5da25a3117fea4b3bfec9dba09b5e8","name":"confagricolturapiacenza","image":{"@type":"ImageObject","inLanguage":"it-IT","@id":"https:\/\/www.confagricoltura.org\/piacenza\/#\/schema\/person\/image\/","url":"https:\/\/secure.gravatar.com\/avatar\/9c5f111e417171581853bd0a3ff892ca?s=96&d=mm&r=g","contentUrl":"https:\/\/secure.gravatar.com\/avatar\/9c5f111e417171581853bd0a3ff892ca?s=96&d=mm&r=g","caption":"confagricolturapiacenza"},"url":"https:\/\/www.confagricoltura.org\/piacenza\/author\/confagricolturapiacenza\/"}]}},"_links":{"self":[{"href":"https:\/\/www.confagricoltura.org\/piacenza\/wp-json\/wp\/v2\/posts\/3860","targetHints":{"allow":["GET"]}}],"collection":[{"href":"https:\/\/www.confagricoltura.org\/piacenza\/wp-json\/wp\/v2\/posts"}],"about":[{"href":"https:\/\/www.confagricoltura.org\/piacenza\/wp-json\/wp\/v2\/types\/post"}],"author":[{"embeddable":true,"href":"https:\/\/www.confagricoltura.org\/piacenza\/wp-json\/wp\/v2\/users\/6"}],"replies":[{"embeddable":true,"href":"https:\/\/www.confagricoltura.org\/piacenza\/wp-json\/wp\/v2\/comments?post=3860"}],"version-history":[{"count":1,"href":"https:\/\/www.confagricoltura.org\/piacenza\/wp-json\/wp\/v2\/posts\/3860\/revisions"}],"predecessor-version":[{"id":3862,"href":"https:\/\/www.confagricoltura.org\/piacenza\/wp-json\/wp\/v2\/posts\/3860\/revisions\/3862"}],"wp:featuredmedia":[{"embeddable":true,"href":"https:\/\/www.confagricoltura.org\/piacenza\/wp-json\/wp\/v2\/media\/3861"}],"wp:attachment":[{"href":"https:\/\/www.confagricoltura.org\/piacenza\/wp-json\/wp\/v2\/media?parent=3860"}],"wp:term":[{"taxonomy":"category","embeddable":true,"href":"https:\/\/www.confagricoltura.org\/piacenza\/wp-json\/wp\/v2\/categories?post=3860"},{"taxonomy":"post_tag","embeddable":true,"href":"https:\/\/www.confagricoltura.org\/piacenza\/wp-json\/wp\/v2\/tags?post=3860"}],"curies":[{"name":"wp","href":"https:\/\/api.w.org\/{rel}","templated":true}]}}