{"id":3852,"date":"2022-06-24T12:19:42","date_gmt":"2022-06-24T10:19:42","guid":{"rendered":"https:\/\/www.confagricoltura.org\/piacenza\/?p=3852"},"modified":"2022-06-27T12:06:49","modified_gmt":"2022-06-27T10:06:49","slug":"a-cena-con-la-scienza-si-parla-di-etica-e-animali","status":"publish","type":"post","link":"https:\/\/www.confagricoltura.org\/piacenza\/a-cena-con-la-scienza-si-parla-di-etica-e-animali\/","title":{"rendered":"A Cena con la Scienza si parla di etica e animali"},"content":{"rendered":"\n<p>Percorrendo il viale che porta all\u2019agriturismo Il Vallone di Alseno si viene accolti dallo sguardo mansueto e curioso di un nutrito gruppo di asinelli, seguono diversi recinti con conigli, galline e anatre. Un ampio cortile e il giardino incorniciano le strutture mentre fanno da quinta le colline della val d\u2019Arda. Basterebbe questo e l\u2019ottima cucina territoriale dell\u2019agriturismo per riappacificarsi col mondo, ma venerd\u00ec 17 A Cena Con La Scienza, il ciclo di appuntamenti organizzato da Confagricoltura Piacenza e Agriturist, ha condotto l\u00ec Don Mirko Dalla Torre che il senso di pace te lo trasmette in ogni sua parola. <a href=\"https:\/\/youtu.be\/mk2iDtyNX30\">(VIDEO SERATA)<\/a><\/p>\n\n\n\n<p>Il sindaco di Sernaglia della Battaglia, una delle tre parrocchie di don Mirko e dove lui ha la canonica, ha fatto mettere due telecamere sulla porta della chiesa dopo che l\u2019Arciprete ha ricevuto minacce e qualche pallottola: \u201croba piccola\u201d \u2013 dice lui sorridendo e raccontando l\u2019aneddoto ai numerosi presenti. A gennaio 2020 \u00e8 uscito il suo libro \u201cGli animali del Circo \u2013 diritti animali e responsabilit\u00e0 dell\u2019uomo\u201d. La sua posizione e le sue attivit\u00e0 come responsabile per il Triveneto della pastorale dei circhi e degli spettacoli viaggianti non piacciono ad alcuni gruppi di animalisti, ma non \u00e8 quello di cui vuole parlare ai presenti. \u201cIl tema \u00e8 \u2013 spiega don Mirko &#8211; qual \u00e8 il \u00abgiusto rapporto\u00bb fra uomo e animale.&nbsp; Per il passato non si trova chi abbia sostenuto che uomini e animali debbano essere posti sullo stesso piano. Cosa sostenuta negli ultimi decenni da una corrente denominata animalismo e pensiero animalista che ha ricevuto un\u2019influenza determinante dagli scritti del filosofo australiano Peter Singer. Io credo \u2013 prosegue don Mirko &#8211; che la maggior parte di coloro che si definiscono animalisti non abbia mai letto libri di Singer e non abbia idea della filosofia che vi \u00e8 a monte. I movimenti animalisti pi\u00f9 radicali &#8211; prosegue &#8211; si propongono di ottenere il riconoscimento di obblighi morali verso gli animali e si oppongono allo specismo. Lo specismo indica l\u2019atteggiamento di coloro che sostengono l\u2019esistenza di una gerarchia di valori e di diritti fra le specie animali esistenti sulla terra, ovviamente in vetta alla gerarchia c\u2019\u00e8 la specie umana. Gli animalisti si oppongono quindi al fatto che gli esseri umani, solo per il fatto di appartenere alla specie Homo sapiens, vengano considerati dotati di un valore superiore a quello degli animali non umani. Singer, in particolare, ritiene che il criterio per stabilire la bont\u00e0 o meno di un\u2019azione verso uomini o animali sia quello di provare piacere o dolore e che animali e uomini abbiano uguali diritti. L\u2019argomento pi\u00f9 caratteristico usato da Singer per arrivare a dimostrare che uomini e animai sono totalmente equiparabili \u00e8 il cosiddetto \u201cargomento dei casi marginali\u201d oppure \u201cargomento degli esseri umani marginali\u201d. E qui il religioso fa una pausa e proietta una citazione diretta del pensiero di Singer. La diapositiva riporta: \u201cUn bambino di una settimana non \u00e8 un essere razionale e autocosciente, e vi sono molti animali non-umani la cui razionalit\u00e0, autocoscienza, consapevolezza, capacit\u00e0 di sentire, e cos\u00ec via, sono superiori a quelle di un bambino umano di una settimana, o anche di un anno\u2026 Neonati con malformazioni mancano di tali caratteristiche (razionalit\u00e0, autonomia e autocoscienza, ndr). Pertanto l\u2019ucciderli non pu\u00f2 essere posto sullo stesso piano dell\u2019uccidere esseri umani normali, o qualsiasi altro essere autocosciente\u2026 \u00e8 chiaro il punto principale: uccidere un neonato con malformazioni non \u00e8 moralmente equivalente a uccidere una persona. E molto spesso non \u00e8 per niente sbagliato\u201d.&nbsp;<\/p>\n\n\n\n<p>Don Mirko \u00e8 un religioso, ma non serve neppure la fede per sentirsi rabbrividire.<\/p>\n\n\n\n<p>Quello che racconta dopo \u00e8 come vengono trattati bene gli animali nei circhi, come facciano parte della vita delle persone del circo esattamente come noi conviviamo con i nostri animali d\u2019affezione. Accolto dalle famiglie circensi e talvolta ospitato in una \u201ccampina\u201d &#8211; una piccola roulotte indipendente come quella che i circensi regalano ai figli adolescenti come segno d\u2019indipendenza &#8211; don Mirko accompagna le vite di queste famiglie in un percorso di fede e di confronto con una realt\u00e0 gi\u00e0 di per s\u00e9 dura e che oggi deve confrontarsi anche con le levate di scudi di chi in nome dell\u2019amore per gli animali arriva a minacciare di morte le persone. Seguono aneddoti divertenti e la serata finisce immancabilmente e gioiosamente a tavola, ancora una volta con qualche consapevolezza in pi\u00f9 grazie alle occasioni di approfondimento create dal ciclo di appuntamenti che ormai da 13 anni Michele Lodigiani, coordinatore dell\u2019iniziativa, riesce a realizzare.<\/p>\n\n\n\n<p>Gli appuntamenti A CENA CON LA SCIENZA riprenderanno a settembre.<\/p>\n","protected":false},"excerpt":{"rendered":"<p>Percorrendo il viale che porta all\u2019agriturismo Il Vallone di Alseno si viene accolti dallo sguardo mansueto e curioso di un nutrito gruppo di asinelli, seguono diversi recinti con conigli, galline e anatre. Un ampio cortile e il giardino incorniciano le strutture mentre fanno da quinta le colline della val d\u2019Arda. Basterebbe questo e l\u2019ottima cucina<\/p>\n","protected":false},"author":6,"featured_media":3853,"comment_status":"closed","ping_status":"closed","sticky":false,"template":"","format":"standard","meta":{"wp_mapbox_gl_js_media":[],"footnotes":""},"categories":[4,9],"tags":[93],"class_list":["post-3852","post","type-post","status-publish","format-standard","has-post-thumbnail","hentry","category-news","category-territorio-ambiente","tag-cena-con-la-scienza"],"yoast_head":"<!-- This site is optimized with the Yoast SEO plugin v26.8 - https:\/\/yoast.com\/product\/yoast-seo-wordpress\/ -->\n<title>A Cena con la Scienza si parla di etica e animali - Confagricoltura Piacenza<\/title>\n<meta name=\"robots\" content=\"index, follow, max-snippet:-1, max-image-preview:large, max-video-preview:-1\" \/>\n<link rel=\"canonical\" href=\"https:\/\/www.confagricoltura.org\/piacenza\/a-cena-con-la-scienza-si-parla-di-etica-e-animali\/\" \/>\n<meta property=\"og:locale\" content=\"it_IT\" \/>\n<meta property=\"og:type\" content=\"article\" \/>\n<meta property=\"og:title\" content=\"A Cena con la Scienza si parla di etica e animali - Confagricoltura Piacenza\" \/>\n<meta property=\"og:description\" content=\"Percorrendo il viale che porta all\u2019agriturismo Il Vallone di Alseno si viene accolti dallo sguardo mansueto e curioso di un nutrito gruppo di asinelli, seguono diversi recinti con conigli, galline e anatre. Un ampio cortile e il giardino incorniciano le strutture mentre fanno da quinta le colline della val d\u2019Arda. Basterebbe questo e l\u2019ottima cucina\" \/>\n<meta property=\"og:url\" content=\"https:\/\/www.confagricoltura.org\/piacenza\/a-cena-con-la-scienza-si-parla-di-etica-e-animali\/\" \/>\n<meta property=\"og:site_name\" content=\"Confagricoltura Piacenza\" \/>\n<meta property=\"article:published_time\" content=\"2022-06-24T10:19:42+00:00\" \/>\n<meta property=\"article:modified_time\" content=\"2022-06-27T10:06:49+00:00\" \/>\n<meta property=\"og:image\" content=\"https:\/\/www.confagricoltura.org\/piacenza\/wp-content\/uploads\/sites\/11\/2022\/06\/Gherardi-Casagrande-Lodigiani-dalla-Torre.jpg\" \/>\n\t<meta property=\"og:image:width\" content=\"2469\" \/>\n\t<meta property=\"og:image:height\" content=\"2360\" \/>\n\t<meta property=\"og:image:type\" content=\"image\/jpeg\" \/>\n<meta name=\"author\" content=\"confagricolturapiacenza\" \/>\n<meta name=\"twitter:card\" content=\"summary_large_image\" \/>\n<meta name=\"twitter:label1\" content=\"Scritto da\" \/>\n\t<meta name=\"twitter:data1\" content=\"confagricolturapiacenza\" \/>\n\t<meta name=\"twitter:label2\" content=\"Tempo di lettura stimato\" \/>\n\t<meta name=\"twitter:data2\" content=\"4 minuti\" \/>\n<script type=\"application\/ld+json\" class=\"yoast-schema-graph\">{\"@context\":\"https:\/\/schema.org\",\"@graph\":[{\"@type\":\"Article\",\"@id\":\"https:\/\/www.confagricoltura.org\/piacenza\/a-cena-con-la-scienza-si-parla-di-etica-e-animali\/#article\",\"isPartOf\":{\"@id\":\"https:\/\/www.confagricoltura.org\/piacenza\/a-cena-con-la-scienza-si-parla-di-etica-e-animali\/\"},\"author\":{\"name\":\"confagricolturapiacenza\",\"@id\":\"https:\/\/www.confagricoltura.org\/piacenza\/#\/schema\/person\/be5da25a3117fea4b3bfec9dba09b5e8\"},\"headline\":\"A Cena con la Scienza si parla di etica e animali\",\"datePublished\":\"2022-06-24T10:19:42+00:00\",\"dateModified\":\"2022-06-27T10:06:49+00:00\",\"mainEntityOfPage\":{\"@id\":\"https:\/\/www.confagricoltura.org\/piacenza\/a-cena-con-la-scienza-si-parla-di-etica-e-animali\/\"},\"wordCount\":763,\"image\":{\"@id\":\"https:\/\/www.confagricoltura.org\/piacenza\/a-cena-con-la-scienza-si-parla-di-etica-e-animali\/#primaryimage\"},\"thumbnailUrl\":\"https:\/\/www.confagricoltura.org\/piacenza\/wp-content\/uploads\/sites\/11\/2022\/06\/Gherardi-Casagrande-Lodigiani-dalla-Torre.jpg\",\"keywords\":[\"CENA CON LA SCIENZA\"],\"articleSection\":[\"News\",\"Territorio e Ambiente\"],\"inLanguage\":\"it-IT\"},{\"@type\":\"WebPage\",\"@id\":\"https:\/\/www.confagricoltura.org\/piacenza\/a-cena-con-la-scienza-si-parla-di-etica-e-animali\/\",\"url\":\"https:\/\/www.confagricoltura.org\/piacenza\/a-cena-con-la-scienza-si-parla-di-etica-e-animali\/\",\"name\":\"A Cena con la Scienza si parla di etica e animali - Confagricoltura Piacenza\",\"isPartOf\":{\"@id\":\"https:\/\/www.confagricoltura.org\/piacenza\/#website\"},\"primaryImageOfPage\":{\"@id\":\"https:\/\/www.confagricoltura.org\/piacenza\/a-cena-con-la-scienza-si-parla-di-etica-e-animali\/#primaryimage\"},\"image\":{\"@id\":\"https:\/\/www.confagricoltura.org\/piacenza\/a-cena-con-la-scienza-si-parla-di-etica-e-animali\/#primaryimage\"},\"thumbnailUrl\":\"https:\/\/www.confagricoltura.org\/piacenza\/wp-content\/uploads\/sites\/11\/2022\/06\/Gherardi-Casagrande-Lodigiani-dalla-Torre.jpg\",\"datePublished\":\"2022-06-24T10:19:42+00:00\",\"dateModified\":\"2022-06-27T10:06:49+00:00\",\"author\":{\"@id\":\"https:\/\/www.confagricoltura.org\/piacenza\/#\/schema\/person\/be5da25a3117fea4b3bfec9dba09b5e8\"},\"breadcrumb\":{\"@id\":\"https:\/\/www.confagricoltura.org\/piacenza\/a-cena-con-la-scienza-si-parla-di-etica-e-animali\/#breadcrumb\"},\"inLanguage\":\"it-IT\",\"potentialAction\":[{\"@type\":\"ReadAction\",\"target\":[\"https:\/\/www.confagricoltura.org\/piacenza\/a-cena-con-la-scienza-si-parla-di-etica-e-animali\/\"]}]},{\"@type\":\"ImageObject\",\"inLanguage\":\"it-IT\",\"@id\":\"https:\/\/www.confagricoltura.org\/piacenza\/a-cena-con-la-scienza-si-parla-di-etica-e-animali\/#primaryimage\",\"url\":\"https:\/\/www.confagricoltura.org\/piacenza\/wp-content\/uploads\/sites\/11\/2022\/06\/Gherardi-Casagrande-Lodigiani-dalla-Torre.jpg\",\"contentUrl\":\"https:\/\/www.confagricoltura.org\/piacenza\/wp-content\/uploads\/sites\/11\/2022\/06\/Gherardi-Casagrande-Lodigiani-dalla-Torre.jpg\",\"width\":2469,\"height\":2360},{\"@type\":\"BreadcrumbList\",\"@id\":\"https:\/\/www.confagricoltura.org\/piacenza\/a-cena-con-la-scienza-si-parla-di-etica-e-animali\/#breadcrumb\",\"itemListElement\":[{\"@type\":\"ListItem\",\"position\":1,\"name\":\"Home\",\"item\":\"https:\/\/www.confagricoltura.org\/piacenza\/\"},{\"@type\":\"ListItem\",\"position\":2,\"name\":\"A Cena con la Scienza si parla di etica e animali\"}]},{\"@type\":\"WebSite\",\"@id\":\"https:\/\/www.confagricoltura.org\/piacenza\/#website\",\"url\":\"https:\/\/www.confagricoltura.org\/piacenza\/\",\"name\":\"Confagricoltura Piacenza\",\"description\":\"Dalla parte degli Agricoltori\",\"potentialAction\":[{\"@type\":\"SearchAction\",\"target\":{\"@type\":\"EntryPoint\",\"urlTemplate\":\"https:\/\/www.confagricoltura.org\/piacenza\/?s={search_term_string}\"},\"query-input\":{\"@type\":\"PropertyValueSpecification\",\"valueRequired\":true,\"valueName\":\"search_term_string\"}}],\"inLanguage\":\"it-IT\"},{\"@type\":\"Person\",\"@id\":\"https:\/\/www.confagricoltura.org\/piacenza\/#\/schema\/person\/be5da25a3117fea4b3bfec9dba09b5e8\",\"name\":\"confagricolturapiacenza\",\"image\":{\"@type\":\"ImageObject\",\"inLanguage\":\"it-IT\",\"@id\":\"https:\/\/www.confagricoltura.org\/piacenza\/#\/schema\/person\/image\/\",\"url\":\"https:\/\/secure.gravatar.com\/avatar\/9c5f111e417171581853bd0a3ff892ca?s=96&d=mm&r=g\",\"contentUrl\":\"https:\/\/secure.gravatar.com\/avatar\/9c5f111e417171581853bd0a3ff892ca?s=96&d=mm&r=g\",\"caption\":\"confagricolturapiacenza\"},\"url\":\"https:\/\/www.confagricoltura.org\/piacenza\/author\/confagricolturapiacenza\/\"}]}<\/script>\n<!-- \/ Yoast SEO plugin. -->","yoast_head_json":{"title":"A Cena con la Scienza si parla di etica e animali - Confagricoltura Piacenza","robots":{"index":"index","follow":"follow","max-snippet":"max-snippet:-1","max-image-preview":"max-image-preview:large","max-video-preview":"max-video-preview:-1"},"canonical":"https:\/\/www.confagricoltura.org\/piacenza\/a-cena-con-la-scienza-si-parla-di-etica-e-animali\/","og_locale":"it_IT","og_type":"article","og_title":"A Cena con la Scienza si parla di etica e animali - Confagricoltura Piacenza","og_description":"Percorrendo il viale che porta all\u2019agriturismo Il Vallone di Alseno si viene accolti dallo sguardo mansueto e curioso di un nutrito gruppo di asinelli, seguono diversi recinti con conigli, galline e anatre. Un ampio cortile e il giardino incorniciano le strutture mentre fanno da quinta le colline della val d\u2019Arda. Basterebbe questo e l\u2019ottima cucina","og_url":"https:\/\/www.confagricoltura.org\/piacenza\/a-cena-con-la-scienza-si-parla-di-etica-e-animali\/","og_site_name":"Confagricoltura Piacenza","article_published_time":"2022-06-24T10:19:42+00:00","article_modified_time":"2022-06-27T10:06:49+00:00","og_image":[{"width":2469,"height":2360,"url":"https:\/\/www.confagricoltura.org\/piacenza\/wp-content\/uploads\/sites\/11\/2022\/06\/Gherardi-Casagrande-Lodigiani-dalla-Torre.jpg","type":"image\/jpeg"}],"author":"confagricolturapiacenza","twitter_card":"summary_large_image","twitter_misc":{"Scritto da":"confagricolturapiacenza","Tempo di lettura stimato":"4 minuti"},"schema":{"@context":"https:\/\/schema.org","@graph":[{"@type":"Article","@id":"https:\/\/www.confagricoltura.org\/piacenza\/a-cena-con-la-scienza-si-parla-di-etica-e-animali\/#article","isPartOf":{"@id":"https:\/\/www.confagricoltura.org\/piacenza\/a-cena-con-la-scienza-si-parla-di-etica-e-animali\/"},"author":{"name":"confagricolturapiacenza","@id":"https:\/\/www.confagricoltura.org\/piacenza\/#\/schema\/person\/be5da25a3117fea4b3bfec9dba09b5e8"},"headline":"A Cena con la Scienza si parla di etica e animali","datePublished":"2022-06-24T10:19:42+00:00","dateModified":"2022-06-27T10:06:49+00:00","mainEntityOfPage":{"@id":"https:\/\/www.confagricoltura.org\/piacenza\/a-cena-con-la-scienza-si-parla-di-etica-e-animali\/"},"wordCount":763,"image":{"@id":"https:\/\/www.confagricoltura.org\/piacenza\/a-cena-con-la-scienza-si-parla-di-etica-e-animali\/#primaryimage"},"thumbnailUrl":"https:\/\/www.confagricoltura.org\/piacenza\/wp-content\/uploads\/sites\/11\/2022\/06\/Gherardi-Casagrande-Lodigiani-dalla-Torre.jpg","keywords":["CENA CON LA SCIENZA"],"articleSection":["News","Territorio e Ambiente"],"inLanguage":"it-IT"},{"@type":"WebPage","@id":"https:\/\/www.confagricoltura.org\/piacenza\/a-cena-con-la-scienza-si-parla-di-etica-e-animali\/","url":"https:\/\/www.confagricoltura.org\/piacenza\/a-cena-con-la-scienza-si-parla-di-etica-e-animali\/","name":"A Cena con la Scienza si parla di etica e animali - Confagricoltura Piacenza","isPartOf":{"@id":"https:\/\/www.confagricoltura.org\/piacenza\/#website"},"primaryImageOfPage":{"@id":"https:\/\/www.confagricoltura.org\/piacenza\/a-cena-con-la-scienza-si-parla-di-etica-e-animali\/#primaryimage"},"image":{"@id":"https:\/\/www.confagricoltura.org\/piacenza\/a-cena-con-la-scienza-si-parla-di-etica-e-animali\/#primaryimage"},"thumbnailUrl":"https:\/\/www.confagricoltura.org\/piacenza\/wp-content\/uploads\/sites\/11\/2022\/06\/Gherardi-Casagrande-Lodigiani-dalla-Torre.jpg","datePublished":"2022-06-24T10:19:42+00:00","dateModified":"2022-06-27T10:06:49+00:00","author":{"@id":"https:\/\/www.confagricoltura.org\/piacenza\/#\/schema\/person\/be5da25a3117fea4b3bfec9dba09b5e8"},"breadcrumb":{"@id":"https:\/\/www.confagricoltura.org\/piacenza\/a-cena-con-la-scienza-si-parla-di-etica-e-animali\/#breadcrumb"},"inLanguage":"it-IT","potentialAction":[{"@type":"ReadAction","target":["https:\/\/www.confagricoltura.org\/piacenza\/a-cena-con-la-scienza-si-parla-di-etica-e-animali\/"]}]},{"@type":"ImageObject","inLanguage":"it-IT","@id":"https:\/\/www.confagricoltura.org\/piacenza\/a-cena-con-la-scienza-si-parla-di-etica-e-animali\/#primaryimage","url":"https:\/\/www.confagricoltura.org\/piacenza\/wp-content\/uploads\/sites\/11\/2022\/06\/Gherardi-Casagrande-Lodigiani-dalla-Torre.jpg","contentUrl":"https:\/\/www.confagricoltura.org\/piacenza\/wp-content\/uploads\/sites\/11\/2022\/06\/Gherardi-Casagrande-Lodigiani-dalla-Torre.jpg","width":2469,"height":2360},{"@type":"BreadcrumbList","@id":"https:\/\/www.confagricoltura.org\/piacenza\/a-cena-con-la-scienza-si-parla-di-etica-e-animali\/#breadcrumb","itemListElement":[{"@type":"ListItem","position":1,"name":"Home","item":"https:\/\/www.confagricoltura.org\/piacenza\/"},{"@type":"ListItem","position":2,"name":"A Cena con la Scienza si parla di etica e animali"}]},{"@type":"WebSite","@id":"https:\/\/www.confagricoltura.org\/piacenza\/#website","url":"https:\/\/www.confagricoltura.org\/piacenza\/","name":"Confagricoltura Piacenza","description":"Dalla parte degli Agricoltori","potentialAction":[{"@type":"SearchAction","target":{"@type":"EntryPoint","urlTemplate":"https:\/\/www.confagricoltura.org\/piacenza\/?s={search_term_string}"},"query-input":{"@type":"PropertyValueSpecification","valueRequired":true,"valueName":"search_term_string"}}],"inLanguage":"it-IT"},{"@type":"Person","@id":"https:\/\/www.confagricoltura.org\/piacenza\/#\/schema\/person\/be5da25a3117fea4b3bfec9dba09b5e8","name":"confagricolturapiacenza","image":{"@type":"ImageObject","inLanguage":"it-IT","@id":"https:\/\/www.confagricoltura.org\/piacenza\/#\/schema\/person\/image\/","url":"https:\/\/secure.gravatar.com\/avatar\/9c5f111e417171581853bd0a3ff892ca?s=96&d=mm&r=g","contentUrl":"https:\/\/secure.gravatar.com\/avatar\/9c5f111e417171581853bd0a3ff892ca?s=96&d=mm&r=g","caption":"confagricolturapiacenza"},"url":"https:\/\/www.confagricoltura.org\/piacenza\/author\/confagricolturapiacenza\/"}]}},"_links":{"self":[{"href":"https:\/\/www.confagricoltura.org\/piacenza\/wp-json\/wp\/v2\/posts\/3852","targetHints":{"allow":["GET"]}}],"collection":[{"href":"https:\/\/www.confagricoltura.org\/piacenza\/wp-json\/wp\/v2\/posts"}],"about":[{"href":"https:\/\/www.confagricoltura.org\/piacenza\/wp-json\/wp\/v2\/types\/post"}],"author":[{"embeddable":true,"href":"https:\/\/www.confagricoltura.org\/piacenza\/wp-json\/wp\/v2\/users\/6"}],"replies":[{"embeddable":true,"href":"https:\/\/www.confagricoltura.org\/piacenza\/wp-json\/wp\/v2\/comments?post=3852"}],"version-history":[{"count":2,"href":"https:\/\/www.confagricoltura.org\/piacenza\/wp-json\/wp\/v2\/posts\/3852\/revisions"}],"predecessor-version":[{"id":3856,"href":"https:\/\/www.confagricoltura.org\/piacenza\/wp-json\/wp\/v2\/posts\/3852\/revisions\/3856"}],"wp:featuredmedia":[{"embeddable":true,"href":"https:\/\/www.confagricoltura.org\/piacenza\/wp-json\/wp\/v2\/media\/3853"}],"wp:attachment":[{"href":"https:\/\/www.confagricoltura.org\/piacenza\/wp-json\/wp\/v2\/media?parent=3852"}],"wp:term":[{"taxonomy":"category","embeddable":true,"href":"https:\/\/www.confagricoltura.org\/piacenza\/wp-json\/wp\/v2\/categories?post=3852"},{"taxonomy":"post_tag","embeddable":true,"href":"https:\/\/www.confagricoltura.org\/piacenza\/wp-json\/wp\/v2\/tags?post=3852"}],"curies":[{"name":"wp","href":"https:\/\/api.w.org\/{rel}","templated":true}]}}