{"id":3850,"date":"2022-06-22T12:14:00","date_gmt":"2022-06-22T10:14:00","guid":{"rendered":"https:\/\/www.confagricoltura.org\/piacenza\/?p=3850"},"modified":"2022-06-24T12:17:12","modified_gmt":"2022-06-24T10:17:12","slug":"siccita-istantanea-drammatica-dal-rapporto-dei-rappresentanti-territoriali-di-confagricoltura-bene-lo-stato-di-crisi-regionale","status":"publish","type":"post","link":"https:\/\/www.confagricoltura.org\/piacenza\/siccita-istantanea-drammatica-dal-rapporto-dei-rappresentanti-territoriali-di-confagricoltura-bene-lo-stato-di-crisi-regionale\/","title":{"rendered":"SICCITA\u2019: istantanea drammatica dal rapporto dei rappresentanti territoriali di Confagricoltura; bene lo stato di crisi regionale"},"content":{"rendered":"\n<p>Con la decisione assunta dalla cabina di regia per la siccit\u00e0, l\u2019Emilia-Romagna ha dichiarato lo stato di crisi regionale. Passo successivo, la richiesta dello stato di emergenza nazionale. L\u2019azione \u00e8 in linea con quanto richiesto anche dal tavolo urgente, convocato via web, tra tutti i rappresentanti territoriali di Confagricoltura che si \u00e8 tenuto ieri 21 giugno.<\/p>\n\n\n\n<p>La criticit\u00e0 della situazione in cui versa il settore primario a causa dello stress idrico \u00e8 stata affrontata durante la diretta streaming tra la componente di Giunta di Confagricoltura, la piacentina Giovanna Parmigiani, e i rappresentati territoriali di tutte le regioni d\u2019Italia della Confederazione. Un incontro che \u00e8 stato il prosieguo del lavoro della Giunta nazionale di Confagricoltura tenutasi il giorno precedente. Al collegamento via web, per Confagricoltura Piacenza, hanno partecipato il presidente Filippo Gasparini e la responsabile della comunicazione Elena Gherardi.<\/p>\n\n\n\n<p>Dalla riunione sono emerse alcune chiare richieste nei confronti del Governo. Per Confagricoltura \u00e8 necessario che venga dichiarato lo stato di emergenza per la gestione della risorsa idrica e di calamit\u00e0 naturale per il settore agricolo. Altrettanto urgente \u00e8 il rilascio per uso irriguo delle acque dai bacini idroelettrici anche se in questa annata, in cui si chiede di produrre di pi\u00f9, c\u2019\u00e8 pure rischio di carenza energetica.&nbsp; L\u2019incremento del prelievo di acqua dovr\u00e0 essere effettuato anche attraverso deroghe al deflusso minimo vitale dei fiumi prevedendo, per almeno 60 giorni, una riduzione del 70% degli attuali livelli.<\/p>\n\n\n\n<p>Confagricoltura, inoltre, chiede una proroga del credito in favore delle imprese agricole per affrontare i costi di irrigazione destinati a raddoppiare. Sul medio e lungo periodo, per Confagricoltura \u00e8 fondamentale realizzare le infrastrutture irrigue previste dal PNRR e avviare una rimodulazione del Piano per recuperare ulteriori risorse da destinare all\u2019emergenza.&nbsp;<\/p>\n\n\n\n<p>La crisi della siccit\u00e0 \u00e8 non solo italiana, ma riguarda molti altri Paesi membri della Ue. A riguardo, in Spagna, il governo ha gi\u00e0 deciso di intervenire a sostegno delle aziende agricole con un fondo da 400 milioni di euro.<\/p>\n\n\n\n<p>\u201cChiediamo infrastrutture \u2013 ha detto Parmigiani \u2013 e con infrastrutture intendo \u201cdighe\u201d, non dobbiamo avere paura di dire questa parola, perch\u00e9, di fatto, un piano idrico nazionale richiede interventi di questo tipo e, quanto ai tempi, si faccia come per il ponte Morandi di Genova. L\u00ec si \u00e8 intervenuti in tempi record per garantire la viabilit\u00e0 della citt\u00e0, qui ci sono in gioco l\u2019approvvigionamento d\u2019acqua per l\u2019agricoltura e anche per la popolazione. Senz\u2019acqua non si produce e non ci pu\u00f2 essere vita, non esiste risorsa pi\u00f9 necessaria\u201d.<\/p>\n\n\n\n<p>Sulla stessa linea anche il presidente di Confagricoltura Piacenza, Filippo Gasparini che ha sottolineato: \u201cGestiamo l\u2019emergenza con le richieste che l\u2019emergenza impone, ma poi programmiamo. Lo ribadisco: al nostro territorio servono una diga in val Nure e una in Val trebbia. Dobbiamo demolire la normativa acque e la folle regolamentazione del Dmv. Siccome non bastava il buon senso e la memoria dei nonni a documentare che i nostri fiumi sono torrenti, lo hanno dimostrato anche studi tecnici. \u00c8 una follia rilasciare acqua per un torrente che per sua natura \u00e8 asciutto in estate. Abbiamo chiesto di utilizzare la mediana invece della media come parametro per calcolo del Dmv, in questi anni abbiamo fatto innumerevoli proposte: c\u2019\u00e8 un muro di ostruzionismo. Ci dicono di implementare la tecnologia, ma come ha ricordato Parmigiani, da anni Confagricoltura ha avviato una stretta collaborazione con l\u2019Ambasciata di Israele per far conoscere alle nostre imprese le migliori e pi\u00f9 avanzate tecnologie che consentono di risparmiare acqua nei processi di produzione e numerose nostre imprese hanno gi\u00e0 messo in campo il top della tecnologia. Quello che la tecnologia offre nelle nostre aziende c\u2019\u00e8. Potremmo migliorare un po\u2019 utilizzando i risultati della selezione varietale, ma anche qui l\u2019alzata di scudi ideologica ci frena. Dobbiamo deregolamentare abolendo la malaburocrazia e dare fiducia a scienza e tecnologia. Da uomo credente \u2013 ha concluso \u2013 preghiamo pure per la pioggia, ma la soluzione del problema viene dalle capacit\u00e0 di gestire la natura e dal libero arbitrio di fare scelte che non ci uccidano\u201d.<\/p>\n","protected":false},"excerpt":{"rendered":"<p>Da Piacenza Gasparini chiede l\u2019abrogazione della normativa acque e due dighe<\/p>\n","protected":false},"author":6,"featured_media":3646,"comment_status":"closed","ping_status":"closed","sticky":false,"template":"","format":"standard","meta":{"wp_mapbox_gl_js_media":[],"footnotes":""},"categories":[4,9],"tags":[88],"class_list":["post-3850","post","type-post","status-publish","format-standard","has-post-thumbnail","hentry","category-news","category-territorio-ambiente","tag-siccita"],"yoast_head":"<!-- This site is optimized with the Yoast SEO plugin v26.8 - https:\/\/yoast.com\/product\/yoast-seo-wordpress\/ -->\n<title>SICCITA\u2019: istantanea drammatica dal rapporto dei rappresentanti territoriali di Confagricoltura; bene lo stato di crisi regionale - Confagricoltura Piacenza<\/title>\n<meta name=\"robots\" content=\"index, follow, max-snippet:-1, max-image-preview:large, max-video-preview:-1\" \/>\n<link rel=\"canonical\" href=\"https:\/\/www.confagricoltura.org\/piacenza\/siccita-istantanea-drammatica-dal-rapporto-dei-rappresentanti-territoriali-di-confagricoltura-bene-lo-stato-di-crisi-regionale\/\" \/>\n<meta property=\"og:locale\" content=\"it_IT\" \/>\n<meta property=\"og:type\" content=\"article\" \/>\n<meta property=\"og:title\" content=\"SICCITA\u2019: istantanea drammatica dal rapporto dei rappresentanti territoriali di Confagricoltura; bene lo stato di crisi regionale - Confagricoltura Piacenza\" \/>\n<meta property=\"og:description\" content=\"Da Piacenza Gasparini chiede l\u2019abrogazione della normativa acque e due dighe\" \/>\n<meta property=\"og:url\" content=\"https:\/\/www.confagricoltura.org\/piacenza\/siccita-istantanea-drammatica-dal-rapporto-dei-rappresentanti-territoriali-di-confagricoltura-bene-lo-stato-di-crisi-regionale\/\" \/>\n<meta property=\"og:site_name\" content=\"Confagricoltura Piacenza\" \/>\n<meta property=\"article:published_time\" content=\"2022-06-22T10:14:00+00:00\" \/>\n<meta property=\"article:modified_time\" content=\"2022-06-24T10:17:12+00:00\" \/>\n<meta property=\"og:image\" content=\"https:\/\/www.confagricoltura.org\/piacenza\/wp-content\/uploads\/sites\/11\/2022\/02\/Filippo-Gasparini.jpg\" \/>\n\t<meta property=\"og:image:width\" content=\"1929\" \/>\n\t<meta property=\"og:image:height\" content=\"1284\" \/>\n\t<meta property=\"og:image:type\" content=\"image\/jpeg\" \/>\n<meta name=\"author\" content=\"confagricolturapiacenza\" \/>\n<meta name=\"twitter:card\" content=\"summary_large_image\" \/>\n<meta name=\"twitter:label1\" content=\"Scritto da\" \/>\n\t<meta name=\"twitter:data1\" content=\"confagricolturapiacenza\" \/>\n\t<meta name=\"twitter:label2\" content=\"Tempo di lettura stimato\" \/>\n\t<meta name=\"twitter:data2\" content=\"3 minuti\" \/>\n<script type=\"application\/ld+json\" class=\"yoast-schema-graph\">{\"@context\":\"https:\/\/schema.org\",\"@graph\":[{\"@type\":\"Article\",\"@id\":\"https:\/\/www.confagricoltura.org\/piacenza\/siccita-istantanea-drammatica-dal-rapporto-dei-rappresentanti-territoriali-di-confagricoltura-bene-lo-stato-di-crisi-regionale\/#article\",\"isPartOf\":{\"@id\":\"https:\/\/www.confagricoltura.org\/piacenza\/siccita-istantanea-drammatica-dal-rapporto-dei-rappresentanti-territoriali-di-confagricoltura-bene-lo-stato-di-crisi-regionale\/\"},\"author\":{\"name\":\"confagricolturapiacenza\",\"@id\":\"https:\/\/www.confagricoltura.org\/piacenza\/#\/schema\/person\/be5da25a3117fea4b3bfec9dba09b5e8\"},\"headline\":\"SICCITA\u2019: istantanea drammatica dal rapporto dei rappresentanti territoriali di Confagricoltura; bene lo stato di crisi regionale\",\"datePublished\":\"2022-06-22T10:14:00+00:00\",\"dateModified\":\"2022-06-24T10:17:12+00:00\",\"mainEntityOfPage\":{\"@id\":\"https:\/\/www.confagricoltura.org\/piacenza\/siccita-istantanea-drammatica-dal-rapporto-dei-rappresentanti-territoriali-di-confagricoltura-bene-lo-stato-di-crisi-regionale\/\"},\"wordCount\":676,\"image\":{\"@id\":\"https:\/\/www.confagricoltura.org\/piacenza\/siccita-istantanea-drammatica-dal-rapporto-dei-rappresentanti-territoriali-di-confagricoltura-bene-lo-stato-di-crisi-regionale\/#primaryimage\"},\"thumbnailUrl\":\"https:\/\/www.confagricoltura.org\/piacenza\/wp-content\/uploads\/sites\/11\/2022\/02\/Filippo-Gasparini.jpg\",\"keywords\":[\"siccit\u00e0\"],\"articleSection\":[\"News\",\"Territorio e Ambiente\"],\"inLanguage\":\"it-IT\"},{\"@type\":\"WebPage\",\"@id\":\"https:\/\/www.confagricoltura.org\/piacenza\/siccita-istantanea-drammatica-dal-rapporto-dei-rappresentanti-territoriali-di-confagricoltura-bene-lo-stato-di-crisi-regionale\/\",\"url\":\"https:\/\/www.confagricoltura.org\/piacenza\/siccita-istantanea-drammatica-dal-rapporto-dei-rappresentanti-territoriali-di-confagricoltura-bene-lo-stato-di-crisi-regionale\/\",\"name\":\"SICCITA\u2019: istantanea drammatica dal rapporto dei rappresentanti territoriali di Confagricoltura; bene lo stato di crisi regionale - Confagricoltura Piacenza\",\"isPartOf\":{\"@id\":\"https:\/\/www.confagricoltura.org\/piacenza\/#website\"},\"primaryImageOfPage\":{\"@id\":\"https:\/\/www.confagricoltura.org\/piacenza\/siccita-istantanea-drammatica-dal-rapporto-dei-rappresentanti-territoriali-di-confagricoltura-bene-lo-stato-di-crisi-regionale\/#primaryimage\"},\"image\":{\"@id\":\"https:\/\/www.confagricoltura.org\/piacenza\/siccita-istantanea-drammatica-dal-rapporto-dei-rappresentanti-territoriali-di-confagricoltura-bene-lo-stato-di-crisi-regionale\/#primaryimage\"},\"thumbnailUrl\":\"https:\/\/www.confagricoltura.org\/piacenza\/wp-content\/uploads\/sites\/11\/2022\/02\/Filippo-Gasparini.jpg\",\"datePublished\":\"2022-06-22T10:14:00+00:00\",\"dateModified\":\"2022-06-24T10:17:12+00:00\",\"author\":{\"@id\":\"https:\/\/www.confagricoltura.org\/piacenza\/#\/schema\/person\/be5da25a3117fea4b3bfec9dba09b5e8\"},\"breadcrumb\":{\"@id\":\"https:\/\/www.confagricoltura.org\/piacenza\/siccita-istantanea-drammatica-dal-rapporto-dei-rappresentanti-territoriali-di-confagricoltura-bene-lo-stato-di-crisi-regionale\/#breadcrumb\"},\"inLanguage\":\"it-IT\",\"potentialAction\":[{\"@type\":\"ReadAction\",\"target\":[\"https:\/\/www.confagricoltura.org\/piacenza\/siccita-istantanea-drammatica-dal-rapporto-dei-rappresentanti-territoriali-di-confagricoltura-bene-lo-stato-di-crisi-regionale\/\"]}]},{\"@type\":\"ImageObject\",\"inLanguage\":\"it-IT\",\"@id\":\"https:\/\/www.confagricoltura.org\/piacenza\/siccita-istantanea-drammatica-dal-rapporto-dei-rappresentanti-territoriali-di-confagricoltura-bene-lo-stato-di-crisi-regionale\/#primaryimage\",\"url\":\"https:\/\/www.confagricoltura.org\/piacenza\/wp-content\/uploads\/sites\/11\/2022\/02\/Filippo-Gasparini.jpg\",\"contentUrl\":\"https:\/\/www.confagricoltura.org\/piacenza\/wp-content\/uploads\/sites\/11\/2022\/02\/Filippo-Gasparini.jpg\",\"width\":1929,\"height\":1284},{\"@type\":\"BreadcrumbList\",\"@id\":\"https:\/\/www.confagricoltura.org\/piacenza\/siccita-istantanea-drammatica-dal-rapporto-dei-rappresentanti-territoriali-di-confagricoltura-bene-lo-stato-di-crisi-regionale\/#breadcrumb\",\"itemListElement\":[{\"@type\":\"ListItem\",\"position\":1,\"name\":\"Home\",\"item\":\"https:\/\/www.confagricoltura.org\/piacenza\/\"},{\"@type\":\"ListItem\",\"position\":2,\"name\":\"SICCITA\u2019: istantanea drammatica dal rapporto dei rappresentanti territoriali di Confagricoltura; bene lo stato di crisi regionale\"}]},{\"@type\":\"WebSite\",\"@id\":\"https:\/\/www.confagricoltura.org\/piacenza\/#website\",\"url\":\"https:\/\/www.confagricoltura.org\/piacenza\/\",\"name\":\"Confagricoltura Piacenza\",\"description\":\"Dalla parte degli Agricoltori\",\"potentialAction\":[{\"@type\":\"SearchAction\",\"target\":{\"@type\":\"EntryPoint\",\"urlTemplate\":\"https:\/\/www.confagricoltura.org\/piacenza\/?s={search_term_string}\"},\"query-input\":{\"@type\":\"PropertyValueSpecification\",\"valueRequired\":true,\"valueName\":\"search_term_string\"}}],\"inLanguage\":\"it-IT\"},{\"@type\":\"Person\",\"@id\":\"https:\/\/www.confagricoltura.org\/piacenza\/#\/schema\/person\/be5da25a3117fea4b3bfec9dba09b5e8\",\"name\":\"confagricolturapiacenza\",\"image\":{\"@type\":\"ImageObject\",\"inLanguage\":\"it-IT\",\"@id\":\"https:\/\/www.confagricoltura.org\/piacenza\/#\/schema\/person\/image\/\",\"url\":\"https:\/\/secure.gravatar.com\/avatar\/9c5f111e417171581853bd0a3ff892ca?s=96&d=mm&r=g\",\"contentUrl\":\"https:\/\/secure.gravatar.com\/avatar\/9c5f111e417171581853bd0a3ff892ca?s=96&d=mm&r=g\",\"caption\":\"confagricolturapiacenza\"},\"url\":\"https:\/\/www.confagricoltura.org\/piacenza\/author\/confagricolturapiacenza\/\"}]}<\/script>\n<!-- \/ Yoast SEO plugin. -->","yoast_head_json":{"title":"SICCITA\u2019: istantanea drammatica dal rapporto dei rappresentanti territoriali di Confagricoltura; bene lo stato di crisi regionale - Confagricoltura Piacenza","robots":{"index":"index","follow":"follow","max-snippet":"max-snippet:-1","max-image-preview":"max-image-preview:large","max-video-preview":"max-video-preview:-1"},"canonical":"https:\/\/www.confagricoltura.org\/piacenza\/siccita-istantanea-drammatica-dal-rapporto-dei-rappresentanti-territoriali-di-confagricoltura-bene-lo-stato-di-crisi-regionale\/","og_locale":"it_IT","og_type":"article","og_title":"SICCITA\u2019: istantanea drammatica dal rapporto dei rappresentanti territoriali di Confagricoltura; bene lo stato di crisi regionale - Confagricoltura Piacenza","og_description":"Da Piacenza Gasparini chiede l\u2019abrogazione della normativa acque e due dighe","og_url":"https:\/\/www.confagricoltura.org\/piacenza\/siccita-istantanea-drammatica-dal-rapporto-dei-rappresentanti-territoriali-di-confagricoltura-bene-lo-stato-di-crisi-regionale\/","og_site_name":"Confagricoltura Piacenza","article_published_time":"2022-06-22T10:14:00+00:00","article_modified_time":"2022-06-24T10:17:12+00:00","og_image":[{"width":1929,"height":1284,"url":"https:\/\/www.confagricoltura.org\/piacenza\/wp-content\/uploads\/sites\/11\/2022\/02\/Filippo-Gasparini.jpg","type":"image\/jpeg"}],"author":"confagricolturapiacenza","twitter_card":"summary_large_image","twitter_misc":{"Scritto da":"confagricolturapiacenza","Tempo di lettura stimato":"3 minuti"},"schema":{"@context":"https:\/\/schema.org","@graph":[{"@type":"Article","@id":"https:\/\/www.confagricoltura.org\/piacenza\/siccita-istantanea-drammatica-dal-rapporto-dei-rappresentanti-territoriali-di-confagricoltura-bene-lo-stato-di-crisi-regionale\/#article","isPartOf":{"@id":"https:\/\/www.confagricoltura.org\/piacenza\/siccita-istantanea-drammatica-dal-rapporto-dei-rappresentanti-territoriali-di-confagricoltura-bene-lo-stato-di-crisi-regionale\/"},"author":{"name":"confagricolturapiacenza","@id":"https:\/\/www.confagricoltura.org\/piacenza\/#\/schema\/person\/be5da25a3117fea4b3bfec9dba09b5e8"},"headline":"SICCITA\u2019: istantanea drammatica dal rapporto dei rappresentanti territoriali di Confagricoltura; bene lo stato di crisi regionale","datePublished":"2022-06-22T10:14:00+00:00","dateModified":"2022-06-24T10:17:12+00:00","mainEntityOfPage":{"@id":"https:\/\/www.confagricoltura.org\/piacenza\/siccita-istantanea-drammatica-dal-rapporto-dei-rappresentanti-territoriali-di-confagricoltura-bene-lo-stato-di-crisi-regionale\/"},"wordCount":676,"image":{"@id":"https:\/\/www.confagricoltura.org\/piacenza\/siccita-istantanea-drammatica-dal-rapporto-dei-rappresentanti-territoriali-di-confagricoltura-bene-lo-stato-di-crisi-regionale\/#primaryimage"},"thumbnailUrl":"https:\/\/www.confagricoltura.org\/piacenza\/wp-content\/uploads\/sites\/11\/2022\/02\/Filippo-Gasparini.jpg","keywords":["siccit\u00e0"],"articleSection":["News","Territorio e Ambiente"],"inLanguage":"it-IT"},{"@type":"WebPage","@id":"https:\/\/www.confagricoltura.org\/piacenza\/siccita-istantanea-drammatica-dal-rapporto-dei-rappresentanti-territoriali-di-confagricoltura-bene-lo-stato-di-crisi-regionale\/","url":"https:\/\/www.confagricoltura.org\/piacenza\/siccita-istantanea-drammatica-dal-rapporto-dei-rappresentanti-territoriali-di-confagricoltura-bene-lo-stato-di-crisi-regionale\/","name":"SICCITA\u2019: istantanea drammatica dal rapporto dei rappresentanti territoriali di Confagricoltura; bene lo stato di crisi regionale - Confagricoltura Piacenza","isPartOf":{"@id":"https:\/\/www.confagricoltura.org\/piacenza\/#website"},"primaryImageOfPage":{"@id":"https:\/\/www.confagricoltura.org\/piacenza\/siccita-istantanea-drammatica-dal-rapporto-dei-rappresentanti-territoriali-di-confagricoltura-bene-lo-stato-di-crisi-regionale\/#primaryimage"},"image":{"@id":"https:\/\/www.confagricoltura.org\/piacenza\/siccita-istantanea-drammatica-dal-rapporto-dei-rappresentanti-territoriali-di-confagricoltura-bene-lo-stato-di-crisi-regionale\/#primaryimage"},"thumbnailUrl":"https:\/\/www.confagricoltura.org\/piacenza\/wp-content\/uploads\/sites\/11\/2022\/02\/Filippo-Gasparini.jpg","datePublished":"2022-06-22T10:14:00+00:00","dateModified":"2022-06-24T10:17:12+00:00","author":{"@id":"https:\/\/www.confagricoltura.org\/piacenza\/#\/schema\/person\/be5da25a3117fea4b3bfec9dba09b5e8"},"breadcrumb":{"@id":"https:\/\/www.confagricoltura.org\/piacenza\/siccita-istantanea-drammatica-dal-rapporto-dei-rappresentanti-territoriali-di-confagricoltura-bene-lo-stato-di-crisi-regionale\/#breadcrumb"},"inLanguage":"it-IT","potentialAction":[{"@type":"ReadAction","target":["https:\/\/www.confagricoltura.org\/piacenza\/siccita-istantanea-drammatica-dal-rapporto-dei-rappresentanti-territoriali-di-confagricoltura-bene-lo-stato-di-crisi-regionale\/"]}]},{"@type":"ImageObject","inLanguage":"it-IT","@id":"https:\/\/www.confagricoltura.org\/piacenza\/siccita-istantanea-drammatica-dal-rapporto-dei-rappresentanti-territoriali-di-confagricoltura-bene-lo-stato-di-crisi-regionale\/#primaryimage","url":"https:\/\/www.confagricoltura.org\/piacenza\/wp-content\/uploads\/sites\/11\/2022\/02\/Filippo-Gasparini.jpg","contentUrl":"https:\/\/www.confagricoltura.org\/piacenza\/wp-content\/uploads\/sites\/11\/2022\/02\/Filippo-Gasparini.jpg","width":1929,"height":1284},{"@type":"BreadcrumbList","@id":"https:\/\/www.confagricoltura.org\/piacenza\/siccita-istantanea-drammatica-dal-rapporto-dei-rappresentanti-territoriali-di-confagricoltura-bene-lo-stato-di-crisi-regionale\/#breadcrumb","itemListElement":[{"@type":"ListItem","position":1,"name":"Home","item":"https:\/\/www.confagricoltura.org\/piacenza\/"},{"@type":"ListItem","position":2,"name":"SICCITA\u2019: istantanea drammatica dal rapporto dei rappresentanti territoriali di Confagricoltura; bene lo stato di crisi regionale"}]},{"@type":"WebSite","@id":"https:\/\/www.confagricoltura.org\/piacenza\/#website","url":"https:\/\/www.confagricoltura.org\/piacenza\/","name":"Confagricoltura Piacenza","description":"Dalla parte degli Agricoltori","potentialAction":[{"@type":"SearchAction","target":{"@type":"EntryPoint","urlTemplate":"https:\/\/www.confagricoltura.org\/piacenza\/?s={search_term_string}"},"query-input":{"@type":"PropertyValueSpecification","valueRequired":true,"valueName":"search_term_string"}}],"inLanguage":"it-IT"},{"@type":"Person","@id":"https:\/\/www.confagricoltura.org\/piacenza\/#\/schema\/person\/be5da25a3117fea4b3bfec9dba09b5e8","name":"confagricolturapiacenza","image":{"@type":"ImageObject","inLanguage":"it-IT","@id":"https:\/\/www.confagricoltura.org\/piacenza\/#\/schema\/person\/image\/","url":"https:\/\/secure.gravatar.com\/avatar\/9c5f111e417171581853bd0a3ff892ca?s=96&d=mm&r=g","contentUrl":"https:\/\/secure.gravatar.com\/avatar\/9c5f111e417171581853bd0a3ff892ca?s=96&d=mm&r=g","caption":"confagricolturapiacenza"},"url":"https:\/\/www.confagricoltura.org\/piacenza\/author\/confagricolturapiacenza\/"}]}},"_links":{"self":[{"href":"https:\/\/www.confagricoltura.org\/piacenza\/wp-json\/wp\/v2\/posts\/3850","targetHints":{"allow":["GET"]}}],"collection":[{"href":"https:\/\/www.confagricoltura.org\/piacenza\/wp-json\/wp\/v2\/posts"}],"about":[{"href":"https:\/\/www.confagricoltura.org\/piacenza\/wp-json\/wp\/v2\/types\/post"}],"author":[{"embeddable":true,"href":"https:\/\/www.confagricoltura.org\/piacenza\/wp-json\/wp\/v2\/users\/6"}],"replies":[{"embeddable":true,"href":"https:\/\/www.confagricoltura.org\/piacenza\/wp-json\/wp\/v2\/comments?post=3850"}],"version-history":[{"count":2,"href":"https:\/\/www.confagricoltura.org\/piacenza\/wp-json\/wp\/v2\/posts\/3850\/revisions"}],"predecessor-version":[{"id":3855,"href":"https:\/\/www.confagricoltura.org\/piacenza\/wp-json\/wp\/v2\/posts\/3850\/revisions\/3855"}],"wp:featuredmedia":[{"embeddable":true,"href":"https:\/\/www.confagricoltura.org\/piacenza\/wp-json\/wp\/v2\/media\/3646"}],"wp:attachment":[{"href":"https:\/\/www.confagricoltura.org\/piacenza\/wp-json\/wp\/v2\/media?parent=3850"}],"wp:term":[{"taxonomy":"category","embeddable":true,"href":"https:\/\/www.confagricoltura.org\/piacenza\/wp-json\/wp\/v2\/categories?post=3850"},{"taxonomy":"post_tag","embeddable":true,"href":"https:\/\/www.confagricoltura.org\/piacenza\/wp-json\/wp\/v2\/tags?post=3850"}],"curies":[{"name":"wp","href":"https:\/\/api.w.org\/{rel}","templated":true}]}}